{"id":10011,"date":"2019-09-08T20:37:14","date_gmt":"2019-09-08T18:37:14","guid":{"rendered":"https:\/\/taschenfreak.de\/blog\/?p=10011"},"modified":"2019-09-12T07:37:45","modified_gmt":"2019-09-12T05:37:45","slug":"was-ein-leder-die-neue-made-in-germany-oberwerth-q-bag-nicht-nur-fuer-die-leica-q","status":"publish","type":"post","link":"https:\/\/taschenfreak.de\/blog\/2019\/09\/08\/was-ein-leder-die-neue-made-in-germany-oberwerth-q-bag-nicht-nur-fuer-die-leica-q\/","title":{"rendered":"Was ein Leder! &#8211; Die neue Made in Germany &#8211; Oberwerth Q-Bag &#8211; nicht nur f\u00fcr die Leica Q"},"content":{"rendered":"<p>&nbsp;<\/p>\n<blockquote><p>&#8222;Was soll ich mit einer Leica Q-Bag? &#8211; ich habe doch keine Leica Q mehr&#8230;.&#8220;<\/p><\/blockquote>\n<p>&#8230; waren meine ersten Gedanken, als ich gefragt wurde, ob ich die neue Made in Germany <strong><a href=\"https:\/\/www.oberwerth.com\/de\/shop\/fototaschen\/classic-line\/the-q-bag\/leica-q2-tasche\">OBERWERTH Q-BAG<\/a><\/strong> testen mag. Na klar mag ich die testen, aber nicht f\u00fcr die Leica Q. Das neue Leder machte mich wahnsinnig neugierig. Zu Recht, wie ich feststellen musste. Klickt Euch mal rein in mein <a href=\"https:\/\/youtu.be\/VlKjrEiAqQM\">Video zur Oberwerth Q-Bag<\/a>:<\/p>\n<div class=\"jetpack-video-wrapper\"><span class=\"embed-youtube\" style=\"text-align:center; display: block;\"> <\/p>\n<div class=\"brlbs-cmpnt-container brlbs-cmpnt-content-blocker brlbs-cmpnt-with-individual-styles\" data-borlabs-cookie-content-blocker-id=\"youtube-content-blocker\" data-borlabs-cookie-content=\"PGlmcmFtZSBjbGFzcz0ieW91dHViZS1wbGF5ZXIiIHdpZHRoPSI2NTAiIGhlaWdodD0iMzY2IiBzcmM9Imh0dHBzOi8vd3d3LnlvdXR1YmUtbm9jb29raWUuY29tL2VtYmVkL1ZsS2pyRWlBcVFNP3ZlcnNpb249MyYjMDM4O3JlbD0xJiMwMzg7c2hvd3NlYXJjaD0wJiMwMzg7c2hvd2luZm89MSYjMDM4O2l2X2xvYWRfcG9saWN5PTEmIzAzODtmcz0xJiMwMzg7aGw9ZGUtREUmIzAzODthdXRvaGlkZT0yJiMwMzg7d21vZGU9dHJhbnNwYXJlbnQiIGFsbG93ZnVsbHNjcmVlbj0idHJ1ZSIgc3R5bGU9ImJvcmRlcjowOyIgc2FuZGJveD0iYWxsb3ctc2NyaXB0cyBhbGxvdy1zYW1lLW9yaWdpbiBhbGxvdy1wb3B1cHMgYWxsb3ctcHJlc2VudGF0aW9uIGFsbG93LXBvcHVwcy10by1lc2NhcGUtc2FuZGJveCI+PC9pZnJhbWU+\">\n<div class=\"brlbs-cmpnt-cb-preset-c brlbs-cmpnt-cb-youtube\">\n<div class=\"brlbs-cmpnt-cb-thumbnail\" style=\"background-image: url('https:\/\/taschenfreak.de\/blog\/wp-content\/uploads\/borlabs-cookie\/1\/yt_VlKjrEiAqQM_hqdefault.jpg')\"><\/div>\n<div class=\"brlbs-cmpnt-cb-main\">\n<div class=\"brlbs-cmpnt-cb-play-button\"><\/div>\n<div class=\"brlbs-cmpnt-cb-content\">\n<p class=\"brlbs-cmpnt-cb-description\">Sie sehen gerade einen Platzhalterinhalt von <strong>YouTube<\/strong>. Um auf den eigentlichen Inhalt zuzugreifen, klicken Sie auf die Schaltfl\u00e4che unten. Bitte beachten Sie, dass dabei Daten an Drittanbieter weitergegeben werden.<\/p>\n<p> <a class=\"brlbs-cmpnt-cb-provider-toggle\" href=\"#\" data-borlabs-cookie-show-provider-information role=\"button\">Mehr Informationen<\/a> <\/div>\n<div class=\"brlbs-cmpnt-cb-buttons\"> <a class=\"brlbs-cmpnt-cb-btn\" href=\"#\" data-borlabs-cookie-unblock role=\"button\">Inhalt entsperren<\/a> <a class=\"brlbs-cmpnt-cb-btn\" href=\"#\" data-borlabs-cookie-accept-service role=\"button\" style=\"display: inherit\">Erforderlichen Service akzeptieren und Inhalte entsperren<\/a> <\/div>\n<\/p><\/div>\n<\/p><\/div>\n<\/div>\n<p><\/span><\/div>\n<p>Der Hersteller selbst sagt zu dieser Tasche und dem besonderen Leder das folgende:<\/p>\n<blockquote><p>Die Tasche mit dem perfekten \u201efit\u201c f\u00fcr Ihre Leica Q1 oder Leica Q2. Sie sitzt wie eine zweite Haut, ideal abgestimmt f\u00fcr eine Q auch mit Handgriff. Die Ideale Leica Q Tasche f\u00fcr jede Gelegenheit.<\/p>\n<p>Ein absolutes Highlight ist das vegetabil gegerbte, in einem besonderen Verfahren gegen Wasser abweisend pr\u00e4pariertes Leder. Durch hydrophobieren erh\u00e4lt das weiche Leder seine einzigartigen Eigenschaften. Regentropfen perlen gleichsam ab \u2013 somit ist die Q Tasche der passende Begleiter einer spritzwassergesch\u00fctzten Kamera. Dabei hat das Leder ein dem Velours nicht un\u00e4hnlichen Griff und entwickelt \u00fcber die Zeit eine besondere und individuelle Patina.<\/p>\n<p>Neben der Kamera mit den Ma\u00dfen 130x80x91,9 mm (BxHxT) ist noch gen\u00fcgend Platz f\u00fcr das Ladeger\u00e4t, Gegenlichtblende, Kabel sowie Ihr Smartphone. Der Gurt ist aus recycelten PET Flaschen europ\u00e4ischen Ursprungs gefertigt.<\/p>\n<p>Quelle: <a href=\"https:\/\/www.oberwerth.com\/de\/shop\/fototaschen\/classic-line\/the-q-bag\/leica-q2-tasche\">LINK<\/a><\/p><\/blockquote>\n<p>&nbsp;<\/p>\n<p><strong>Was mir sehr gut gef\u00e4llt?<\/strong><\/p>\n<ul>\n<li>Das Leder. Es ist so unglaublich stabil und dennoch so unfassbar angenehm an zu fassen. SO ein Leder habe ich noch nie in den H\u00e4nden gehabt. Es gibt wirklich viele Ledertaschen, auch solch exklusive und hochwertige wie die Oberwerth Q-Bag, aber ein solches Leder habe ich noch nicht angefasst.<\/li>\n<li>Die rote Inneneinrichtung &#8211; schaut stark aus &#8211; nicht nur f\u00fcr Leica Fans.<\/li>\n<li>Der Innenteiler der zwei Fl\u00fcgel zur Befestigung hat an jeder Seite. Dieser sitzt bombenfest.<\/li>\n<li>Der Gurt &#8211; aus recycelten europ\u00e4ischen PET-Flaxchen. Genial! Der Gurt fasst sich super an &#8211; ist weich und dennoch stabil genug um sich nicht zu &#8222;rollen&#8220; auf der Schulter.<\/li>\n<li>Das Schulterpolster, denn dieses rutscht nicht und ist dennoch smart und unauff\u00e4llig und verschiebbar.<\/li>\n<li>Die Loox Verschl\u00fcsse sind grandios. Leise, lautlos und unglaublich fest sitzend.<\/li>\n<li>Das dezente Branding &#8211; es steht Oberwerth zwei mal auf und in der Tasche, aber sehr dezent und nicht aufdringlich.<\/li>\n<li>Made in Germany &#8211; finde ich nach wie vor sehr gut!<\/li>\n<\/ul>\n<p>&nbsp;<\/p>\n<p><strong>Was mir nicht so gut gef\u00e4llt?<\/strong><\/p>\n<ul>\n<li>Der Gurt k\u00f6nnte 10 bis 15 cm l\u00e4nger sein f\u00fcr gro\u00dfe Kerle wie mich.<\/li>\n<li>Der Preis ist schon heftig hoch mit 499 Euro, auch wenn dieser durch die extrem hochwertige Verarbeitung, das besondere Material und die Tatsache der Made in Germany Fertigung absolut gerechtfertigt ist.<\/li>\n<\/ul>\n<p>&nbsp;<\/p>\n<p><strong>Fotos<\/strong><\/p>\n<div id='gallery-1' class='gallery galleryid-10011 gallery-columns-4 gallery-size-thumbnail'><figure class='gallery-item'>\n\t\t\t<div class='gallery-icon landscape'>\n\t\t\t\t<a href='https:\/\/taschenfreak.de\/blog\/wp-content\/uploads\/2019\/09\/2019-09-08-Taschenfreak-Oberwerth-Q-Bag_0001.jpg' title=\"\" data-rl_title=\"\" class=\"rl-gallery-link\" data-rl_caption=\"\" data-rel=\"lightbox-gallery-1\"><img loading=\"lazy\" decoding=\"async\" width=\"150\" height=\"150\" src=\"https:\/\/taschenfreak.de\/blog\/wp-content\/uploads\/2019\/09\/2019-09-08-Taschenfreak-Oberwerth-Q-Bag_0001-150x150.jpg\" class=\"attachment-thumbnail size-thumbnail\" alt=\"\" srcset=\"https:\/\/taschenfreak.de\/blog\/wp-content\/uploads\/2019\/09\/2019-09-08-Taschenfreak-Oberwerth-Q-Bag_0001-150x150.jpg 150w, https:\/\/taschenfreak.de\/blog\/wp-content\/uploads\/2019\/09\/2019-09-08-Taschenfreak-Oberwerth-Q-Bag_0001-70x70.jpg 70w\" sizes=\"auto, (max-width: 150px) 100vw, 150px\" \/><\/a>\n\t\t\t<\/div><\/figure><figure class='gallery-item'>\n\t\t\t<div class='gallery-icon landscape'>\n\t\t\t\t<a href='https:\/\/taschenfreak.de\/blog\/wp-content\/uploads\/2019\/09\/2019-09-08-Taschenfreak-Oberwerth-Q-Bag_0002.jpg' title=\"\" data-rl_title=\"\" class=\"rl-gallery-link\" data-rl_caption=\"\" data-rel=\"lightbox-gallery-1\"><img loading=\"lazy\" decoding=\"async\" width=\"150\" height=\"150\" src=\"https:\/\/taschenfreak.de\/blog\/wp-content\/uploads\/2019\/09\/2019-09-08-Taschenfreak-Oberwerth-Q-Bag_0002-150x150.jpg\" class=\"attachment-thumbnail size-thumbnail\" alt=\"\" srcset=\"https:\/\/taschenfreak.de\/blog\/wp-content\/uploads\/2019\/09\/2019-09-08-Taschenfreak-Oberwerth-Q-Bag_0002-150x150.jpg 150w, https:\/\/taschenfreak.de\/blog\/wp-content\/uploads\/2019\/09\/2019-09-08-Taschenfreak-Oberwerth-Q-Bag_0002-70x70.jpg 70w\" sizes=\"auto, (max-width: 150px) 100vw, 150px\" \/><\/a>\n\t\t\t<\/div><\/figure><figure class='gallery-item'>\n\t\t\t<div class='gallery-icon landscape'>\n\t\t\t\t<a href='https:\/\/taschenfreak.de\/blog\/wp-content\/uploads\/2019\/09\/2019-09-08-Taschenfreak-Oberwerth-Q-Bag_0003.jpg' title=\"\" data-rl_title=\"\" class=\"rl-gallery-link\" data-rl_caption=\"\" data-rel=\"lightbox-gallery-1\"><img loading=\"lazy\" decoding=\"async\" width=\"150\" height=\"150\" src=\"https:\/\/taschenfreak.de\/blog\/wp-content\/uploads\/2019\/09\/2019-09-08-Taschenfreak-Oberwerth-Q-Bag_0003-150x150.jpg\" class=\"attachment-thumbnail size-thumbnail\" alt=\"\" srcset=\"https:\/\/taschenfreak.de\/blog\/wp-content\/uploads\/2019\/09\/2019-09-08-Taschenfreak-Oberwerth-Q-Bag_0003-150x150.jpg 150w, https:\/\/taschenfreak.de\/blog\/wp-content\/uploads\/2019\/09\/2019-09-08-Taschenfreak-Oberwerth-Q-Bag_0003-70x70.jpg 70w\" sizes=\"auto, (max-width: 150px) 100vw, 150px\" \/><\/a>\n\t\t\t<\/div><\/figure><figure class='gallery-item'>\n\t\t\t<div class='gallery-icon landscape'>\n\t\t\t\t<a href='https:\/\/taschenfreak.de\/blog\/wp-content\/uploads\/2019\/09\/2019-09-08-Taschenfreak-Oberwerth-Q-Bag_0004.jpg' title=\"\" data-rl_title=\"\" class=\"rl-gallery-link\" data-rl_caption=\"\" data-rel=\"lightbox-gallery-1\"><img loading=\"lazy\" decoding=\"async\" width=\"150\" height=\"150\" src=\"https:\/\/taschenfreak.de\/blog\/wp-content\/uploads\/2019\/09\/2019-09-08-Taschenfreak-Oberwerth-Q-Bag_0004-150x150.jpg\" class=\"attachment-thumbnail size-thumbnail\" alt=\"\" srcset=\"https:\/\/taschenfreak.de\/blog\/wp-content\/uploads\/2019\/09\/2019-09-08-Taschenfreak-Oberwerth-Q-Bag_0004-150x150.jpg 150w, https:\/\/taschenfreak.de\/blog\/wp-content\/uploads\/2019\/09\/2019-09-08-Taschenfreak-Oberwerth-Q-Bag_0004-70x70.jpg 70w\" sizes=\"auto, (max-width: 150px) 100vw, 150px\" \/><\/a>\n\t\t\t<\/div><\/figure><figure class='gallery-item'>\n\t\t\t<div class='gallery-icon landscape'>\n\t\t\t\t<a href='https:\/\/taschenfreak.de\/blog\/wp-content\/uploads\/2019\/09\/2019-09-08-Taschenfreak-Oberwerth-Q-Bag_0005.jpg' title=\"\" data-rl_title=\"\" class=\"rl-gallery-link\" data-rl_caption=\"\" data-rel=\"lightbox-gallery-1\"><img loading=\"lazy\" decoding=\"async\" width=\"150\" height=\"150\" src=\"https:\/\/taschenfreak.de\/blog\/wp-content\/uploads\/2019\/09\/2019-09-08-Taschenfreak-Oberwerth-Q-Bag_0005-150x150.jpg\" class=\"attachment-thumbnail size-thumbnail\" alt=\"\" srcset=\"https:\/\/taschenfreak.de\/blog\/wp-content\/uploads\/2019\/09\/2019-09-08-Taschenfreak-Oberwerth-Q-Bag_0005-150x150.jpg 150w, https:\/\/taschenfreak.de\/blog\/wp-content\/uploads\/2019\/09\/2019-09-08-Taschenfreak-Oberwerth-Q-Bag_0005-70x70.jpg 70w\" sizes=\"auto, (max-width: 150px) 100vw, 150px\" \/><\/a>\n\t\t\t<\/div><\/figure><figure class='gallery-item'>\n\t\t\t<div class='gallery-icon landscape'>\n\t\t\t\t<a href='https:\/\/taschenfreak.de\/blog\/wp-content\/uploads\/2019\/09\/2019-09-08-Taschenfreak-Oberwerth-Q-Bag_0006.jpg' title=\"\" data-rl_title=\"\" class=\"rl-gallery-link\" data-rl_caption=\"\" data-rel=\"lightbox-gallery-1\"><img loading=\"lazy\" decoding=\"async\" width=\"150\" height=\"150\" src=\"https:\/\/taschenfreak.de\/blog\/wp-content\/uploads\/2019\/09\/2019-09-08-Taschenfreak-Oberwerth-Q-Bag_0006-150x150.jpg\" class=\"attachment-thumbnail size-thumbnail\" alt=\"\" srcset=\"https:\/\/taschenfreak.de\/blog\/wp-content\/uploads\/2019\/09\/2019-09-08-Taschenfreak-Oberwerth-Q-Bag_0006-150x150.jpg 150w, https:\/\/taschenfreak.de\/blog\/wp-content\/uploads\/2019\/09\/2019-09-08-Taschenfreak-Oberwerth-Q-Bag_0006-70x70.jpg 70w\" sizes=\"auto, (max-width: 150px) 100vw, 150px\" \/><\/a>\n\t\t\t<\/div><\/figure><figure class='gallery-item'>\n\t\t\t<div class='gallery-icon landscape'>\n\t\t\t\t<a href='https:\/\/taschenfreak.de\/blog\/wp-content\/uploads\/2019\/09\/2019-09-08-Taschenfreak-Oberwerth-Q-Bag_0007.jpg' title=\"\" data-rl_title=\"\" class=\"rl-gallery-link\" data-rl_caption=\"\" data-rel=\"lightbox-gallery-1\"><img loading=\"lazy\" decoding=\"async\" width=\"150\" height=\"150\" src=\"https:\/\/taschenfreak.de\/blog\/wp-content\/uploads\/2019\/09\/2019-09-08-Taschenfreak-Oberwerth-Q-Bag_0007-150x150.jpg\" class=\"attachment-thumbnail size-thumbnail\" alt=\"\" srcset=\"https:\/\/taschenfreak.de\/blog\/wp-content\/uploads\/2019\/09\/2019-09-08-Taschenfreak-Oberwerth-Q-Bag_0007-150x150.jpg 150w, https:\/\/taschenfreak.de\/blog\/wp-content\/uploads\/2019\/09\/2019-09-08-Taschenfreak-Oberwerth-Q-Bag_0007-70x70.jpg 70w\" sizes=\"auto, (max-width: 150px) 100vw, 150px\" \/><\/a>\n\t\t\t<\/div><\/figure><figure class='gallery-item'>\n\t\t\t<div class='gallery-icon landscape'>\n\t\t\t\t<a href='https:\/\/taschenfreak.de\/blog\/wp-content\/uploads\/2019\/09\/2019-09-08-Taschenfreak-Oberwerth-Q-Bag_0008.jpg' title=\"\" data-rl_title=\"\" class=\"rl-gallery-link\" data-rl_caption=\"\" data-rel=\"lightbox-gallery-1\"><img loading=\"lazy\" decoding=\"async\" width=\"150\" height=\"150\" src=\"https:\/\/taschenfreak.de\/blog\/wp-content\/uploads\/2019\/09\/2019-09-08-Taschenfreak-Oberwerth-Q-Bag_0008-150x150.jpg\" class=\"attachment-thumbnail size-thumbnail\" alt=\"\" srcset=\"https:\/\/taschenfreak.de\/blog\/wp-content\/uploads\/2019\/09\/2019-09-08-Taschenfreak-Oberwerth-Q-Bag_0008-150x150.jpg 150w, https:\/\/taschenfreak.de\/blog\/wp-content\/uploads\/2019\/09\/2019-09-08-Taschenfreak-Oberwerth-Q-Bag_0008-70x70.jpg 70w\" sizes=\"auto, (max-width: 150px) 100vw, 150px\" \/><\/a>\n\t\t\t<\/div><\/figure><figure class='gallery-item'>\n\t\t\t<div class='gallery-icon landscape'>\n\t\t\t\t<a href='https:\/\/taschenfreak.de\/blog\/wp-content\/uploads\/2019\/09\/2019-09-08-Taschenfreak-Oberwerth-Q-Bag_0009.jpg' title=\"\" data-rl_title=\"\" class=\"rl-gallery-link\" data-rl_caption=\"\" data-rel=\"lightbox-gallery-1\"><img loading=\"lazy\" decoding=\"async\" width=\"150\" height=\"150\" src=\"https:\/\/taschenfreak.de\/blog\/wp-content\/uploads\/2019\/09\/2019-09-08-Taschenfreak-Oberwerth-Q-Bag_0009-150x150.jpg\" class=\"attachment-thumbnail size-thumbnail\" alt=\"\" srcset=\"https:\/\/taschenfreak.de\/blog\/wp-content\/uploads\/2019\/09\/2019-09-08-Taschenfreak-Oberwerth-Q-Bag_0009-150x150.jpg 150w, https:\/\/taschenfreak.de\/blog\/wp-content\/uploads\/2019\/09\/2019-09-08-Taschenfreak-Oberwerth-Q-Bag_0009-70x70.jpg 70w\" sizes=\"auto, (max-width: 150px) 100vw, 150px\" \/><\/a>\n\t\t\t<\/div><\/figure><figure class='gallery-item'>\n\t\t\t<div class='gallery-icon landscape'>\n\t\t\t\t<a href='https:\/\/taschenfreak.de\/blog\/wp-content\/uploads\/2019\/09\/2019-09-08-Taschenfreak-Oberwerth-Q-Bag_0010.jpg' title=\"\" data-rl_title=\"\" class=\"rl-gallery-link\" data-rl_caption=\"\" data-rel=\"lightbox-gallery-1\"><img loading=\"lazy\" decoding=\"async\" width=\"150\" height=\"150\" src=\"https:\/\/taschenfreak.de\/blog\/wp-content\/uploads\/2019\/09\/2019-09-08-Taschenfreak-Oberwerth-Q-Bag_0010-150x150.jpg\" class=\"attachment-thumbnail size-thumbnail\" alt=\"\" srcset=\"https:\/\/taschenfreak.de\/blog\/wp-content\/uploads\/2019\/09\/2019-09-08-Taschenfreak-Oberwerth-Q-Bag_0010-150x150.jpg 150w, https:\/\/taschenfreak.de\/blog\/wp-content\/uploads\/2019\/09\/2019-09-08-Taschenfreak-Oberwerth-Q-Bag_0010-70x70.jpg 70w\" sizes=\"auto, (max-width: 150px) 100vw, 150px\" \/><\/a>\n\t\t\t<\/div><\/figure><figure class='gallery-item'>\n\t\t\t<div class='gallery-icon landscape'>\n\t\t\t\t<a href='https:\/\/taschenfreak.de\/blog\/wp-content\/uploads\/2019\/09\/2019-09-08-Taschenfreak-Oberwerth-Q-Bag_0011.jpg' title=\"\" data-rl_title=\"\" class=\"rl-gallery-link\" data-rl_caption=\"\" data-rel=\"lightbox-gallery-1\"><img loading=\"lazy\" decoding=\"async\" width=\"150\" height=\"150\" src=\"https:\/\/taschenfreak.de\/blog\/wp-content\/uploads\/2019\/09\/2019-09-08-Taschenfreak-Oberwerth-Q-Bag_0011-150x150.jpg\" class=\"attachment-thumbnail size-thumbnail\" alt=\"\" srcset=\"https:\/\/taschenfreak.de\/blog\/wp-content\/uploads\/2019\/09\/2019-09-08-Taschenfreak-Oberwerth-Q-Bag_0011-150x150.jpg 150w, https:\/\/taschenfreak.de\/blog\/wp-content\/uploads\/2019\/09\/2019-09-08-Taschenfreak-Oberwerth-Q-Bag_0011-70x70.jpg 70w\" sizes=\"auto, (max-width: 150px) 100vw, 150px\" \/><\/a>\n\t\t\t<\/div><\/figure><figure class='gallery-item'>\n\t\t\t<div class='gallery-icon landscape'>\n\t\t\t\t<a href='https:\/\/taschenfreak.de\/blog\/wp-content\/uploads\/2019\/09\/2019-09-08-Taschenfreak-Oberwerth-Q-Bag_0012.jpg' title=\"\" data-rl_title=\"\" class=\"rl-gallery-link\" data-rl_caption=\"\" data-rel=\"lightbox-gallery-1\"><img loading=\"lazy\" decoding=\"async\" width=\"150\" height=\"150\" src=\"https:\/\/taschenfreak.de\/blog\/wp-content\/uploads\/2019\/09\/2019-09-08-Taschenfreak-Oberwerth-Q-Bag_0012-150x150.jpg\" class=\"attachment-thumbnail size-thumbnail\" alt=\"\" srcset=\"https:\/\/taschenfreak.de\/blog\/wp-content\/uploads\/2019\/09\/2019-09-08-Taschenfreak-Oberwerth-Q-Bag_0012-150x150.jpg 150w, https:\/\/taschenfreak.de\/blog\/wp-content\/uploads\/2019\/09\/2019-09-08-Taschenfreak-Oberwerth-Q-Bag_0012-70x70.jpg 70w\" sizes=\"auto, (max-width: 150px) 100vw, 150px\" \/><\/a>\n\t\t\t<\/div><\/figure><figure class='gallery-item'>\n\t\t\t<div class='gallery-icon landscape'>\n\t\t\t\t<a href='https:\/\/taschenfreak.de\/blog\/wp-content\/uploads\/2019\/09\/2019-09-08-Taschenfreak-Oberwerth-Q-Bag_0013.jpg' title=\"\" data-rl_title=\"\" class=\"rl-gallery-link\" data-rl_caption=\"\" data-rel=\"lightbox-gallery-1\"><img loading=\"lazy\" decoding=\"async\" width=\"150\" height=\"150\" src=\"https:\/\/taschenfreak.de\/blog\/wp-content\/uploads\/2019\/09\/2019-09-08-Taschenfreak-Oberwerth-Q-Bag_0013-150x150.jpg\" class=\"attachment-thumbnail size-thumbnail\" alt=\"\" srcset=\"https:\/\/taschenfreak.de\/blog\/wp-content\/uploads\/2019\/09\/2019-09-08-Taschenfreak-Oberwerth-Q-Bag_0013-150x150.jpg 150w, https:\/\/taschenfreak.de\/blog\/wp-content\/uploads\/2019\/09\/2019-09-08-Taschenfreak-Oberwerth-Q-Bag_0013-70x70.jpg 70w\" sizes=\"auto, (max-width: 150px) 100vw, 150px\" \/><\/a>\n\t\t\t<\/div><\/figure><figure class='gallery-item'>\n\t\t\t<div class='gallery-icon landscape'>\n\t\t\t\t<a href='https:\/\/taschenfreak.de\/blog\/wp-content\/uploads\/2019\/09\/2019-09-08-Taschenfreak-Oberwerth-Q-Bag_0014.jpg' title=\"\" data-rl_title=\"\" class=\"rl-gallery-link\" data-rl_caption=\"\" data-rel=\"lightbox-gallery-1\"><img loading=\"lazy\" decoding=\"async\" width=\"150\" height=\"150\" src=\"https:\/\/taschenfreak.de\/blog\/wp-content\/uploads\/2019\/09\/2019-09-08-Taschenfreak-Oberwerth-Q-Bag_0014-150x150.jpg\" class=\"attachment-thumbnail size-thumbnail\" alt=\"\" srcset=\"https:\/\/taschenfreak.de\/blog\/wp-content\/uploads\/2019\/09\/2019-09-08-Taschenfreak-Oberwerth-Q-Bag_0014-150x150.jpg 150w, https:\/\/taschenfreak.de\/blog\/wp-content\/uploads\/2019\/09\/2019-09-08-Taschenfreak-Oberwerth-Q-Bag_0014-70x70.jpg 70w\" sizes=\"auto, (max-width: 150px) 100vw, 150px\" \/><\/a>\n\t\t\t<\/div><\/figure><figure class='gallery-item'>\n\t\t\t<div class='gallery-icon landscape'>\n\t\t\t\t<a href='https:\/\/taschenfreak.de\/blog\/wp-content\/uploads\/2019\/09\/2019-09-08-Taschenfreak-Oberwerth-Q-Bag_0015.jpg' title=\"\" data-rl_title=\"\" class=\"rl-gallery-link\" data-rl_caption=\"\" data-rel=\"lightbox-gallery-1\"><img loading=\"lazy\" decoding=\"async\" width=\"150\" height=\"150\" src=\"https:\/\/taschenfreak.de\/blog\/wp-content\/uploads\/2019\/09\/2019-09-08-Taschenfreak-Oberwerth-Q-Bag_0015-150x150.jpg\" class=\"attachment-thumbnail size-thumbnail\" alt=\"\" srcset=\"https:\/\/taschenfreak.de\/blog\/wp-content\/uploads\/2019\/09\/2019-09-08-Taschenfreak-Oberwerth-Q-Bag_0015-150x150.jpg 150w, https:\/\/taschenfreak.de\/blog\/wp-content\/uploads\/2019\/09\/2019-09-08-Taschenfreak-Oberwerth-Q-Bag_0015-70x70.jpg 70w\" sizes=\"auto, (max-width: 150px) 100vw, 150px\" \/><\/a>\n\t\t\t<\/div><\/figure><figure class='gallery-item'>\n\t\t\t<div class='gallery-icon landscape'>\n\t\t\t\t<a href='https:\/\/taschenfreak.de\/blog\/wp-content\/uploads\/2019\/09\/2019-09-08-Taschenfreak-Oberwerth-Q-Bag_0016.jpg' title=\"\" data-rl_title=\"\" class=\"rl-gallery-link\" data-rl_caption=\"\" data-rel=\"lightbox-gallery-1\"><img loading=\"lazy\" decoding=\"async\" width=\"150\" height=\"150\" src=\"https:\/\/taschenfreak.de\/blog\/wp-content\/uploads\/2019\/09\/2019-09-08-Taschenfreak-Oberwerth-Q-Bag_0016-150x150.jpg\" class=\"attachment-thumbnail size-thumbnail\" alt=\"\" srcset=\"https:\/\/taschenfreak.de\/blog\/wp-content\/uploads\/2019\/09\/2019-09-08-Taschenfreak-Oberwerth-Q-Bag_0016-150x150.jpg 150w, https:\/\/taschenfreak.de\/blog\/wp-content\/uploads\/2019\/09\/2019-09-08-Taschenfreak-Oberwerth-Q-Bag_0016-70x70.jpg 70w\" sizes=\"auto, (max-width: 150px) 100vw, 150px\" \/><\/a>\n\t\t\t<\/div><\/figure><figure class='gallery-item'>\n\t\t\t<div class='gallery-icon landscape'>\n\t\t\t\t<a href='https:\/\/taschenfreak.de\/blog\/wp-content\/uploads\/2019\/09\/2019-09-08-Taschenfreak-Oberwerth-Q-Bag_0017.jpg' title=\"\" data-rl_title=\"\" class=\"rl-gallery-link\" data-rl_caption=\"\" data-rel=\"lightbox-gallery-1\"><img loading=\"lazy\" decoding=\"async\" width=\"150\" height=\"150\" src=\"https:\/\/taschenfreak.de\/blog\/wp-content\/uploads\/2019\/09\/2019-09-08-Taschenfreak-Oberwerth-Q-Bag_0017-150x150.jpg\" class=\"attachment-thumbnail size-thumbnail\" alt=\"\" srcset=\"https:\/\/taschenfreak.de\/blog\/wp-content\/uploads\/2019\/09\/2019-09-08-Taschenfreak-Oberwerth-Q-Bag_0017-150x150.jpg 150w, https:\/\/taschenfreak.de\/blog\/wp-content\/uploads\/2019\/09\/2019-09-08-Taschenfreak-Oberwerth-Q-Bag_0017-70x70.jpg 70w\" sizes=\"auto, (max-width: 150px) 100vw, 150px\" \/><\/a>\n\t\t\t<\/div><\/figure><figure class='gallery-item'>\n\t\t\t<div class='gallery-icon landscape'>\n\t\t\t\t<a href='https:\/\/taschenfreak.de\/blog\/wp-content\/uploads\/2019\/09\/2019-09-08-Taschenfreak-Oberwerth-Q-Bag_0018.jpg' title=\"\" data-rl_title=\"\" class=\"rl-gallery-link\" data-rl_caption=\"\" data-rel=\"lightbox-gallery-1\"><img loading=\"lazy\" decoding=\"async\" width=\"150\" height=\"150\" src=\"https:\/\/taschenfreak.de\/blog\/wp-content\/uploads\/2019\/09\/2019-09-08-Taschenfreak-Oberwerth-Q-Bag_0018-150x150.jpg\" class=\"attachment-thumbnail size-thumbnail\" alt=\"\" srcset=\"https:\/\/taschenfreak.de\/blog\/wp-content\/uploads\/2019\/09\/2019-09-08-Taschenfreak-Oberwerth-Q-Bag_0018-150x150.jpg 150w, https:\/\/taschenfreak.de\/blog\/wp-content\/uploads\/2019\/09\/2019-09-08-Taschenfreak-Oberwerth-Q-Bag_0018-70x70.jpg 70w\" sizes=\"auto, (max-width: 150px) 100vw, 150px\" \/><\/a>\n\t\t\t<\/div><\/figure><figure class='gallery-item'>\n\t\t\t<div class='gallery-icon landscape'>\n\t\t\t\t<a href='https:\/\/taschenfreak.de\/blog\/wp-content\/uploads\/2019\/09\/2019-09-08-Taschenfreak-Oberwerth-Q-Bag_0019.jpg' title=\"\" data-rl_title=\"\" class=\"rl-gallery-link\" data-rl_caption=\"\" data-rel=\"lightbox-gallery-1\"><img loading=\"lazy\" decoding=\"async\" width=\"150\" height=\"150\" src=\"https:\/\/taschenfreak.de\/blog\/wp-content\/uploads\/2019\/09\/2019-09-08-Taschenfreak-Oberwerth-Q-Bag_0019-150x150.jpg\" class=\"attachment-thumbnail size-thumbnail\" alt=\"\" srcset=\"https:\/\/taschenfreak.de\/blog\/wp-content\/uploads\/2019\/09\/2019-09-08-Taschenfreak-Oberwerth-Q-Bag_0019-150x150.jpg 150w, https:\/\/taschenfreak.de\/blog\/wp-content\/uploads\/2019\/09\/2019-09-08-Taschenfreak-Oberwerth-Q-Bag_0019-70x70.jpg 70w\" sizes=\"auto, (max-width: 150px) 100vw, 150px\" \/><\/a>\n\t\t\t<\/div><\/figure><figure class='gallery-item'>\n\t\t\t<div class='gallery-icon landscape'>\n\t\t\t\t<a href='https:\/\/taschenfreak.de\/blog\/wp-content\/uploads\/2019\/09\/2019-09-08-Taschenfreak-Oberwerth-Q-Bag_0020.jpg' title=\"\" data-rl_title=\"\" class=\"rl-gallery-link\" data-rl_caption=\"\" data-rel=\"lightbox-gallery-1\"><img loading=\"lazy\" decoding=\"async\" width=\"150\" height=\"150\" src=\"https:\/\/taschenfreak.de\/blog\/wp-content\/uploads\/2019\/09\/2019-09-08-Taschenfreak-Oberwerth-Q-Bag_0020-150x150.jpg\" class=\"attachment-thumbnail size-thumbnail\" alt=\"\" srcset=\"https:\/\/taschenfreak.de\/blog\/wp-content\/uploads\/2019\/09\/2019-09-08-Taschenfreak-Oberwerth-Q-Bag_0020-150x150.jpg 150w, https:\/\/taschenfreak.de\/blog\/wp-content\/uploads\/2019\/09\/2019-09-08-Taschenfreak-Oberwerth-Q-Bag_0020-70x70.jpg 70w\" sizes=\"auto, (max-width: 150px) 100vw, 150px\" \/><\/a>\n\t\t\t<\/div><\/figure><figure class='gallery-item'>\n\t\t\t<div class='gallery-icon landscape'>\n\t\t\t\t<a href='https:\/\/taschenfreak.de\/blog\/wp-content\/uploads\/2019\/09\/2019-09-08-Taschenfreak-Oberwerth-Q-Bag_0022.jpg' title=\"\" data-rl_title=\"\" class=\"rl-gallery-link\" data-rl_caption=\"\" data-rel=\"lightbox-gallery-1\"><img loading=\"lazy\" decoding=\"async\" width=\"150\" height=\"150\" src=\"https:\/\/taschenfreak.de\/blog\/wp-content\/uploads\/2019\/09\/2019-09-08-Taschenfreak-Oberwerth-Q-Bag_0022-150x150.jpg\" class=\"attachment-thumbnail size-thumbnail\" alt=\"\" srcset=\"https:\/\/taschenfreak.de\/blog\/wp-content\/uploads\/2019\/09\/2019-09-08-Taschenfreak-Oberwerth-Q-Bag_0022-150x150.jpg 150w, https:\/\/taschenfreak.de\/blog\/wp-content\/uploads\/2019\/09\/2019-09-08-Taschenfreak-Oberwerth-Q-Bag_0022-70x70.jpg 70w\" sizes=\"auto, (max-width: 150px) 100vw, 150px\" \/><\/a>\n\t\t\t<\/div><\/figure><figure class='gallery-item'>\n\t\t\t<div class='gallery-icon landscape'>\n\t\t\t\t<a href='https:\/\/taschenfreak.de\/blog\/wp-content\/uploads\/2019\/09\/2019-09-08-Taschenfreak-Oberwerth-Q-Bag_0024.jpg' title=\"\" data-rl_title=\"\" class=\"rl-gallery-link\" data-rl_caption=\"\" data-rel=\"lightbox-gallery-1\"><img loading=\"lazy\" decoding=\"async\" width=\"150\" height=\"150\" src=\"https:\/\/taschenfreak.de\/blog\/wp-content\/uploads\/2019\/09\/2019-09-08-Taschenfreak-Oberwerth-Q-Bag_0024-150x150.jpg\" class=\"attachment-thumbnail size-thumbnail\" alt=\"\" srcset=\"https:\/\/taschenfreak.de\/blog\/wp-content\/uploads\/2019\/09\/2019-09-08-Taschenfreak-Oberwerth-Q-Bag_0024-150x150.jpg 150w, https:\/\/taschenfreak.de\/blog\/wp-content\/uploads\/2019\/09\/2019-09-08-Taschenfreak-Oberwerth-Q-Bag_0024-70x70.jpg 70w\" sizes=\"auto, (max-width: 150px) 100vw, 150px\" \/><\/a>\n\t\t\t<\/div><\/figure><figure class='gallery-item'>\n\t\t\t<div class='gallery-icon landscape'>\n\t\t\t\t<a href='https:\/\/taschenfreak.de\/blog\/wp-content\/uploads\/2019\/09\/2019-09-08-Taschenfreak-Oberwerth-Q-Bag_0025.jpg' title=\"\" data-rl_title=\"\" class=\"rl-gallery-link\" data-rl_caption=\"\" data-rel=\"lightbox-gallery-1\"><img loading=\"lazy\" decoding=\"async\" width=\"150\" height=\"150\" src=\"https:\/\/taschenfreak.de\/blog\/wp-content\/uploads\/2019\/09\/2019-09-08-Taschenfreak-Oberwerth-Q-Bag_0025-150x150.jpg\" class=\"attachment-thumbnail size-thumbnail\" alt=\"\" srcset=\"https:\/\/taschenfreak.de\/blog\/wp-content\/uploads\/2019\/09\/2019-09-08-Taschenfreak-Oberwerth-Q-Bag_0025-150x150.jpg 150w, https:\/\/taschenfreak.de\/blog\/wp-content\/uploads\/2019\/09\/2019-09-08-Taschenfreak-Oberwerth-Q-Bag_0025-70x70.jpg 70w\" sizes=\"auto, (max-width: 150px) 100vw, 150px\" \/><\/a>\n\t\t\t<\/div><\/figure><figure class='gallery-item'>\n\t\t\t<div class='gallery-icon landscape'>\n\t\t\t\t<a href='https:\/\/taschenfreak.de\/blog\/wp-content\/uploads\/2019\/09\/2019-09-08-Taschenfreak-Oberwerth-Q-Bag_0029.jpg' title=\"\" data-rl_title=\"\" class=\"rl-gallery-link\" data-rl_caption=\"\" data-rel=\"lightbox-gallery-1\"><img loading=\"lazy\" decoding=\"async\" width=\"150\" height=\"150\" src=\"https:\/\/taschenfreak.de\/blog\/wp-content\/uploads\/2019\/09\/2019-09-08-Taschenfreak-Oberwerth-Q-Bag_0029-150x150.jpg\" class=\"attachment-thumbnail size-thumbnail\" alt=\"\" srcset=\"https:\/\/taschenfreak.de\/blog\/wp-content\/uploads\/2019\/09\/2019-09-08-Taschenfreak-Oberwerth-Q-Bag_0029-150x150.jpg 150w, https:\/\/taschenfreak.de\/blog\/wp-content\/uploads\/2019\/09\/2019-09-08-Taschenfreak-Oberwerth-Q-Bag_0029-70x70.jpg 70w\" sizes=\"auto, (max-width: 150px) 100vw, 150px\" \/><\/a>\n\t\t\t<\/div><\/figure><figure class='gallery-item'>\n\t\t\t<div class='gallery-icon landscape'>\n\t\t\t\t<a href='https:\/\/taschenfreak.de\/blog\/wp-content\/uploads\/2019\/09\/2019-09-08-Taschenfreak-Oberwerth-Q-Bag_0031.jpg' title=\"\" data-rl_title=\"\" class=\"rl-gallery-link\" data-rl_caption=\"\" data-rel=\"lightbox-gallery-1\"><img loading=\"lazy\" decoding=\"async\" width=\"150\" height=\"150\" src=\"https:\/\/taschenfreak.de\/blog\/wp-content\/uploads\/2019\/09\/2019-09-08-Taschenfreak-Oberwerth-Q-Bag_0031-150x150.jpg\" class=\"attachment-thumbnail size-thumbnail\" alt=\"\" srcset=\"https:\/\/taschenfreak.de\/blog\/wp-content\/uploads\/2019\/09\/2019-09-08-Taschenfreak-Oberwerth-Q-Bag_0031-150x150.jpg 150w, https:\/\/taschenfreak.de\/blog\/wp-content\/uploads\/2019\/09\/2019-09-08-Taschenfreak-Oberwerth-Q-Bag_0031-70x70.jpg 70w\" sizes=\"auto, (max-width: 150px) 100vw, 150px\" \/><\/a>\n\t\t\t<\/div><\/figure><figure class='gallery-item'>\n\t\t\t<div class='gallery-icon landscape'>\n\t\t\t\t<a href='https:\/\/taschenfreak.de\/blog\/wp-content\/uploads\/2019\/09\/2019-09-08-Taschenfreak-Oberwerth-Q-Bag_0032.jpg' title=\"\" data-rl_title=\"\" class=\"rl-gallery-link\" data-rl_caption=\"\" data-rel=\"lightbox-gallery-1\"><img loading=\"lazy\" decoding=\"async\" width=\"150\" height=\"150\" src=\"https:\/\/taschenfreak.de\/blog\/wp-content\/uploads\/2019\/09\/2019-09-08-Taschenfreak-Oberwerth-Q-Bag_0032-150x150.jpg\" class=\"attachment-thumbnail size-thumbnail\" alt=\"\" srcset=\"https:\/\/taschenfreak.de\/blog\/wp-content\/uploads\/2019\/09\/2019-09-08-Taschenfreak-Oberwerth-Q-Bag_0032-150x150.jpg 150w, https:\/\/taschenfreak.de\/blog\/wp-content\/uploads\/2019\/09\/2019-09-08-Taschenfreak-Oberwerth-Q-Bag_0032-70x70.jpg 70w\" sizes=\"auto, (max-width: 150px) 100vw, 150px\" \/><\/a>\n\t\t\t<\/div><\/figure><figure class='gallery-item'>\n\t\t\t<div class='gallery-icon landscape'>\n\t\t\t\t<a href='https:\/\/taschenfreak.de\/blog\/wp-content\/uploads\/2019\/09\/2019-09-08-Taschenfreak-Oberwerth-Q-Bag_0035.jpg' title=\"\" data-rl_title=\"\" class=\"rl-gallery-link\" data-rl_caption=\"\" data-rel=\"lightbox-gallery-1\"><img loading=\"lazy\" decoding=\"async\" width=\"150\" height=\"150\" src=\"https:\/\/taschenfreak.de\/blog\/wp-content\/uploads\/2019\/09\/2019-09-08-Taschenfreak-Oberwerth-Q-Bag_0035-150x150.jpg\" class=\"attachment-thumbnail size-thumbnail\" alt=\"\" srcset=\"https:\/\/taschenfreak.de\/blog\/wp-content\/uploads\/2019\/09\/2019-09-08-Taschenfreak-Oberwerth-Q-Bag_0035-150x150.jpg 150w, https:\/\/taschenfreak.de\/blog\/wp-content\/uploads\/2019\/09\/2019-09-08-Taschenfreak-Oberwerth-Q-Bag_0035-70x70.jpg 70w\" sizes=\"auto, (max-width: 150px) 100vw, 150px\" \/><\/a>\n\t\t\t<\/div><\/figure><figure class='gallery-item'>\n\t\t\t<div class='gallery-icon landscape'>\n\t\t\t\t<a href='https:\/\/taschenfreak.de\/blog\/wp-content\/uploads\/2019\/09\/2019-09-08-Taschenfreak-Oberwerth-Q-Bag_0036.jpg' title=\"\" data-rl_title=\"\" class=\"rl-gallery-link\" data-rl_caption=\"\" data-rel=\"lightbox-gallery-1\"><img loading=\"lazy\" decoding=\"async\" width=\"150\" height=\"150\" src=\"https:\/\/taschenfreak.de\/blog\/wp-content\/uploads\/2019\/09\/2019-09-08-Taschenfreak-Oberwerth-Q-Bag_0036-150x150.jpg\" class=\"attachment-thumbnail size-thumbnail\" alt=\"\" srcset=\"https:\/\/taschenfreak.de\/blog\/wp-content\/uploads\/2019\/09\/2019-09-08-Taschenfreak-Oberwerth-Q-Bag_0036-150x150.jpg 150w, https:\/\/taschenfreak.de\/blog\/wp-content\/uploads\/2019\/09\/2019-09-08-Taschenfreak-Oberwerth-Q-Bag_0036-70x70.jpg 70w\" sizes=\"auto, (max-width: 150px) 100vw, 150px\" \/><\/a>\n\t\t\t<\/div><\/figure><figure class='gallery-item'>\n\t\t\t<div class='gallery-icon landscape'>\n\t\t\t\t<a href='https:\/\/taschenfreak.de\/blog\/wp-content\/uploads\/2019\/09\/2019-09-08-Taschenfreak-Oberwerth-Q-Bag_0039.jpg' title=\"\" data-rl_title=\"\" class=\"rl-gallery-link\" data-rl_caption=\"\" data-rel=\"lightbox-gallery-1\"><img loading=\"lazy\" decoding=\"async\" width=\"150\" height=\"150\" src=\"https:\/\/taschenfreak.de\/blog\/wp-content\/uploads\/2019\/09\/2019-09-08-Taschenfreak-Oberwerth-Q-Bag_0039-150x150.jpg\" class=\"attachment-thumbnail size-thumbnail\" alt=\"\" srcset=\"https:\/\/taschenfreak.de\/blog\/wp-content\/uploads\/2019\/09\/2019-09-08-Taschenfreak-Oberwerth-Q-Bag_0039-150x150.jpg 150w, https:\/\/taschenfreak.de\/blog\/wp-content\/uploads\/2019\/09\/2019-09-08-Taschenfreak-Oberwerth-Q-Bag_0039-70x70.jpg 70w\" sizes=\"auto, (max-width: 150px) 100vw, 150px\" \/><\/a>\n\t\t\t<\/div><\/figure><figure class='gallery-item'>\n\t\t\t<div class='gallery-icon landscape'>\n\t\t\t\t<a href='https:\/\/taschenfreak.de\/blog\/wp-content\/uploads\/2019\/09\/2019-09-08-Taschenfreak-Oberwerth-Q-Bag_0040.jpg' title=\"\" data-rl_title=\"\" class=\"rl-gallery-link\" data-rl_caption=\"\" data-rel=\"lightbox-gallery-1\"><img loading=\"lazy\" decoding=\"async\" width=\"150\" height=\"150\" src=\"https:\/\/taschenfreak.de\/blog\/wp-content\/uploads\/2019\/09\/2019-09-08-Taschenfreak-Oberwerth-Q-Bag_0040-150x150.jpg\" class=\"attachment-thumbnail size-thumbnail\" alt=\"\" srcset=\"https:\/\/taschenfreak.de\/blog\/wp-content\/uploads\/2019\/09\/2019-09-08-Taschenfreak-Oberwerth-Q-Bag_0040-150x150.jpg 150w, https:\/\/taschenfreak.de\/blog\/wp-content\/uploads\/2019\/09\/2019-09-08-Taschenfreak-Oberwerth-Q-Bag_0040-70x70.jpg 70w\" sizes=\"auto, (max-width: 150px) 100vw, 150px\" \/><\/a>\n\t\t\t<\/div><\/figure><figure class='gallery-item'>\n\t\t\t<div class='gallery-icon landscape'>\n\t\t\t\t<a href='https:\/\/taschenfreak.de\/blog\/wp-content\/uploads\/2019\/09\/2019-09-08-Taschenfreak-Oberwerth-Q-Bag_0042.jpg' title=\"\" data-rl_title=\"\" class=\"rl-gallery-link\" data-rl_caption=\"\" data-rel=\"lightbox-gallery-1\"><img loading=\"lazy\" decoding=\"async\" width=\"150\" height=\"150\" src=\"https:\/\/taschenfreak.de\/blog\/wp-content\/uploads\/2019\/09\/2019-09-08-Taschenfreak-Oberwerth-Q-Bag_0042-150x150.jpg\" class=\"attachment-thumbnail size-thumbnail\" alt=\"\" srcset=\"https:\/\/taschenfreak.de\/blog\/wp-content\/uploads\/2019\/09\/2019-09-08-Taschenfreak-Oberwerth-Q-Bag_0042-150x150.jpg 150w, https:\/\/taschenfreak.de\/blog\/wp-content\/uploads\/2019\/09\/2019-09-08-Taschenfreak-Oberwerth-Q-Bag_0042-70x70.jpg 70w\" sizes=\"auto, (max-width: 150px) 100vw, 150px\" \/><\/a>\n\t\t\t<\/div><\/figure><figure class='gallery-item'>\n\t\t\t<div class='gallery-icon landscape'>\n\t\t\t\t<a href='https:\/\/taschenfreak.de\/blog\/wp-content\/uploads\/2019\/09\/2019-09-08-Taschenfreak-Oberwerth-Q-Bag_0043.jpg' title=\"\" data-rl_title=\"\" class=\"rl-gallery-link\" data-rl_caption=\"\" data-rel=\"lightbox-gallery-1\"><img loading=\"lazy\" decoding=\"async\" width=\"150\" height=\"150\" src=\"https:\/\/taschenfreak.de\/blog\/wp-content\/uploads\/2019\/09\/2019-09-08-Taschenfreak-Oberwerth-Q-Bag_0043-150x150.jpg\" class=\"attachment-thumbnail size-thumbnail\" alt=\"\" srcset=\"https:\/\/taschenfreak.de\/blog\/wp-content\/uploads\/2019\/09\/2019-09-08-Taschenfreak-Oberwerth-Q-Bag_0043-150x150.jpg 150w, https:\/\/taschenfreak.de\/blog\/wp-content\/uploads\/2019\/09\/2019-09-08-Taschenfreak-Oberwerth-Q-Bag_0043-70x70.jpg 70w\" sizes=\"auto, (max-width: 150px) 100vw, 150px\" \/><\/a>\n\t\t\t<\/div><\/figure>\n\t\t<\/div>\n\n<p><strong>Links<\/strong><\/p>\n<ul>\n<li><a href=\"https:\/\/www.oberwerth.com\/de\/shop\/fototaschen\/classic-line\/the-q-bag\/\">Die edle Oberwerth Q-Bag beim Hersteller<\/a><\/li>\n<li><a href=\"https:\/\/youtu.be\/VlKjrEiAqQM\">Mein Video zur Oberwerth Q-Bag auf Youtube<\/a><\/li>\n<\/ul>\n<p>&nbsp;<\/p>\n<p><strong>Taschenfreak-Bewertung:<\/strong><\/p>\n[rwp_box_criteria id=&#8220;0&#8243;]\n<p>Summe:[rwp_reviewer_rating_stars id=&#8220;0&#8243;](<strong>4,64<\/strong>) &nbsp;<\/p>\n<p>&nbsp;<\/p>\n<p><strong>Mein pers\u00f6nliches Fazit<\/strong><\/p>\n<p>Unglaublich edel, unglaublich wertvoll und unglaublich faszinierend diese Tasche an zu fassen und zu benutzen. Auch wenn bei mir keine Leica Q hineinkommt, so f\u00fchlt sich meine Nikon Z6 oder Nikon Z7 und die kleine smarte Ricoh GR III darin verdammt wohl und die Benutzung beim Sonntagsspaziergang macht einfach unfassbar viel Freude. Ich mag die kleine edle Tasche &#8211; die <a href=\"https:\/\/www.oberwerth.com\/de\/shop\/fototaschen\/classic-line\/the-q-bag\/leica-q2-tasche\">Oberwerth Q-Bag<\/a>.<\/p>\n<p>Sch\u00f6ne Gr\u00fc\u00dfe \u2013 Euer Taschenfreak \u2013 J\u00f6rg Langer<\/p>\n<hr class=\"wp-block-separator\">\n<p><span style=\"font-size: 8pt;\"><strong>Hinweis in eigener Sache zur Werbung<\/strong><\/span><br \/>\n<span style=\"font-size: 8pt;\">Meine Blogbeitr\u00e4ge und Videos sind Gluten-, Glukose- und Laktosefrei, k\u00f6nnen aber Spuren von Werbung beinhalten da ich die Artikel ab und zu kostenlos zur Verf\u00fcgung gestellt bekomme.<\/span><br \/>\n<span style=\"font-size: 8pt;\">Meine Meinung ist frei von kommerziellen Einfl\u00fcssen, kann aber Spuren von Sarkasmus oder Ironie beinhalten.<\/span><br \/>\n<span style=\"font-size: 8pt;\">Dieser Blog verfolgt keine kommerziellen Absichten. Die meisten mir zur Verf\u00fcgung gestellten Taschen verschenke ich oder verlose die f\u00fcr gute Zwecke. Meine treuen Leser wissen das seit Jahren.<\/span><br \/>\n<span style=\"font-size: 8pt;\">Ich betreibe diesen Blog aus Spa\u00df an der Sache und nicht aus kommerziellen Absichten. Das mag in der heutigen Zeit eher ungew\u00f6hnlich sein. Mit diesem Schock m\u00fcsst Ihr leider zurecht kommen.<\/span><br \/>\n&nbsp;<\/p>\n","protected":false},"excerpt":{"rendered":"<p>&nbsp; &#8222;Was soll ich mit einer Leica Q-Bag? &#8211; ich habe doch keine Leica Q mehr&#8230;.&#8220; &#8230; waren meine ersten Gedanken, als ich gefragt wurde, ob ich die neue Made in Germany OBERWERTH Q-BAG testen mag. Na klar mag ich die testen, aber nicht f\u00fcr die Leica Q. Das neue Leder machte mich wahnsinnig neugierig.&hellip;<\/p>\n","protected":false},"author":3,"featured_media":10012,"comment_status":"open","ping_status":"open","sticky":false,"template":"","format":"standard","meta":{"ngg_post_thumbnail":0,"_jetpack_memberships_contains_paid_content":false,"footnotes":"","_links_to":"","_links_to_target":""},"categories":[187,80,11],"tags":[1074,786,95,1240,271,2087,966,2200,2201,1401],"class_list":["post-10011","post","type-post","status-publish","format-standard","has-post-thumbnail","hentry","category-kompakte-taschen-und-hullen","category-leder","category-schultertasche","tag-fototasche","tag-ledertasche","tag-leica","tag-leica-q","tag-made-in-germany","tag-nikon-z","tag-oberwerth","tag-oberwerth-q-bag","tag-ricoh-griii","tag-rot-schwarz"],"jetpack_featured_media_url":"https:\/\/taschenfreak.de\/blog\/wp-content\/uploads\/2019\/09\/Oberwerth-Q-Bag-Banner.jpg","jetpack_shortlink":"https:\/\/wp.me\/p4GMND-2Bt","jetpack_sharing_enabled":true,"_links":{"self":[{"href":"https:\/\/taschenfreak.de\/blog\/wp-json\/wp\/v2\/posts\/10011","targetHints":{"allow":["GET"]}}],"collection":[{"href":"https:\/\/taschenfreak.de\/blog\/wp-json\/wp\/v2\/posts"}],"about":[{"href":"https:\/\/taschenfreak.de\/blog\/wp-json\/wp\/v2\/types\/post"}],"author":[{"embeddable":true,"href":"https:\/\/taschenfreak.de\/blog\/wp-json\/wp\/v2\/users\/3"}],"replies":[{"embeddable":true,"href":"https:\/\/taschenfreak.de\/blog\/wp-json\/wp\/v2\/comments?post=10011"}],"version-history":[{"count":6,"href":"https:\/\/taschenfreak.de\/blog\/wp-json\/wp\/v2\/posts\/10011\/revisions"}],"predecessor-version":[{"id":10067,"href":"https:\/\/taschenfreak.de\/blog\/wp-json\/wp\/v2\/posts\/10011\/revisions\/10067"}],"wp:featuredmedia":[{"embeddable":true,"href":"https:\/\/taschenfreak.de\/blog\/wp-json\/wp\/v2\/media\/10012"}],"wp:attachment":[{"href":"https:\/\/taschenfreak.de\/blog\/wp-json\/wp\/v2\/media?parent=10011"}],"wp:term":[{"taxonomy":"category","embeddable":true,"href":"https:\/\/taschenfreak.de\/blog\/wp-json\/wp\/v2\/categories?post=10011"},{"taxonomy":"post_tag","embeddable":true,"href":"https:\/\/taschenfreak.de\/blog\/wp-json\/wp\/v2\/tags?post=10011"}],"curies":[{"name":"wp","href":"https:\/\/api.w.org\/{rel}","templated":true}]}}