{"id":1006,"date":"2012-04-22T12:55:05","date_gmt":"2012-04-22T10:55:05","guid":{"rendered":"http:\/\/taschenfreak.de\/blog\/?p=1006"},"modified":"2012-04-22T12:55:05","modified_gmt":"2012-04-22T10:55:05","slug":"think-tank-photo-hat-die-bitten-vieler-erhort-und-die-neue-retrospective-7-auf-den-markt-gebracht","status":"publish","type":"post","link":"https:\/\/taschenfreak.de\/blog\/2012\/04\/22\/think-tank-photo-hat-die-bitten-vieler-erhort-und-die-neue-retrospective-7-auf-den-markt-gebracht\/","title":{"rendered":"Think Tank Photo hat die Bitten vieler erh\u00f6rt und die neue RETROSPECTIVE 7 auf den Markt gebracht!"},"content":{"rendered":"<p><img loading=\"lazy\" decoding=\"async\" class=\"alignleft size-thumbnail wp-image-1007\" title=\"Retrospective7_BlueSlate_01\" src=\"https:\/\/taschenfreak.de\/blog\/wp-content\/uploads\/2012\/04\/Retrospective7_BlueSlate_01-150x150.jpg\" alt=\"\" width=\"150\" height=\"150\" \/><\/p>\n<p>Vielen Think Tank Usern, insbesondere den Nutzern der Retrospective 5 Tasche fehlte ein ganz\u00a0kleines bisschen Platz in der 5er um das beliebte und oft mitgenommene iPad oder andere Tablet sinnvoll darin verstauen zu k\u00f6nnen. Es fehlte einfach ein kleines und schmales Fach wo man dieses Equipmentst\u00fcck hineinpacken kann. Wenn dann noch anstelle des Tablets das kleine Smarte Macbook Air oder ein anderes flachen Netbook hineinginge w\u00e4re der Wunsch vieler komplett erf\u00fcllt worden. Und siehe da, Think Tank hat diese Bitten erh\u00f6rt und die neue Retrospective 7 gelauncht. Mit diesem Productlaunch hat Think Teank ebenso f\u00fcr die Retrospective Serie eine neue, eine dritte, Farbe auf den Markt gebracht. So gibt es nun neben dem Schwarz und dem Pinesztone zus\u00e4tzlich noch das neue &#8222;Blue-Slate&#8220;. Schaut schick aus! Oder?<\/p>\n<p>Nachfolgend der Text der engl. Pressemeldung und ein paar Herstellerbilder.<!--more--><\/p>\n<blockquote><p><strong>Think Tank Photo to Release the Retrospective 7<\/strong><br \/>\n<strong>The Perfect Photography Shooter\u2019s Bag holds an iPad or MacBook Air<\/strong><\/p>\n<p>Santa Rosa, Calif. \u2013 Think Tank Photo announces that in May it will release its new Retrospective\u00ae 7 shoulder camera bag in three color options. Designed for standard DSLR systems, its classic design along with modern improvements create the perfect shooter\u2019s bag. This lightweight shoulder bag comes in fabrics that offer a sense of \u201cretro\u201d style that appeals to many. A rear pocket has been designed to hold an iPad or an 11\u201d MacBook Air.<br \/>\nErgonomically designed to conform to the body, the bags are comfortable to walk with, provide quick access, and are inconspicuous to avoid unwanted attention. With broad appeal, the Retrospective series has quickly become one of the leading bag collections in the industry.<br \/>\n\u201cWorking pros to vacationers all will find the Retrospective 7 to be the most useful and functional bag for a day\u2019s outing,\u201d said Doug Murdoch, Think Tank Photo\u2019s co-founder and lead designer. \u201cIt combines the broad appeal of the Retrospective design with the perfect size for carrying camera gear and your laptop or iPad.\u201d<\/p>\n<p>Along with the current fabric option of black polyspun or Pinestone canvas, Think Tank is introducing a new canvas color to the Retrospective line: Slate Blue.<br \/>\nRetrospective 7 features include:<br \/>\n\u2022 iPad\/MacBook pocket<br \/>\n\u2022 Cushioned and padded nonslip shoulder strap for all day comfort.<br \/>\n\u2022 Sound Silencers\u2122 to turn off the front flap hook and loop for silent operation.<br \/>\n\u2022 Organizational and zippered pockets for accessories.<br \/>\n\u2022 Removable divider set for custom layouts.<br \/>\n\u2022 Convenient carrying handle for grab and go.<br \/>\n\u2022 Seam sealed rain cover.<br \/>\n\u2022 Expandable front pocket for DSLR body or accessories.<br \/>\n\u2022 Business card slot under the front flap for identification.<br \/>\n\u2022 High quality YKK zippers.<\/p>\n<p>Specifications<br \/>\nExterior Dimensions: 13\u201d W x 9\u201d H x 7\u201d D (33 x 22.9 x 17.8 cm)<br \/>\nInterior Dimensions: 12\u201d W x 8.5\u201d H x 5\u201d D (30.5 x 21.6 x 17.8 cm)<br \/>\nLaptop: 11.8\u201d W x 8.2\u201d H x 0.7\u201d D (30 x 20.8 x 1.8 cm)<br \/>\nWeight: 2.3-2.75 lbs (1-1.2 kg)<\/p><\/blockquote>\nngg_shortcode_0_placeholder\n<p>Die Tasche soll ab Ende Mai lieferbar sein. Ich habe meine bereits per Mail beim Fotoh\u00e4ndler meines Vertrauens, <a href=\"https:\/\/www.isarfoto.com\/shop\/index.php\/isar_de\/thinktankphoto?limit=all\" target=\"_blank\">ISARFOTO<\/a>, bestellt und freue mich schon heute wie ein kleines Kind auf die &#8222;neue 7er&#8220;.<\/p>\n<p>Sch\u00f6ne Gr\u00fc\u00dfe &#8211; Euer Taschenfreak und Fotofuzzy J\u00f6rg Langer<\/p>\n","protected":false},"excerpt":{"rendered":"<p>Vielen Think Tank Usern, insbesondere den Nutzern der Retrospective 5 Tasche fehlte ein ganz kleines bisschen Platz in der 5er um das beliebte und oft mitgenommene iPad oder andere Tablet sinnvoll darin verstauen zu k\u00f6nnen. &#8230;<\/p>\n","protected":false},"author":3,"featured_media":0,"comment_status":"open","ping_status":"open","sticky":false,"template":"","format":"standard","meta":{"ngg_post_thumbnail":0,"_jetpack_memberships_contains_paid_content":false,"footnotes":"","_links_to":"","_links_to_target":""},"categories":[29,12],"tags":[255,35,253,231,1068,252,251,1057,1062],"class_list":["post-1006","post","type-post","status-publish","format-standard","hentry","category-pressemeldungen","category-schultertasche-mit-notebook","tag-neu","tag-pressemeldung","tag-retro-7","tag-retrospective","tag-retrospective-7","tag-seven","tag-sieben","tag-think-tank-photo","tag-usa"],"jetpack_featured_media_url":"","jetpack_shortlink":"https:\/\/wp.me\/p4GMND-ge","jetpack_sharing_enabled":true,"_links":{"self":[{"href":"https:\/\/taschenfreak.de\/blog\/wp-json\/wp\/v2\/posts\/1006","targetHints":{"allow":["GET"]}}],"collection":[{"href":"https:\/\/taschenfreak.de\/blog\/wp-json\/wp\/v2\/posts"}],"about":[{"href":"https:\/\/taschenfreak.de\/blog\/wp-json\/wp\/v2\/types\/post"}],"author":[{"embeddable":true,"href":"https:\/\/taschenfreak.de\/blog\/wp-json\/wp\/v2\/users\/3"}],"replies":[{"embeddable":true,"href":"https:\/\/taschenfreak.de\/blog\/wp-json\/wp\/v2\/comments?post=1006"}],"version-history":[{"count":0,"href":"https:\/\/taschenfreak.de\/blog\/wp-json\/wp\/v2\/posts\/1006\/revisions"}],"wp:attachment":[{"href":"https:\/\/taschenfreak.de\/blog\/wp-json\/wp\/v2\/media?parent=1006"}],"wp:term":[{"taxonomy":"category","embeddable":true,"href":"https:\/\/taschenfreak.de\/blog\/wp-json\/wp\/v2\/categories?post=1006"},{"taxonomy":"post_tag","embeddable":true,"href":"https:\/\/taschenfreak.de\/blog\/wp-json\/wp\/v2\/tags?post=1006"}],"curies":[{"name":"wp","href":"https:\/\/api.w.org\/{rel}","templated":true}]}}