{"id":1045,"date":"2012-04-28T18:32:39","date_gmt":"2012-04-28T16:32:39","guid":{"rendered":"http:\/\/taschenfreak.de\/blog\/?p=1045"},"modified":"2012-04-28T18:32:39","modified_gmt":"2012-04-28T16:32:39","slug":"roterfaden-de-taschenbegleiter-ipad-edel-aber-auch-brauchbar","status":"publish","type":"post","link":"https:\/\/taschenfreak.de\/blog\/2012\/04\/28\/roterfaden-de-taschenbegleiter-ipad-edel-aber-auch-brauchbar\/","title":{"rendered":"Roterfaden.de Taschenbegleiter iPad &#8211; Edel! &#8230;aber auch brauchbar?"},"content":{"rendered":"<p><a  href=\"https:\/\/taschenfreak.de\/blog\/wp-content\/uploads\/2012\/04\/Roterfaden_Taschenbegleiter_012.jpg\" data-rel=\"lightbox-gallery-0\" data-rl_title=\"\" data-rl_caption=\"\"><img loading=\"lazy\" decoding=\"async\" class=\"alignright size-thumbnail wp-image-1046\" title=\"\" src=\"https:\/\/taschenfreak.de\/blog\/wp-content\/uploads\/2012\/04\/Roterfaden_Taschenbegleiter_012-150x150.jpg\" alt=\"\" width=\"150\" height=\"150\" \/><\/a><strong>Klammer auf &#8211; Heft rein &#8211; Klammer zu!<\/strong>, so steht es im beigelegten Prospekt!<\/p>\n<p>Die Firma <a href=\"http:\/\/www.roterfaden.de\" target=\"_blank\">Roterfaden.de<\/a> aus Saarbr\u00fccken hat mir gestern einen der begehrten &#8222;Taschenbegleiter&#8220; aus Ihren Portfolio zum testen geschickt. Das finde ich superklasse und bedanke mich auch herzlich daf\u00fcr. Das Anfassgef\u00fchl des Taschenbegleiters ist enorm edel und hochwertig und man m\u00f6chte am liebsten auf der Stelle losgehen um irgendwo, am besten in der Sonne in einem herrlichen Kaffee darin seine Notizen zu machen und nebenbei im iPad die aktuellen Threads in den News und Socials verfolgen.<\/p>\n<p>Was mich besonders interessiert hat ist der Schreibkomfort wenn der Taschenbegleiter, in meinem Falle mit dem iPad, auf dem Tisch liegt und man dann seine Notizen, Bilder, whatever in die aufgeklappten und &#8222;eingeklammerten&#8220; Notizhefte schreibt.<!--more--><\/p>\n<p>Warum Roterfaden.de mir nicht ein einziges dieser Hefte zum testen beigelegt hat ist mir ein R\u00e4tsel. Ich musste mir als ein paar Din A4 Bl\u00e4tter zurecht falten und einklammern, die nat\u00fcrlich dann nicht richtig sitzen konnten im Taschenbegleiter, und ich dadurch Euch leider nicht sagen kann ob das ganze was taugt oder nicht. Da wurde leider am falschen Ende gespart&#8230;<\/p>\n<p>Deswegen kann ich leider zur Nutzung des edlen Teiles nichts wirklich sagen, nur zum Anfassgef\u00fchl und der \u00e4u\u00dferen Wirkung und diese ist einmalig &#8222;geil&#8220; &#8211; sorry f\u00fcr den Ausdruck!<\/p>\n<p>Hier ein paar Bilder des guten St\u00fccks:<\/p>\nngg_shortcode_0_placeholder\n<p>In die beiden F\u00e4cher auf der vorderen Innenseite kann man oben gut seine Visitenkarten reinstecken (die aber leider recht flott rausrutschen&#8230;) und in das untere Fach gut Din A5 Unterlagen oder wie auf den Bildern zu sehen auch ein A5 Moleskine.<\/p>\n<p>Das ganze ist 100% Made in Germany und \u00fcber den &#8222;Konfiguartor&#8220; auf <a href=\"http:\/\/www.roterfaden.de\" target=\"_blank\">Roterfaden.de<\/a> auch sehr individuell zusammen zu stellen.<\/p>\n<p>Schauts Euch einfach mal selbst auf der <a href=\"http:\/\/www.roterfaden.de\" target=\"_blank\">Website<\/a> dort an.<\/p>\n<p>Ich schicke den Taschenbegleiter am Montag wieder zur\u00fcck nach Saarbr\u00fccken und werde wohl vorerst weiter mein Stilgut Couvertuere Smart Cover und mein Moleskin verwenden.<\/p>\n<p>Sch\u00f6ne Gr\u00fc\u00dfe &#8211; Euer Taschenfreak &#8211; J\u00f6rg Langer<\/p>\n","protected":false},"excerpt":{"rendered":"<p>Die Firma Roterfaden.de aus Saarbr\u00fccken hat mir gestern einen der begehrten &#8222;Taschenbegleiter&#8220; aus Ihren Portfolio zum testen geschickt. Das finde ich superklasse und bedanke mich auch herzlich daf\u00fcr. Das Anfassgef\u00fchl des Taschenbegleiters ist enorm edel und hochwertig und man m\u00f6chte am liebsten auf der Stelle losgehen um irgendwo, am besten in der Sonne in einem herrlichen Kaffee darin seine Notizen zu machen und nebenbei im iPad die aktuellen Threads in den News und Socials verfolgen.<\/p>\n","protected":false},"author":3,"featured_media":0,"comment_status":"open","ping_status":"open","sticky":false,"template":"","format":"standard","meta":{"ngg_post_thumbnail":0,"_jetpack_memberships_contains_paid_content":false,"footnotes":"","_links_to":"","_links_to_target":""},"categories":[28,163],"tags":[175,269,271,270,268],"class_list":["post-1045","post","type-post","status-publish","format-standard","hentry","category-nicht-foto-taschen","category-notebooktaschen-und-hullen","tag-ipad","tag-leder-und-filz","tag-made-in-germany","tag-saarbrucken","tag-taschenbegleiter"],"jetpack_featured_media_url":"","jetpack_shortlink":"https:\/\/wp.me\/p4GMND-gR","jetpack_sharing_enabled":true,"_links":{"self":[{"href":"https:\/\/taschenfreak.de\/blog\/wp-json\/wp\/v2\/posts\/1045","targetHints":{"allow":["GET"]}}],"collection":[{"href":"https:\/\/taschenfreak.de\/blog\/wp-json\/wp\/v2\/posts"}],"about":[{"href":"https:\/\/taschenfreak.de\/blog\/wp-json\/wp\/v2\/types\/post"}],"author":[{"embeddable":true,"href":"https:\/\/taschenfreak.de\/blog\/wp-json\/wp\/v2\/users\/3"}],"replies":[{"embeddable":true,"href":"https:\/\/taschenfreak.de\/blog\/wp-json\/wp\/v2\/comments?post=1045"}],"version-history":[{"count":0,"href":"https:\/\/taschenfreak.de\/blog\/wp-json\/wp\/v2\/posts\/1045\/revisions"}],"wp:attachment":[{"href":"https:\/\/taschenfreak.de\/blog\/wp-json\/wp\/v2\/media?parent=1045"}],"wp:term":[{"taxonomy":"category","embeddable":true,"href":"https:\/\/taschenfreak.de\/blog\/wp-json\/wp\/v2\/categories?post=1045"},{"taxonomy":"post_tag","embeddable":true,"href":"https:\/\/taschenfreak.de\/blog\/wp-json\/wp\/v2\/tags?post=1045"}],"curies":[{"name":"wp","href":"https:\/\/api.w.org\/{rel}","templated":true}]}}