{"id":10455,"date":"2020-12-21T20:59:21","date_gmt":"2020-12-21T19:59:21","guid":{"rendered":"https:\/\/taschenfreak.de\/blog\/?p=10455"},"modified":"2020-12-21T21:04:17","modified_gmt":"2020-12-21T20:04:17","slug":"gibt-es-die-perfekten-it-huellen-vorstellung-pack-smooch-ipad-und-macbook-pro-huelle","status":"publish","type":"post","link":"https:\/\/taschenfreak.de\/blog\/2020\/12\/21\/gibt-es-die-perfekten-it-huellen-vorstellung-pack-smooch-ipad-und-macbook-pro-huelle\/","title":{"rendered":"Gibt es DIE perfekten IT-H\u00fcllen? Vorstellung: Pack &#038; Smooch &#8211;  iPad und Macbook Pro H\u00fclle"},"content":{"rendered":"<p>Es ist doch wie bei den Fototaschen. Gibt es <em>DIE<\/em> perfekte Notebookh\u00fclle? Gibt es dazu passend <em>DIE<\/em> perfekte H\u00fclle f\u00fcr das Tablet, f\u00fcr das iPad? Viele haben, wie ich auch, die Suche eingestellt und aufgeh\u00f6rt &#8222;tr\u00e4umerischen Idealen&#8220; hinter her zu jagen. Und dann habe ich durch Zufall im Netz die Lederh\u00fcllen von Pack &amp; Smooch gefunden. Ich habe Matthias dann angeschrieben und nach einigen Monaten hat mir dieser eine Lederh\u00fclle f\u00fcr mein 2020er 12&#8243; iPad Pro zur Verf\u00fcgung gestellt. Schon wenige Tage danach war ich bereit um die 150 Euro selbst zu investieren und habe mir die selbe Machart f\u00fcr mein Macbook Pro 16 Zoll bestellt. Ds ist jetzt einige Monate her und ich habe es keinen Tag bereut. Aber schaut erst mal dazu das <a href=\"https:\/\/youtu.be\/fW-HusVIX04\">nachfolgende Video<\/a> an.&nbsp;<\/p>\n<div class=\"jetpack-video-wrapper\"><span class=\"embed-youtube\" style=\"text-align:center; display: block;\"> <\/p>\n<div class=\"brlbs-cmpnt-container brlbs-cmpnt-content-blocker brlbs-cmpnt-with-individual-styles\" data-borlabs-cookie-content-blocker-id=\"youtube-content-blocker\" data-borlabs-cookie-content=\"PGlmcmFtZSBjbGFzcz0ieW91dHViZS1wbGF5ZXIiIHdpZHRoPSI2NTAiIGhlaWdodD0iMzY2IiBzcmM9Imh0dHBzOi8vd3d3LnlvdXR1YmUtbm9jb29raWUuY29tL2VtYmVkL2ZXLUh1c1ZJWDA0P3ZlcnNpb249MyYjMDM4O3JlbD0xJiMwMzg7c2hvd3NlYXJjaD0wJiMwMzg7c2hvd2luZm89MSYjMDM4O2l2X2xvYWRfcG9saWN5PTEmIzAzODtmcz0xJiMwMzg7aGw9ZGUtREUmIzAzODthdXRvaGlkZT0yJiMwMzg7d21vZGU9dHJhbnNwYXJlbnQiIGFsbG93ZnVsbHNjcmVlbj0idHJ1ZSIgc3R5bGU9ImJvcmRlcjowOyIgc2FuZGJveD0iYWxsb3ctc2NyaXB0cyBhbGxvdy1zYW1lLW9yaWdpbiBhbGxvdy1wb3B1cHMgYWxsb3ctcHJlc2VudGF0aW9uIGFsbG93LXBvcHVwcy10by1lc2NhcGUtc2FuZGJveCI+PC9pZnJhbWU+\">\n<div class=\"brlbs-cmpnt-cb-preset-c brlbs-cmpnt-cb-youtube\">\n<div class=\"brlbs-cmpnt-cb-thumbnail\" style=\"background-image: url('https:\/\/taschenfreak.de\/blog\/wp-content\/uploads\/borlabs-cookie\/1\/yt_fW-HusVIX04_hqdefault.jpg')\"><\/div>\n<div class=\"brlbs-cmpnt-cb-main\">\n<div class=\"brlbs-cmpnt-cb-play-button\"><\/div>\n<div class=\"brlbs-cmpnt-cb-content\">\n<p class=\"brlbs-cmpnt-cb-description\">Sie sehen gerade einen Platzhalterinhalt von <strong>YouTube<\/strong>. Um auf den eigentlichen Inhalt zuzugreifen, klicken Sie auf die Schaltfl\u00e4che unten. Bitte beachten Sie, dass dabei Daten an Drittanbieter weitergegeben werden.<\/p>\n<p> <a class=\"brlbs-cmpnt-cb-provider-toggle\" href=\"#\" data-borlabs-cookie-show-provider-information role=\"button\">Mehr Informationen<\/a> <\/div>\n<div class=\"brlbs-cmpnt-cb-buttons\"> <a class=\"brlbs-cmpnt-cb-btn\" href=\"#\" data-borlabs-cookie-unblock role=\"button\">Inhalt entsperren<\/a> <a class=\"brlbs-cmpnt-cb-btn\" href=\"#\" data-borlabs-cookie-accept-service role=\"button\" style=\"display: inherit\">Erforderlichen Service akzeptieren und Inhalte entsperren<\/a> <\/div>\n<\/p><\/div>\n<\/p><\/div>\n<\/div>\n<p><\/span><\/div>\n<p>Ich hoffe ihr konntet nach meiner langen Pause vor der Kamera mein &#8222;Geschw\u00e4tz&#8220; ertragen. Smile. Ich habe das Video gerne f\u00fcr Euch aufgenommen und werde bis zum n\u00e4chsten jetzt nicht mehr eine so lange Pause machen. Was sagt Ihr zu den beiden H\u00fcllen? Gefallen sie Euch? Sagt mir gerne die Meinung &#8211; hier im Blog als Kommentar, aber auch gerne als Kommentar auf <a href=\"https:\/\/youtu.be\/fW-HusVIX04\">Youtube<\/a> unter dem <a href=\"https:\/\/youtu.be\/fW-HusVIX04\">Video<\/a>. Ich freue mich auf Eure Kommentare.<\/p>\n<p><strong>Was mir sehr gut gef\u00e4llt?<\/strong><\/p>\n<ul>\n<li>Das Leder!<\/li>\n<li>Der Rei\u00dfverschluss, der dank YKK Technologie sehr leichtl\u00e4ufig ist.<\/li>\n<li>Die roten &#8222;P\u00f6mpel&#8220; an den Rei\u00dfverschl\u00fcssen.<\/li>\n<li>Der dezente Filz (denn eigentlich mag ich gar keinen Filz) welcher hier anschmiegsam und zugleich sehr hochwertig die darin befindliche Hardware sch\u00fctzt.<\/li>\n<li>Die Farbe &#8211; es passt perfekt zu allem. Zu den Ger\u00e4ten, zu einer schicken Jeans, genauso wie zum schwarzen Business-Anzug.&nbsp;<\/li>\n<li>Die Abmessungen! Sie sind perfekt dimensioniert, so das bei der iPad Version das iPad alleine genau so gut hin passt wie das iPad mit dem Smart Cover oder sogar mit dem Magic Cover Keyboard.<\/li>\n<li>Die Lederschlaufe im inneren f\u00fcr den teuren und sehr sensiblen Apple Pencil, so das dieser selbst gesch\u00fctzt ist und zugleich das iPad nicht &#8222;zerdellert&#8220; beim Transport.<\/li>\n<li>Die dezente Visitenkarten-Schublade im inneren der H\u00fcllen.<\/li>\n<li>Das sehr dezente Markenlogo der Firma Pack and Smooch.<\/li>\n<li>&#8222;Handcraftet in Germany&#8220; &#8211; auf sowas stehe ich ja tierisch!<\/li>\n<\/ul>\n<p><strong>Was mir nicht so gut gef\u00e4llt?<\/strong><\/p>\n<ul>\n<li>Schade das der Rei\u00dfverschluss keine zwei &#8222;Griffe&#8220; und keine zwei &#8222;P\u00f6mpel&#8220; hat, denn das w\u00e4re teilweise auch f\u00fcr das Laden der Ger\u00e4te in der Tasche recht hilfreich.<\/li>\n<li>Ich glaube ich w\u00fcrde die H\u00fcllen auch in ganz Schwarz mit roter Kontrastnaht nehmen.<\/li>\n<\/ul>\n<p><strong>Fotos<\/strong><\/p>\n<div id='gallery-1' class='gallery galleryid-10455 gallery-columns-3 gallery-size-thumbnail'><figure class='gallery-item'>\n\t\t\t<div class='gallery-icon landscape'>\n\t\t\t\t<a href='https:\/\/taschenfreak.de\/blog\/wp-content\/uploads\/2020\/12\/02_Taschenfreak_Pack_and_Smooch_iPad_Macbook_Huelle.jpg' title=\"\" data-rl_title=\"\" class=\"rl-gallery-link\" data-rl_caption=\"\" data-rel=\"lightbox-gallery-1\"><img loading=\"lazy\" decoding=\"async\" width=\"150\" height=\"150\" src=\"https:\/\/taschenfreak.de\/blog\/wp-content\/uploads\/2020\/12\/02_Taschenfreak_Pack_and_Smooch_iPad_Macbook_Huelle-150x150.jpg\" class=\"attachment-thumbnail size-thumbnail\" alt=\"\" srcset=\"https:\/\/taschenfreak.de\/blog\/wp-content\/uploads\/2020\/12\/02_Taschenfreak_Pack_and_Smooch_iPad_Macbook_Huelle-150x150.jpg 150w, https:\/\/taschenfreak.de\/blog\/wp-content\/uploads\/2020\/12\/02_Taschenfreak_Pack_and_Smooch_iPad_Macbook_Huelle-70x70.jpg 70w\" sizes=\"auto, (max-width: 150px) 100vw, 150px\" \/><\/a>\n\t\t\t<\/div><\/figure><figure class='gallery-item'>\n\t\t\t<div class='gallery-icon landscape'>\n\t\t\t\t<a href='https:\/\/taschenfreak.de\/blog\/wp-content\/uploads\/2020\/12\/03_Taschenfreak_Pack_and_Smooch_iPad_Macbook_Huelle.jpg' title=\"\" data-rl_title=\"\" class=\"rl-gallery-link\" data-rl_caption=\"\" data-rel=\"lightbox-gallery-1\"><img loading=\"lazy\" decoding=\"async\" width=\"150\" height=\"150\" src=\"https:\/\/taschenfreak.de\/blog\/wp-content\/uploads\/2020\/12\/03_Taschenfreak_Pack_and_Smooch_iPad_Macbook_Huelle-150x150.jpg\" class=\"attachment-thumbnail size-thumbnail\" alt=\"\" srcset=\"https:\/\/taschenfreak.de\/blog\/wp-content\/uploads\/2020\/12\/03_Taschenfreak_Pack_and_Smooch_iPad_Macbook_Huelle-150x150.jpg 150w, https:\/\/taschenfreak.de\/blog\/wp-content\/uploads\/2020\/12\/03_Taschenfreak_Pack_and_Smooch_iPad_Macbook_Huelle-70x70.jpg 70w\" sizes=\"auto, (max-width: 150px) 100vw, 150px\" \/><\/a>\n\t\t\t<\/div><\/figure><figure class='gallery-item'>\n\t\t\t<div class='gallery-icon landscape'>\n\t\t\t\t<a href='https:\/\/taschenfreak.de\/blog\/wp-content\/uploads\/2020\/12\/04_Taschenfreak_Pack_and_Smooch_iPad_Macbook_Huelle.jpg' title=\"\" data-rl_title=\"\" class=\"rl-gallery-link\" data-rl_caption=\"\" data-rel=\"lightbox-gallery-1\"><img loading=\"lazy\" decoding=\"async\" width=\"150\" height=\"150\" src=\"https:\/\/taschenfreak.de\/blog\/wp-content\/uploads\/2020\/12\/04_Taschenfreak_Pack_and_Smooch_iPad_Macbook_Huelle-150x150.jpg\" class=\"attachment-thumbnail size-thumbnail\" alt=\"\" srcset=\"https:\/\/taschenfreak.de\/blog\/wp-content\/uploads\/2020\/12\/04_Taschenfreak_Pack_and_Smooch_iPad_Macbook_Huelle-150x150.jpg 150w, https:\/\/taschenfreak.de\/blog\/wp-content\/uploads\/2020\/12\/04_Taschenfreak_Pack_and_Smooch_iPad_Macbook_Huelle-70x70.jpg 70w\" sizes=\"auto, (max-width: 150px) 100vw, 150px\" \/><\/a>\n\t\t\t<\/div><\/figure><figure class='gallery-item'>\n\t\t\t<div class='gallery-icon landscape'>\n\t\t\t\t<a href='https:\/\/taschenfreak.de\/blog\/wp-content\/uploads\/2020\/12\/05_Taschenfreak_Pack_and_Smooch_iPad_Macbook_Huelle.jpg' title=\"\" data-rl_title=\"\" class=\"rl-gallery-link\" data-rl_caption=\"\" data-rel=\"lightbox-gallery-1\"><img loading=\"lazy\" decoding=\"async\" width=\"150\" height=\"150\" src=\"https:\/\/taschenfreak.de\/blog\/wp-content\/uploads\/2020\/12\/05_Taschenfreak_Pack_and_Smooch_iPad_Macbook_Huelle-150x150.jpg\" class=\"attachment-thumbnail size-thumbnail\" alt=\"\" srcset=\"https:\/\/taschenfreak.de\/blog\/wp-content\/uploads\/2020\/12\/05_Taschenfreak_Pack_and_Smooch_iPad_Macbook_Huelle-150x150.jpg 150w, https:\/\/taschenfreak.de\/blog\/wp-content\/uploads\/2020\/12\/05_Taschenfreak_Pack_and_Smooch_iPad_Macbook_Huelle-70x70.jpg 70w\" sizes=\"auto, (max-width: 150px) 100vw, 150px\" \/><\/a>\n\t\t\t<\/div><\/figure><figure class='gallery-item'>\n\t\t\t<div class='gallery-icon landscape'>\n\t\t\t\t<a href='https:\/\/taschenfreak.de\/blog\/wp-content\/uploads\/2020\/12\/06_Taschenfreak_Pack_and_Smooch_iPad_Macbook_Huelle.jpg' title=\"\" data-rl_title=\"\" class=\"rl-gallery-link\" data-rl_caption=\"\" data-rel=\"lightbox-gallery-1\"><img loading=\"lazy\" decoding=\"async\" width=\"150\" height=\"150\" src=\"https:\/\/taschenfreak.de\/blog\/wp-content\/uploads\/2020\/12\/06_Taschenfreak_Pack_and_Smooch_iPad_Macbook_Huelle-150x150.jpg\" class=\"attachment-thumbnail size-thumbnail\" alt=\"\" srcset=\"https:\/\/taschenfreak.de\/blog\/wp-content\/uploads\/2020\/12\/06_Taschenfreak_Pack_and_Smooch_iPad_Macbook_Huelle-150x150.jpg 150w, https:\/\/taschenfreak.de\/blog\/wp-content\/uploads\/2020\/12\/06_Taschenfreak_Pack_and_Smooch_iPad_Macbook_Huelle-70x70.jpg 70w\" sizes=\"auto, (max-width: 150px) 100vw, 150px\" \/><\/a>\n\t\t\t<\/div><\/figure><figure class='gallery-item'>\n\t\t\t<div class='gallery-icon landscape'>\n\t\t\t\t<a href='https:\/\/taschenfreak.de\/blog\/wp-content\/uploads\/2020\/12\/07_Taschenfreak_Pack_and_Smooch_iPad_Macbook_Huelle.jpg' title=\"\" data-rl_title=\"\" class=\"rl-gallery-link\" data-rl_caption=\"\" data-rel=\"lightbox-gallery-1\"><img loading=\"lazy\" decoding=\"async\" width=\"150\" height=\"150\" src=\"https:\/\/taschenfreak.de\/blog\/wp-content\/uploads\/2020\/12\/07_Taschenfreak_Pack_and_Smooch_iPad_Macbook_Huelle-150x150.jpg\" class=\"attachment-thumbnail size-thumbnail\" alt=\"\" srcset=\"https:\/\/taschenfreak.de\/blog\/wp-content\/uploads\/2020\/12\/07_Taschenfreak_Pack_and_Smooch_iPad_Macbook_Huelle-150x150.jpg 150w, https:\/\/taschenfreak.de\/blog\/wp-content\/uploads\/2020\/12\/07_Taschenfreak_Pack_and_Smooch_iPad_Macbook_Huelle-70x70.jpg 70w\" sizes=\"auto, (max-width: 150px) 100vw, 150px\" \/><\/a>\n\t\t\t<\/div><\/figure><figure class='gallery-item'>\n\t\t\t<div class='gallery-icon landscape'>\n\t\t\t\t<a href='https:\/\/taschenfreak.de\/blog\/wp-content\/uploads\/2020\/12\/08_Taschenfreak_Pack_and_Smooch_iPad_Macbook_Huelle.jpg' title=\"\" data-rl_title=\"\" class=\"rl-gallery-link\" data-rl_caption=\"\" data-rel=\"lightbox-gallery-1\"><img loading=\"lazy\" decoding=\"async\" width=\"150\" height=\"150\" src=\"https:\/\/taschenfreak.de\/blog\/wp-content\/uploads\/2020\/12\/08_Taschenfreak_Pack_and_Smooch_iPad_Macbook_Huelle-150x150.jpg\" class=\"attachment-thumbnail size-thumbnail\" alt=\"\" srcset=\"https:\/\/taschenfreak.de\/blog\/wp-content\/uploads\/2020\/12\/08_Taschenfreak_Pack_and_Smooch_iPad_Macbook_Huelle-150x150.jpg 150w, https:\/\/taschenfreak.de\/blog\/wp-content\/uploads\/2020\/12\/08_Taschenfreak_Pack_and_Smooch_iPad_Macbook_Huelle-70x70.jpg 70w\" sizes=\"auto, (max-width: 150px) 100vw, 150px\" \/><\/a>\n\t\t\t<\/div><\/figure><figure class='gallery-item'>\n\t\t\t<div class='gallery-icon landscape'>\n\t\t\t\t<a href='https:\/\/taschenfreak.de\/blog\/wp-content\/uploads\/2020\/12\/09_Taschenfreak_Pack_and_Smooch_iPad_Macbook_Huelle.jpg' title=\"\" data-rl_title=\"\" class=\"rl-gallery-link\" data-rl_caption=\"\" data-rel=\"lightbox-gallery-1\"><img loading=\"lazy\" decoding=\"async\" width=\"150\" height=\"150\" src=\"https:\/\/taschenfreak.de\/blog\/wp-content\/uploads\/2020\/12\/09_Taschenfreak_Pack_and_Smooch_iPad_Macbook_Huelle-150x150.jpg\" class=\"attachment-thumbnail size-thumbnail\" alt=\"\" srcset=\"https:\/\/taschenfreak.de\/blog\/wp-content\/uploads\/2020\/12\/09_Taschenfreak_Pack_and_Smooch_iPad_Macbook_Huelle-150x150.jpg 150w, https:\/\/taschenfreak.de\/blog\/wp-content\/uploads\/2020\/12\/09_Taschenfreak_Pack_and_Smooch_iPad_Macbook_Huelle-70x70.jpg 70w\" sizes=\"auto, (max-width: 150px) 100vw, 150px\" \/><\/a>\n\t\t\t<\/div><\/figure><figure class='gallery-item'>\n\t\t\t<div class='gallery-icon landscape'>\n\t\t\t\t<a href='https:\/\/taschenfreak.de\/blog\/wp-content\/uploads\/2020\/12\/10_Taschenfreak_Pack_and_Smooch_iPad_Macbook_Huelle.jpg' title=\"\" data-rl_title=\"\" class=\"rl-gallery-link\" data-rl_caption=\"\" data-rel=\"lightbox-gallery-1\"><img loading=\"lazy\" decoding=\"async\" width=\"150\" height=\"150\" src=\"https:\/\/taschenfreak.de\/blog\/wp-content\/uploads\/2020\/12\/10_Taschenfreak_Pack_and_Smooch_iPad_Macbook_Huelle-150x150.jpg\" class=\"attachment-thumbnail size-thumbnail\" alt=\"\" srcset=\"https:\/\/taschenfreak.de\/blog\/wp-content\/uploads\/2020\/12\/10_Taschenfreak_Pack_and_Smooch_iPad_Macbook_Huelle-150x150.jpg 150w, https:\/\/taschenfreak.de\/blog\/wp-content\/uploads\/2020\/12\/10_Taschenfreak_Pack_and_Smooch_iPad_Macbook_Huelle-70x70.jpg 70w\" sizes=\"auto, (max-width: 150px) 100vw, 150px\" \/><\/a>\n\t\t\t<\/div><\/figure><figure class='gallery-item'>\n\t\t\t<div class='gallery-icon landscape'>\n\t\t\t\t<a href='https:\/\/taschenfreak.de\/blog\/wp-content\/uploads\/2020\/12\/11_Taschenfreak_Pack_and_Smooch_iPad_Macbook_Huelle.jpg' title=\"\" data-rl_title=\"\" class=\"rl-gallery-link\" data-rl_caption=\"\" data-rel=\"lightbox-gallery-1\"><img loading=\"lazy\" decoding=\"async\" width=\"150\" height=\"150\" src=\"https:\/\/taschenfreak.de\/blog\/wp-content\/uploads\/2020\/12\/11_Taschenfreak_Pack_and_Smooch_iPad_Macbook_Huelle-150x150.jpg\" class=\"attachment-thumbnail size-thumbnail\" alt=\"\" srcset=\"https:\/\/taschenfreak.de\/blog\/wp-content\/uploads\/2020\/12\/11_Taschenfreak_Pack_and_Smooch_iPad_Macbook_Huelle-150x150.jpg 150w, https:\/\/taschenfreak.de\/blog\/wp-content\/uploads\/2020\/12\/11_Taschenfreak_Pack_and_Smooch_iPad_Macbook_Huelle-70x70.jpg 70w\" sizes=\"auto, (max-width: 150px) 100vw, 150px\" \/><\/a>\n\t\t\t<\/div><\/figure><figure class='gallery-item'>\n\t\t\t<div class='gallery-icon landscape'>\n\t\t\t\t<a href='https:\/\/taschenfreak.de\/blog\/wp-content\/uploads\/2020\/12\/12_Taschenfreak_Pack_and_Smooch_iPad_Macbook_Huelle.jpg' title=\"\" data-rl_title=\"\" class=\"rl-gallery-link\" data-rl_caption=\"\" data-rel=\"lightbox-gallery-1\"><img loading=\"lazy\" decoding=\"async\" width=\"150\" height=\"150\" src=\"https:\/\/taschenfreak.de\/blog\/wp-content\/uploads\/2020\/12\/12_Taschenfreak_Pack_and_Smooch_iPad_Macbook_Huelle-150x150.jpg\" class=\"attachment-thumbnail size-thumbnail\" alt=\"\" srcset=\"https:\/\/taschenfreak.de\/blog\/wp-content\/uploads\/2020\/12\/12_Taschenfreak_Pack_and_Smooch_iPad_Macbook_Huelle-150x150.jpg 150w, https:\/\/taschenfreak.de\/blog\/wp-content\/uploads\/2020\/12\/12_Taschenfreak_Pack_and_Smooch_iPad_Macbook_Huelle-70x70.jpg 70w\" sizes=\"auto, (max-width: 150px) 100vw, 150px\" \/><\/a>\n\t\t\t<\/div><\/figure><figure class='gallery-item'>\n\t\t\t<div class='gallery-icon landscape'>\n\t\t\t\t<a href='https:\/\/taschenfreak.de\/blog\/wp-content\/uploads\/2020\/12\/13_Taschenfreak_Pack_and_Smooch_iPad_Macbook_Huelle.jpg' title=\"\" data-rl_title=\"\" class=\"rl-gallery-link\" data-rl_caption=\"\" data-rel=\"lightbox-gallery-1\"><img loading=\"lazy\" decoding=\"async\" width=\"150\" height=\"150\" src=\"https:\/\/taschenfreak.de\/blog\/wp-content\/uploads\/2020\/12\/13_Taschenfreak_Pack_and_Smooch_iPad_Macbook_Huelle-150x150.jpg\" class=\"attachment-thumbnail size-thumbnail\" alt=\"\" srcset=\"https:\/\/taschenfreak.de\/blog\/wp-content\/uploads\/2020\/12\/13_Taschenfreak_Pack_and_Smooch_iPad_Macbook_Huelle-150x150.jpg 150w, https:\/\/taschenfreak.de\/blog\/wp-content\/uploads\/2020\/12\/13_Taschenfreak_Pack_and_Smooch_iPad_Macbook_Huelle-70x70.jpg 70w\" sizes=\"auto, (max-width: 150px) 100vw, 150px\" \/><\/a>\n\t\t\t<\/div><\/figure><figure class='gallery-item'>\n\t\t\t<div class='gallery-icon landscape'>\n\t\t\t\t<a href='https:\/\/taschenfreak.de\/blog\/wp-content\/uploads\/2020\/12\/14_Taschenfreak_Pack_and_Smooch_iPad_Macbook_Huelle.jpg' title=\"\" data-rl_title=\"\" class=\"rl-gallery-link\" data-rl_caption=\"\" data-rel=\"lightbox-gallery-1\"><img loading=\"lazy\" decoding=\"async\" width=\"150\" height=\"150\" src=\"https:\/\/taschenfreak.de\/blog\/wp-content\/uploads\/2020\/12\/14_Taschenfreak_Pack_and_Smooch_iPad_Macbook_Huelle-150x150.jpg\" class=\"attachment-thumbnail size-thumbnail\" alt=\"\" srcset=\"https:\/\/taschenfreak.de\/blog\/wp-content\/uploads\/2020\/12\/14_Taschenfreak_Pack_and_Smooch_iPad_Macbook_Huelle-150x150.jpg 150w, https:\/\/taschenfreak.de\/blog\/wp-content\/uploads\/2020\/12\/14_Taschenfreak_Pack_and_Smooch_iPad_Macbook_Huelle-70x70.jpg 70w\" sizes=\"auto, (max-width: 150px) 100vw, 150px\" \/><\/a>\n\t\t\t<\/div><\/figure><figure class='gallery-item'>\n\t\t\t<div class='gallery-icon landscape'>\n\t\t\t\t<a href='https:\/\/taschenfreak.de\/blog\/wp-content\/uploads\/2020\/12\/15_Taschenfreak_Pack_and_Smooch_iPad_Macbook_Huelle.jpg' title=\"\" data-rl_title=\"\" class=\"rl-gallery-link\" data-rl_caption=\"\" data-rel=\"lightbox-gallery-1\"><img loading=\"lazy\" decoding=\"async\" width=\"150\" height=\"150\" src=\"https:\/\/taschenfreak.de\/blog\/wp-content\/uploads\/2020\/12\/15_Taschenfreak_Pack_and_Smooch_iPad_Macbook_Huelle-150x150.jpg\" class=\"attachment-thumbnail size-thumbnail\" alt=\"\" srcset=\"https:\/\/taschenfreak.de\/blog\/wp-content\/uploads\/2020\/12\/15_Taschenfreak_Pack_and_Smooch_iPad_Macbook_Huelle-150x150.jpg 150w, https:\/\/taschenfreak.de\/blog\/wp-content\/uploads\/2020\/12\/15_Taschenfreak_Pack_and_Smooch_iPad_Macbook_Huelle-70x70.jpg 70w\" sizes=\"auto, (max-width: 150px) 100vw, 150px\" \/><\/a>\n\t\t\t<\/div><\/figure><figure class='gallery-item'>\n\t\t\t<div class='gallery-icon landscape'>\n\t\t\t\t<a href='https:\/\/taschenfreak.de\/blog\/wp-content\/uploads\/2020\/12\/16_Taschenfreak_Pack_and_Smooch_iPad_Macbook_Huelle.jpg' title=\"\" data-rl_title=\"\" class=\"rl-gallery-link\" data-rl_caption=\"\" data-rel=\"lightbox-gallery-1\"><img loading=\"lazy\" decoding=\"async\" width=\"150\" height=\"150\" src=\"https:\/\/taschenfreak.de\/blog\/wp-content\/uploads\/2020\/12\/16_Taschenfreak_Pack_and_Smooch_iPad_Macbook_Huelle-150x150.jpg\" class=\"attachment-thumbnail size-thumbnail\" alt=\"\" srcset=\"https:\/\/taschenfreak.de\/blog\/wp-content\/uploads\/2020\/12\/16_Taschenfreak_Pack_and_Smooch_iPad_Macbook_Huelle-150x150.jpg 150w, https:\/\/taschenfreak.de\/blog\/wp-content\/uploads\/2020\/12\/16_Taschenfreak_Pack_and_Smooch_iPad_Macbook_Huelle-70x70.jpg 70w\" sizes=\"auto, (max-width: 150px) 100vw, 150px\" \/><\/a>\n\t\t\t<\/div><\/figure><figure class='gallery-item'>\n\t\t\t<div class='gallery-icon landscape'>\n\t\t\t\t<a href='https:\/\/taschenfreak.de\/blog\/wp-content\/uploads\/2020\/12\/17_Taschenfreak_Pack_and_Smooch_iPad_Macbook_Huelle.jpg' title=\"\" data-rl_title=\"\" class=\"rl-gallery-link\" data-rl_caption=\"\" data-rel=\"lightbox-gallery-1\"><img loading=\"lazy\" decoding=\"async\" width=\"150\" height=\"150\" src=\"https:\/\/taschenfreak.de\/blog\/wp-content\/uploads\/2020\/12\/17_Taschenfreak_Pack_and_Smooch_iPad_Macbook_Huelle-150x150.jpg\" class=\"attachment-thumbnail size-thumbnail\" alt=\"\" srcset=\"https:\/\/taschenfreak.de\/blog\/wp-content\/uploads\/2020\/12\/17_Taschenfreak_Pack_and_Smooch_iPad_Macbook_Huelle-150x150.jpg 150w, https:\/\/taschenfreak.de\/blog\/wp-content\/uploads\/2020\/12\/17_Taschenfreak_Pack_and_Smooch_iPad_Macbook_Huelle-70x70.jpg 70w\" sizes=\"auto, (max-width: 150px) 100vw, 150px\" \/><\/a>\n\t\t\t<\/div><\/figure><figure class='gallery-item'>\n\t\t\t<div class='gallery-icon landscape'>\n\t\t\t\t<a href='https:\/\/taschenfreak.de\/blog\/wp-content\/uploads\/2020\/12\/18_Taschenfreak_Pack_and_Smooch_iPad_Macbook_Huelle.jpg' title=\"\" data-rl_title=\"\" class=\"rl-gallery-link\" data-rl_caption=\"\" data-rel=\"lightbox-gallery-1\"><img loading=\"lazy\" decoding=\"async\" width=\"150\" height=\"150\" src=\"https:\/\/taschenfreak.de\/blog\/wp-content\/uploads\/2020\/12\/18_Taschenfreak_Pack_and_Smooch_iPad_Macbook_Huelle-150x150.jpg\" class=\"attachment-thumbnail size-thumbnail\" alt=\"\" srcset=\"https:\/\/taschenfreak.de\/blog\/wp-content\/uploads\/2020\/12\/18_Taschenfreak_Pack_and_Smooch_iPad_Macbook_Huelle-150x150.jpg 150w, https:\/\/taschenfreak.de\/blog\/wp-content\/uploads\/2020\/12\/18_Taschenfreak_Pack_and_Smooch_iPad_Macbook_Huelle-70x70.jpg 70w\" sizes=\"auto, (max-width: 150px) 100vw, 150px\" \/><\/a>\n\t\t\t<\/div><\/figure><figure class='gallery-item'>\n\t\t\t<div class='gallery-icon landscape'>\n\t\t\t\t<a href='https:\/\/taschenfreak.de\/blog\/wp-content\/uploads\/2020\/12\/19_Taschenfreak_Pack_and_Smooch_iPad_Macbook_Huelle.jpg' title=\"\" data-rl_title=\"\" class=\"rl-gallery-link\" data-rl_caption=\"\" data-rel=\"lightbox-gallery-1\"><img loading=\"lazy\" decoding=\"async\" width=\"150\" height=\"150\" src=\"https:\/\/taschenfreak.de\/blog\/wp-content\/uploads\/2020\/12\/19_Taschenfreak_Pack_and_Smooch_iPad_Macbook_Huelle-150x150.jpg\" class=\"attachment-thumbnail size-thumbnail\" alt=\"\" srcset=\"https:\/\/taschenfreak.de\/blog\/wp-content\/uploads\/2020\/12\/19_Taschenfreak_Pack_and_Smooch_iPad_Macbook_Huelle-150x150.jpg 150w, https:\/\/taschenfreak.de\/blog\/wp-content\/uploads\/2020\/12\/19_Taschenfreak_Pack_and_Smooch_iPad_Macbook_Huelle-70x70.jpg 70w\" sizes=\"auto, (max-width: 150px) 100vw, 150px\" \/><\/a>\n\t\t\t<\/div><\/figure>\n\t\t<\/div>\n\n<p><strong>Links<\/strong><\/p>\n<ul>\n<li><a href=\"https:\/\/youtu.be\/fW-HusVIX04\">Mein Video zu den beiden Lederh\u00fcllen von pack &amp; smooch auf Youtube<\/a><\/li>\n<li><a href=\"https:\/\/www.pack-smooch.com\/de\/ipad-lederhuelle-fuer-ipad-air-und-ipad-pro.html?number=AN-T-129-ADB\">Hersteller: Pack and Smooch Lederh\u00fclle iPad Pro<\/a><\/li>\n<li><a href=\"https:\/\/www.pack-smooch.com\/de\/angus-macbook-pro-huelle-aus-leder.html?number=AN-16-ADB\">Hersteller: Pack and Smooch Lederh\u00fclle Macbook Pro Angus<\/a><\/li>\n<\/ul>\n<p>&nbsp;<\/p>\n<p><strong>Mein pers\u00f6nliches Rating<\/strong><\/p>\n[rwp_box_criteria id=&#8220;0&#8243;]\n<p>&nbsp;<\/p>\n<p><strong>Mein pers\u00f6nliches Fazit<\/strong><\/p>\n<p>Viel Geld f\u00fcr eine smarte H\u00fclle. Stimmt! Daran gibt es nichts zu r\u00fctteln. Wenn man jedoch bedenkt das die Ger\u00e4te darin deutlich \u00fcber 1.000 Euro und gerne auch mal weit \u00fcber 2.000 Euro kosten, dann relativiert sich die Investition der H\u00fcllen schon dramatisch und sie sch\u00fctzen perfekt und sehen noch dazu grandios aus. Ich liebe diese beiden H\u00fcllen und bin kurz davor mir auch noch die <a href=\"https:\/\/www.pack-smooch.com\/de\/iphone-case-aus-leder.html?number=CH-11-MAX-DB-indiv8\">iPhone H\u00fclle von Pack and Smooch<\/a> zu ordern.<\/p>\n<p>Sch\u00f6ne Gr\u00fc\u00dfe \u2013 Euer Taschenfreak \u2013 J\u00f6rg Langer<\/p>\n<hr class=\"wp-block-separator\">\n<p><span style=\"font-size: 8pt;\"><strong>Hinweis in eigener Sache zur Werbung<\/strong><\/span><br \/>\n<span style=\"font-size: 8pt;\">Meine Blogbeitr\u00e4ge und Videos sind Gluten-, Glukose- und Laktosefrei, k\u00f6nnen aber Spuren von Werbung beinhalten da ich die Artikel ab und zu kostenlos zur Verf\u00fcgung gestellt bekomme.<\/span><br \/>\n<span style=\"font-size: 8pt;\">Meine Meinung ist frei von kommerziellen Einfl\u00fcssen, kann aber Spuren von Sarkasmus oder Ironie beinhalten.<\/span><br \/>\n<span style=\"font-size: 8pt;\">Dieser Blog verfolgt keine kommerziellen Absichten. Die meisten mir zur Verf\u00fcgung gestellten Taschen verschenke ich oder verlose die f\u00fcr gute Zwecke. Meine treuen Leser wissen das seit Jahren.<\/span><br \/>\n<span style=\"font-size: 8pt;\">Ich betreibe diesen Blog aus Spa\u00df an der Sache und nicht aus kommerziellen Absichten. Das mag in der heutigen Zeit eher ungew\u00f6hnlich sein. Mit diesem Schock m\u00fcsst Ihr leider zurecht kommen.<\/span><br \/>\n&nbsp;<\/p>\n","protected":false},"excerpt":{"rendered":"<p>Es ist doch wie bei den Fototaschen. Gibt es DIE perfekte Notebookh\u00fclle? Gibt es dazu passend DIE perfekte H\u00fclle f\u00fcr das Tablet, f\u00fcr das iPad? Viele haben, wie ich auch, die Suche eingestellt und aufgeh\u00f6rt &#8222;tr\u00e4umerischen Idealen&#8220; hinter her zu jagen. Und dann habe ich durch Zufall im Netz die Lederh\u00fcllen von Pack &#038; Smooch gefunden.<\/p>\n","protected":false},"author":3,"featured_media":10481,"comment_status":"open","ping_status":"open","sticky":false,"template":"","format":"standard","meta":{"ngg_post_thumbnail":0,"_jetpack_memberships_contains_paid_content":false,"footnotes":"","_links_to":"","_links_to_target":""},"categories":[80,28,163],"tags":[2235,175,2239,1487,1059,2237,1354,2238,2236,2234,1353],"class_list":["post-10455","post","type-post","status-publish","format-standard","has-post-thumbnail","hentry","category-leder","category-nicht-foto-taschen","category-notebooktaschen-und-hullen","tag-angus","tag-ipad","tag-ipad-2020","tag-ipad-pro-12","tag-leder","tag-macbook","tag-macbook-pro","tag-macbook-pro-16","tag-merinofilz","tag-pack-and-smooch","tag-wollfilz"],"jetpack_featured_media_url":"https:\/\/taschenfreak.de\/blog\/wp-content\/uploads\/2020\/12\/01_Taschenfreak_Pack_and_Smooch_iPad_Macbook_Huelle.jpg","jetpack_shortlink":"https:\/\/wp.me\/p4GMND-2ID","jetpack_sharing_enabled":true,"_links":{"self":[{"href":"https:\/\/taschenfreak.de\/blog\/wp-json\/wp\/v2\/posts\/10455","targetHints":{"allow":["GET"]}}],"collection":[{"href":"https:\/\/taschenfreak.de\/blog\/wp-json\/wp\/v2\/posts"}],"about":[{"href":"https:\/\/taschenfreak.de\/blog\/wp-json\/wp\/v2\/types\/post"}],"author":[{"embeddable":true,"href":"https:\/\/taschenfreak.de\/blog\/wp-json\/wp\/v2\/users\/3"}],"replies":[{"embeddable":true,"href":"https:\/\/taschenfreak.de\/blog\/wp-json\/wp\/v2\/comments?post=10455"}],"version-history":[{"count":15,"href":"https:\/\/taschenfreak.de\/blog\/wp-json\/wp\/v2\/posts\/10455\/revisions"}],"predecessor-version":[{"id":10495,"href":"https:\/\/taschenfreak.de\/blog\/wp-json\/wp\/v2\/posts\/10455\/revisions\/10495"}],"wp:featuredmedia":[{"embeddable":true,"href":"https:\/\/taschenfreak.de\/blog\/wp-json\/wp\/v2\/media\/10481"}],"wp:attachment":[{"href":"https:\/\/taschenfreak.de\/blog\/wp-json\/wp\/v2\/media?parent=10455"}],"wp:term":[{"taxonomy":"category","embeddable":true,"href":"https:\/\/taschenfreak.de\/blog\/wp-json\/wp\/v2\/categories?post=10455"},{"taxonomy":"post_tag","embeddable":true,"href":"https:\/\/taschenfreak.de\/blog\/wp-json\/wp\/v2\/tags?post=10455"}],"curies":[{"name":"wp","href":"https:\/\/api.w.org\/{rel}","templated":true}]}}