{"id":1055,"date":"2012-05-26T18:04:17","date_gmt":"2012-05-26T16:04:17","guid":{"rendered":"http:\/\/taschenfreak.de\/blog\/?p=1055"},"modified":"2012-05-26T18:36:54","modified_gmt":"2012-05-26T16:36:54","slug":"die-freitags-tasche-von-freitag-die-ich-an-einem-freitag-kaufte","status":"publish","type":"post","link":"https:\/\/taschenfreak.de\/blog\/2012\/05\/26\/die-freitags-tasche-von-freitag-die-ich-an-einem-freitag-kaufte\/","title":{"rendered":"Die Freitags-Tasche von Freitag die ich an einem Freitag kaufte&#8230;"},"content":{"rendered":"<p><img loading=\"lazy\" decoding=\"async\" class=\"alignright size-thumbnail wp-image-1056\" title=\"20120526-172701-DSCN0710\" src=\"https:\/\/taschenfreak.de\/blog\/wp-content\/uploads\/2012\/05\/20120526-172701-DSCN0710-150x150.jpg\" alt=\"\" width=\"150\" height=\"150\" \/><\/p>\n<p>An einem Freitag nachmittag in einen &#8222;Freitag-Store&#8220; zu gehen um sich eine Tasche zu kaufen f\u00fcr den einen oder anderen Freitags-Nachmittags-Spaziergang, das hat was &#8211; oder?<\/p>\n<p>Nein, die Tasche kann nicht nur Freitags genutzt werden, die funktioniert auch an den anderen 6 Tagen in der Woche ausgezeichnet.<\/p>\n<p>Der Hersteller FREITAG aus der Schweiz produziert seine kompletten Taschen aus gebrauchten LKW Planen und gebrauchten Ersatzgurten und Fahrradschl\u00e4uchen. Eine grandiose und edle Art des Recycling, wenn Ihr mich fragt. Dadurch ist nahezu jede Tasche ein absolutes Unikat. Schon das st\u00f6bern im Store, bei mir war es der in Berlin, ist ein Erlebnis, da man so viele unterschiedliche Modelle und diese dann auch noch jedes in anderem Design dort findet und sich kaum entscheiden kann. So ging es mir zumindest. Die nachfolgenden Bilder zeigen das Modell Freitag F11 LASSIE. Ich habe mir den Umh\u00e4ngegurt verl\u00e4ngern lassen, quasi im Customzing was 20 Euro Aufpreis gekostet hat und eine Wartezeit auf die Tasche von etwa 2,5 Wochen nach dem Kauf im Store.<\/p>\n<p>So schaut das &#8222;Unikat&#8220; aus &#8211; meins:<!--more--><\/p>\nngg_shortcode_0_placeholder\n<p><span style=\"color: #ffffff;\">.<\/span><\/p>\n<p>Die <strong>F11 LASSIE<\/strong> ist keine reine Fototasche, sondern ein kleiner &#8222;All-Day-Messenger&#8220;. Ich suchte eine Tasche f\u00fcr das iPad oder ein anderes Tablet (da ich in k\u00fcrze auf ein Android Tablet wechsle *freu*) und eine kleine Systemkamera-Ausr\u00fcstung. Daf\u00fcr habe ich mich f\u00fcr die F11 entschieden.<\/p>\n<p>Ich habe im Moment darin, was f\u00fcr Euch vielleicht ein Anhaltspunkt sein kann, was man darin verstauen kann.<\/p>\n<ul>\n<li>Sony NEX 7 mit einem Objektiv (bei mir das Leica Summicron 35 2.0 ASPH mit dem Novoflex Adapter &#8211; \u00fcbrigens eine Traumkombination!!!)<\/li>\n<li>Sony Kit-Objektiv SEL 18-55 in schwarz im Neoprenschutz<\/li>\n<li>Sony SEL 50 1.8 silber im Neoprenschutz mit Geli umgedreht<\/li>\n<li>Sony SEL 16 2.8 und Sony SEL 30 3.5 Macro mit zwei aufeinandergeklebten Deckeln zusammen im Sony Stoffsack<\/li>\n<li>Sony Weitwinkelkonverter f\u00fcr das SEL 16 2.8 im Sony K\u00f6cher<\/li>\n<li>iPad in Stilgut Smart Cover Leder H\u00fclle in Schwarz<\/li>\n<li>Galaxy Note mit Flip Cover in Braun<\/li>\n<li>Geldb\u00f6rse<\/li>\n<li>Akku f\u00fcr Nex 7<\/li>\n<li>Headset auf Fisch gewickelt<\/li>\n<li>Ladekabel f\u00fcr Galaxy<\/li>\n<li>iPad Connection Kit SD-Card<\/li>\n<li>Putztuch<\/li>\n<\/ul>\n<p>Mehr passt in der &#8222;Einstellung nicht rein. Man kann die Tasche aber f\u00fcr Ausnahmef\u00e4lle gr\u00f6\u00dfer machen sogar so\u00a0gro\u00df\u00a0das man mal Din A4 Dokumente hochkann rein bekommt. Ist f\u00fcr mich, f\u00fcr diesen Einsatzzweck, aber nicht\u00a0interessant.<\/p>\n<p>Gef\u00e4llt Euch die Tasche? Bin auf Eure Meinungen gespannt.<\/p>\n<p>Liebe Gr\u00fc\u00dfe &#8211; Euer Taschenfreak &#8211; J\u00f6rg Langer<\/p>\n","protected":false},"excerpt":{"rendered":"<p>An einem Freitag nachmittag in einen &#8222;Freitag-Store&#8220; zu gehen um sich eine Tasche zu kaufen f\u00fcr den einen oder anderen Freitags-Nachmittags-Spaziergang, das hat was &#8211; oder?<\/p>\n","protected":false},"author":3,"featured_media":0,"comment_status":"open","ping_status":"open","sticky":false,"template":"","format":"standard","meta":{"ngg_post_thumbnail":0,"_jetpack_memberships_contains_paid_content":false,"footnotes":"","_links_to":"","_links_to_target":""},"categories":[28,11],"tags":[275,277,276,241,1050,278],"class_list":["post-1055","post","type-post","status-publish","format-standard","hentry","category-nicht-foto-taschen","category-schultertasche","tag-freitag-2","tag-freitag-store","tag-lkw-plane","tag-messenger","tag-schultertasche","tag-sony-nex-kit"],"jetpack_featured_media_url":"","jetpack_shortlink":"https:\/\/wp.me\/p4GMND-h1","jetpack_sharing_enabled":true,"_links":{"self":[{"href":"https:\/\/taschenfreak.de\/blog\/wp-json\/wp\/v2\/posts\/1055","targetHints":{"allow":["GET"]}}],"collection":[{"href":"https:\/\/taschenfreak.de\/blog\/wp-json\/wp\/v2\/posts"}],"about":[{"href":"https:\/\/taschenfreak.de\/blog\/wp-json\/wp\/v2\/types\/post"}],"author":[{"embeddable":true,"href":"https:\/\/taschenfreak.de\/blog\/wp-json\/wp\/v2\/users\/3"}],"replies":[{"embeddable":true,"href":"https:\/\/taschenfreak.de\/blog\/wp-json\/wp\/v2\/comments?post=1055"}],"version-history":[{"count":0,"href":"https:\/\/taschenfreak.de\/blog\/wp-json\/wp\/v2\/posts\/1055\/revisions"}],"wp:attachment":[{"href":"https:\/\/taschenfreak.de\/blog\/wp-json\/wp\/v2\/media?parent=1055"}],"wp:term":[{"taxonomy":"category","embeddable":true,"href":"https:\/\/taschenfreak.de\/blog\/wp-json\/wp\/v2\/categories?post=1055"},{"taxonomy":"post_tag","embeddable":true,"href":"https:\/\/taschenfreak.de\/blog\/wp-json\/wp\/v2\/tags?post=1055"}],"curies":[{"name":"wp","href":"https:\/\/api.w.org\/{rel}","templated":true}]}}