{"id":1068,"date":"2012-06-01T18:46:28","date_gmt":"2012-06-01T16:46:28","guid":{"rendered":"http:\/\/taschenfreak.de\/blog\/?p=1068"},"modified":"2012-06-01T18:46:49","modified_gmt":"2012-06-01T16:46:49","slug":"die-retrospective-7-von-think-tank-photo-mal-testgepackt","status":"publish","type":"post","link":"https:\/\/taschenfreak.de\/blog\/2012\/06\/01\/die-retrospective-7-von-think-tank-photo-mal-testgepackt\/","title":{"rendered":"Die Retrospective 7 von Think Tank Photo mal &#8222;Testgepackt&#8220;"},"content":{"rendered":"<p><img loading=\"lazy\" decoding=\"async\" class=\"alignright size-thumbnail wp-image-1069\" title=\"20120601-174447-DSC_2041_Banner\" src=\"https:\/\/taschenfreak.de\/blog\/wp-content\/uploads\/2012\/06\/20120601-174447-DSC_2041_Banner-150x150.jpg\" alt=\"\" width=\"150\" height=\"150\" \/>Schon vor ein paar Wochen als Think Tank aus USA die Retrospective 7 angek\u00fcndigt hat, haben viele <del>Taschenfreaks<\/del> Fotobegeisterte Menschen aufgeatmet mit den Gedanken:<\/p>\n<blockquote><p>&#8222;Endlich eine Tasche wie die Retrospective 5, in die nun auch mein Tablet oder kleines Notebook rein passt&#8230; endlich!&#8220;<\/p><\/blockquote>\n<p>Genau das ist nun endlich wahr geworden. Ich kenne viele Taschenfreak-Freunde, und viele davon sogar pers\u00f6nlich, die alle so denken und dachten. Meine Retro 7, wie sie viele abgek\u00fcrzt nennen, kam diese Woche von ISARFOTO. Da ich schon sehr sehr viele Mails und Facebook Messages bekomme habe, m\u00f6chte ich Euch nicht l\u00f6nger auf die Folter spannen und ein paar Bilder zeigen wie die gute 7er nun beladen ausschaut und was alles darin zu verstauen ist. Nachfolgend die Bilder:<\/p>\n<p><!--more-->ngg_shortcode_0_placeholder\n<p><span style=\"color: #ffffff;\">.<br \/>\n<\/span>Die 7er Retro gibt es in <a href=\"http:\/\/ttp-shop.de\/Fototaschen\/thinkTANK-Photo-Retrospective-7-Black.html\" target=\"_blank\">Black<\/a>, <a href=\"http:\/\/ttp-shop.de\/Fototaschen\/thinkTANK-Photo-Retrospective-7-Pinestone.html\" target=\"_blank\">Pinestone<\/a> (wie meine) und im neuen Look in <a href=\"http:\/\/ttp-shop.de\/Fototaschen\/thinkTANK-Photo-Retrospective-7-Slate-Blue.html\" target=\"_blank\">Blue Slate<\/a>. Ich gebe zu das mich Blue Slate richtig gereizt hat, aber ich habe die anderen Retros auch in Pinestone&#8230; also hat die &#8222;Konsequenz&#8220; gewonnen :-).<\/p>\n<p>\u00dcber die Verarbeitungsqualit\u00e4t muss ich sicher nichts mehr sagen, die ist auf gewohnt extrem hohen Niveau wie alle anderen Think Tank Retrospectives auch. Das 11&#8243; Macbook Air passt wunderbar hinein.\u00a0Mit\u00a0einer Neopren H\u00fclle, einem sog. Sleeve wird es aber sehr eng. Ein 10&#8243; Windows Notebook geht auch wunderbar wenn es nicht allzu dick ist. Das iPad hat richtig Luft darin, auch bequem mit einer H\u00fclle\/Sleeve darum. Damit geht demn\u00e4chst auch mein bald lieferbares <a href=\"http:\/\/blog.de.ts.fujitsu.com\/?p=9853\" target=\"_blank\">Fujitsu Android Tablet M532<\/a> rein, welches etwa 2 cm breiter ist als das iPad.<\/p>\n<p>Eine Regenschutzh\u00fclle geh\u00f6rt nat\u00fcrlich auch zum Lieferumfang wie bei den anderen Retros.<\/p>\n<p>Die Retro 7 ist schon ein ganzes St\u00fcck gr\u00f6\u00dfer als die 5er. Ich denke es sind etwa 5-6cm breiter und ca 2-3 cm tiefer\/breiter. Das h\u00f6rt sich viel an, aber im Handling ist es kaum sp\u00fcrbar, es sei denn man packt sie so richtig &#8222;bumsvoll&#8220; und sie wird dadurch schwerer.<\/p>\n<p>Aber auch in meiner obigen &#8222;Testladung&#8220; ist die Tasche noch extrem angenehm zu tragen.<\/p>\n<p>Wenn Ihr von mir noch einen abschlie\u00dfenden Satz h\u00f6ren wollt zu dieser Tasche, dann dieser:<\/p>\n<blockquote><p>&#8222;Kaufen! Es ist DIE Tasche f\u00fcr alle Systemkamera Ausr\u00fcstungen und DSLRs ohne BG! Kaufen!&#8220;<\/p><\/blockquote>\n<p>Liebe Gr\u00fc\u00dfe &#8211; Euer Taschenfreak &#8211; J\u00f6rg Langer<\/p>\n<p>Weiterf\u00fchrende Links:<\/p>\n<ul>\n<li><a href=\"http:\/\/ttp-shop.de\/Fototaschen\/thinkTANK-Photo-Retrospective-7-Black.html\" target=\"_blank\">Retrospective 7 in Black im TTP-Shop<\/a><\/li>\n<li><a href=\"http:\/\/ttp-shop.de\/Fototaschen\/thinkTANK-Photo-Retrospective-7-Pinestone.html\" target=\"_blank\">Retrospective 7 in Pinestone im TTP-Shop<\/a><\/li>\n<li><a href=\"http:\/\/ttp-shop.de\/Fototaschen\/thinkTANK-Photo-Retrospective-7-Slate-Blue.html\" target=\"_blank\">Retrospective 7 in Blue Slate im TTP-Shop\u00a0<\/a><\/li>\n<\/ul>\n","protected":false},"excerpt":{"rendered":"<p>&#8222;Endlich eine Tasche wie die Retrospective 5, in die nun auch mein Tablet oder kleines Notebook rein passt&#8230; endlich!&#8220;<\/p>\n","protected":false},"author":3,"featured_media":0,"comment_status":"open","ping_status":"open","sticky":false,"template":"","format":"standard","meta":{"ngg_post_thumbnail":0,"_jetpack_memberships_contains_paid_content":false,"footnotes":"","_links_to":"","_links_to_target":""},"categories":[11,12],"tags":[283,281,1068,284,282,245,1057,1062],"class_list":["post-1068","post","type-post","status-publish","format-standard","hentry","category-schultertasche","category-schultertasche-mit-notebook","tag-kl-notebook","tag-retro","tag-retrospective-7","tag-systemkamera-tasche","tag-tablet","tag-think-tank","tag-think-tank-photo","tag-usa"],"jetpack_featured_media_url":"","jetpack_shortlink":"https:\/\/wp.me\/p4GMND-he","jetpack_sharing_enabled":true,"_links":{"self":[{"href":"https:\/\/taschenfreak.de\/blog\/wp-json\/wp\/v2\/posts\/1068","targetHints":{"allow":["GET"]}}],"collection":[{"href":"https:\/\/taschenfreak.de\/blog\/wp-json\/wp\/v2\/posts"}],"about":[{"href":"https:\/\/taschenfreak.de\/blog\/wp-json\/wp\/v2\/types\/post"}],"author":[{"embeddable":true,"href":"https:\/\/taschenfreak.de\/blog\/wp-json\/wp\/v2\/users\/3"}],"replies":[{"embeddable":true,"href":"https:\/\/taschenfreak.de\/blog\/wp-json\/wp\/v2\/comments?post=1068"}],"version-history":[{"count":0,"href":"https:\/\/taschenfreak.de\/blog\/wp-json\/wp\/v2\/posts\/1068\/revisions"}],"wp:attachment":[{"href":"https:\/\/taschenfreak.de\/blog\/wp-json\/wp\/v2\/media?parent=1068"}],"wp:term":[{"taxonomy":"category","embeddable":true,"href":"https:\/\/taschenfreak.de\/blog\/wp-json\/wp\/v2\/categories?post=1068"},{"taxonomy":"post_tag","embeddable":true,"href":"https:\/\/taschenfreak.de\/blog\/wp-json\/wp\/v2\/tags?post=1068"}],"curies":[{"name":"wp","href":"https:\/\/api.w.org\/{rel}","templated":true}]}}