{"id":10976,"date":"2021-08-23T22:23:58","date_gmt":"2021-08-23T20:23:58","guid":{"rendered":"https:\/\/taschenfreak.de\/blog\/?p=10976"},"modified":"2021-08-25T08:43:08","modified_gmt":"2021-08-25T06:43:08","slug":"ein-leichter-und-bezahlbarer-fotorucksack-lowepro-truckee-bp-250-lx","status":"publish","type":"post","link":"https:\/\/taschenfreak.de\/blog\/2021\/08\/23\/ein-leichter-und-bezahlbarer-fotorucksack-lowepro-truckee-bp-250-lx\/","title":{"rendered":"Ein leichter und bezahlbarer Fotorucksack? Lowepro Truckee BP 250 LX"},"content":{"rendered":"<blockquote><p>&#8222;J\u00f6rg Du stellst immer nur so teure und edle Rucks\u00e4cke vor&#8230;. zeig doch auch mal leichte und bezahlbare L\u00f6sungen&#8230;.&#8220;.<\/p><\/blockquote>\n<p>Solche oder \u00e4hnliche Ansagen bekomme ich recht oft zu h\u00f6ren. Dem m\u00f6chte ich mit dem <a href=\"https:\/\/youtu.be\/CD_oOlngCkA\">folgenden Video<\/a> und meinem Test am letzten Wochenende beim Campen und Fahrrad fahren im Spessart Rechnung tragen. Im folgenden <a href=\"https:\/\/youtu.be\/CD_oOlngCkA\">Video<\/a> und nachfolgenden Bericht stelle ich Euch den <a href=\"https:\/\/amzn.to\/3gnSM75\">Lowepro Truckee BP 250 LX<\/a> vor. Klickt Euch mal rein&#8230;<\/p>\n<div class=\"jetpack-video-wrapper\"><span class=\"embed-youtube\" style=\"text-align:center; display: block;\"> <\/p>\n<div class=\"brlbs-cmpnt-container brlbs-cmpnt-content-blocker brlbs-cmpnt-with-individual-styles\" data-borlabs-cookie-content-blocker-id=\"youtube-content-blocker\" data-borlabs-cookie-content=\"PGlmcmFtZSBjbGFzcz0ieW91dHViZS1wbGF5ZXIiIHdpZHRoPSI2NTAiIGhlaWdodD0iMzY2IiBzcmM9Imh0dHBzOi8vd3d3LnlvdXR1YmUtbm9jb29raWUuY29tL2VtYmVkL0NEX29PbG5nQ2tBP3ZlcnNpb249MyYjMDM4O3JlbD0xJiMwMzg7c2hvd3NlYXJjaD0wJiMwMzg7c2hvd2luZm89MSYjMDM4O2l2X2xvYWRfcG9saWN5PTEmIzAzODtmcz0xJiMwMzg7aGw9ZGUtREUmIzAzODthdXRvaGlkZT0yJiMwMzg7d21vZGU9dHJhbnNwYXJlbnQiIGFsbG93ZnVsbHNjcmVlbj0idHJ1ZSIgc3R5bGU9ImJvcmRlcjowOyIgc2FuZGJveD0iYWxsb3ctc2NyaXB0cyBhbGxvdy1zYW1lLW9yaWdpbiBhbGxvdy1wb3B1cHMgYWxsb3ctcHJlc2VudGF0aW9uIGFsbG93LXBvcHVwcy10by1lc2NhcGUtc2FuZGJveCI+PC9pZnJhbWU+\">\n<div class=\"brlbs-cmpnt-cb-preset-c brlbs-cmpnt-cb-youtube\">\n<div class=\"brlbs-cmpnt-cb-thumbnail\" style=\"background-image: url('https:\/\/taschenfreak.de\/blog\/wp-content\/uploads\/borlabs-cookie\/1\/yt_CD_oOlngCkA_hqdefault.jpg')\"><\/div>\n<div class=\"brlbs-cmpnt-cb-main\">\n<div class=\"brlbs-cmpnt-cb-play-button\"><\/div>\n<div class=\"brlbs-cmpnt-cb-content\">\n<p class=\"brlbs-cmpnt-cb-description\">Sie sehen gerade einen Platzhalterinhalt von <strong>YouTube<\/strong>. Um auf den eigentlichen Inhalt zuzugreifen, klicken Sie auf die Schaltfl\u00e4che unten. Bitte beachten Sie, dass dabei Daten an Drittanbieter weitergegeben werden.<\/p>\n<p> <a class=\"brlbs-cmpnt-cb-provider-toggle\" href=\"#\" data-borlabs-cookie-show-provider-information role=\"button\">Mehr Informationen<\/a> <\/div>\n<div class=\"brlbs-cmpnt-cb-buttons\"> <a class=\"brlbs-cmpnt-cb-btn\" href=\"#\" data-borlabs-cookie-unblock role=\"button\">Inhalt entsperren<\/a> <a class=\"brlbs-cmpnt-cb-btn\" href=\"#\" data-borlabs-cookie-accept-service role=\"button\" style=\"display: inherit\">Erforderlichen Service akzeptieren und Inhalte entsperren<\/a> <\/div>\n<\/p><\/div>\n<\/p><\/div>\n<\/div>\n<p><\/span><\/div>\n<p>Leicht ist er. Schick ist er auch, was aber immer auch eine ordentliche Geschmacksache ist. Bezahlbar ist er auch. Was sagt Ihr zum <a href=\"https:\/\/amzn.to\/3gnSM75\">Truckee BP 250 LX<\/a> aus dem Hause Lowepro?<\/p>\n<p><strong>Was mir sehr gut gef\u00e4llt?<\/strong><\/p>\n<ul>\n<li>Der Truckee BP250 wiegt nur 720 Gramm Leergewicht und ist wirklich unfassbar leicht damit auf dem R\u00fccken.<\/li>\n<li>Der Trollygurt am R\u00fccken macht den Rucksack auf Reisen viel besser im Handling.<\/li>\n<li>Das Volumen ist wirklich beachtlich f\u00fcr die geringe &#8222;Wirkung&#8220; im Format au\u00dfen betrachtet. Es passt innen mehr rein als man glaubt, wenn man den Rucksack von au\u00dfen betrachtet. Beispielsweise das ein Macbook Pro 16&#8243; ganz bequem verstaut werden kann. Das hatte ich nicht erwartet.<\/li>\n<li>Die seitlichen Netzf\u00e4cher sind sehr gut nutzbar und nicht nur optische Gimmicks.<\/li>\n<li>Ich kann den Zwischenboden heraus nehmen und damit den Rucksack in G\u00e4nze nutzen wenn ich das m\u00f6chte.<\/li>\n<li>Die Handytasche ist mit sehr weichem Flausch ausgestattet um die wertvollen s\u00fcndhaft teuren Smartphones gut zu sch\u00fctzen.<\/li>\n<li>Die &#8222;Diebstahlsicherung&#8220; mit der Stoffschlaufe und dem Anker am Rei\u00dfverschluss sind sehr smart gel\u00f6st.<\/li>\n<li>Die Rei\u00dfverschl\u00fcsse laufen einwandfrei und machen viel Spa\u00df und sind nicht &#8211; wie bei sehr vielen anderen Herstellern &#8211; hakelig!&nbsp;<\/li>\n<li>In das Kamerafach passt auch wunderbar eine Systemkamera bis zur l\u00e4nge von 20cm hinein. In den untenstehenden Fotos findet Ihr meine Nikon Z7 mit dem 24-200, welches 18,2 cm lang ist.<\/li>\n<li>Der Preis ist mit 100 Euro absolut gerechtfertigt.<\/li>\n<\/ul>\n<p><strong>Was mir nicht so gut gef\u00e4llt?<\/strong><\/p>\n<ul>\n<li>Die beiden oberen klickbaren Schlaufen k\u00f6nnten abnehmbar sein, wenn man diese nicht ben\u00f6tigt, w\u00fcrde ich diese gerne abnehmen k\u00f6nnen.<\/li>\n<li>Der Brustgurt k\u00f6nnte auch abnehmbar sein, da ich diesen selten nutze, w\u00fcrde ich diesen gerne abnehmen. Da zeigt NYA-EVO als Hersteller gut wie man das l\u00f6sen kann.<\/li>\n<li>Die Inneneinteiler sind leider nicht \u00fcberall &#8222;Klettf\u00e4hig&#8220; und daher eingeschr\u00e4nkt in der Flexibilit\u00e4t der Inneneinrichtung. Das geht besser.<\/li>\n<\/ul>\n<p><strong>Fotos<\/strong><\/p>\n<div id='gallery-1' class='gallery galleryid-10976 gallery-columns-3 gallery-size-thumbnail'><figure class='gallery-item'>\n\t\t\t<div class='gallery-icon landscape'>\n\t\t\t\t<a href='https:\/\/taschenfreak.de\/blog\/wp-content\/uploads\/2021\/08\/2021_08_22_Taschenfreak_Lowepro_Truckee_BP250LX_02.jpg' title=\"\" data-rl_title=\"\" class=\"rl-gallery-link\" data-rl_caption=\"\" data-rel=\"lightbox-gallery-1\"><img loading=\"lazy\" decoding=\"async\" width=\"150\" height=\"150\" src=\"https:\/\/taschenfreak.de\/blog\/wp-content\/uploads\/2021\/08\/2021_08_22_Taschenfreak_Lowepro_Truckee_BP250LX_02-150x150.jpg\" class=\"attachment-thumbnail size-thumbnail\" alt=\"\" srcset=\"https:\/\/taschenfreak.de\/blog\/wp-content\/uploads\/2021\/08\/2021_08_22_Taschenfreak_Lowepro_Truckee_BP250LX_02-150x150.jpg 150w, https:\/\/taschenfreak.de\/blog\/wp-content\/uploads\/2021\/08\/2021_08_22_Taschenfreak_Lowepro_Truckee_BP250LX_02-70x70.jpg 70w\" sizes=\"auto, (max-width: 150px) 100vw, 150px\" \/><\/a>\n\t\t\t<\/div><\/figure><figure class='gallery-item'>\n\t\t\t<div class='gallery-icon portrait'>\n\t\t\t\t<a href='https:\/\/taschenfreak.de\/blog\/wp-content\/uploads\/2021\/08\/2021_08_22_Taschenfreak_Lowepro_Truckee_BP250LX_03.jpg' title=\"\" data-rl_title=\"\" class=\"rl-gallery-link\" data-rl_caption=\"\" data-rel=\"lightbox-gallery-1\"><img loading=\"lazy\" decoding=\"async\" width=\"150\" height=\"150\" src=\"https:\/\/taschenfreak.de\/blog\/wp-content\/uploads\/2021\/08\/2021_08_22_Taschenfreak_Lowepro_Truckee_BP250LX_03-150x150.jpg\" class=\"attachment-thumbnail size-thumbnail\" alt=\"\" srcset=\"https:\/\/taschenfreak.de\/blog\/wp-content\/uploads\/2021\/08\/2021_08_22_Taschenfreak_Lowepro_Truckee_BP250LX_03-150x150.jpg 150w, https:\/\/taschenfreak.de\/blog\/wp-content\/uploads\/2021\/08\/2021_08_22_Taschenfreak_Lowepro_Truckee_BP250LX_03-70x70.jpg 70w\" sizes=\"auto, (max-width: 150px) 100vw, 150px\" \/><\/a>\n\t\t\t<\/div><\/figure><figure class='gallery-item'>\n\t\t\t<div class='gallery-icon landscape'>\n\t\t\t\t<a href='https:\/\/taschenfreak.de\/blog\/wp-content\/uploads\/2021\/08\/2021_08_22_Taschenfreak_Lowepro_Truckee_BP250LX_04.jpg' title=\"\" data-rl_title=\"\" class=\"rl-gallery-link\" data-rl_caption=\"\" data-rel=\"lightbox-gallery-1\"><img loading=\"lazy\" decoding=\"async\" width=\"150\" height=\"150\" src=\"https:\/\/taschenfreak.de\/blog\/wp-content\/uploads\/2021\/08\/2021_08_22_Taschenfreak_Lowepro_Truckee_BP250LX_04-150x150.jpg\" class=\"attachment-thumbnail size-thumbnail\" alt=\"\" srcset=\"https:\/\/taschenfreak.de\/blog\/wp-content\/uploads\/2021\/08\/2021_08_22_Taschenfreak_Lowepro_Truckee_BP250LX_04-150x150.jpg 150w, https:\/\/taschenfreak.de\/blog\/wp-content\/uploads\/2021\/08\/2021_08_22_Taschenfreak_Lowepro_Truckee_BP250LX_04-70x70.jpg 70w\" sizes=\"auto, (max-width: 150px) 100vw, 150px\" \/><\/a>\n\t\t\t<\/div><\/figure><figure class='gallery-item'>\n\t\t\t<div class='gallery-icon landscape'>\n\t\t\t\t<a href='https:\/\/taschenfreak.de\/blog\/wp-content\/uploads\/2021\/08\/2021_08_22_Taschenfreak_Lowepro_Truckee_BP250LX_05.jpg' title=\"\" data-rl_title=\"\" class=\"rl-gallery-link\" data-rl_caption=\"\" data-rel=\"lightbox-gallery-1\"><img loading=\"lazy\" decoding=\"async\" width=\"150\" height=\"150\" src=\"https:\/\/taschenfreak.de\/blog\/wp-content\/uploads\/2021\/08\/2021_08_22_Taschenfreak_Lowepro_Truckee_BP250LX_05-150x150.jpg\" class=\"attachment-thumbnail size-thumbnail\" alt=\"\" srcset=\"https:\/\/taschenfreak.de\/blog\/wp-content\/uploads\/2021\/08\/2021_08_22_Taschenfreak_Lowepro_Truckee_BP250LX_05-150x150.jpg 150w, https:\/\/taschenfreak.de\/blog\/wp-content\/uploads\/2021\/08\/2021_08_22_Taschenfreak_Lowepro_Truckee_BP250LX_05-70x70.jpg 70w\" sizes=\"auto, (max-width: 150px) 100vw, 150px\" \/><\/a>\n\t\t\t<\/div><\/figure><figure class='gallery-item'>\n\t\t\t<div class='gallery-icon landscape'>\n\t\t\t\t<a href='https:\/\/taschenfreak.de\/blog\/wp-content\/uploads\/2021\/08\/2021_08_22_Taschenfreak_Lowepro_Truckee_BP250LX_06.jpg' title=\"\" data-rl_title=\"\" class=\"rl-gallery-link\" data-rl_caption=\"\" data-rel=\"lightbox-gallery-1\"><img loading=\"lazy\" decoding=\"async\" width=\"150\" height=\"150\" src=\"https:\/\/taschenfreak.de\/blog\/wp-content\/uploads\/2021\/08\/2021_08_22_Taschenfreak_Lowepro_Truckee_BP250LX_06-150x150.jpg\" class=\"attachment-thumbnail size-thumbnail\" alt=\"\" srcset=\"https:\/\/taschenfreak.de\/blog\/wp-content\/uploads\/2021\/08\/2021_08_22_Taschenfreak_Lowepro_Truckee_BP250LX_06-150x150.jpg 150w, https:\/\/taschenfreak.de\/blog\/wp-content\/uploads\/2021\/08\/2021_08_22_Taschenfreak_Lowepro_Truckee_BP250LX_06-70x70.jpg 70w\" sizes=\"auto, (max-width: 150px) 100vw, 150px\" \/><\/a>\n\t\t\t<\/div><\/figure><figure class='gallery-item'>\n\t\t\t<div class='gallery-icon landscape'>\n\t\t\t\t<a href='https:\/\/taschenfreak.de\/blog\/wp-content\/uploads\/2021\/08\/2021_08_22_Taschenfreak_Lowepro_Truckee_BP250LX_07.jpg' title=\"\" data-rl_title=\"\" class=\"rl-gallery-link\" data-rl_caption=\"\" data-rel=\"lightbox-gallery-1\"><img loading=\"lazy\" decoding=\"async\" width=\"150\" height=\"150\" src=\"https:\/\/taschenfreak.de\/blog\/wp-content\/uploads\/2021\/08\/2021_08_22_Taschenfreak_Lowepro_Truckee_BP250LX_07-150x150.jpg\" class=\"attachment-thumbnail size-thumbnail\" alt=\"\" srcset=\"https:\/\/taschenfreak.de\/blog\/wp-content\/uploads\/2021\/08\/2021_08_22_Taschenfreak_Lowepro_Truckee_BP250LX_07-150x150.jpg 150w, https:\/\/taschenfreak.de\/blog\/wp-content\/uploads\/2021\/08\/2021_08_22_Taschenfreak_Lowepro_Truckee_BP250LX_07-70x70.jpg 70w\" sizes=\"auto, (max-width: 150px) 100vw, 150px\" \/><\/a>\n\t\t\t<\/div><\/figure><figure class='gallery-item'>\n\t\t\t<div class='gallery-icon landscape'>\n\t\t\t\t<a href='https:\/\/taschenfreak.de\/blog\/wp-content\/uploads\/2021\/08\/2021_08_22_Taschenfreak_Lowepro_Truckee_BP250LX_08.jpg' title=\"\" data-rl_title=\"\" class=\"rl-gallery-link\" data-rl_caption=\"\" data-rel=\"lightbox-gallery-1\"><img loading=\"lazy\" decoding=\"async\" width=\"150\" height=\"150\" src=\"https:\/\/taschenfreak.de\/blog\/wp-content\/uploads\/2021\/08\/2021_08_22_Taschenfreak_Lowepro_Truckee_BP250LX_08-150x150.jpg\" class=\"attachment-thumbnail size-thumbnail\" alt=\"\" srcset=\"https:\/\/taschenfreak.de\/blog\/wp-content\/uploads\/2021\/08\/2021_08_22_Taschenfreak_Lowepro_Truckee_BP250LX_08-150x150.jpg 150w, https:\/\/taschenfreak.de\/blog\/wp-content\/uploads\/2021\/08\/2021_08_22_Taschenfreak_Lowepro_Truckee_BP250LX_08-70x70.jpg 70w\" sizes=\"auto, (max-width: 150px) 100vw, 150px\" \/><\/a>\n\t\t\t<\/div><\/figure><figure class='gallery-item'>\n\t\t\t<div class='gallery-icon landscape'>\n\t\t\t\t<a href='https:\/\/taschenfreak.de\/blog\/wp-content\/uploads\/2021\/08\/2021_08_22_Taschenfreak_Lowepro_Truckee_BP250LX_09.jpg' title=\"\" data-rl_title=\"\" class=\"rl-gallery-link\" data-rl_caption=\"\" data-rel=\"lightbox-gallery-1\"><img loading=\"lazy\" decoding=\"async\" width=\"150\" height=\"150\" src=\"https:\/\/taschenfreak.de\/blog\/wp-content\/uploads\/2021\/08\/2021_08_22_Taschenfreak_Lowepro_Truckee_BP250LX_09-150x150.jpg\" class=\"attachment-thumbnail size-thumbnail\" alt=\"\" srcset=\"https:\/\/taschenfreak.de\/blog\/wp-content\/uploads\/2021\/08\/2021_08_22_Taschenfreak_Lowepro_Truckee_BP250LX_09-150x150.jpg 150w, https:\/\/taschenfreak.de\/blog\/wp-content\/uploads\/2021\/08\/2021_08_22_Taschenfreak_Lowepro_Truckee_BP250LX_09-70x70.jpg 70w\" sizes=\"auto, (max-width: 150px) 100vw, 150px\" \/><\/a>\n\t\t\t<\/div><\/figure><figure class='gallery-item'>\n\t\t\t<div class='gallery-icon landscape'>\n\t\t\t\t<a href='https:\/\/taschenfreak.de\/blog\/wp-content\/uploads\/2021\/08\/2021_08_22_Taschenfreak_Lowepro_Truckee_BP250LX_10.jpg' title=\"\" data-rl_title=\"\" class=\"rl-gallery-link\" data-rl_caption=\"\" data-rel=\"lightbox-gallery-1\"><img loading=\"lazy\" decoding=\"async\" width=\"150\" height=\"150\" src=\"https:\/\/taschenfreak.de\/blog\/wp-content\/uploads\/2021\/08\/2021_08_22_Taschenfreak_Lowepro_Truckee_BP250LX_10-150x150.jpg\" class=\"attachment-thumbnail size-thumbnail\" alt=\"\" srcset=\"https:\/\/taschenfreak.de\/blog\/wp-content\/uploads\/2021\/08\/2021_08_22_Taschenfreak_Lowepro_Truckee_BP250LX_10-150x150.jpg 150w, https:\/\/taschenfreak.de\/blog\/wp-content\/uploads\/2021\/08\/2021_08_22_Taschenfreak_Lowepro_Truckee_BP250LX_10-70x70.jpg 70w\" sizes=\"auto, (max-width: 150px) 100vw, 150px\" \/><\/a>\n\t\t\t<\/div><\/figure><figure class='gallery-item'>\n\t\t\t<div class='gallery-icon landscape'>\n\t\t\t\t<a href='https:\/\/taschenfreak.de\/blog\/wp-content\/uploads\/2021\/08\/2021_08_22_Taschenfreak_Lowepro_Truckee_BP250LX_11.jpg' title=\"\" data-rl_title=\"\" class=\"rl-gallery-link\" data-rl_caption=\"\" data-rel=\"lightbox-gallery-1\"><img loading=\"lazy\" decoding=\"async\" width=\"150\" height=\"150\" src=\"https:\/\/taschenfreak.de\/blog\/wp-content\/uploads\/2021\/08\/2021_08_22_Taschenfreak_Lowepro_Truckee_BP250LX_11-150x150.jpg\" class=\"attachment-thumbnail size-thumbnail\" alt=\"\" srcset=\"https:\/\/taschenfreak.de\/blog\/wp-content\/uploads\/2021\/08\/2021_08_22_Taschenfreak_Lowepro_Truckee_BP250LX_11-150x150.jpg 150w, https:\/\/taschenfreak.de\/blog\/wp-content\/uploads\/2021\/08\/2021_08_22_Taschenfreak_Lowepro_Truckee_BP250LX_11-70x70.jpg 70w\" sizes=\"auto, (max-width: 150px) 100vw, 150px\" \/><\/a>\n\t\t\t<\/div><\/figure><figure class='gallery-item'>\n\t\t\t<div class='gallery-icon landscape'>\n\t\t\t\t<a href='https:\/\/taschenfreak.de\/blog\/wp-content\/uploads\/2021\/08\/2021_08_22_Taschenfreak_Lowepro_Truckee_BP250LX_12.jpg' title=\"\" data-rl_title=\"\" class=\"rl-gallery-link\" data-rl_caption=\"\" data-rel=\"lightbox-gallery-1\"><img loading=\"lazy\" decoding=\"async\" width=\"150\" height=\"150\" src=\"https:\/\/taschenfreak.de\/blog\/wp-content\/uploads\/2021\/08\/2021_08_22_Taschenfreak_Lowepro_Truckee_BP250LX_12-150x150.jpg\" class=\"attachment-thumbnail size-thumbnail\" alt=\"\" srcset=\"https:\/\/taschenfreak.de\/blog\/wp-content\/uploads\/2021\/08\/2021_08_22_Taschenfreak_Lowepro_Truckee_BP250LX_12-150x150.jpg 150w, https:\/\/taschenfreak.de\/blog\/wp-content\/uploads\/2021\/08\/2021_08_22_Taschenfreak_Lowepro_Truckee_BP250LX_12-70x70.jpg 70w\" sizes=\"auto, (max-width: 150px) 100vw, 150px\" \/><\/a>\n\t\t\t<\/div><\/figure><figure class='gallery-item'>\n\t\t\t<div class='gallery-icon landscape'>\n\t\t\t\t<a href='https:\/\/taschenfreak.de\/blog\/wp-content\/uploads\/2021\/08\/2021_08_22_Taschenfreak_Lowepro_Truckee_BP250LX_13.jpg' title=\"\" data-rl_title=\"\" class=\"rl-gallery-link\" data-rl_caption=\"\" data-rel=\"lightbox-gallery-1\"><img loading=\"lazy\" decoding=\"async\" width=\"150\" height=\"150\" src=\"https:\/\/taschenfreak.de\/blog\/wp-content\/uploads\/2021\/08\/2021_08_22_Taschenfreak_Lowepro_Truckee_BP250LX_13-150x150.jpg\" class=\"attachment-thumbnail size-thumbnail\" alt=\"\" srcset=\"https:\/\/taschenfreak.de\/blog\/wp-content\/uploads\/2021\/08\/2021_08_22_Taschenfreak_Lowepro_Truckee_BP250LX_13-150x150.jpg 150w, https:\/\/taschenfreak.de\/blog\/wp-content\/uploads\/2021\/08\/2021_08_22_Taschenfreak_Lowepro_Truckee_BP250LX_13-70x70.jpg 70w\" sizes=\"auto, (max-width: 150px) 100vw, 150px\" \/><\/a>\n\t\t\t<\/div><\/figure><figure class='gallery-item'>\n\t\t\t<div class='gallery-icon landscape'>\n\t\t\t\t<a href='https:\/\/taschenfreak.de\/blog\/wp-content\/uploads\/2021\/08\/2021_08_22_Taschenfreak_Lowepro_Truckee_BP250LX_14.jpg' title=\"\" data-rl_title=\"\" class=\"rl-gallery-link\" data-rl_caption=\"\" data-rel=\"lightbox-gallery-1\"><img loading=\"lazy\" decoding=\"async\" width=\"150\" height=\"150\" src=\"https:\/\/taschenfreak.de\/blog\/wp-content\/uploads\/2021\/08\/2021_08_22_Taschenfreak_Lowepro_Truckee_BP250LX_14-150x150.jpg\" class=\"attachment-thumbnail size-thumbnail\" alt=\"\" srcset=\"https:\/\/taschenfreak.de\/blog\/wp-content\/uploads\/2021\/08\/2021_08_22_Taschenfreak_Lowepro_Truckee_BP250LX_14-150x150.jpg 150w, https:\/\/taschenfreak.de\/blog\/wp-content\/uploads\/2021\/08\/2021_08_22_Taschenfreak_Lowepro_Truckee_BP250LX_14-70x70.jpg 70w\" sizes=\"auto, (max-width: 150px) 100vw, 150px\" \/><\/a>\n\t\t\t<\/div><\/figure><figure class='gallery-item'>\n\t\t\t<div class='gallery-icon landscape'>\n\t\t\t\t<a href='https:\/\/taschenfreak.de\/blog\/wp-content\/uploads\/2021\/08\/2021_08_22_Taschenfreak_Lowepro_Truckee_BP250LX_15.jpg' title=\"\" data-rl_title=\"\" class=\"rl-gallery-link\" data-rl_caption=\"\" data-rel=\"lightbox-gallery-1\"><img loading=\"lazy\" decoding=\"async\" width=\"150\" height=\"150\" src=\"https:\/\/taschenfreak.de\/blog\/wp-content\/uploads\/2021\/08\/2021_08_22_Taschenfreak_Lowepro_Truckee_BP250LX_15-150x150.jpg\" class=\"attachment-thumbnail size-thumbnail\" alt=\"\" srcset=\"https:\/\/taschenfreak.de\/blog\/wp-content\/uploads\/2021\/08\/2021_08_22_Taschenfreak_Lowepro_Truckee_BP250LX_15-150x150.jpg 150w, https:\/\/taschenfreak.de\/blog\/wp-content\/uploads\/2021\/08\/2021_08_22_Taschenfreak_Lowepro_Truckee_BP250LX_15-70x70.jpg 70w\" sizes=\"auto, (max-width: 150px) 100vw, 150px\" \/><\/a>\n\t\t\t<\/div><\/figure><figure class='gallery-item'>\n\t\t\t<div class='gallery-icon landscape'>\n\t\t\t\t<a href='https:\/\/taschenfreak.de\/blog\/wp-content\/uploads\/2021\/08\/2021_08_22_Taschenfreak_Lowepro_Truckee_BP250LX_16.jpg' title=\"\" data-rl_title=\"\" class=\"rl-gallery-link\" data-rl_caption=\"\" data-rel=\"lightbox-gallery-1\"><img loading=\"lazy\" decoding=\"async\" width=\"150\" height=\"150\" src=\"https:\/\/taschenfreak.de\/blog\/wp-content\/uploads\/2021\/08\/2021_08_22_Taschenfreak_Lowepro_Truckee_BP250LX_16-150x150.jpg\" class=\"attachment-thumbnail size-thumbnail\" alt=\"\" srcset=\"https:\/\/taschenfreak.de\/blog\/wp-content\/uploads\/2021\/08\/2021_08_22_Taschenfreak_Lowepro_Truckee_BP250LX_16-150x150.jpg 150w, https:\/\/taschenfreak.de\/blog\/wp-content\/uploads\/2021\/08\/2021_08_22_Taschenfreak_Lowepro_Truckee_BP250LX_16-70x70.jpg 70w\" sizes=\"auto, (max-width: 150px) 100vw, 150px\" \/><\/a>\n\t\t\t<\/div><\/figure><figure class='gallery-item'>\n\t\t\t<div class='gallery-icon landscape'>\n\t\t\t\t<a href='https:\/\/taschenfreak.de\/blog\/wp-content\/uploads\/2021\/08\/2021_08_22_Taschenfreak_Lowepro_Truckee_BP250LX_17.jpg' title=\"\" data-rl_title=\"\" class=\"rl-gallery-link\" data-rl_caption=\"\" data-rel=\"lightbox-gallery-1\"><img loading=\"lazy\" decoding=\"async\" width=\"150\" height=\"150\" src=\"https:\/\/taschenfreak.de\/blog\/wp-content\/uploads\/2021\/08\/2021_08_22_Taschenfreak_Lowepro_Truckee_BP250LX_17-150x150.jpg\" class=\"attachment-thumbnail size-thumbnail\" alt=\"\" srcset=\"https:\/\/taschenfreak.de\/blog\/wp-content\/uploads\/2021\/08\/2021_08_22_Taschenfreak_Lowepro_Truckee_BP250LX_17-150x150.jpg 150w, https:\/\/taschenfreak.de\/blog\/wp-content\/uploads\/2021\/08\/2021_08_22_Taschenfreak_Lowepro_Truckee_BP250LX_17-70x70.jpg 70w\" sizes=\"auto, (max-width: 150px) 100vw, 150px\" \/><\/a>\n\t\t\t<\/div><\/figure><figure class='gallery-item'>\n\t\t\t<div class='gallery-icon landscape'>\n\t\t\t\t<a href='https:\/\/taschenfreak.de\/blog\/wp-content\/uploads\/2021\/08\/2021_08_22_Taschenfreak_Lowepro_Truckee_BP250LX_18.jpg' title=\"\" data-rl_title=\"\" class=\"rl-gallery-link\" data-rl_caption=\"\" data-rel=\"lightbox-gallery-1\"><img loading=\"lazy\" decoding=\"async\" width=\"150\" height=\"150\" src=\"https:\/\/taschenfreak.de\/blog\/wp-content\/uploads\/2021\/08\/2021_08_22_Taschenfreak_Lowepro_Truckee_BP250LX_18-150x150.jpg\" class=\"attachment-thumbnail size-thumbnail\" alt=\"\" srcset=\"https:\/\/taschenfreak.de\/blog\/wp-content\/uploads\/2021\/08\/2021_08_22_Taschenfreak_Lowepro_Truckee_BP250LX_18-150x150.jpg 150w, https:\/\/taschenfreak.de\/blog\/wp-content\/uploads\/2021\/08\/2021_08_22_Taschenfreak_Lowepro_Truckee_BP250LX_18-70x70.jpg 70w\" sizes=\"auto, (max-width: 150px) 100vw, 150px\" \/><\/a>\n\t\t\t<\/div><\/figure><figure class='gallery-item'>\n\t\t\t<div class='gallery-icon landscape'>\n\t\t\t\t<a href='https:\/\/taschenfreak.de\/blog\/wp-content\/uploads\/2021\/08\/2021_08_22_Taschenfreak_Lowepro_Truckee_BP250LX_19.jpg' title=\"\" data-rl_title=\"\" class=\"rl-gallery-link\" data-rl_caption=\"\" data-rel=\"lightbox-gallery-1\"><img loading=\"lazy\" decoding=\"async\" width=\"150\" height=\"150\" src=\"https:\/\/taschenfreak.de\/blog\/wp-content\/uploads\/2021\/08\/2021_08_22_Taschenfreak_Lowepro_Truckee_BP250LX_19-150x150.jpg\" class=\"attachment-thumbnail size-thumbnail\" alt=\"\" srcset=\"https:\/\/taschenfreak.de\/blog\/wp-content\/uploads\/2021\/08\/2021_08_22_Taschenfreak_Lowepro_Truckee_BP250LX_19-150x150.jpg 150w, https:\/\/taschenfreak.de\/blog\/wp-content\/uploads\/2021\/08\/2021_08_22_Taschenfreak_Lowepro_Truckee_BP250LX_19-70x70.jpg 70w\" sizes=\"auto, (max-width: 150px) 100vw, 150px\" \/><\/a>\n\t\t\t<\/div><\/figure><figure class='gallery-item'>\n\t\t\t<div class='gallery-icon landscape'>\n\t\t\t\t<a href='https:\/\/taschenfreak.de\/blog\/wp-content\/uploads\/2021\/08\/2021_08_22_Taschenfreak_Lowepro_Truckee_BP250LX_20.jpg' title=\"\" data-rl_title=\"\" class=\"rl-gallery-link\" data-rl_caption=\"\" data-rel=\"lightbox-gallery-1\"><img loading=\"lazy\" decoding=\"async\" width=\"150\" height=\"150\" src=\"https:\/\/taschenfreak.de\/blog\/wp-content\/uploads\/2021\/08\/2021_08_22_Taschenfreak_Lowepro_Truckee_BP250LX_20-150x150.jpg\" class=\"attachment-thumbnail size-thumbnail\" alt=\"\" srcset=\"https:\/\/taschenfreak.de\/blog\/wp-content\/uploads\/2021\/08\/2021_08_22_Taschenfreak_Lowepro_Truckee_BP250LX_20-150x150.jpg 150w, https:\/\/taschenfreak.de\/blog\/wp-content\/uploads\/2021\/08\/2021_08_22_Taschenfreak_Lowepro_Truckee_BP250LX_20-70x70.jpg 70w\" sizes=\"auto, (max-width: 150px) 100vw, 150px\" \/><\/a>\n\t\t\t<\/div><\/figure><figure class='gallery-item'>\n\t\t\t<div class='gallery-icon landscape'>\n\t\t\t\t<a href='https:\/\/taschenfreak.de\/blog\/wp-content\/uploads\/2021\/08\/2021_08_22_Taschenfreak_Lowepro_Truckee_BP250LX_21.jpg' title=\"\" data-rl_title=\"\" class=\"rl-gallery-link\" data-rl_caption=\"\" data-rel=\"lightbox-gallery-1\"><img loading=\"lazy\" decoding=\"async\" width=\"150\" height=\"150\" src=\"https:\/\/taschenfreak.de\/blog\/wp-content\/uploads\/2021\/08\/2021_08_22_Taschenfreak_Lowepro_Truckee_BP250LX_21-150x150.jpg\" class=\"attachment-thumbnail size-thumbnail\" alt=\"\" srcset=\"https:\/\/taschenfreak.de\/blog\/wp-content\/uploads\/2021\/08\/2021_08_22_Taschenfreak_Lowepro_Truckee_BP250LX_21-150x150.jpg 150w, https:\/\/taschenfreak.de\/blog\/wp-content\/uploads\/2021\/08\/2021_08_22_Taschenfreak_Lowepro_Truckee_BP250LX_21-70x70.jpg 70w\" sizes=\"auto, (max-width: 150px) 100vw, 150px\" \/><\/a>\n\t\t\t<\/div><\/figure><figure class='gallery-item'>\n\t\t\t<div class='gallery-icon landscape'>\n\t\t\t\t<a href='https:\/\/taschenfreak.de\/blog\/wp-content\/uploads\/2021\/08\/2021_08_22_Taschenfreak_Lowepro_Truckee_BP250LX_22.jpg' title=\"\" data-rl_title=\"\" class=\"rl-gallery-link\" data-rl_caption=\"\" data-rel=\"lightbox-gallery-1\"><img loading=\"lazy\" decoding=\"async\" width=\"150\" height=\"150\" src=\"https:\/\/taschenfreak.de\/blog\/wp-content\/uploads\/2021\/08\/2021_08_22_Taschenfreak_Lowepro_Truckee_BP250LX_22-150x150.jpg\" class=\"attachment-thumbnail size-thumbnail\" alt=\"\" srcset=\"https:\/\/taschenfreak.de\/blog\/wp-content\/uploads\/2021\/08\/2021_08_22_Taschenfreak_Lowepro_Truckee_BP250LX_22-150x150.jpg 150w, https:\/\/taschenfreak.de\/blog\/wp-content\/uploads\/2021\/08\/2021_08_22_Taschenfreak_Lowepro_Truckee_BP250LX_22-70x70.jpg 70w\" sizes=\"auto, (max-width: 150px) 100vw, 150px\" \/><\/a>\n\t\t\t<\/div><\/figure><figure class='gallery-item'>\n\t\t\t<div class='gallery-icon landscape'>\n\t\t\t\t<a href='https:\/\/taschenfreak.de\/blog\/wp-content\/uploads\/2021\/08\/2021_08_22_Taschenfreak_Lowepro_Truckee_BP250LX_23.jpg' title=\"\" data-rl_title=\"\" class=\"rl-gallery-link\" data-rl_caption=\"\" data-rel=\"lightbox-gallery-1\"><img loading=\"lazy\" decoding=\"async\" width=\"150\" height=\"150\" src=\"https:\/\/taschenfreak.de\/blog\/wp-content\/uploads\/2021\/08\/2021_08_22_Taschenfreak_Lowepro_Truckee_BP250LX_23-150x150.jpg\" class=\"attachment-thumbnail size-thumbnail\" alt=\"\" srcset=\"https:\/\/taschenfreak.de\/blog\/wp-content\/uploads\/2021\/08\/2021_08_22_Taschenfreak_Lowepro_Truckee_BP250LX_23-150x150.jpg 150w, https:\/\/taschenfreak.de\/blog\/wp-content\/uploads\/2021\/08\/2021_08_22_Taschenfreak_Lowepro_Truckee_BP250LX_23-70x70.jpg 70w\" sizes=\"auto, (max-width: 150px) 100vw, 150px\" \/><\/a>\n\t\t\t<\/div><\/figure><figure class='gallery-item'>\n\t\t\t<div class='gallery-icon landscape'>\n\t\t\t\t<a href='https:\/\/taschenfreak.de\/blog\/wp-content\/uploads\/2021\/08\/2021_08_22_Taschenfreak_Lowepro_Truckee_BP250LX_24.jpg' title=\"\" data-rl_title=\"\" class=\"rl-gallery-link\" data-rl_caption=\"\" data-rel=\"lightbox-gallery-1\"><img loading=\"lazy\" decoding=\"async\" width=\"150\" height=\"150\" src=\"https:\/\/taschenfreak.de\/blog\/wp-content\/uploads\/2021\/08\/2021_08_22_Taschenfreak_Lowepro_Truckee_BP250LX_24-150x150.jpg\" class=\"attachment-thumbnail size-thumbnail\" alt=\"\" srcset=\"https:\/\/taschenfreak.de\/blog\/wp-content\/uploads\/2021\/08\/2021_08_22_Taschenfreak_Lowepro_Truckee_BP250LX_24-150x150.jpg 150w, https:\/\/taschenfreak.de\/blog\/wp-content\/uploads\/2021\/08\/2021_08_22_Taschenfreak_Lowepro_Truckee_BP250LX_24-70x70.jpg 70w\" sizes=\"auto, (max-width: 150px) 100vw, 150px\" \/><\/a>\n\t\t\t<\/div><\/figure><figure class='gallery-item'>\n\t\t\t<div class='gallery-icon landscape'>\n\t\t\t\t<a href='https:\/\/taschenfreak.de\/blog\/wp-content\/uploads\/2021\/08\/2021_08_22_Taschenfreak_Lowepro_Truckee_BP250LX_25.jpg' title=\"\" data-rl_title=\"\" class=\"rl-gallery-link\" data-rl_caption=\"\" data-rel=\"lightbox-gallery-1\"><img loading=\"lazy\" decoding=\"async\" width=\"150\" height=\"150\" src=\"https:\/\/taschenfreak.de\/blog\/wp-content\/uploads\/2021\/08\/2021_08_22_Taschenfreak_Lowepro_Truckee_BP250LX_25-150x150.jpg\" class=\"attachment-thumbnail size-thumbnail\" alt=\"\" srcset=\"https:\/\/taschenfreak.de\/blog\/wp-content\/uploads\/2021\/08\/2021_08_22_Taschenfreak_Lowepro_Truckee_BP250LX_25-150x150.jpg 150w, https:\/\/taschenfreak.de\/blog\/wp-content\/uploads\/2021\/08\/2021_08_22_Taschenfreak_Lowepro_Truckee_BP250LX_25-70x70.jpg 70w\" sizes=\"auto, (max-width: 150px) 100vw, 150px\" \/><\/a>\n\t\t\t<\/div><\/figure>\n\t\t<\/div>\n\n<p><strong>Was hatte ich geladen?<\/strong><\/p>\n<ul>\n<li>DJI Mavic Air 2 inkl. zwei Ersatzakkus und Fernsteuerung<\/li>\n<li>Leica Q2 mit zwei Ersatzakkus<\/li>\n<li>Speicherkarten<\/li>\n<li>Putztuch<\/li>\n<li>Apple Ipad Pro 12,9&#8243; 2020 inkl. Magic Keyboard<\/li>\n<li>Gorillapod inkl. Smartphone Klemme<\/li>\n<li>Netzteil und Kabel f\u00fcr SmartPhone und iPad<\/li>\n<li>Unterlagen<\/li>\n<\/ul>\n<p><strong>Was geht rein &#8211; und das noch bequem?<\/strong><\/p>\n<ul>\n<li>Nikon Z7 mit Nikkor 24-200<\/li>\n<li>DJI Mavic Air 2 inkl. zwei Ersatzakkus und Fernsteuerung<\/li>\n<li>Leica Q2 mit zwei Ersatzakkus<\/li>\n<li>Speicherkarten<\/li>\n<li>Putztuch<\/li>\n<li>Apple Ipad Pro 12,9&#8243; 2020 inkl. Magic Keyboard oder Apple Macbook Pro (es geht auch beides hinein &#8211; aber dann schon &#8222;straff&#8220;&#8230;)<\/li>\n<li>Gorillapod inkl. Smartphone Klemme<\/li>\n<li>Netzteil und Kabel f\u00fcr SmartPhone und iPad oder f\u00fcr das Macbook<\/li>\n<li>Unterlagen<\/li>\n<\/ul>\n<p><strong>Links<\/strong><\/p>\n<ul>\n<li><a href=\"https:\/\/youtu.be\/CD_oOlngCkA\">Mein Video zum LOWEPRO Truckee BP 250 LX auf YouTube<\/a><\/li>\n<li><a href=\"https:\/\/amzn.to\/3gnSM75\">Der Lowepro Truckee BP 250 LX bei Amazon<\/a><\/li>\n<li><a href=\"https:\/\/www.lowepro.com\/global\/truckee-bp-250-lp37237-pww\/\">Der Lowepro Truckee BP 250 LX beim Hersteller<\/a><\/li>\n<\/ul>\n<p>&nbsp;<\/p>\n<p><strong>Taschenfreak-Bewertung<\/strong><\/p>\n[rwp_box_criteria id=&#8220;0&#8243;]\n<p>&nbsp;<\/p>\n<p><strong>Mein pers\u00f6nliches Fazit<\/strong><\/p>\n<p>Ich habe mir diesen <a href=\"https:\/\/amzn.to\/3gnSM75\">Rucksack<\/a> selbst gekauft und werde ihn genau f\u00fcr solche Anwendungsf\u00e4lle gut aufheben. Das noch dazu das Macbook Pro 16&#8243; sehr bequem hinein passt, macht diesen bezahlbaren Rucksack zu einer wirkliche Allzweckwaffe f\u00fcr den Alltag. Ich mag den <a href=\"https:\/\/amzn.to\/3gnSM75\">Truckee<\/a>, wenn auch ich den lieber in ganz schwarz h\u00e4tte&#8230;<\/p>\n<p>Sch\u00f6ne Gr\u00fc\u00dfe \u2013 Euer Taschenfreak \u2013 J\u00f6rg Langer<\/p>\n<hr class=\"wp-block-separator\">\n<p><span style=\"font-size: 8pt;\"><strong>Hinweis in eigener Sache zur Werbung<\/strong><\/span><br \/>\n<span style=\"font-size: 8pt;\">Meine Blogbeitr\u00e4ge und Videos sind Gluten-, Glukose- und Laktosefrei, k\u00f6nnen aber Spuren von Werbung beinhalten da ich die Artikel ab und zu kostenlos zur Verf\u00fcgung gestellt bekomme.<\/span><br \/>\n<span style=\"font-size: 8pt;\">Meine Meinung ist frei von kommerziellen Einfl\u00fcssen, kann aber Spuren von Sarkasmus oder Ironie beinhalten.<\/span><br \/>\n<span style=\"font-size: 8pt;\">Dieser Blog verfolgt keine kommerziellen Absichten. Die meisten mir zur Verf\u00fcgung gestellten Taschen verschenke ich oder verlose die f\u00fcr gute Zwecke. Meine treuen Leser wissen das seit Jahren.<\/span><br \/>\n<span style=\"font-size: 8pt;\">Ich betreibe diesen Blog aus Spa\u00df an der Sache und nicht aus kommerziellen Absichten. Das mag in der heutigen Zeit eher ungew\u00f6hnlich sein. Mit diesem Schock m\u00fcsst Ihr leider zurecht kommen.<\/span><br \/>\n&nbsp;<\/p>\n","protected":false},"excerpt":{"rendered":"<p>&#8222;J\u00f6rg Du stellst immer nur so teure und edle Rucks\u00e4cke vor&#8230;. zeig doch auch mal leichte und bezahlbare L\u00f6sungen&#8230;.&#8220;. Solche oder \u00e4hnliche Ansagen bekomme ich recht oft zu h\u00f6ren. Dem m\u00f6chte ich mit dem folgenden Video und meinem Test am letzten Wochenende beim Campen und Fahrrad fahren im Spessart Rechnung tragen.<\/p>\n","protected":false},"author":3,"featured_media":10977,"comment_status":"open","ping_status":"open","sticky":false,"template":"","format":"standard","meta":{"ngg_post_thumbnail":0,"_jetpack_memberships_contains_paid_content":false,"footnotes":"","_links_to":"","_links_to_target":""},"categories":[3,7],"tags":[2003,2158,1054,2274,1535,1047,2034,2275],"class_list":["post-10976","post","type-post","status-publish","format-standard","has-post-thumbnail","hentry","category-rucksack","category-rucksack-mit-notebookfach-und-daypack","tag-kamerarucksack","tag-leicht","tag-lowepro","tag-lowepro-truckee-bp250-lx","tag-praktisch","tag-rucksack","tag-smart","tag-truckee"],"jetpack_featured_media_url":"https:\/\/taschenfreak.de\/blog\/wp-content\/uploads\/2021\/08\/2021_08_22_Taschenfreak_Lowepro_Truckee_BP250LX_01.jpg","jetpack_shortlink":"https:\/\/wp.me\/p4GMND-2R2","jetpack_sharing_enabled":true,"_links":{"self":[{"href":"https:\/\/taschenfreak.de\/blog\/wp-json\/wp\/v2\/posts\/10976","targetHints":{"allow":["GET"]}}],"collection":[{"href":"https:\/\/taschenfreak.de\/blog\/wp-json\/wp\/v2\/posts"}],"about":[{"href":"https:\/\/taschenfreak.de\/blog\/wp-json\/wp\/v2\/types\/post"}],"author":[{"embeddable":true,"href":"https:\/\/taschenfreak.de\/blog\/wp-json\/wp\/v2\/users\/3"}],"replies":[{"embeddable":true,"href":"https:\/\/taschenfreak.de\/blog\/wp-json\/wp\/v2\/comments?post=10976"}],"version-history":[{"count":5,"href":"https:\/\/taschenfreak.de\/blog\/wp-json\/wp\/v2\/posts\/10976\/revisions"}],"predecessor-version":[{"id":11009,"href":"https:\/\/taschenfreak.de\/blog\/wp-json\/wp\/v2\/posts\/10976\/revisions\/11009"}],"wp:featuredmedia":[{"embeddable":true,"href":"https:\/\/taschenfreak.de\/blog\/wp-json\/wp\/v2\/media\/10977"}],"wp:attachment":[{"href":"https:\/\/taschenfreak.de\/blog\/wp-json\/wp\/v2\/media?parent=10976"}],"wp:term":[{"taxonomy":"category","embeddable":true,"href":"https:\/\/taschenfreak.de\/blog\/wp-json\/wp\/v2\/categories?post=10976"},{"taxonomy":"post_tag","embeddable":true,"href":"https:\/\/taschenfreak.de\/blog\/wp-json\/wp\/v2\/tags?post=10976"}],"curies":[{"name":"wp","href":"https:\/\/api.w.org\/{rel}","templated":true}]}}