{"id":11223,"date":"2022-02-06T21:10:24","date_gmt":"2022-02-06T20:10:24","guid":{"rendered":"https:\/\/taschenfreak.de\/blog\/?p=11223"},"modified":"2022-02-09T10:12:33","modified_gmt":"2022-02-09T09:12:33","slug":"der-wandrd-duo-rucksack-von-mattias","status":"publish","type":"post","link":"https:\/\/taschenfreak.de\/blog\/2022\/02\/06\/der-wandrd-duo-rucksack-von-mattias\/","title":{"rendered":"Der Wandrd DUO Rucksack von Mattias"},"content":{"rendered":"<p>Schon vor einigen Monaten habe ich von Mattias Sammer Bilder und den folgenden Bericht zum <a href=\"https:\/\/amzn.to\/34GJYWP\"><strong>Wandrd DUO<\/strong><\/a> Rucksack bekommen um das mit Euch zu teilen. Das m\u00f6chte ich nun (endlich) hiermit machen. Mattias schreibt in seiner Nachricht an mich und damit auch an Euch folgendes:<\/p>\n<blockquote><p>Hallo J\u00f6rg, hallo liebe Taschenfreak Gemeinde,<\/p>\n<p>Da ich als einer der Unterst\u00fctzer des <a href=\"https:\/\/amzn.to\/34GJYWP\">Wandrd DUO Rucksack<\/a>, diesen schon bei mir Zuhause stehen habe, will ich euch nun ein paar Eindr\u00fccke geben.<\/p>\n<p><strong>Hier einmal die Technischen Daten vom Hersteller:<\/strong><\/p>\n<ul>\n<li>Zahlreiche Innentaschen\/Netzf\u00e4cher f\u00fcr Kleinzubeh\u00f6r<\/li>\n<li>Kabel-Organisation mit elastischer Kordelhalterung<\/li>\n<li>Klett-Inneneinteiler zur Anpassung des <a href=\"https:\/\/amzn.to\/3GyRbp7\">Camera Cubes<\/a> an die Ausr\u00fcstung<\/li>\n<li>Laptopfach f\u00fcr 15-Zoll-Laptops<\/li>\n<li>Tabletfach f\u00fcr Pro-Tablets<\/li>\n<li>Versteckte Rei\u00dfverschlusstasche f\u00fcr Reisepass und Bargeld unter der R\u00fcckenpolsterung<\/li>\n<li>Weich ausgekleidete Fleece-Tasche f\u00fcr Smartphone oder Brille<\/li>\n<li>Durchlass unter der R\u00fcckenpolsterung &#8211; perfekt f\u00fcr den Griff eines Reise-Trolley<\/li>\n<li>Befestigungspunkte f\u00fcr <a href=\"https:\/\/amzn.to\/3ow3uMM\">Wandrd Waist Strap<\/a> H\u00fcftgurt (optional erh\u00e4ltlich)<\/li>\n<li>Acht Gurt\u00f6sen f\u00fcr <a href=\"https:\/\/amzn.to\/35TBfRH\">Wandrd Accessory Straps<\/a> (optional erh\u00e4ltlich)<\/li>\n<\/ul>\n<p><strong>Weitere Details:<\/strong><\/p>\n<ul>\n<li>Au\u00dfenma\u00dfe: 49,5 x 29 x 16,5 cm (H\u00f6he x Breite x Tiefe)<\/li>\n<li>Innenma\u00dfe: 48,3 x 27,9 x 14 cm (H\u00f6he x Breite x Tiefe)<\/li>\n<li>Volumen: 20 Liter<\/li>\n<li>Innenma\u00dfe Camera Cube: 14 x 24 x 12 cm (H\u00f6he x Breite x Tiefe)<\/li>\n<li>Innenma\u00dfe Laptopfach: 39,4 x 26,7 x 2,5 cm (H\u00f6he x Breite x Tiefe)<\/li>\n<li>Innenma\u00dfe Tabletfach: 27,9 x 24,1 cm x 1,3 cm (H\u00f6he x Breite x Tiefe)<\/li>\n<li>Gewicht: ca. 1,4 kg<\/li>\n<li>Material: 840D Ballistic Nylon mit Beschichtung, 1680D Ballistic Nylon mit Beschichtung (Rucksackboden), YKK-Zipper (wasserabweisend), EVAC-Schaum (R\u00fcckenpolsterung)<\/li>\n<li>Farbe: Schwarz<\/li>\n<\/ul>\n<p>Warum ich mich da hinrei\u00dfen lie\u00df und einen Finanzierungsbeitrag geleistet habe, ist ganz einfach, weil mir sofort die vielen kleinen Stauf\u00e4cher ins Auge gefallen sind. Und ich muss sagen die sind wirklich super. Vor allem der ausklappbare <a href=\"https:\/\/amzn.to\/3GyRbp7\">Kamera Cube<\/a> ist toll. Mitgeliefert wird hier noch 1 Trennwand, womit man den <a href=\"https:\/\/amzn.to\/3GyRbp7\">Cube<\/a> dann in der Mitte oder wo man m\u00f6chte abtrennen kann und somit links und rechts separat auf die F\u00e4cher zugreifen kann. Die beiden oberen Taschen (wo bei einem der Blitz drinnen Steck) sind wirklich sehr dehnbar und schmiegen sich super an Objektiven oder dem Blitz an. Finde ich toll. Beim Laptop\/ Tablet Fach gef\u00e4llt mir die gute Polsterung dazwischen super. Der Rucksack soll auch extrem Robust und Wasserabweisend sein, so gibt es im Produkt-Video die Demonstration in der Waschanlage, dies sollte er aushalten. Von mir wurde es aber nicht getestet!<\/p>\n<p>Das InfiniteZip-Rei\u00dfverschlussystem f\u00fcr den allseitigen Zugriff, gef\u00e4llt mir auch. So kann man Problemlos auf die einzelnen Taschen auf der Seite zugreifen ohne immer den Rucksack komplett zu \u00f6ffnen. Was mir hier aber negativ aufgefallen ist: Da der Rei\u00dfverschluss oben Richtung R\u00fcckenteil geht, hakt das ganze beim Zumachen schon ein wenig. Vor allem wenn man den Rucksack nicht komplett voll beladen hat. Allerdings kommt mir vor, dass es mit jedem \u00f6ffnen und schlie\u00dfen besser \u201eFlutscht\u201c. Hier gibt es eventuell einen Minuspunkt von meiner Seite, da der Rei\u00dfverschluss anfangs relativ Schwerg\u00e4ngig ist. (Wahrscheinlich ist das der Dichtigkeit geschuldet vermute ich)<\/p>\n<p>Den <a href=\"https:\/\/amzn.to\/35TBfRH\">Wandrd Accessory Strap<\/a> habe ich mir gleich mal Nachbestellt. Kostet ja nur ein paar Euro und ich finde, wenn man dann mal ein Stativ mitnehmen will, wird das sehr Praktisch sein. Ansonsten w\u00fcsste ich ohnehin nicht wie man bei dem Rucksack ein Stativ transportieren sollte. Dass man den Rucksack am Trolley Griff befestigen kann, finde ich nice-to-have, auch wenn es bei mir vielleicht nur ganz selten zur Benutzung kommen wird.<\/p>\n<p>Mit der Beladung wie auf den Bildern zu sehen, ist der Rucksack dann schon ziemlich vollgepackt. Wenn man dann die 1Liter Wasserflasche Vollmacht kommt das Ganze dann auf ca. 8 KG Gewicht. So bin ich dann mal 15Minuten in der Wohnung herumgelaufen und muss sagen er sitzt wirklich bequem auf dem R\u00fccken. Normalerweise wird er bei mir nicht so voll bepackt werden im normalen Alltag. Leider ist bei uns schon die ganze Woche das Wetter Grau in Grau mit viel Regen. Somit konnte ich den Rucksack noch nicht ausgiebig in der freien Wildbahn testen. Aber Regen kann ihn nichts anhaben, das steht schon mal fest. Wenn das Wetter dann besser ist und die <a href=\"https:\/\/amzn.to\/35TBfRH\">Accessory Straps<\/a> auch bei mir sind, gibt es dann einen Nachtrag mit ein paar Bilder. Was ich dann noch testen will, ist der Zugriff, wenn man unterwegs ist auf die einzelnen F\u00e4cher. Das werdet Ihr auch noch in meinem Nachtrag h\u00f6ren.<\/p>\n<p><strong>Mein Fazit:<\/strong><\/p>\n<p>Der Wandrd DUO f\u00fcgt sich perfekt in meine Rucksack-Sammlung ein. Neben dem Backpack 2.0 und dem Explorer Backpack+ ist er f\u00fcr mich der perfekte Rucksack f\u00fcr den Alltag, wenn man mal nicht die komplette Fotoausr\u00fcstung mit sich herumschleppen will. Das Innenleben mit den vielen durchdachten F\u00e4chern l\u00e4sst sich auch super benutzen und man hat die ganzen Kabel oder Kleinteile sicher verstaut, ohne dass man bei jedem \u00d6ffnen Angst haben muss das was herausf\u00e4llt.<\/p>\n<p>Wenn man den Reisverschluss von oben links und rechts zur H\u00e4lfte Runterzieht f\u00e4llt das \u201eVorderteil\u201c einfach runter und man hat freien Zugriff auf die ganzen F\u00e4cher. Das finde ich super, dass Wandrd hier ein flexibles Material benutzt hat. Also man h\u00f6rt schon wie begeistert ich von meinem neuen Alltagsbegleiter bin.<\/p>\n<p>Hoffentlich konnte ich mit meinem kleinen Bericht aufzeigen wo hier die St\u00e4rken und die Schw\u00e4chen liegen und somit bei der Entscheidung helfen ob es der richtige Rucksack f\u00fcr dich sein k\u00f6nnte!<\/p>\n<p>Liebe Gr\u00fc\u00dfe<br \/>\nMattias<\/p><\/blockquote>\n<p>Ich sage Danke und denke Mattias hat uns mit diesen Informationen gut helfen k\u00f6nnen und uns den Kamerarucksack <a href=\"https:\/\/amzn.to\/34GJYWP\">Wandrd DUO<\/a> damit gut vorstellen k\u00f6nnen.<\/p>\n<p>Sch\u00f6ne Gr\u00fc\u00dfe &#8211; Euer Taschenfreak &#8211; J\u00f6rg Langer<\/p>\n","protected":false},"excerpt":{"rendered":"<p>Schon vor einigen Monaten habe ich von Mattias Bilder und den folgenden Bericht zum Wandrd DUO Rucksack bekommen um das mit Euch zu teilen. Das m\u00f6chte ich nun (endlich) hiermit machen. Matthias schreibt in seiner Nachricht an mich und damit auch an Euch folgendes: &#8230;<\/p>\n","protected":false},"author":3,"featured_media":11224,"comment_status":"open","ping_status":"open","sticky":false,"template":"","format":"standard","meta":{"ngg_post_thumbnail":0,"_jetpack_memberships_contains_paid_content":false,"footnotes":"","_links_to":"","_links_to_target":""},"categories":[3,7],"tags":[2288,2289,1047,2020,2287],"class_list":["post-11223","post","type-post","status-publish","format-standard","has-post-thumbnail","hentry","category-rucksack","category-rucksack-mit-notebookfach-und-daypack","tag-duo-rucksack","tag-matthias-sammer","tag-rucksack","tag-wandrd","tag-wandrd-duo-rucksack"],"jetpack_featured_media_url":"https:\/\/taschenfreak.de\/blog\/wp-content\/uploads\/2022\/02\/2022_02_06_Wandrd_DUO_Mattias_Sammer_Banner.jpg","jetpack_shortlink":"https:\/\/wp.me\/p4GMND-2V1","jetpack_sharing_enabled":true,"_links":{"self":[{"href":"https:\/\/taschenfreak.de\/blog\/wp-json\/wp\/v2\/posts\/11223","targetHints":{"allow":["GET"]}}],"collection":[{"href":"https:\/\/taschenfreak.de\/blog\/wp-json\/wp\/v2\/posts"}],"about":[{"href":"https:\/\/taschenfreak.de\/blog\/wp-json\/wp\/v2\/types\/post"}],"author":[{"embeddable":true,"href":"https:\/\/taschenfreak.de\/blog\/wp-json\/wp\/v2\/users\/3"}],"replies":[{"embeddable":true,"href":"https:\/\/taschenfreak.de\/blog\/wp-json\/wp\/v2\/comments?post=11223"}],"version-history":[{"count":2,"href":"https:\/\/taschenfreak.de\/blog\/wp-json\/wp\/v2\/posts\/11223\/revisions"}],"predecessor-version":[{"id":11226,"href":"https:\/\/taschenfreak.de\/blog\/wp-json\/wp\/v2\/posts\/11223\/revisions\/11226"}],"wp:featuredmedia":[{"embeddable":true,"href":"https:\/\/taschenfreak.de\/blog\/wp-json\/wp\/v2\/media\/11224"}],"wp:attachment":[{"href":"https:\/\/taschenfreak.de\/blog\/wp-json\/wp\/v2\/media?parent=11223"}],"wp:term":[{"taxonomy":"category","embeddable":true,"href":"https:\/\/taschenfreak.de\/blog\/wp-json\/wp\/v2\/categories?post=11223"},{"taxonomy":"post_tag","embeddable":true,"href":"https:\/\/taschenfreak.de\/blog\/wp-json\/wp\/v2\/tags?post=11223"}],"curies":[{"name":"wp","href":"https:\/\/api.w.org\/{rel}","templated":true}]}}