{"id":11613,"date":"2022-11-13T19:38:05","date_gmt":"2022-11-13T18:38:05","guid":{"rendered":"https:\/\/taschenfreak.de\/blog\/?p=11613"},"modified":"2022-11-13T19:38:05","modified_gmt":"2022-11-13T18:38:05","slug":"eine-wow-tasche-die-neue-oberwerth-gordon-ist-es-die-tasche-fuers-buero","status":"publish","type":"post","link":"https:\/\/taschenfreak.de\/blog\/2022\/11\/13\/eine-wow-tasche-die-neue-oberwerth-gordon-ist-es-die-tasche-fuers-buero\/","title":{"rendered":"Eine WOW-Tasche? Die neue Oberwerth Gordon &#8211; ist es DIE Tasche f\u00fcrs B\u00fcro?"},"content":{"rendered":"<p>Ich muss mir hier mal (wieder) untreu werden und einen Bericht zu einer &#8222;Nicht-Foto-Tasche&#8220; posten. Seit ein paar Tagen\/Wochen bin ich mit der neuen <a href=\"https:\/\/oberwerth.com\/products\/laptop-tasche-gordon-schwarz\">Oberwerth Gordon<\/a>, einer Notebooktasche aus der neuen <a href=\"https:\/\/oberwerth.com\/collections\/business-line\">Oberwerth Business-Line<\/a> unterwegs und habe Euch dazu im folgenden <a href=\"https:\/\/youtu.be\/N7wpmPPPzs0\">Video<\/a> einen kleinen Eindruck vermittelt, was in eine Tasche rein passen kann, die von innen gr\u00f6\u00dfer ist, als sie von au\u00dfen aussieht. Neugierig? Dann <a href=\"https:\/\/youtu.be\/N7wpmPPPzs0\">klickt<\/a> Euch mal rein in das <a href=\"https:\/\/youtu.be\/N7wpmPPPzs0\">folgende Video<\/a>:<\/p>\n<div class=\"jetpack-video-wrapper\"><span class=\"embed-youtube\" style=\"text-align:center; display: block;\"> <\/p>\n<div class=\"brlbs-cmpnt-container brlbs-cmpnt-content-blocker brlbs-cmpnt-with-individual-styles\" data-borlabs-cookie-content-blocker-id=\"youtube-content-blocker\" data-borlabs-cookie-content=\"PGlmcmFtZSBjbGFzcz0ieW91dHViZS1wbGF5ZXIiIHdpZHRoPSI2NTAiIGhlaWdodD0iMzY2IiBzcmM9Imh0dHBzOi8vd3d3LnlvdXR1YmUtbm9jb29raWUuY29tL2VtYmVkL043d3BtUFBQenMwP3ZlcnNpb249MyYjMDM4O3JlbD0xJiMwMzg7c2hvd3NlYXJjaD0wJiMwMzg7c2hvd2luZm89MSYjMDM4O2l2X2xvYWRfcG9saWN5PTEmIzAzODtmcz0xJiMwMzg7aGw9ZGUtREUmIzAzODthdXRvaGlkZT0yJiMwMzg7d21vZGU9dHJhbnNwYXJlbnQiIGFsbG93ZnVsbHNjcmVlbj0idHJ1ZSIgc3R5bGU9ImJvcmRlcjowOyIgc2FuZGJveD0iYWxsb3ctc2NyaXB0cyBhbGxvdy1zYW1lLW9yaWdpbiBhbGxvdy1wb3B1cHMgYWxsb3ctcHJlc2VudGF0aW9uIGFsbG93LXBvcHVwcy10by1lc2NhcGUtc2FuZGJveCI+PC9pZnJhbWU+\">\n<div class=\"brlbs-cmpnt-cb-preset-c brlbs-cmpnt-cb-youtube\">\n<div class=\"brlbs-cmpnt-cb-thumbnail\" style=\"background-image: url('https:\/\/taschenfreak.de\/blog\/wp-content\/uploads\/borlabs-cookie\/1\/yt_N7wpmPPPzs0_hqdefault.jpg')\"><\/div>\n<div class=\"brlbs-cmpnt-cb-main\">\n<div class=\"brlbs-cmpnt-cb-play-button\"><\/div>\n<div class=\"brlbs-cmpnt-cb-content\">\n<p class=\"brlbs-cmpnt-cb-description\">Sie sehen gerade einen Platzhalterinhalt von <strong>YouTube<\/strong>. Um auf den eigentlichen Inhalt zuzugreifen, klicken Sie auf die Schaltfl\u00e4che unten. Bitte beachten Sie, dass dabei Daten an Drittanbieter weitergegeben werden.<\/p>\n<p> <a class=\"brlbs-cmpnt-cb-provider-toggle\" href=\"#\" data-borlabs-cookie-show-provider-information role=\"button\">Mehr Informationen<\/a> <\/div>\n<div class=\"brlbs-cmpnt-cb-buttons\"> <a class=\"brlbs-cmpnt-cb-btn\" href=\"#\" data-borlabs-cookie-unblock role=\"button\">Inhalt entsperren<\/a> <a class=\"brlbs-cmpnt-cb-btn\" href=\"#\" data-borlabs-cookie-accept-service role=\"button\" style=\"display: inherit\">Erforderlichen Service akzeptieren und Inhalte entsperren<\/a> <\/div>\n<\/p><\/div>\n<\/p><\/div>\n<\/div>\n<p><\/span><\/div>\n<p>Konnte ich das &#8222;Wow-Gef\u00fchl&#8220; im Video zu Euch transportieren? Ich muss mir irgendetwas einfallen lassen, wie ich authentisch und ehrlich ein Anfassgef\u00fchl zu Euch transportieren kann, denn gerade bei dieser Tasche, der Oberwerth Gordon, w\u00e4re das unfassbar wichtig. Diese Tasche muss man f\u00fchlen und nicht nur bestaunen. Wisst Ihr, wie ich meine?<\/p>\n<p><strong>Was mir sehr gut gef\u00e4llt?<\/strong><\/p>\n<ul>\n<li>Das Leder. Punkt.<\/li>\n<li>Die Aufteilung der Tasche ist so wunderbar praktisch f\u00fcr mein &#8222;Setup&#8220; an herum zu schleppenden Arbeitsger\u00e4ten und -Materialien.<\/li>\n<li>Das schicke und zeitlose Design dieser Tasche.<\/li>\n<li>Die Handgriffe die auch bei schwerer Beladung sehr bequem sind.<\/li>\n<li>Die Trolleyfunktion, wenn auch leider 5mm rechts und links &#8222;zu schmal&#8220; f\u00fcr meinen Trolley.<\/li>\n<li>Die vielen Vor-R\u00fcck und Innentaschen die alle ihren Sinn machen und eine &#8222;Daseins-Berechtigung&#8220; haben.<\/li>\n<li>Das Leder hatte ich schon erw\u00e4hnt, oder?<\/li>\n<li>Ich bin vom &#8222;Laderaum&#8220; der Oberwerth Gordon v\u00f6lligst fasziniert. Was da rein geht, bei einem so &#8222;smarten&#8220; \u00c4u\u00dferen. Faszinierend!<\/li>\n<li>Diese Tasche macht Spa\u00df. Sie schaut einfach nur &#8222;schick&#8220; aus und ist dennoch sehr unauff\u00e4llig.&nbsp;<\/li>\n<\/ul>\n<p><strong>Was mir nicht so gut gef\u00e4llt?<\/strong><\/p>\n<ul>\n<li>Die Schlaufe \u00fcber dem eigentlichen Notebookfach, da diese zum einen, einfach deutlich zzu kurz ist und der Metallknopf das iPad oder Notebook verkratzen kann. Da lasse ich mir was einfallen und denke ernsthaft \u00fcber heraustrennen der beiden Teile (Schlaufe mit Knopf und &#8222;Gegenknopf&#8220; nach). (<a href=\"https:\/\/youtu.be\/N7wpmPPPzs0\">wird im Video ausf\u00fchrlicher erl\u00e4utert<\/a>)<\/li>\n<li>Das oben positive Trolleyband bzw. die dazu eingerichtete R\u00fcckwand der Tasche, die wirklich nur schmale 5mm breiter sein m\u00fcsste um besser nutzbar zu sein. (zumindest an den breiten Trolleygriffen der Rimowa Alu-Riffel-Trolleys)<\/li>\n<li>Der nicht l\u00e4ngenverstellbare zu kurze Schultergurt, wie im <a href=\"https:\/\/youtu.be\/N7wpmPPPzs0\">Video<\/a> erl\u00e4utert.<\/li>\n<\/ul>\n<p><strong>Fotos<\/strong><\/p>\n<div id='gallery-1' class='gallery galleryid-11613 gallery-columns-3 gallery-size-thumbnail'><figure class='gallery-item'>\n\t\t\t<div class='gallery-icon landscape'>\n\t\t\t\t<a href='https:\/\/taschenfreak.de\/blog\/wp-content\/uploads\/2022\/11\/2022_11_06_TF_Oberwerth_Gordon_002.jpg' title=\"\" data-rl_title=\"\" class=\"rl-gallery-link\" data-rl_caption=\"\" data-rel=\"lightbox-gallery-1\"><img loading=\"lazy\" decoding=\"async\" width=\"150\" height=\"150\" src=\"https:\/\/taschenfreak.de\/blog\/wp-content\/uploads\/2022\/11\/2022_11_06_TF_Oberwerth_Gordon_002-150x150.jpg\" class=\"attachment-thumbnail size-thumbnail\" alt=\"\" srcset=\"https:\/\/taschenfreak.de\/blog\/wp-content\/uploads\/2022\/11\/2022_11_06_TF_Oberwerth_Gordon_002-150x150.jpg 150w, https:\/\/taschenfreak.de\/blog\/wp-content\/uploads\/2022\/11\/2022_11_06_TF_Oberwerth_Gordon_002-70x70.jpg 70w\" sizes=\"auto, (max-width: 150px) 100vw, 150px\" \/><\/a>\n\t\t\t<\/div><\/figure><figure class='gallery-item'>\n\t\t\t<div class='gallery-icon landscape'>\n\t\t\t\t<a href='https:\/\/taschenfreak.de\/blog\/wp-content\/uploads\/2022\/11\/2022_11_06_TF_Oberwerth_Gordon_003.jpg' title=\"\" data-rl_title=\"\" class=\"rl-gallery-link\" data-rl_caption=\"\" data-rel=\"lightbox-gallery-1\"><img loading=\"lazy\" decoding=\"async\" width=\"150\" height=\"150\" src=\"https:\/\/taschenfreak.de\/blog\/wp-content\/uploads\/2022\/11\/2022_11_06_TF_Oberwerth_Gordon_003-150x150.jpg\" class=\"attachment-thumbnail size-thumbnail\" alt=\"\" srcset=\"https:\/\/taschenfreak.de\/blog\/wp-content\/uploads\/2022\/11\/2022_11_06_TF_Oberwerth_Gordon_003-150x150.jpg 150w, https:\/\/taschenfreak.de\/blog\/wp-content\/uploads\/2022\/11\/2022_11_06_TF_Oberwerth_Gordon_003-70x70.jpg 70w\" sizes=\"auto, (max-width: 150px) 100vw, 150px\" \/><\/a>\n\t\t\t<\/div><\/figure><figure class='gallery-item'>\n\t\t\t<div class='gallery-icon landscape'>\n\t\t\t\t<a href='https:\/\/taschenfreak.de\/blog\/wp-content\/uploads\/2022\/11\/2022_11_06_TF_Oberwerth_Gordon_004.jpg' title=\"\" data-rl_title=\"\" class=\"rl-gallery-link\" data-rl_caption=\"\" data-rel=\"lightbox-gallery-1\"><img loading=\"lazy\" decoding=\"async\" width=\"150\" height=\"150\" src=\"https:\/\/taschenfreak.de\/blog\/wp-content\/uploads\/2022\/11\/2022_11_06_TF_Oberwerth_Gordon_004-150x150.jpg\" class=\"attachment-thumbnail size-thumbnail\" alt=\"\" srcset=\"https:\/\/taschenfreak.de\/blog\/wp-content\/uploads\/2022\/11\/2022_11_06_TF_Oberwerth_Gordon_004-150x150.jpg 150w, https:\/\/taschenfreak.de\/blog\/wp-content\/uploads\/2022\/11\/2022_11_06_TF_Oberwerth_Gordon_004-70x70.jpg 70w\" sizes=\"auto, (max-width: 150px) 100vw, 150px\" \/><\/a>\n\t\t\t<\/div><\/figure><figure class='gallery-item'>\n\t\t\t<div class='gallery-icon landscape'>\n\t\t\t\t<a href='https:\/\/taschenfreak.de\/blog\/wp-content\/uploads\/2022\/11\/2022_11_06_TF_Oberwerth_Gordon_005.jpg' title=\"\" data-rl_title=\"\" class=\"rl-gallery-link\" data-rl_caption=\"\" data-rel=\"lightbox-gallery-1\"><img loading=\"lazy\" decoding=\"async\" width=\"150\" height=\"150\" src=\"https:\/\/taschenfreak.de\/blog\/wp-content\/uploads\/2022\/11\/2022_11_06_TF_Oberwerth_Gordon_005-150x150.jpg\" class=\"attachment-thumbnail size-thumbnail\" alt=\"\" srcset=\"https:\/\/taschenfreak.de\/blog\/wp-content\/uploads\/2022\/11\/2022_11_06_TF_Oberwerth_Gordon_005-150x150.jpg 150w, https:\/\/taschenfreak.de\/blog\/wp-content\/uploads\/2022\/11\/2022_11_06_TF_Oberwerth_Gordon_005-70x70.jpg 70w\" sizes=\"auto, (max-width: 150px) 100vw, 150px\" \/><\/a>\n\t\t\t<\/div><\/figure><figure class='gallery-item'>\n\t\t\t<div class='gallery-icon landscape'>\n\t\t\t\t<a href='https:\/\/taschenfreak.de\/blog\/wp-content\/uploads\/2022\/11\/2022_11_06_TF_Oberwerth_Gordon_006.jpg' title=\"\" data-rl_title=\"\" class=\"rl-gallery-link\" data-rl_caption=\"\" data-rel=\"lightbox-gallery-1\"><img loading=\"lazy\" decoding=\"async\" width=\"150\" height=\"150\" src=\"https:\/\/taschenfreak.de\/blog\/wp-content\/uploads\/2022\/11\/2022_11_06_TF_Oberwerth_Gordon_006-150x150.jpg\" class=\"attachment-thumbnail size-thumbnail\" alt=\"\" srcset=\"https:\/\/taschenfreak.de\/blog\/wp-content\/uploads\/2022\/11\/2022_11_06_TF_Oberwerth_Gordon_006-150x150.jpg 150w, https:\/\/taschenfreak.de\/blog\/wp-content\/uploads\/2022\/11\/2022_11_06_TF_Oberwerth_Gordon_006-70x70.jpg 70w\" sizes=\"auto, (max-width: 150px) 100vw, 150px\" \/><\/a>\n\t\t\t<\/div><\/figure><figure class='gallery-item'>\n\t\t\t<div class='gallery-icon landscape'>\n\t\t\t\t<a href='https:\/\/taschenfreak.de\/blog\/wp-content\/uploads\/2022\/11\/2022_11_06_TF_Oberwerth_Gordon_007.jpg' title=\"\" data-rl_title=\"\" class=\"rl-gallery-link\" data-rl_caption=\"\" data-rel=\"lightbox-gallery-1\"><img loading=\"lazy\" decoding=\"async\" width=\"150\" height=\"150\" src=\"https:\/\/taschenfreak.de\/blog\/wp-content\/uploads\/2022\/11\/2022_11_06_TF_Oberwerth_Gordon_007-150x150.jpg\" class=\"attachment-thumbnail size-thumbnail\" alt=\"\" srcset=\"https:\/\/taschenfreak.de\/blog\/wp-content\/uploads\/2022\/11\/2022_11_06_TF_Oberwerth_Gordon_007-150x150.jpg 150w, https:\/\/taschenfreak.de\/blog\/wp-content\/uploads\/2022\/11\/2022_11_06_TF_Oberwerth_Gordon_007-70x70.jpg 70w\" sizes=\"auto, (max-width: 150px) 100vw, 150px\" \/><\/a>\n\t\t\t<\/div><\/figure><figure class='gallery-item'>\n\t\t\t<div class='gallery-icon landscape'>\n\t\t\t\t<a href='https:\/\/taschenfreak.de\/blog\/wp-content\/uploads\/2022\/11\/2022_11_06_TF_Oberwerth_Gordon_008.jpg' title=\"\" data-rl_title=\"\" class=\"rl-gallery-link\" data-rl_caption=\"\" data-rel=\"lightbox-gallery-1\"><img loading=\"lazy\" decoding=\"async\" width=\"150\" height=\"150\" src=\"https:\/\/taschenfreak.de\/blog\/wp-content\/uploads\/2022\/11\/2022_11_06_TF_Oberwerth_Gordon_008-150x150.jpg\" class=\"attachment-thumbnail size-thumbnail\" alt=\"\" srcset=\"https:\/\/taschenfreak.de\/blog\/wp-content\/uploads\/2022\/11\/2022_11_06_TF_Oberwerth_Gordon_008-150x150.jpg 150w, https:\/\/taschenfreak.de\/blog\/wp-content\/uploads\/2022\/11\/2022_11_06_TF_Oberwerth_Gordon_008-70x70.jpg 70w\" sizes=\"auto, (max-width: 150px) 100vw, 150px\" \/><\/a>\n\t\t\t<\/div><\/figure><figure class='gallery-item'>\n\t\t\t<div class='gallery-icon landscape'>\n\t\t\t\t<a href='https:\/\/taschenfreak.de\/blog\/wp-content\/uploads\/2022\/11\/2022_11_06_TF_Oberwerth_Gordon_009.jpg' title=\"\" data-rl_title=\"\" class=\"rl-gallery-link\" data-rl_caption=\"\" data-rel=\"lightbox-gallery-1\"><img loading=\"lazy\" decoding=\"async\" width=\"150\" height=\"150\" src=\"https:\/\/taschenfreak.de\/blog\/wp-content\/uploads\/2022\/11\/2022_11_06_TF_Oberwerth_Gordon_009-150x150.jpg\" class=\"attachment-thumbnail size-thumbnail\" alt=\"\" srcset=\"https:\/\/taschenfreak.de\/blog\/wp-content\/uploads\/2022\/11\/2022_11_06_TF_Oberwerth_Gordon_009-150x150.jpg 150w, https:\/\/taschenfreak.de\/blog\/wp-content\/uploads\/2022\/11\/2022_11_06_TF_Oberwerth_Gordon_009-70x70.jpg 70w\" sizes=\"auto, (max-width: 150px) 100vw, 150px\" \/><\/a>\n\t\t\t<\/div><\/figure><figure class='gallery-item'>\n\t\t\t<div class='gallery-icon portrait'>\n\t\t\t\t<a href='https:\/\/taschenfreak.de\/blog\/wp-content\/uploads\/2022\/11\/2022_11_06_TF_Oberwerth_Gordon_010.jpg' title=\"\" data-rl_title=\"\" class=\"rl-gallery-link\" data-rl_caption=\"\" data-rel=\"lightbox-gallery-1\"><img loading=\"lazy\" decoding=\"async\" width=\"150\" height=\"150\" src=\"https:\/\/taschenfreak.de\/blog\/wp-content\/uploads\/2022\/11\/2022_11_06_TF_Oberwerth_Gordon_010-150x150.jpg\" class=\"attachment-thumbnail size-thumbnail\" alt=\"\" srcset=\"https:\/\/taschenfreak.de\/blog\/wp-content\/uploads\/2022\/11\/2022_11_06_TF_Oberwerth_Gordon_010-150x150.jpg 150w, https:\/\/taschenfreak.de\/blog\/wp-content\/uploads\/2022\/11\/2022_11_06_TF_Oberwerth_Gordon_010-70x70.jpg 70w\" sizes=\"auto, (max-width: 150px) 100vw, 150px\" \/><\/a>\n\t\t\t<\/div><\/figure><figure class='gallery-item'>\n\t\t\t<div class='gallery-icon landscape'>\n\t\t\t\t<a href='https:\/\/taschenfreak.de\/blog\/wp-content\/uploads\/2022\/11\/2022_11_06_TF_Oberwerth_Gordon_011.jpg' title=\"\" data-rl_title=\"\" class=\"rl-gallery-link\" data-rl_caption=\"\" data-rel=\"lightbox-gallery-1\"><img loading=\"lazy\" decoding=\"async\" width=\"150\" height=\"150\" src=\"https:\/\/taschenfreak.de\/blog\/wp-content\/uploads\/2022\/11\/2022_11_06_TF_Oberwerth_Gordon_011-150x150.jpg\" class=\"attachment-thumbnail size-thumbnail\" alt=\"\" srcset=\"https:\/\/taschenfreak.de\/blog\/wp-content\/uploads\/2022\/11\/2022_11_06_TF_Oberwerth_Gordon_011-150x150.jpg 150w, https:\/\/taschenfreak.de\/blog\/wp-content\/uploads\/2022\/11\/2022_11_06_TF_Oberwerth_Gordon_011-70x70.jpg 70w\" sizes=\"auto, (max-width: 150px) 100vw, 150px\" \/><\/a>\n\t\t\t<\/div><\/figure><figure class='gallery-item'>\n\t\t\t<div class='gallery-icon landscape'>\n\t\t\t\t<a href='https:\/\/taschenfreak.de\/blog\/wp-content\/uploads\/2022\/11\/2022_11_06_TF_Oberwerth_Gordon_012.jpg' title=\"\" data-rl_title=\"\" class=\"rl-gallery-link\" data-rl_caption=\"\" data-rel=\"lightbox-gallery-1\"><img loading=\"lazy\" decoding=\"async\" width=\"150\" height=\"150\" src=\"https:\/\/taschenfreak.de\/blog\/wp-content\/uploads\/2022\/11\/2022_11_06_TF_Oberwerth_Gordon_012-150x150.jpg\" class=\"attachment-thumbnail size-thumbnail\" alt=\"\" srcset=\"https:\/\/taschenfreak.de\/blog\/wp-content\/uploads\/2022\/11\/2022_11_06_TF_Oberwerth_Gordon_012-150x150.jpg 150w, https:\/\/taschenfreak.de\/blog\/wp-content\/uploads\/2022\/11\/2022_11_06_TF_Oberwerth_Gordon_012-70x70.jpg 70w\" sizes=\"auto, (max-width: 150px) 100vw, 150px\" \/><\/a>\n\t\t\t<\/div><\/figure><figure class='gallery-item'>\n\t\t\t<div class='gallery-icon landscape'>\n\t\t\t\t<a href='https:\/\/taschenfreak.de\/blog\/wp-content\/uploads\/2022\/11\/2022_11_06_TF_Oberwerth_Gordon_014.jpg' title=\"\" data-rl_title=\"\" class=\"rl-gallery-link\" data-rl_caption=\"\" data-rel=\"lightbox-gallery-1\"><img loading=\"lazy\" decoding=\"async\" width=\"150\" height=\"150\" src=\"https:\/\/taschenfreak.de\/blog\/wp-content\/uploads\/2022\/11\/2022_11_06_TF_Oberwerth_Gordon_014-150x150.jpg\" class=\"attachment-thumbnail size-thumbnail\" alt=\"\" srcset=\"https:\/\/taschenfreak.de\/blog\/wp-content\/uploads\/2022\/11\/2022_11_06_TF_Oberwerth_Gordon_014-150x150.jpg 150w, https:\/\/taschenfreak.de\/blog\/wp-content\/uploads\/2022\/11\/2022_11_06_TF_Oberwerth_Gordon_014-70x70.jpg 70w\" sizes=\"auto, (max-width: 150px) 100vw, 150px\" \/><\/a>\n\t\t\t<\/div><\/figure>\n\t\t<\/div>\n\n<hr>\n<p><strong>Transparenz<\/strong><\/p>\n<p>Wie im&nbsp;<a href=\"https:\/\/youtu.be\/N7wpmPPPzs0\">Video<\/a>&nbsp;oben ganz klar erl\u00e4utert, habe ich diese Tasche von Oberwerth kostenfrei zur Verf\u00fcgung gestellt bekommen und darf diese auch behalten. Das hat meinen Test zu keinster Zeit beeinflusst oder ver\u00e4ndert. Oberwert erf\u00e4hrt zur selben Zeit von meinen Berichten wie Ihr. Eine Zensur ist weder von Oberwerth gewollt, noch w\u00fcrde ich das zulassen. Dann w\u00fcrde ich es nicht testen, wenn mir jemand in meinen Content rein reden w\u00fcrde. Das versuchen Hersteller oder H\u00e4ndler ab und zu mal, aber von denen wird es bei mir keine Testberichte geben. Die m\u00fcssen leider drau\u00dfen bleiben wie der Waldi beim Metzger.&nbsp;<\/p>\n<hr>\n<p><strong>Links<\/strong><\/p>\n<ul>\n<li><a href=\"https:\/\/youtu.be\/E_asUVNQt0E\">Mein Video zur Oberwerth Gordon auf YouTube<\/a><\/li>\n<li><a href=\"https:\/\/oberwerth.com\/products\/laptop-tasche-gordon-schwarz\">Die Oberwerth Gordon beim Hersteller<\/a><\/li>\n<li><a href=\"https:\/\/oberwerth.com\/collections\/business-line\">Die Business-Line beim Hersteller<\/a><\/li>\n<\/ul>\n<p><strong>Mein pers\u00f6nliches Fazit<\/strong><\/p>\n<p>Ich habe bewusst im Video und auch in diesem Artikel zum obigen Video nicht viel \u00fcber den Preis gesprochen, denn dieser ist mit 1.099 Euro schon eine echte Stande Geld und viele werden jetzt auf Ihr Notebook schauen, das vielleicht nur um die 500 Euro gekostet hat und sich fragen &#8222;<em>F\u00fcr was kostet eine Tasche so viel Geld?<\/em>&#8222;. Dennoch gibt es einen Markt f\u00fcr solche edlen und hochpreisigen Business-Taschen. Oberwerth hat hier nicht nur eine &#8222;<em>Schicki-Micki-ich-bin-Teuer-Tasche<\/em>&#8220; auf den Markt gebracht, sondern es geschafft \u00e4u\u00dferst edle Materialien mit einer ausgezeichneten Verarbeitung zu kombinieren und das in ein sehr ansprechendes zeitloses Design zu packen und dennoch die Funktion nicht zu vernachl\u00e4ssigen. Und noch dazu das ganze &#8222;Made in Germany&#8220;. Sowas sucht mal auf dem riesigen Notebooktaschen-Markt. Das zu finden wird schwer. Ich brauche nicht mehr suchen, ich habe&nbsp; meine Notebooktasche f\u00fcr die kommenden Jahre gefunden. Was nat\u00fcrlich nicht hei\u00dft, das ich nicht weiter testen werde&#8230;.<\/p>\n<p>Sch\u00f6ne Gr\u00fc\u00dfe \u2013 Euer Taschenfreak \u2013 J\u00f6rg Langer<\/p>\n<hr class=\"wp-block-separator\">\n<p><span style=\"font-size: 8pt;\"><strong>Hinweis in eigener Sache zur Werbung<\/strong><\/span><br \/>\n<span style=\"font-size: 8pt;\">Meine Blogbeitr\u00e4ge und Videos sind Gluten-, Glukose- und Laktosefrei, k\u00f6nnen aber Spuren von Werbung beinhalten da ich die Artikel ab und zu kostenlos zur Verf\u00fcgung gestellt bekomme. <\/span><span style=\"font-size: 8pt;\">Meine Meinung ist frei von kommerziellen Einfl\u00fcssen, kann aber Spuren von Sarkasmus oder Ironie beinhalten.&nbsp; <\/span><span style=\"font-size: 8pt;\">Dieser Blog verfolgt keine kommerziellen Absichten. Die meisten mir zur Verf\u00fcgung gestellten Taschen verschenke ich oder verlose die f\u00fcr gute Zwecke. Meine treuen Leser wissen das seit Jahren.&nbsp; <\/span><span style=\"font-size: 8pt;\">Ich betreibe diesen Blog aus Spa\u00df an der Sache und nicht aus kommerziellen Absichten. Das mag in der heutigen Zeit eher ungew\u00f6hnlich sein. Mit diesem Schock m\u00fcsst Ihr leider zurecht kommen.<\/span><br \/>\n&nbsp;<\/p>\n","protected":false},"excerpt":{"rendered":"<p>Ich muss mir hier mal (wieder) untreu werden und einen Bericht zu einer &#8222;Nicht-Foto-Tasche&#8220; posten. Seit ein paar Tagen\/Wochen bin ich mit der neuen Oberwerth Gordon, einer Notebooktasche aus der neuen Oberwerth Business-Line unterwegs und habe Euch dazu im folgenden Video einen kleinen Eindruck vermittelt,&#8230;<\/p>\n","protected":false},"author":3,"featured_media":11614,"comment_status":"open","ping_status":"open","sticky":false,"template":"","format":"standard","meta":{"ngg_post_thumbnail":0,"_jetpack_memberships_contains_paid_content":false,"footnotes":"","_links_to":"","_links_to_target":""},"categories":[80,28,163,51],"tags":[2316,2317,1883,1059,271,1894,966],"class_list":["post-11613","post","type-post","status-publish","format-standard","has-post-thumbnail","hentry","category-leder","category-nicht-foto-taschen","category-notebooktaschen-und-hullen","category-packbespiel","tag-buero-tasche","tag-business-line","tag-business-tasche","tag-leder","tag-made-in-germany","tag-notebook-tasche","tag-oberwerth"],"jetpack_featured_media_url":"https:\/\/taschenfreak.de\/blog\/wp-content\/uploads\/2022\/11\/2022_11_06_TF_Oberwerth_Gordon_001.jpg","jetpack_shortlink":"https:\/\/wp.me\/p4GMND-31j","jetpack_sharing_enabled":true,"_links":{"self":[{"href":"https:\/\/taschenfreak.de\/blog\/wp-json\/wp\/v2\/posts\/11613","targetHints":{"allow":["GET"]}}],"collection":[{"href":"https:\/\/taschenfreak.de\/blog\/wp-json\/wp\/v2\/posts"}],"about":[{"href":"https:\/\/taschenfreak.de\/blog\/wp-json\/wp\/v2\/types\/post"}],"author":[{"embeddable":true,"href":"https:\/\/taschenfreak.de\/blog\/wp-json\/wp\/v2\/users\/3"}],"replies":[{"embeddable":true,"href":"https:\/\/taschenfreak.de\/blog\/wp-json\/wp\/v2\/comments?post=11613"}],"version-history":[{"count":3,"href":"https:\/\/taschenfreak.de\/blog\/wp-json\/wp\/v2\/posts\/11613\/revisions"}],"predecessor-version":[{"id":11630,"href":"https:\/\/taschenfreak.de\/blog\/wp-json\/wp\/v2\/posts\/11613\/revisions\/11630"}],"wp:featuredmedia":[{"embeddable":true,"href":"https:\/\/taschenfreak.de\/blog\/wp-json\/wp\/v2\/media\/11614"}],"wp:attachment":[{"href":"https:\/\/taschenfreak.de\/blog\/wp-json\/wp\/v2\/media?parent=11613"}],"wp:term":[{"taxonomy":"category","embeddable":true,"href":"https:\/\/taschenfreak.de\/blog\/wp-json\/wp\/v2\/categories?post=11613"},{"taxonomy":"post_tag","embeddable":true,"href":"https:\/\/taschenfreak.de\/blog\/wp-json\/wp\/v2\/tags?post=11613"}],"curies":[{"name":"wp","href":"https:\/\/api.w.org\/{rel}","templated":true}]}}