{"id":1183,"date":"2012-06-14T17:52:07","date_gmt":"2012-06-14T15:52:07","guid":{"rendered":"http:\/\/taschenfreak.de\/blog\/?p=1183"},"modified":"2012-06-14T17:52:07","modified_gmt":"2012-06-14T15:52:07","slug":"packbeispiel-crumpler-banana-bowl-m","status":"publish","type":"post","link":"https:\/\/taschenfreak.de\/blog\/2012\/06\/14\/packbeispiel-crumpler-banana-bowl-m\/","title":{"rendered":"Packbeispiel: Crumpler Banana Bowl M"},"content":{"rendered":"<p><img loading=\"lazy\" decoding=\"async\" class=\"alignright size-thumbnail wp-image-1184\" title=\"Cru_BananaBowlM_Jaques_0003\" src=\"https:\/\/taschenfreak.de\/blog\/wp-content\/uploads\/2012\/06\/Cru_BananaBowlM_Jaques_0003-150x150.jpg\" alt=\"\" width=\"150\" height=\"150\" \/>Herr Jacques hat uns einige Informationen und Bilder geschickt, unter anderen auch zu seiner <strong>Crumpler Banana Bowl M<\/strong>. Er schreibt in seiner Mail an uns:<\/p>\n<blockquote><p>Hallo Taschenfreak,<\/p>\n<p>anbei sende ich dir &#8222;Material&#8220; zum Tascheneinsatz Banana Bowl M von Crumpler. Diesen Einsatz benutze ich einfach sehr gerne, weil er in viele Taschen reinpasst. Ich benutze diverse Tasche von Freitag und Vargu. Von diesen werde ich Dir auch noch ein paar Bilder separat schicken. Dieser Einsatz ist einfach toll, er passt in Taschen, welche Unterwegs nicht unbedingt als typischen Fototasche erkannt werden. <!--more-->Einfach genial. Die Freitag Taschen kennst Du ja schon, hab Deinen Beitrag mit der Lassie gelesen. Die Freitag-Taschen sind aus LKW-Planen hergestellt und einfach cool. Der Traggurt aus Autosicherheitsgurt. Die Taschenumrandungen aus alten Fahrradschl\u00e4uchen. Im Alltag sind Freitagtaschen, welche ich schon seit \u00fcber 10 Jahren im Betrieb habe einfach unverw\u00fcstlich, klar zeichnen sich die Jahre, jedoch einfach Allwetterfest und man kann sie auch mal auf den Boden stellen. Und wenn&#8217;s dann mal n\u00f6tig ist, ab in die Waschmaschine. \ud83d\ude42<br \/>\nBei den Vargu-Taschen handelt es sich um Taschen, welche in Indien Fairtrade produziert wurden. F\u00fcr ihre Herstellung werden alte Traktorschl\u00e4uche verwendet, Autosicherheitsgurten und Tetron. Diese Taschen habe ich erst seit ca. 3 Wochen im Einsatz. Vargu und Freitag sind jeweils Unikate.<\/p>\n<p>Wie Du siehst hat eine SLR Nikon D300s wunderbar platz, auch f\u00fchre ich einen Digitalenfernausl\u00f6ser, Batterie, Akkuladeger\u00e4t mit Kabel, zus\u00e4tzlicher Akku, Memostick, Putzt\u00fcchlein, Stativhalterung, zus\u00e4tzliche SD-Karte, Schweizer Taschenmesser und Danbo &#8222;Herr Jacques&#8220; mit.<\/p>\n<p>Hier die Angaben zu f\u00fcnf Taschen, welche ich zur Zeit in Betrieb habe in Kombination mit der Crumpler Banana Bowl M.<\/p>\n<p>Freitag Dragnet F12 mm: 360 x 120 x 330 \/ vergr\u00f6ssert 540<br \/>\nVolumen 14.2 Liter (nicht vergr\u00f6ssert)<\/p>\n<p>Freitag Dexter F14\u00a0mm: 320 x 95 x 290 \/ vergr\u00f6ssert 500<br \/>\nVolumen 10 Liter (nicht vergr\u00f6ssert)<\/p>\n<p>Freitag Ben F77 mm: 385 x 110 x 275 \/ Volumen 11.6 Liter<\/p>\n<p>(Freitag F74 Bob und F46 Clark sind ein wenig zu gross und habe ich hier nicht speziell erw\u00e4hnt, bei Bedarf k\u00f6nnte ich diese noch Nachliefern)<\/p>\n<p><a href=\"www.freitag.ch\" target=\"_blank\">www.freitag.ch<\/a><\/p>\n<p>Vargu Queru mm: 260 x 100 x 230 mit Laptopfach 10&#8243;, zus\u00e4tzlich befinden sich in der Tasche 2 Mobiltaschen und Stifthalter<\/p>\n<p>Vargu Revex mm: 390 x 180 x 320 mit Laptoph\u00fclle 15&#8243;, zus\u00e4tzlich befinden sich in der Tasche 2 Mobiltaschen und Stifthalter<\/p>\n<p><a href=\"http:\/\/www.vargu.ch\/home-deutsch\" target=\"_blank\">http:\/\/www.vargu.ch\/home-deutsch<\/a><\/p>\n<p>Ich hoffe, Du kannst damit was Anfangen, bei Fragen stehe ich Dir gerne zur Verf\u00fcgung. Deine Seite &#8222;Taschenfreak&#8220; einfach der Hit. Verbrachte schon Stunden darauf \ud83d\ude42<br \/>\nMeinen Namen brauchst Du nicht zu erw\u00e4hnen, wenn dann kannst Du &#8222;Herr Jacques&#8220; einf\u00fcgen \ud83d\ude42<\/p>\n<p>So, nun w\u00fcnsche ich Dir eine gute Zeit und viel Spass \ud83d\ude42<\/p><\/blockquote>\nngg_shortcode_0_placeholder\n<p><span style=\"color: #ffffff;\">.<\/span><\/p>\n<p>Vielen Dank an den netten Herr Jacques :-).<\/p>\n<div><\/div>\n<div><\/div>\n","protected":false},"excerpt":{"rendered":"<p>Herr Jacques hat uns einige Informationen und Bilder geschickt, unter anderen auch zu seiner Crumpler Banana Bowl M. Er schreibt in seiner Mail an uns:<\/p>\n","protected":false},"author":3,"featured_media":0,"comment_status":"open","ping_status":"open","sticky":false,"template":"","format":"standard","meta":{"ngg_post_thumbnail":0,"_jetpack_memberships_contains_paid_content":false,"footnotes":"","_links_to":"","_links_to_target":""},"categories":[51,139],"tags":[316,1073,317,48],"class_list":["post-1183","post","type-post","status-publish","format-standard","hentry","category-packbespiel","category-taschensysteme","tag-banana-bowl","tag-crumpler","tag-einsatz","tag-packbeispiel"],"jetpack_featured_media_url":"","jetpack_shortlink":"https:\/\/wp.me\/p4GMND-j5","jetpack_sharing_enabled":true,"_links":{"self":[{"href":"https:\/\/taschenfreak.de\/blog\/wp-json\/wp\/v2\/posts\/1183","targetHints":{"allow":["GET"]}}],"collection":[{"href":"https:\/\/taschenfreak.de\/blog\/wp-json\/wp\/v2\/posts"}],"about":[{"href":"https:\/\/taschenfreak.de\/blog\/wp-json\/wp\/v2\/types\/post"}],"author":[{"embeddable":true,"href":"https:\/\/taschenfreak.de\/blog\/wp-json\/wp\/v2\/users\/3"}],"replies":[{"embeddable":true,"href":"https:\/\/taschenfreak.de\/blog\/wp-json\/wp\/v2\/comments?post=1183"}],"version-history":[{"count":0,"href":"https:\/\/taschenfreak.de\/blog\/wp-json\/wp\/v2\/posts\/1183\/revisions"}],"wp:attachment":[{"href":"https:\/\/taschenfreak.de\/blog\/wp-json\/wp\/v2\/media?parent=1183"}],"wp:term":[{"taxonomy":"category","embeddable":true,"href":"https:\/\/taschenfreak.de\/blog\/wp-json\/wp\/v2\/categories?post=1183"},{"taxonomy":"post_tag","embeddable":true,"href":"https:\/\/taschenfreak.de\/blog\/wp-json\/wp\/v2\/tags?post=1183"}],"curies":[{"name":"wp","href":"https:\/\/api.w.org\/{rel}","templated":true}]}}