{"id":11844,"date":"2023-03-03T12:16:11","date_gmt":"2023-03-03T11:16:11","guid":{"rendered":"https:\/\/taschenfreak.de\/blog\/?p=11844"},"modified":"2023-03-03T12:16:11","modified_gmt":"2023-03-03T11:16:11","slug":"brevite-jumper-der-hipster-rucksack-aus-usa-spannend-oder-langweilig","status":"publish","type":"post","link":"https:\/\/taschenfreak.de\/blog\/2023\/03\/03\/brevite-jumper-der-hipster-rucksack-aus-usa-spannend-oder-langweilig\/","title":{"rendered":"Brevite Jumper &#8211; Der &#8222;Hipster Rucksack&#8220; aus USA. Spannend oder langweilig?"},"content":{"rendered":"<p class=\"p1\">Selten hat mich ein Kamerarucksack so neugierig gemacht wie dieser. Der Brevite Jumper, den ich von meinem Fotofreund Erik zum testen bekommen habe, hat es was &#8211; etwas was zwischen Spannend und Langweilig einzuordnen ist. Ich wollte diesen Stoffrucksack unbedingt testen. Was ich davon halte und was sich alles darin verstauen l\u00e4sst, das findet Ihr im <a href=\"https:\/\/youtu.be\/pXzDgatc0F0\">folgenden Video<\/a>. Klickt Euch mal rein:<\/p>\n<div class=\"jetpack-video-wrapper\"><span class=\"embed-youtube\" style=\"text-align:center; display: block;\"> <\/p>\n<div class=\"brlbs-cmpnt-container brlbs-cmpnt-content-blocker brlbs-cmpnt-with-individual-styles\" data-borlabs-cookie-content-blocker-id=\"youtube-content-blocker\" data-borlabs-cookie-content=\"PGlmcmFtZSBjbGFzcz0ieW91dHViZS1wbGF5ZXIiIHdpZHRoPSI2NTAiIGhlaWdodD0iMzY2IiBzcmM9Imh0dHBzOi8vd3d3LnlvdXR1YmUtbm9jb29raWUuY29tL2VtYmVkL3BYekRnYXRjMEYwP3ZlcnNpb249MyYjMDM4O3JlbD0xJiMwMzg7c2hvd3NlYXJjaD0wJiMwMzg7c2hvd2luZm89MSYjMDM4O2l2X2xvYWRfcG9saWN5PTEmIzAzODtmcz0xJiMwMzg7aGw9ZGUtREUmIzAzODthdXRvaGlkZT0yJiMwMzg7d21vZGU9dHJhbnNwYXJlbnQiIGFsbG93ZnVsbHNjcmVlbj0idHJ1ZSIgc3R5bGU9ImJvcmRlcjowOyIgc2FuZGJveD0iYWxsb3ctc2NyaXB0cyBhbGxvdy1zYW1lLW9yaWdpbiBhbGxvdy1wb3B1cHMgYWxsb3ctcHJlc2VudGF0aW9uIGFsbG93LXBvcHVwcy10by1lc2NhcGUtc2FuZGJveCI+PC9pZnJhbWU+\">\n<div class=\"brlbs-cmpnt-cb-preset-c brlbs-cmpnt-cb-youtube\">\n<div class=\"brlbs-cmpnt-cb-thumbnail\" style=\"background-image: url('https:\/\/taschenfreak.de\/blog\/wp-content\/uploads\/borlabs-cookie\/1\/yt_pXzDgatc0F0_hqdefault.jpg')\"><\/div>\n<div class=\"brlbs-cmpnt-cb-main\">\n<div class=\"brlbs-cmpnt-cb-play-button\"><\/div>\n<div class=\"brlbs-cmpnt-cb-content\">\n<p class=\"brlbs-cmpnt-cb-description\">Sie sehen gerade einen Platzhalterinhalt von <strong>YouTube<\/strong>. Um auf den eigentlichen Inhalt zuzugreifen, klicken Sie auf die Schaltfl\u00e4che unten. Bitte beachten Sie, dass dabei Daten an Drittanbieter weitergegeben werden.<\/p>\n<p> <a class=\"brlbs-cmpnt-cb-provider-toggle\" href=\"#\" data-borlabs-cookie-show-provider-information role=\"button\">Mehr Informationen<\/a> <\/div>\n<div class=\"brlbs-cmpnt-cb-buttons\"> <a class=\"brlbs-cmpnt-cb-btn\" href=\"#\" data-borlabs-cookie-unblock role=\"button\">Inhalt entsperren<\/a> <a class=\"brlbs-cmpnt-cb-btn\" href=\"#\" data-borlabs-cookie-accept-service role=\"button\" style=\"display: inherit\">Erforderlichen Service akzeptieren und Inhalte entsperren<\/a> <\/div>\n<\/p><\/div>\n<\/p><\/div>\n<\/div>\n<p><\/span><\/div>\n<p class=\"p1\">Und was sagt Ihr? Spannend oder langweilig?&nbsp;<\/p>\n<p>&nbsp;<\/p>\n<p class=\"p1\"><b>Was mir sehr gut gef\u00e4llt?<\/b><\/p>\n<ul class=\"ul1\">\n<li class=\"li3\">Die Verarbeitung ist sehr gut.<\/li>\n<li>Das Design ist sehr schlicht aber sehr praktisch.<\/li>\n<li>Der Rucksack ist auch vollgeladen sehr bequem am R\u00fccken zu tragen.<\/li>\n<li>Das Volumen ist ausgezeichnet und passend f\u00fcr meinen &#8222;Digital-Ausflugs-Kram&#8220;.<\/li>\n<li>Die Materialien fassen sich sehr gut an. Der Rucksack ist ein sog. Handschmeichler. Die Innenmaterialien sind sehr weich und bequem und zugleich sch\u00fctzend.<\/li>\n<li>Der Schnellzugriff ist sehr praktisch.<\/li>\n<li>Der Brevite Jumper hat einen sehr bequemen Handgriff und ein Trolleygurt am R\u00fccken.<\/li>\n<li>Das 16&#8243; Macbook Pro passt wundervoll in das R\u00fcckenfach hinein.<\/li>\n<\/ul>\n<p>&nbsp;<\/p>\n<p class=\"p1\"><b>Was mir nicht so gut gef\u00e4llt?<\/b><\/p>\n<ul class=\"ul1\">\n<li class=\"li3\">Leider gibt es keinen Seperator zwischen Tablet und Notebook und beide sind im selben Fach direkt aneinander.<\/li>\n<li>Die Gurte am Boden sind meines Erachtens \u00fcberfl\u00fcssig und der Brevite Jumper w\u00fcrde noch dezenter aussehen ohne diese. Ich glaube nicht, dass jemand unter diesem Rucksack ein Stativ schnallt.<\/li>\n<li>Ein oder zwei kleine Inneneinteiler mehr im Lieferumfang w\u00e4re bei einer &#8222;kleinteiligen&#8220; Ausr\u00fcstung praktisch.<\/li>\n<\/ul>\n<p>&nbsp;<\/p>\n<p class=\"p1\"><b>Fotos<\/b><\/p>\n<div id='gallery-1' class='gallery galleryid-11844 gallery-columns-3 gallery-size-thumbnail'><figure class='gallery-item'>\n\t\t\t<div class='gallery-icon landscape'>\n\t\t\t\t<a href='https:\/\/taschenfreak.de\/blog\/wp-content\/uploads\/2023\/03\/2023_03_01_TF_Brevite_Jumper_01.jpg' title=\"\" data-rl_title=\"\" class=\"rl-gallery-link\" data-rl_caption=\"\" data-rel=\"lightbox-gallery-1\"><img loading=\"lazy\" decoding=\"async\" width=\"150\" height=\"150\" src=\"https:\/\/taschenfreak.de\/blog\/wp-content\/uploads\/2023\/03\/2023_03_01_TF_Brevite_Jumper_01-150x150.jpg\" class=\"attachment-thumbnail size-thumbnail\" alt=\"\" srcset=\"https:\/\/taschenfreak.de\/blog\/wp-content\/uploads\/2023\/03\/2023_03_01_TF_Brevite_Jumper_01-150x150.jpg 150w, https:\/\/taschenfreak.de\/blog\/wp-content\/uploads\/2023\/03\/2023_03_01_TF_Brevite_Jumper_01-70x70.jpg 70w\" sizes=\"auto, (max-width: 150px) 100vw, 150px\" \/><\/a>\n\t\t\t<\/div><\/figure><figure class='gallery-item'>\n\t\t\t<div class='gallery-icon landscape'>\n\t\t\t\t<a href='https:\/\/taschenfreak.de\/blog\/wp-content\/uploads\/2023\/03\/2023_03_01_TF_Brevite_Jumper_04.jpg' title=\"\" data-rl_title=\"\" class=\"rl-gallery-link\" data-rl_caption=\"\" data-rel=\"lightbox-gallery-1\"><img loading=\"lazy\" decoding=\"async\" width=\"150\" height=\"150\" src=\"https:\/\/taschenfreak.de\/blog\/wp-content\/uploads\/2023\/03\/2023_03_01_TF_Brevite_Jumper_04-150x150.jpg\" class=\"attachment-thumbnail size-thumbnail\" alt=\"\" srcset=\"https:\/\/taschenfreak.de\/blog\/wp-content\/uploads\/2023\/03\/2023_03_01_TF_Brevite_Jumper_04-150x150.jpg 150w, https:\/\/taschenfreak.de\/blog\/wp-content\/uploads\/2023\/03\/2023_03_01_TF_Brevite_Jumper_04-70x70.jpg 70w\" sizes=\"auto, (max-width: 150px) 100vw, 150px\" \/><\/a>\n\t\t\t<\/div><\/figure><figure class='gallery-item'>\n\t\t\t<div class='gallery-icon landscape'>\n\t\t\t\t<a href='https:\/\/taschenfreak.de\/blog\/wp-content\/uploads\/2023\/03\/2023_03_01_TF_Brevite_Jumper_05.jpg' title=\"\" data-rl_title=\"\" class=\"rl-gallery-link\" data-rl_caption=\"\" data-rel=\"lightbox-gallery-1\"><img loading=\"lazy\" decoding=\"async\" width=\"150\" height=\"150\" src=\"https:\/\/taschenfreak.de\/blog\/wp-content\/uploads\/2023\/03\/2023_03_01_TF_Brevite_Jumper_05-150x150.jpg\" class=\"attachment-thumbnail size-thumbnail\" alt=\"\" srcset=\"https:\/\/taschenfreak.de\/blog\/wp-content\/uploads\/2023\/03\/2023_03_01_TF_Brevite_Jumper_05-150x150.jpg 150w, https:\/\/taschenfreak.de\/blog\/wp-content\/uploads\/2023\/03\/2023_03_01_TF_Brevite_Jumper_05-70x70.jpg 70w\" sizes=\"auto, (max-width: 150px) 100vw, 150px\" \/><\/a>\n\t\t\t<\/div><\/figure><figure class='gallery-item'>\n\t\t\t<div class='gallery-icon landscape'>\n\t\t\t\t<a href='https:\/\/taschenfreak.de\/blog\/wp-content\/uploads\/2023\/03\/2023_03_01_TF_Brevite_Jumper_08.jpg' title=\"\" data-rl_title=\"\" class=\"rl-gallery-link\" data-rl_caption=\"\" data-rel=\"lightbox-gallery-1\"><img loading=\"lazy\" decoding=\"async\" width=\"150\" height=\"150\" src=\"https:\/\/taschenfreak.de\/blog\/wp-content\/uploads\/2023\/03\/2023_03_01_TF_Brevite_Jumper_08-150x150.jpg\" class=\"attachment-thumbnail size-thumbnail\" alt=\"\" srcset=\"https:\/\/taschenfreak.de\/blog\/wp-content\/uploads\/2023\/03\/2023_03_01_TF_Brevite_Jumper_08-150x150.jpg 150w, https:\/\/taschenfreak.de\/blog\/wp-content\/uploads\/2023\/03\/2023_03_01_TF_Brevite_Jumper_08-70x70.jpg 70w\" sizes=\"auto, (max-width: 150px) 100vw, 150px\" \/><\/a>\n\t\t\t<\/div><\/figure><figure class='gallery-item'>\n\t\t\t<div class='gallery-icon landscape'>\n\t\t\t\t<a href='https:\/\/taschenfreak.de\/blog\/wp-content\/uploads\/2023\/03\/2023_03_01_TF_Brevite_Jumper_09.jpg' title=\"\" data-rl_title=\"\" class=\"rl-gallery-link\" data-rl_caption=\"\" data-rel=\"lightbox-gallery-1\"><img loading=\"lazy\" decoding=\"async\" width=\"150\" height=\"150\" src=\"https:\/\/taschenfreak.de\/blog\/wp-content\/uploads\/2023\/03\/2023_03_01_TF_Brevite_Jumper_09-150x150.jpg\" class=\"attachment-thumbnail size-thumbnail\" alt=\"\" srcset=\"https:\/\/taschenfreak.de\/blog\/wp-content\/uploads\/2023\/03\/2023_03_01_TF_Brevite_Jumper_09-150x150.jpg 150w, https:\/\/taschenfreak.de\/blog\/wp-content\/uploads\/2023\/03\/2023_03_01_TF_Brevite_Jumper_09-70x70.jpg 70w\" sizes=\"auto, (max-width: 150px) 100vw, 150px\" \/><\/a>\n\t\t\t<\/div><\/figure><figure class='gallery-item'>\n\t\t\t<div class='gallery-icon landscape'>\n\t\t\t\t<a href='https:\/\/taschenfreak.de\/blog\/wp-content\/uploads\/2023\/03\/2023_03_01_TF_Brevite_Jumper_10.jpg' title=\"\" data-rl_title=\"\" class=\"rl-gallery-link\" data-rl_caption=\"\" data-rel=\"lightbox-gallery-1\"><img loading=\"lazy\" decoding=\"async\" width=\"150\" height=\"150\" src=\"https:\/\/taschenfreak.de\/blog\/wp-content\/uploads\/2023\/03\/2023_03_01_TF_Brevite_Jumper_10-150x150.jpg\" class=\"attachment-thumbnail size-thumbnail\" alt=\"\" srcset=\"https:\/\/taschenfreak.de\/blog\/wp-content\/uploads\/2023\/03\/2023_03_01_TF_Brevite_Jumper_10-150x150.jpg 150w, https:\/\/taschenfreak.de\/blog\/wp-content\/uploads\/2023\/03\/2023_03_01_TF_Brevite_Jumper_10-70x70.jpg 70w\" sizes=\"auto, (max-width: 150px) 100vw, 150px\" \/><\/a>\n\t\t\t<\/div><\/figure><figure class='gallery-item'>\n\t\t\t<div class='gallery-icon landscape'>\n\t\t\t\t<a href='https:\/\/taschenfreak.de\/blog\/wp-content\/uploads\/2023\/03\/2023_03_01_TF_Brevite_Jumper_11.jpg' title=\"\" data-rl_title=\"\" class=\"rl-gallery-link\" data-rl_caption=\"\" data-rel=\"lightbox-gallery-1\"><img loading=\"lazy\" decoding=\"async\" width=\"150\" height=\"150\" src=\"https:\/\/taschenfreak.de\/blog\/wp-content\/uploads\/2023\/03\/2023_03_01_TF_Brevite_Jumper_11-150x150.jpg\" class=\"attachment-thumbnail size-thumbnail\" alt=\"\" srcset=\"https:\/\/taschenfreak.de\/blog\/wp-content\/uploads\/2023\/03\/2023_03_01_TF_Brevite_Jumper_11-150x150.jpg 150w, https:\/\/taschenfreak.de\/blog\/wp-content\/uploads\/2023\/03\/2023_03_01_TF_Brevite_Jumper_11-70x70.jpg 70w\" sizes=\"auto, (max-width: 150px) 100vw, 150px\" \/><\/a>\n\t\t\t<\/div><\/figure><figure class='gallery-item'>\n\t\t\t<div class='gallery-icon landscape'>\n\t\t\t\t<a href='https:\/\/taschenfreak.de\/blog\/wp-content\/uploads\/2023\/03\/2023_03_01_TF_Brevite_Jumper_12.jpg' title=\"\" data-rl_title=\"\" class=\"rl-gallery-link\" data-rl_caption=\"\" data-rel=\"lightbox-gallery-1\"><img loading=\"lazy\" decoding=\"async\" width=\"150\" height=\"150\" src=\"https:\/\/taschenfreak.de\/blog\/wp-content\/uploads\/2023\/03\/2023_03_01_TF_Brevite_Jumper_12-150x150.jpg\" class=\"attachment-thumbnail size-thumbnail\" alt=\"\" srcset=\"https:\/\/taschenfreak.de\/blog\/wp-content\/uploads\/2023\/03\/2023_03_01_TF_Brevite_Jumper_12-150x150.jpg 150w, https:\/\/taschenfreak.de\/blog\/wp-content\/uploads\/2023\/03\/2023_03_01_TF_Brevite_Jumper_12-70x70.jpg 70w\" sizes=\"auto, (max-width: 150px) 100vw, 150px\" \/><\/a>\n\t\t\t<\/div><\/figure><figure class='gallery-item'>\n\t\t\t<div class='gallery-icon landscape'>\n\t\t\t\t<a href='https:\/\/taschenfreak.de\/blog\/wp-content\/uploads\/2023\/03\/2023_03_01_TF_Brevite_Jumper_13.jpg' title=\"\" data-rl_title=\"\" class=\"rl-gallery-link\" data-rl_caption=\"\" data-rel=\"lightbox-gallery-1\"><img loading=\"lazy\" decoding=\"async\" width=\"150\" height=\"150\" src=\"https:\/\/taschenfreak.de\/blog\/wp-content\/uploads\/2023\/03\/2023_03_01_TF_Brevite_Jumper_13-150x150.jpg\" class=\"attachment-thumbnail size-thumbnail\" alt=\"\" srcset=\"https:\/\/taschenfreak.de\/blog\/wp-content\/uploads\/2023\/03\/2023_03_01_TF_Brevite_Jumper_13-150x150.jpg 150w, https:\/\/taschenfreak.de\/blog\/wp-content\/uploads\/2023\/03\/2023_03_01_TF_Brevite_Jumper_13-70x70.jpg 70w\" sizes=\"auto, (max-width: 150px) 100vw, 150px\" \/><\/a>\n\t\t\t<\/div><\/figure><figure class='gallery-item'>\n\t\t\t<div class='gallery-icon landscape'>\n\t\t\t\t<a href='https:\/\/taschenfreak.de\/blog\/wp-content\/uploads\/2023\/03\/2023_03_01_TF_Brevite_Jumper_15.jpg' title=\"\" data-rl_title=\"\" class=\"rl-gallery-link\" data-rl_caption=\"\" data-rel=\"lightbox-gallery-1\"><img loading=\"lazy\" decoding=\"async\" width=\"150\" height=\"150\" src=\"https:\/\/taschenfreak.de\/blog\/wp-content\/uploads\/2023\/03\/2023_03_01_TF_Brevite_Jumper_15-150x150.jpg\" class=\"attachment-thumbnail size-thumbnail\" alt=\"\" srcset=\"https:\/\/taschenfreak.de\/blog\/wp-content\/uploads\/2023\/03\/2023_03_01_TF_Brevite_Jumper_15-150x150.jpg 150w, https:\/\/taschenfreak.de\/blog\/wp-content\/uploads\/2023\/03\/2023_03_01_TF_Brevite_Jumper_15-70x70.jpg 70w\" sizes=\"auto, (max-width: 150px) 100vw, 150px\" \/><\/a>\n\t\t\t<\/div><\/figure><figure class='gallery-item'>\n\t\t\t<div class='gallery-icon landscape'>\n\t\t\t\t<a href='https:\/\/taschenfreak.de\/blog\/wp-content\/uploads\/2023\/03\/2023_03_01_TF_Brevite_Jumper_16.jpg' title=\"\" data-rl_title=\"\" class=\"rl-gallery-link\" data-rl_caption=\"\" data-rel=\"lightbox-gallery-1\"><img loading=\"lazy\" decoding=\"async\" width=\"150\" height=\"150\" src=\"https:\/\/taschenfreak.de\/blog\/wp-content\/uploads\/2023\/03\/2023_03_01_TF_Brevite_Jumper_16-150x150.jpg\" class=\"attachment-thumbnail size-thumbnail\" alt=\"\" srcset=\"https:\/\/taschenfreak.de\/blog\/wp-content\/uploads\/2023\/03\/2023_03_01_TF_Brevite_Jumper_16-150x150.jpg 150w, https:\/\/taschenfreak.de\/blog\/wp-content\/uploads\/2023\/03\/2023_03_01_TF_Brevite_Jumper_16-70x70.jpg 70w\" sizes=\"auto, (max-width: 150px) 100vw, 150px\" \/><\/a>\n\t\t\t<\/div><\/figure><figure class='gallery-item'>\n\t\t\t<div class='gallery-icon portrait'>\n\t\t\t\t<a href='https:\/\/taschenfreak.de\/blog\/wp-content\/uploads\/2023\/03\/2023_03_01_TF_Brevite_Jumper_17.jpg' title=\"\" data-rl_title=\"\" class=\"rl-gallery-link\" data-rl_caption=\"\" data-rel=\"lightbox-gallery-1\"><img loading=\"lazy\" decoding=\"async\" width=\"150\" height=\"150\" src=\"https:\/\/taschenfreak.de\/blog\/wp-content\/uploads\/2023\/03\/2023_03_01_TF_Brevite_Jumper_17-150x150.jpg\" class=\"attachment-thumbnail size-thumbnail\" alt=\"\" srcset=\"https:\/\/taschenfreak.de\/blog\/wp-content\/uploads\/2023\/03\/2023_03_01_TF_Brevite_Jumper_17-150x150.jpg 150w, https:\/\/taschenfreak.de\/blog\/wp-content\/uploads\/2023\/03\/2023_03_01_TF_Brevite_Jumper_17-70x70.jpg 70w\" sizes=\"auto, (max-width: 150px) 100vw, 150px\" \/><\/a>\n\t\t\t<\/div><\/figure><figure class='gallery-item'>\n\t\t\t<div class='gallery-icon landscape'>\n\t\t\t\t<a href='https:\/\/taschenfreak.de\/blog\/wp-content\/uploads\/2023\/03\/2023_03_01_TF_Brevite_Jumper_18.jpg' title=\"\" data-rl_title=\"\" class=\"rl-gallery-link\" data-rl_caption=\"\" data-rel=\"lightbox-gallery-1\"><img loading=\"lazy\" decoding=\"async\" width=\"150\" height=\"150\" src=\"https:\/\/taschenfreak.de\/blog\/wp-content\/uploads\/2023\/03\/2023_03_01_TF_Brevite_Jumper_18-150x150.jpg\" class=\"attachment-thumbnail size-thumbnail\" alt=\"\" srcset=\"https:\/\/taschenfreak.de\/blog\/wp-content\/uploads\/2023\/03\/2023_03_01_TF_Brevite_Jumper_18-150x150.jpg 150w, https:\/\/taschenfreak.de\/blog\/wp-content\/uploads\/2023\/03\/2023_03_01_TF_Brevite_Jumper_18-70x70.jpg 70w\" sizes=\"auto, (max-width: 150px) 100vw, 150px\" \/><\/a>\n\t\t\t<\/div><\/figure><figure class='gallery-item'>\n\t\t\t<div class='gallery-icon portrait'>\n\t\t\t\t<a href='https:\/\/taschenfreak.de\/blog\/wp-content\/uploads\/2023\/03\/2023_03_01_TF_Brevite_Jumper_19.jpg' title=\"\" data-rl_title=\"\" class=\"rl-gallery-link\" data-rl_caption=\"\" data-rel=\"lightbox-gallery-1\"><img loading=\"lazy\" decoding=\"async\" width=\"150\" height=\"150\" src=\"https:\/\/taschenfreak.de\/blog\/wp-content\/uploads\/2023\/03\/2023_03_01_TF_Brevite_Jumper_19-150x150.jpg\" class=\"attachment-thumbnail size-thumbnail\" alt=\"\" srcset=\"https:\/\/taschenfreak.de\/blog\/wp-content\/uploads\/2023\/03\/2023_03_01_TF_Brevite_Jumper_19-150x150.jpg 150w, https:\/\/taschenfreak.de\/blog\/wp-content\/uploads\/2023\/03\/2023_03_01_TF_Brevite_Jumper_19-70x70.jpg 70w\" sizes=\"auto, (max-width: 150px) 100vw, 150px\" \/><\/a>\n\t\t\t<\/div><\/figure><figure class='gallery-item'>\n\t\t\t<div class='gallery-icon landscape'>\n\t\t\t\t<a href='https:\/\/taschenfreak.de\/blog\/wp-content\/uploads\/2023\/03\/2023_03_01_TF_Brevite_Jumper_20.jpg' title=\"\" data-rl_title=\"\" class=\"rl-gallery-link\" data-rl_caption=\"\" data-rel=\"lightbox-gallery-1\"><img loading=\"lazy\" decoding=\"async\" width=\"150\" height=\"150\" src=\"https:\/\/taschenfreak.de\/blog\/wp-content\/uploads\/2023\/03\/2023_03_01_TF_Brevite_Jumper_20-150x150.jpg\" class=\"attachment-thumbnail size-thumbnail\" alt=\"\" srcset=\"https:\/\/taschenfreak.de\/blog\/wp-content\/uploads\/2023\/03\/2023_03_01_TF_Brevite_Jumper_20-150x150.jpg 150w, https:\/\/taschenfreak.de\/blog\/wp-content\/uploads\/2023\/03\/2023_03_01_TF_Brevite_Jumper_20-70x70.jpg 70w\" sizes=\"auto, (max-width: 150px) 100vw, 150px\" \/><\/a>\n\t\t\t<\/div><\/figure><figure class='gallery-item'>\n\t\t\t<div class='gallery-icon landscape'>\n\t\t\t\t<a href='https:\/\/taschenfreak.de\/blog\/wp-content\/uploads\/2023\/03\/2023_03_01_TF_Brevite_Jumper_21.jpg' title=\"\" data-rl_title=\"\" class=\"rl-gallery-link\" data-rl_caption=\"\" data-rel=\"lightbox-gallery-1\"><img loading=\"lazy\" decoding=\"async\" width=\"150\" height=\"150\" src=\"https:\/\/taschenfreak.de\/blog\/wp-content\/uploads\/2023\/03\/2023_03_01_TF_Brevite_Jumper_21-150x150.jpg\" class=\"attachment-thumbnail size-thumbnail\" alt=\"\" srcset=\"https:\/\/taschenfreak.de\/blog\/wp-content\/uploads\/2023\/03\/2023_03_01_TF_Brevite_Jumper_21-150x150.jpg 150w, https:\/\/taschenfreak.de\/blog\/wp-content\/uploads\/2023\/03\/2023_03_01_TF_Brevite_Jumper_21-70x70.jpg 70w\" sizes=\"auto, (max-width: 150px) 100vw, 150px\" \/><\/a>\n\t\t\t<\/div><\/figure><figure class='gallery-item'>\n\t\t\t<div class='gallery-icon portrait'>\n\t\t\t\t<a href='https:\/\/taschenfreak.de\/blog\/wp-content\/uploads\/2023\/03\/2023_03_01_TF_Brevite_Jumper_22.jpg' title=\"\" data-rl_title=\"\" class=\"rl-gallery-link\" data-rl_caption=\"\" data-rel=\"lightbox-gallery-1\"><img loading=\"lazy\" decoding=\"async\" width=\"150\" height=\"150\" src=\"https:\/\/taschenfreak.de\/blog\/wp-content\/uploads\/2023\/03\/2023_03_01_TF_Brevite_Jumper_22-150x150.jpg\" class=\"attachment-thumbnail size-thumbnail\" alt=\"\" srcset=\"https:\/\/taschenfreak.de\/blog\/wp-content\/uploads\/2023\/03\/2023_03_01_TF_Brevite_Jumper_22-150x150.jpg 150w, https:\/\/taschenfreak.de\/blog\/wp-content\/uploads\/2023\/03\/2023_03_01_TF_Brevite_Jumper_22-70x70.jpg 70w\" sizes=\"auto, (max-width: 150px) 100vw, 150px\" \/><\/a>\n\t\t\t<\/div><\/figure><figure class='gallery-item'>\n\t\t\t<div class='gallery-icon portrait'>\n\t\t\t\t<a href='https:\/\/taschenfreak.de\/blog\/wp-content\/uploads\/2023\/03\/2023_03_01_TF_Brevite_Jumper_24.jpg' title=\"\" data-rl_title=\"\" class=\"rl-gallery-link\" data-rl_caption=\"\" data-rel=\"lightbox-gallery-1\"><img loading=\"lazy\" decoding=\"async\" width=\"150\" height=\"150\" src=\"https:\/\/taschenfreak.de\/blog\/wp-content\/uploads\/2023\/03\/2023_03_01_TF_Brevite_Jumper_24-150x150.jpg\" class=\"attachment-thumbnail size-thumbnail\" alt=\"\" srcset=\"https:\/\/taschenfreak.de\/blog\/wp-content\/uploads\/2023\/03\/2023_03_01_TF_Brevite_Jumper_24-150x150.jpg 150w, https:\/\/taschenfreak.de\/blog\/wp-content\/uploads\/2023\/03\/2023_03_01_TF_Brevite_Jumper_24-70x70.jpg 70w\" sizes=\"auto, (max-width: 150px) 100vw, 150px\" \/><\/a>\n\t\t\t<\/div><\/figure><figure class='gallery-item'>\n\t\t\t<div class='gallery-icon landscape'>\n\t\t\t\t<a href='https:\/\/taschenfreak.de\/blog\/wp-content\/uploads\/2023\/03\/2023_03_01_TF_Brevite_Jumper_26.jpg' title=\"\" data-rl_title=\"\" class=\"rl-gallery-link\" data-rl_caption=\"\" data-rel=\"lightbox-gallery-1\"><img loading=\"lazy\" decoding=\"async\" width=\"150\" height=\"150\" src=\"https:\/\/taschenfreak.de\/blog\/wp-content\/uploads\/2023\/03\/2023_03_01_TF_Brevite_Jumper_26-150x150.jpg\" class=\"attachment-thumbnail size-thumbnail\" alt=\"\" srcset=\"https:\/\/taschenfreak.de\/blog\/wp-content\/uploads\/2023\/03\/2023_03_01_TF_Brevite_Jumper_26-150x150.jpg 150w, https:\/\/taschenfreak.de\/blog\/wp-content\/uploads\/2023\/03\/2023_03_01_TF_Brevite_Jumper_26-70x70.jpg 70w\" sizes=\"auto, (max-width: 150px) 100vw, 150px\" \/><\/a>\n\t\t\t<\/div><\/figure><figure class='gallery-item'>\n\t\t\t<div class='gallery-icon portrait'>\n\t\t\t\t<a href='https:\/\/taschenfreak.de\/blog\/wp-content\/uploads\/2023\/03\/2023_03_01_TF_Brevite_Jumper_27.jpg' title=\"\" data-rl_title=\"\" class=\"rl-gallery-link\" data-rl_caption=\"\" data-rel=\"lightbox-gallery-1\"><img loading=\"lazy\" decoding=\"async\" width=\"150\" height=\"150\" src=\"https:\/\/taschenfreak.de\/blog\/wp-content\/uploads\/2023\/03\/2023_03_01_TF_Brevite_Jumper_27-150x150.jpg\" class=\"attachment-thumbnail size-thumbnail\" alt=\"\" srcset=\"https:\/\/taschenfreak.de\/blog\/wp-content\/uploads\/2023\/03\/2023_03_01_TF_Brevite_Jumper_27-150x150.jpg 150w, https:\/\/taschenfreak.de\/blog\/wp-content\/uploads\/2023\/03\/2023_03_01_TF_Brevite_Jumper_27-70x70.jpg 70w\" sizes=\"auto, (max-width: 150px) 100vw, 150px\" \/><\/a>\n\t\t\t<\/div><\/figure><figure class='gallery-item'>\n\t\t\t<div class='gallery-icon portrait'>\n\t\t\t\t<a href='https:\/\/taschenfreak.de\/blog\/wp-content\/uploads\/2023\/03\/2023_03_01_TF_Brevite_Jumper_28.jpg' title=\"\" data-rl_title=\"\" class=\"rl-gallery-link\" data-rl_caption=\"\" data-rel=\"lightbox-gallery-1\"><img loading=\"lazy\" decoding=\"async\" width=\"150\" height=\"150\" src=\"https:\/\/taschenfreak.de\/blog\/wp-content\/uploads\/2023\/03\/2023_03_01_TF_Brevite_Jumper_28-150x150.jpg\" class=\"attachment-thumbnail size-thumbnail\" alt=\"\" srcset=\"https:\/\/taschenfreak.de\/blog\/wp-content\/uploads\/2023\/03\/2023_03_01_TF_Brevite_Jumper_28-150x150.jpg 150w, https:\/\/taschenfreak.de\/blog\/wp-content\/uploads\/2023\/03\/2023_03_01_TF_Brevite_Jumper_28-70x70.jpg 70w\" sizes=\"auto, (max-width: 150px) 100vw, 150px\" \/><\/a>\n\t\t\t<\/div><\/figure>\n\t\t<\/div>\n\n<p class=\"p1\"><b>Links<\/b><\/p>\n<ul class=\"ul1\">\n<li class=\"li3\"><a href=\"https:\/\/youtu.be\/pXzDgatc0F0\">Mein Video auf YouTube zum Brevite Jumper<\/a><\/li>\n<li><a href=\"https:\/\/brevite.co\/\">Herstellerpage Brevite<\/a><\/li>\n<li><a href=\"https:\/\/brevite.co\/products\/the-jumper-backpack?variant=42097186144410&amp;=undefined\">Brevite Jumper beim Hersteller<\/a><\/li>\n<li><a href=\"https:\/\/amzn.to\/3y8W9aq\">Brevite Jumper auf Amazon<\/a><\/li>\n<\/ul>\n<p class=\"p4\">&nbsp;<\/p>\n<p class=\"p1\"><b>Mein pers\u00f6nliches Fazit<\/b><\/p>\n<p class=\"p1\">Bis auf diese Farbe habe ich den Brevite Jumper sofort lieben gelernt und die Handhabung mit ihm in der Stadt und bei Ausfl\u00fcgen ist mit einem hohen Spa\u00dffaktor versehen. Der langweilig daherkommende Brevite Jumper ist im Alltag spannend und sehr funktional. Selbst die Farbe gef\u00e4llt mir jetzt nach ein paar Tagen sehr gut. Ist mal was anderes als das klassische und &#8222;langweilige&#8220; Schwarz. Ich bef\u00fcrchte den kann ich so schnell nicht mehr hergeben&#8230;<\/p>\n<p class=\"p1\">Sch\u00f6ne Gr\u00fc\u00dfe \u2013 Euer Taschenfreak \u2013 J\u00f6rg Langer<\/p>\n<p>&nbsp;<\/p>\n<hr>\n<p class=\"p1\"><b>Hinweis in eigener Sache zur Werbung<\/b><\/p>\n<p class=\"p1\">Meine Blogbeitr\u00e4ge und Videos sind Gluten-, Glukose- und Laktosefrei, k\u00f6nnen aber Spuren von Werbung beinhalten da ich die Artikel ab und zu kostenlos zur Verf\u00fcgung gestellt bekomme.<\/p>\n<p class=\"p1\">Meine Meinung ist frei von kommerziellen Einfl\u00fcssen, kann aber Spuren von Sarkasmus oder Ironie beinhalten.<\/p>\n<p class=\"p1\">Dieser Blog verfolgt keine kommerziellen Absichten. Die meisten mir zur Verf\u00fcgung gestellten Taschen verschenke ich oder verlose die f\u00fcr gute Zwecke. Meine treuen Leser wissen das seit Jahren.<\/p>\n<p class=\"p1\">Ich betreibe diesen Blog aus Spa\u00df an der Sache und nicht aus kommerziellen Absichten. Das mag in der heutigen Zeit eher ungew\u00f6hnlich sein. Mit diesem Schock m\u00fcsst Ihr leider zurecht kommen.<\/p>\n<p class=\"p2\">&nbsp;<\/p>\n<p class=\"p1\">&nbsp;<\/p>\n","protected":false},"excerpt":{"rendered":"<p>Selten hat mich ein Kamerarucksack so neugierig gemacht wie dieser. Der Brevite Jumper, den ich von meinem Fotofreund Erik zum testen bekommen habe, hat es was &#8211; etwas was zwischen Spannend und Langweilig einzuordnen ist. Ich wollte diesen Stoffrucksack unbedingt testen. Was ich davon halte und was sich alles darin verstauen l\u00e4sst, das findet Ihr im folgenden Video. Klickt Euch mal rein: &#8230;<\/p>\n","protected":false},"author":3,"featured_media":11873,"comment_status":"open","ping_status":"open","sticky":false,"template":"","format":"standard","meta":{"ngg_post_thumbnail":0,"_jetpack_memberships_contains_paid_content":false,"footnotes":"","_links_to":"","_links_to_target":""},"categories":[51,3,7],"tags":[2344,2345,1047],"class_list":["post-11844","post","type-post","status-publish","format-standard","has-post-thumbnail","hentry","category-packbespiel","category-rucksack","category-rucksack-mit-notebookfach-und-daypack","tag-brevite","tag-brevite-jumper","tag-rucksack"],"jetpack_featured_media_url":"https:\/\/taschenfreak.de\/blog\/wp-content\/uploads\/2023\/03\/2023_03_01_TF_Brevite_Jumper_Banner.jpg","jetpack_shortlink":"https:\/\/wp.me\/p4GMND-352","jetpack_sharing_enabled":true,"_links":{"self":[{"href":"https:\/\/taschenfreak.de\/blog\/wp-json\/wp\/v2\/posts\/11844","targetHints":{"allow":["GET"]}}],"collection":[{"href":"https:\/\/taschenfreak.de\/blog\/wp-json\/wp\/v2\/posts"}],"about":[{"href":"https:\/\/taschenfreak.de\/blog\/wp-json\/wp\/v2\/types\/post"}],"author":[{"embeddable":true,"href":"https:\/\/taschenfreak.de\/blog\/wp-json\/wp\/v2\/users\/3"}],"replies":[{"embeddable":true,"href":"https:\/\/taschenfreak.de\/blog\/wp-json\/wp\/v2\/comments?post=11844"}],"version-history":[{"count":2,"href":"https:\/\/taschenfreak.de\/blog\/wp-json\/wp\/v2\/posts\/11844\/revisions"}],"predecessor-version":[{"id":11875,"href":"https:\/\/taschenfreak.de\/blog\/wp-json\/wp\/v2\/posts\/11844\/revisions\/11875"}],"wp:featuredmedia":[{"embeddable":true,"href":"https:\/\/taschenfreak.de\/blog\/wp-json\/wp\/v2\/media\/11873"}],"wp:attachment":[{"href":"https:\/\/taschenfreak.de\/blog\/wp-json\/wp\/v2\/media?parent=11844"}],"wp:term":[{"taxonomy":"category","embeddable":true,"href":"https:\/\/taschenfreak.de\/blog\/wp-json\/wp\/v2\/categories?post=11844"},{"taxonomy":"post_tag","embeddable":true,"href":"https:\/\/taschenfreak.de\/blog\/wp-json\/wp\/v2\/tags?post=11844"}],"curies":[{"name":"wp","href":"https:\/\/api.w.org\/{rel}","templated":true}]}}