{"id":1208,"date":"2012-06-14T18:51:20","date_gmt":"2012-06-14T16:51:20","guid":{"rendered":"http:\/\/taschenfreak.de\/blog\/?p=1208"},"modified":"2012-06-14T18:51:20","modified_gmt":"2012-06-14T16:51:20","slug":"und-noch-ein-packbeispiel-vom-think-tank-photo-streetwalker","status":"publish","type":"post","link":"https:\/\/taschenfreak.de\/blog\/2012\/06\/14\/und-noch-ein-packbeispiel-vom-think-tank-photo-streetwalker\/","title":{"rendered":"Und noch ein Packbeispiel vom Think Tank Photo Streetwalker"},"content":{"rendered":"<p><img loading=\"lazy\" decoding=\"async\" class=\"alignright size-thumbnail wp-image-1209\" title=\"TTP_Streetwalker_Grandjot_0002\" src=\"https:\/\/taschenfreak.de\/blog\/wp-content\/uploads\/2012\/06\/TTP_Streetwalker_Grandjot_0002-150x150.jpg\" alt=\"\" width=\"150\" height=\"150\" \/>Andreas Grandjot schreibt uns in seinem Mail zu seinem <strong>Think Tank Photo Streetwalker<\/strong> folgendes:<\/p>\n<blockquote><p>Hallo J\u00f6rg Langer,<\/p>\n<p>weil mir Deine Seite sehr gut bei meinem Taschenkauf und Rucksackkauf geholfen hat, m\u00f6chte ich Dir auch ein paar Fotos meiner thinkTANKphoto Streetwalker zukommen lassen um zu zeigen, dass auch eine &#8222;ausgewachsene&#8220; Ausr\u00fcstung in diesen verh\u00e4ltnism\u00e4\u00dfig kleinen und unauff\u00e4lligen Rucksack passt (entgegen der Angaben bei thinkTANKphoto).<!--more--><\/p>\n<p>Es passt rein: eine Nikon D300 mit angesetztem Batteriehandgriff \u00a0MB-D10 mit angesetztem Sigma 70-200\/2,8 (Gegenlichtblende umgedreht) Tokina 16-50\/2,8 mit Gegenlichtblende (richtig angebracht), Tokina 12-24\/4 PRO DX II, Nikon Speedlight SB700 und nat\u00fcrlich divreser Kleinkram, Ersatzakkus, Speicherkarte, Akkuhalter f\u00fcr MB-D10, etc&#8230;.<\/p>\n<p>Deine Aussage zu thinkTANKphoto -Taschen kann ich uneingeschr\u00e4nkt best\u00e4tigen, sie sind, nicht nur vom Material her, \u00fcber jeden Zweifel erhaben.<\/p>\n<p>Der &#8222;Taschenfreak&#8220; ist wirklich die Erste Anlaufstelle wenn es um Fototaschen und -r\u00fccks\u00e4cke geht. Weil, keine Herstellerseite kann einem vermitteln ob eine Ausr\u00fcstung in eine Tasche passt oder nicht. Weiter so!<\/p>\n<p>Gru\u00df Andreas<\/p><\/blockquote>\nngg_shortcode_0_placeholder\n<p><span style=\"color: #ffffff;\">.<\/span><\/p>\n<p>Wir sagen Danke f\u00fcr diesen Beitrag!<\/p>\n","protected":false},"excerpt":{"rendered":"<p>Andreas Grandjot schreibt uns in seinem Mail zu seinem Think Tank Photo Streetwalker folgendes:<\/p>\n<p>Hallo J\u00f6rg Langer,<\/p>\n<p>weil mir Deine Seite sehr gut bei meinem Taschenkauf und Rucksackkauf geholfen hat, m\u00f6chte ich Dir auch ein paar Fotos meiner thinkTANKphoto Streetwalker zukommen lassen &#8230;<\/p>\n","protected":false},"author":3,"featured_media":0,"comment_status":"open","ping_status":"open","sticky":false,"template":"","format":"standard","meta":{"ngg_post_thumbnail":0,"_jetpack_memberships_contains_paid_content":false,"footnotes":"","_links_to":"","_links_to_target":""},"categories":[51,3],"tags":[48,1047,314,1057,1062],"class_list":["post-1208","post","type-post","status-publish","format-standard","hentry","category-packbespiel","category-rucksack","tag-packbeispiel","tag-rucksack","tag-streetwalker","tag-think-tank-photo","tag-usa"],"jetpack_featured_media_url":"","jetpack_shortlink":"https:\/\/wp.me\/p4GMND-ju","jetpack_sharing_enabled":true,"_links":{"self":[{"href":"https:\/\/taschenfreak.de\/blog\/wp-json\/wp\/v2\/posts\/1208","targetHints":{"allow":["GET"]}}],"collection":[{"href":"https:\/\/taschenfreak.de\/blog\/wp-json\/wp\/v2\/posts"}],"about":[{"href":"https:\/\/taschenfreak.de\/blog\/wp-json\/wp\/v2\/types\/post"}],"author":[{"embeddable":true,"href":"https:\/\/taschenfreak.de\/blog\/wp-json\/wp\/v2\/users\/3"}],"replies":[{"embeddable":true,"href":"https:\/\/taschenfreak.de\/blog\/wp-json\/wp\/v2\/comments?post=1208"}],"version-history":[{"count":0,"href":"https:\/\/taschenfreak.de\/blog\/wp-json\/wp\/v2\/posts\/1208\/revisions"}],"wp:attachment":[{"href":"https:\/\/taschenfreak.de\/blog\/wp-json\/wp\/v2\/media?parent=1208"}],"wp:term":[{"taxonomy":"category","embeddable":true,"href":"https:\/\/taschenfreak.de\/blog\/wp-json\/wp\/v2\/categories?post=1208"},{"taxonomy":"post_tag","embeddable":true,"href":"https:\/\/taschenfreak.de\/blog\/wp-json\/wp\/v2\/tags?post=1208"}],"curies":[{"name":"wp","href":"https:\/\/api.w.org\/{rel}","templated":true}]}}