{"id":12263,"date":"2023-12-05T22:15:18","date_gmt":"2023-12-05T21:15:18","guid":{"rendered":"https:\/\/taschenfreak.de\/blog\/?p=12263"},"modified":"2023-12-11T13:25:54","modified_gmt":"2023-12-11T12:25:54","slug":"eine-schicke-tasche-fuer-einen-mittelformat-klotz-die-oberwerth-wetzlar-von-stefan","status":"publish","type":"post","link":"https:\/\/taschenfreak.de\/blog\/2023\/12\/05\/eine-schicke-tasche-fuer-einen-mittelformat-klotz-die-oberwerth-wetzlar-von-stefan\/","title":{"rendered":"Eine schicke Tasche f\u00fcr einen &#8222;Mittelformat-Klotz&#8220; &#8211; die Oberwerth Wetzlar von Stefan"},"content":{"rendered":"<p>Mein langj\u00e4hriger Online-Freund Stefan Negelmann und ich haben lange nach einer Tasche f\u00fcr ihn gesucht. Stefans Anforderungen waren:<\/p>\n<blockquote>\n<div dir=\"auto\">Ich war und bin eigentlich immer sehr gut mit Fotoequipment versorgt gewesen. Nun fotografiere ich seit ein paar Jahren wieder (fast) ausschlie\u00dflich analog und nutze zum einen die eine oder andere Rolleiflex und zum anderen eine Voigtl\u00e4nder Bessa III 667w. Die Rolleiflex passt sehr gut in meine Billingham for Leica (wei\u00df immer nicht so genau, mit welcher die nahezu baugleich ist), die Bessa nur knapp und eigentlich m\u00fcsste ich die Geli jedes Mal anschrauben.<\/div>\n<div dir=\"auto\">&nbsp;<\/div>\n<div dir=\"auto\">Sprich &#8211; ich brauche etwas eigentlich nur minimal gr\u00f6\u00dferes. Gerne Billingham oder was w\u00e4re da noch vergleichbar? Nur sehe ich nicht so Recht durch, was da die rechte Wahl sein k\u00f6nnte.<\/div>\n<div dir=\"auto\">&nbsp;<\/div>\n<div dir=\"auto\">Die Bessa ist ca. 14x21x14 gro\u00df (mit angesetzter Geli). Da die Taschen sich doch meist etwas &#8222;dr\u00fccken&#8220; lassen, ist es sehr schwer, da die mit dem richtigen Ma\u00df zu finden.<\/div>\n<div dir=\"auto\">&nbsp;<\/div>\n<div dir=\"auto\">Hast Du vielleicht einen Rat?<\/div>\n<\/blockquote>\n<p>Nun, das war tats\u00e4chlich eine echte Herausforderung, daf\u00fcr was passendes zu finden. So kamen wir auf Die <a href=\"https:\/\/amzn.to\/46PhB2U\">Domke F6<\/a>, eine gr\u00f6\u00dfere <a href=\"https:\/\/amzn.to\/46NS6PQ\">Billingham, die 225<\/a>, oder eben die <a href=\"https:\/\/oberwerth.com\/products\/kameratasche-wetzlar-2?variant=37555535085719\">Oberwerth Wetzlar<\/a>, die Stefan auch zu einem guten Preis im Netz finden konnte. Und er schlug bei diesem Angebot zu, eine schicke braune Oberwerth Wetzlar.<\/p>\n<p>So schreibt Stefan selbst dazu:<\/p>\n<blockquote><p>Lieber J\u00f6rg,<\/p>\n<p>wie besprochen nun ein paar Fotos von der sch\u00f6nen Oberwerth-Tasche.<\/p>\n<p>Sie ist ein wenig gr\u00f6\u00dfer, als die Billingham for Leica (vor allem in der Tiefe), sodass sowohl eine Rolleiflex mit einer Menge Zubeh\u00f6r, aber vor allem auch die Bessa lll 667 w sogar mit angesetzter Gegenlichtblende genau hineinpasst.<\/p>\n<p>Material, Verarbeitung und auch die gut durchdachten Verschl\u00fcsse sind auf h\u00f6chstem Niveau.<\/p>\n<p>Herzliche Gr\u00fc\u00dfe<br \/>\nStefan<\/p><\/blockquote>\n<p><strong>Und nun zeigen wir Euch die Fotos von Stefan:<\/strong><\/p>\n<div id='gallery-1' class='gallery galleryid-12263 gallery-columns-2 gallery-size-thumbnail'><figure class='gallery-item'>\n\t\t\t<div class='gallery-icon landscape'>\n\t\t\t\t<a href='https:\/\/taschenfreak.de\/blog\/wp-content\/uploads\/2023\/12\/Compress_20231116_100456_6927-scaled.jpg' title=\"\" data-rl_title=\"\" class=\"rl-gallery-link\" data-rl_caption=\"\" data-rel=\"lightbox-gallery-1\"><img loading=\"lazy\" decoding=\"async\" width=\"150\" height=\"150\" src=\"https:\/\/taschenfreak.de\/blog\/wp-content\/uploads\/2023\/12\/Compress_20231116_100456_6927-150x150.jpg\" class=\"attachment-thumbnail size-thumbnail\" alt=\"\" srcset=\"https:\/\/taschenfreak.de\/blog\/wp-content\/uploads\/2023\/12\/Compress_20231116_100456_6927-150x150.jpg 150w, https:\/\/taschenfreak.de\/blog\/wp-content\/uploads\/2023\/12\/Compress_20231116_100456_6927-70x70.jpg 70w\" sizes=\"auto, (max-width: 150px) 100vw, 150px\" \/><\/a>\n\t\t\t<\/div><\/figure><figure class='gallery-item'>\n\t\t\t<div class='gallery-icon landscape'>\n\t\t\t\t<a href='https:\/\/taschenfreak.de\/blog\/wp-content\/uploads\/2023\/12\/Compress_20231116_100457_7428-scaled.jpg' title=\"\" data-rl_title=\"\" class=\"rl-gallery-link\" data-rl_caption=\"\" data-rel=\"lightbox-gallery-1\"><img loading=\"lazy\" decoding=\"async\" width=\"150\" height=\"150\" src=\"https:\/\/taschenfreak.de\/blog\/wp-content\/uploads\/2023\/12\/Compress_20231116_100457_7428-150x150.jpg\" class=\"attachment-thumbnail size-thumbnail\" alt=\"\" srcset=\"https:\/\/taschenfreak.de\/blog\/wp-content\/uploads\/2023\/12\/Compress_20231116_100457_7428-150x150.jpg 150w, https:\/\/taschenfreak.de\/blog\/wp-content\/uploads\/2023\/12\/Compress_20231116_100457_7428-70x70.jpg 70w\" sizes=\"auto, (max-width: 150px) 100vw, 150px\" \/><\/a>\n\t\t\t<\/div><\/figure><figure class='gallery-item'>\n\t\t\t<div class='gallery-icon landscape'>\n\t\t\t\t<a href='https:\/\/taschenfreak.de\/blog\/wp-content\/uploads\/2023\/12\/Compress_20231116_100458_8291-scaled.jpg' title=\"\" data-rl_title=\"\" class=\"rl-gallery-link\" data-rl_caption=\"\" data-rel=\"lightbox-gallery-1\"><img loading=\"lazy\" decoding=\"async\" width=\"150\" height=\"150\" src=\"https:\/\/taschenfreak.de\/blog\/wp-content\/uploads\/2023\/12\/Compress_20231116_100458_8291-150x150.jpg\" class=\"attachment-thumbnail size-thumbnail\" alt=\"\" srcset=\"https:\/\/taschenfreak.de\/blog\/wp-content\/uploads\/2023\/12\/Compress_20231116_100458_8291-150x150.jpg 150w, https:\/\/taschenfreak.de\/blog\/wp-content\/uploads\/2023\/12\/Compress_20231116_100458_8291-70x70.jpg 70w\" sizes=\"auto, (max-width: 150px) 100vw, 150px\" \/><\/a>\n\t\t\t<\/div><\/figure><figure class='gallery-item'>\n\t\t\t<div class='gallery-icon landscape'>\n\t\t\t\t<a href='https:\/\/taschenfreak.de\/blog\/wp-content\/uploads\/2023\/12\/Compress_20231116_100459_9026-scaled.jpg' title=\"\" data-rl_title=\"\" class=\"rl-gallery-link\" data-rl_caption=\"\" data-rel=\"lightbox-gallery-1\"><img loading=\"lazy\" decoding=\"async\" width=\"150\" height=\"150\" src=\"https:\/\/taschenfreak.de\/blog\/wp-content\/uploads\/2023\/12\/Compress_20231116_100459_9026-150x150.jpg\" class=\"attachment-thumbnail size-thumbnail\" alt=\"\" srcset=\"https:\/\/taschenfreak.de\/blog\/wp-content\/uploads\/2023\/12\/Compress_20231116_100459_9026-150x150.jpg 150w, https:\/\/taschenfreak.de\/blog\/wp-content\/uploads\/2023\/12\/Compress_20231116_100459_9026-70x70.jpg 70w\" sizes=\"auto, (max-width: 150px) 100vw, 150px\" \/><\/a>\n\t\t\t<\/div><\/figure><figure class='gallery-item'>\n\t\t\t<div class='gallery-icon landscape'>\n\t\t\t\t<a href='https:\/\/taschenfreak.de\/blog\/wp-content\/uploads\/2023\/12\/Compress_20231116_100459_9913-scaled.jpg' title=\"\" data-rl_title=\"\" class=\"rl-gallery-link\" data-rl_caption=\"\" data-rel=\"lightbox-gallery-1\"><img loading=\"lazy\" decoding=\"async\" width=\"150\" height=\"150\" src=\"https:\/\/taschenfreak.de\/blog\/wp-content\/uploads\/2023\/12\/Compress_20231116_100459_9913-150x150.jpg\" class=\"attachment-thumbnail size-thumbnail\" alt=\"\" srcset=\"https:\/\/taschenfreak.de\/blog\/wp-content\/uploads\/2023\/12\/Compress_20231116_100459_9913-150x150.jpg 150w, https:\/\/taschenfreak.de\/blog\/wp-content\/uploads\/2023\/12\/Compress_20231116_100459_9913-70x70.jpg 70w\" sizes=\"auto, (max-width: 150px) 100vw, 150px\" \/><\/a>\n\t\t\t<\/div><\/figure><figure class='gallery-item'>\n\t\t\t<div class='gallery-icon portrait'>\n\t\t\t\t<a href='https:\/\/taschenfreak.de\/blog\/wp-content\/uploads\/2023\/12\/Compress_20231116_100501_1027-scaled.jpg' title=\"\" data-rl_title=\"\" class=\"rl-gallery-link\" data-rl_caption=\"\" data-rel=\"lightbox-gallery-1\"><img loading=\"lazy\" decoding=\"async\" width=\"150\" height=\"150\" src=\"https:\/\/taschenfreak.de\/blog\/wp-content\/uploads\/2023\/12\/Compress_20231116_100501_1027-150x150.jpg\" class=\"attachment-thumbnail size-thumbnail\" alt=\"\" srcset=\"https:\/\/taschenfreak.de\/blog\/wp-content\/uploads\/2023\/12\/Compress_20231116_100501_1027-150x150.jpg 150w, https:\/\/taschenfreak.de\/blog\/wp-content\/uploads\/2023\/12\/Compress_20231116_100501_1027-70x70.jpg 70w\" sizes=\"auto, (max-width: 150px) 100vw, 150px\" \/><\/a>\n\t\t\t<\/div><\/figure><figure class='gallery-item'>\n\t\t\t<div class='gallery-icon landscape'>\n\t\t\t\t<a href='https:\/\/taschenfreak.de\/blog\/wp-content\/uploads\/2023\/12\/Compress_20231116_100502_2101-scaled.jpg' title=\"\" data-rl_title=\"\" class=\"rl-gallery-link\" data-rl_caption=\"\" data-rel=\"lightbox-gallery-1\"><img loading=\"lazy\" decoding=\"async\" width=\"150\" height=\"150\" src=\"https:\/\/taschenfreak.de\/blog\/wp-content\/uploads\/2023\/12\/Compress_20231116_100502_2101-150x150.jpg\" class=\"attachment-thumbnail size-thumbnail\" alt=\"\" srcset=\"https:\/\/taschenfreak.de\/blog\/wp-content\/uploads\/2023\/12\/Compress_20231116_100502_2101-150x150.jpg 150w, https:\/\/taschenfreak.de\/blog\/wp-content\/uploads\/2023\/12\/Compress_20231116_100502_2101-70x70.jpg 70w\" sizes=\"auto, (max-width: 150px) 100vw, 150px\" \/><\/a>\n\t\t\t<\/div><\/figure><figure class='gallery-item'>\n\t\t\t<div class='gallery-icon landscape'>\n\t\t\t\t<a href='https:\/\/taschenfreak.de\/blog\/wp-content\/uploads\/2023\/12\/Compress_20231116_100502_2665-scaled.jpg' title=\"\" data-rl_title=\"\" class=\"rl-gallery-link\" data-rl_caption=\"\" data-rel=\"lightbox-gallery-1\"><img loading=\"lazy\" decoding=\"async\" width=\"150\" height=\"150\" src=\"https:\/\/taschenfreak.de\/blog\/wp-content\/uploads\/2023\/12\/Compress_20231116_100502_2665-150x150.jpg\" class=\"attachment-thumbnail size-thumbnail\" alt=\"\" srcset=\"https:\/\/taschenfreak.de\/blog\/wp-content\/uploads\/2023\/12\/Compress_20231116_100502_2665-150x150.jpg 150w, https:\/\/taschenfreak.de\/blog\/wp-content\/uploads\/2023\/12\/Compress_20231116_100502_2665-70x70.jpg 70w\" sizes=\"auto, (max-width: 150px) 100vw, 150px\" \/><\/a>\n\t\t\t<\/div><\/figure>\n\t\t<\/div>\n\n<p><strong>Und hier noch die Fotos mit der Oberwerth Wetzlar und der Bessa III 667w<\/strong><\/p>\n<div id='gallery-2' class='gallery galleryid-12263 gallery-columns-3 gallery-size-thumbnail'><figure class='gallery-item'>\n\t\t\t<div class='gallery-icon landscape'>\n\t\t\t\t<a href='https:\/\/taschenfreak.de\/blog\/wp-content\/uploads\/2023\/12\/2023-12-11-Taschenfreak-von-StefanNegelmann-Bessa67-01.jpg' title=\"\" data-rl_title=\"\" class=\"rl-gallery-link\" data-rl_caption=\"\" data-rel=\"lightbox-gallery-2\"><img loading=\"lazy\" decoding=\"async\" width=\"150\" height=\"150\" src=\"https:\/\/taschenfreak.de\/blog\/wp-content\/uploads\/2023\/12\/2023-12-11-Taschenfreak-von-StefanNegelmann-Bessa67-01-150x150.jpg\" class=\"attachment-thumbnail size-thumbnail\" alt=\"\" srcset=\"https:\/\/taschenfreak.de\/blog\/wp-content\/uploads\/2023\/12\/2023-12-11-Taschenfreak-von-StefanNegelmann-Bessa67-01-150x150.jpg 150w, https:\/\/taschenfreak.de\/blog\/wp-content\/uploads\/2023\/12\/2023-12-11-Taschenfreak-von-StefanNegelmann-Bessa67-01-70x70.jpg 70w\" sizes=\"auto, (max-width: 150px) 100vw, 150px\" \/><\/a>\n\t\t\t<\/div><\/figure><figure class='gallery-item'>\n\t\t\t<div class='gallery-icon landscape'>\n\t\t\t\t<a href='https:\/\/taschenfreak.de\/blog\/wp-content\/uploads\/2023\/12\/2023-12-11-Taschenfreak-von-StefanNegelmann-Bessa67-02.jpg' title=\"\" data-rl_title=\"\" class=\"rl-gallery-link\" data-rl_caption=\"\" data-rel=\"lightbox-gallery-2\"><img loading=\"lazy\" decoding=\"async\" width=\"150\" height=\"150\" src=\"https:\/\/taschenfreak.de\/blog\/wp-content\/uploads\/2023\/12\/2023-12-11-Taschenfreak-von-StefanNegelmann-Bessa67-02-150x150.jpg\" class=\"attachment-thumbnail size-thumbnail\" alt=\"\" srcset=\"https:\/\/taschenfreak.de\/blog\/wp-content\/uploads\/2023\/12\/2023-12-11-Taschenfreak-von-StefanNegelmann-Bessa67-02-150x150.jpg 150w, https:\/\/taschenfreak.de\/blog\/wp-content\/uploads\/2023\/12\/2023-12-11-Taschenfreak-von-StefanNegelmann-Bessa67-02-70x70.jpg 70w\" sizes=\"auto, (max-width: 150px) 100vw, 150px\" \/><\/a>\n\t\t\t<\/div><\/figure><figure class='gallery-item'>\n\t\t\t<div class='gallery-icon landscape'>\n\t\t\t\t<a href='https:\/\/taschenfreak.de\/blog\/wp-content\/uploads\/2023\/12\/2023-12-11-Taschenfreak-von-StefanNegelmann-Bessa67-03.jpg' title=\"\" data-rl_title=\"\" class=\"rl-gallery-link\" data-rl_caption=\"\" data-rel=\"lightbox-gallery-2\"><img loading=\"lazy\" decoding=\"async\" width=\"150\" height=\"150\" src=\"https:\/\/taschenfreak.de\/blog\/wp-content\/uploads\/2023\/12\/2023-12-11-Taschenfreak-von-StefanNegelmann-Bessa67-03-150x150.jpg\" class=\"attachment-thumbnail size-thumbnail\" alt=\"\" srcset=\"https:\/\/taschenfreak.de\/blog\/wp-content\/uploads\/2023\/12\/2023-12-11-Taschenfreak-von-StefanNegelmann-Bessa67-03-150x150.jpg 150w, https:\/\/taschenfreak.de\/blog\/wp-content\/uploads\/2023\/12\/2023-12-11-Taschenfreak-von-StefanNegelmann-Bessa67-03-70x70.jpg 70w\" sizes=\"auto, (max-width: 150px) 100vw, 150px\" \/><\/a>\n\t\t\t<\/div><\/figure>\n\t\t<\/div>\n\n<p>Schon schick, das gute gebrauchte Teil, oder?<\/p>\n<p>Welche Tasche h\u00e4ttet Ihr Stefan empfohlen? Nutzt Ihr auch eine &#8222;gro\u00dfe&#8220; Mittelformat? Wenn ja, mit welcher Tasche zusammen?<\/p>\n<p>Danke an Stefan f\u00fcr Dein Vertrauen und Deine Fotos und viel Spa\u00df mit Deiner Oberwerth Wetzlar.<\/p>\n<p>Sch\u00f6ne Gr\u00fc\u00dfe &#8211; Euer Taschenfreak &#8211; J\u00f6rg Langer<\/p>\n","protected":false},"excerpt":{"rendered":"<p>Mein langj\u00e4hriger Online-Freund Stefan Nagelmann und ich haben lange nach einer Tasche f\u00fcr ihn gesucht. Stefans Anforderungen waren:<\/p>\n<p>Ich war und bin eigentlich immer sehr gut mit Fotoequipment versorgt gewesen. Nun fotografiere ich seit ein paar Jahren wieder (fast) ausschlie\u00dflich analog und nutze zum einen die eine oder andere Rolleiflex und zum anderen eine Voigtl\u00e4nder Bessa III 667w&#8230;<\/p>\n","protected":false},"author":3,"featured_media":12281,"comment_status":"open","ping_status":"open","sticky":false,"template":"","format":"standard","meta":{"ngg_post_thumbnail":0,"_jetpack_memberships_contains_paid_content":false,"footnotes":"","_links_to":"","_links_to_target":""},"categories":[80,11],"tags":[2374,1979,856,966,2375,2373,2372],"class_list":["post-12263","post","type-post","status-publish","format-standard","has-post-thumbnail","hentry","category-leder","category-schultertasche","tag-billingham-225","tag-domke-f6","tag-mittelformat","tag-oberwerth","tag-oberwerth-wetzlar","tag-rolleiflex","tag-voigtlaender-bessa-iii-667w"],"jetpack_featured_media_url":"https:\/\/taschenfreak.de\/blog\/wp-content\/uploads\/2023\/12\/2023-12-11-Taschenfreak-von-StefanNegelmann-Bessa67-03.jpg","jetpack_shortlink":"https:\/\/wp.me\/p4GMND-3bN","jetpack_sharing_enabled":true,"_links":{"self":[{"href":"https:\/\/taschenfreak.de\/blog\/wp-json\/wp\/v2\/posts\/12263","targetHints":{"allow":["GET"]}}],"collection":[{"href":"https:\/\/taschenfreak.de\/blog\/wp-json\/wp\/v2\/posts"}],"about":[{"href":"https:\/\/taschenfreak.de\/blog\/wp-json\/wp\/v2\/types\/post"}],"author":[{"embeddable":true,"href":"https:\/\/taschenfreak.de\/blog\/wp-json\/wp\/v2\/users\/3"}],"replies":[{"embeddable":true,"href":"https:\/\/taschenfreak.de\/blog\/wp-json\/wp\/v2\/comments?post=12263"}],"version-history":[{"count":6,"href":"https:\/\/taschenfreak.de\/blog\/wp-json\/wp\/v2\/posts\/12263\/revisions"}],"predecessor-version":[{"id":12282,"href":"https:\/\/taschenfreak.de\/blog\/wp-json\/wp\/v2\/posts\/12263\/revisions\/12282"}],"wp:featuredmedia":[{"embeddable":true,"href":"https:\/\/taschenfreak.de\/blog\/wp-json\/wp\/v2\/media\/12281"}],"wp:attachment":[{"href":"https:\/\/taschenfreak.de\/blog\/wp-json\/wp\/v2\/media?parent=12263"}],"wp:term":[{"taxonomy":"category","embeddable":true,"href":"https:\/\/taschenfreak.de\/blog\/wp-json\/wp\/v2\/categories?post=12263"},{"taxonomy":"post_tag","embeddable":true,"href":"https:\/\/taschenfreak.de\/blog\/wp-json\/wp\/v2\/tags?post=12263"}],"curies":[{"name":"wp","href":"https:\/\/api.w.org\/{rel}","templated":true}]}}