{"id":123,"date":"2011-08-09T11:45:38","date_gmt":"2011-08-09T09:45:38","guid":{"rendered":"http:\/\/taschenfreak.de\/blog\/?p=123"},"modified":"2011-08-14T16:12:06","modified_gmt":"2011-08-14T14:12:06","slug":"ifa-2011-familienzuwachs-bei-booq-pressemeldung","status":"publish","type":"post","link":"https:\/\/taschenfreak.de\/blog\/2011\/08\/09\/ifa-2011-familienzuwachs-bei-booq-pressemeldung\/","title":{"rendered":"IFA 2011: Familienzuwachs bei booq (Pressemeldung)"},"content":{"rendered":"<p>Normalerweise sind wir nicht dazu geneigt einfach Pressemeldungen zu kopieren und in Blogs zu ver\u00f6ffentlichen, aber ab und an werden wir hier Ausnahmen machen, wenn wir davon \u00fcberzeugt sind, dass unsere Leserschaft diese Produkte wahrscheinlich sehen m\u00f6chte und &#8222;gebrauchen&#8220; kann.<\/p>\n<p>In diesem Falle ist es nicht mal eine wirkliche &#8222;Fototasche&#8220;, aber ein echt schickes Teil f\u00fcr Office und Business. Also &#8211; kurzum &#8211; <strong>nachfolgend die Pressemeldung<\/strong> und ein paar Herstellerbilder:<\/p>\n<p><span style=\"color: #ffffff;\">.<!--more--><\/span><\/p>\n<blockquote>\n<div>Schwarz, stark, stylish: In Berlin pr\u00e4sentiert booq den neuen Business-Rucksack Cobra pack<\/div>\n<div>\n<div>\n<div>\n<div>Deutschland-Premiere auf der IFA 2011: Booq Cobra pack<\/div>\n<\/div>\n<\/div>\n<\/div>\n<div>Sierra Madre, USA, im August 2011 \u2013\u00a0Das amerikanische Designerlabel booq zeigt auf der IFA eine breite Auswahl hochwertiger Laptop- und iPad-Taschen f\u00fcr Anspruchsvolle. Deutschland-Premiere feiert <strong>Cobra pack<\/strong>: Der elegante Rucksack aus booqs exquisiter Cobra-Serie besticht durch erstklassige Materialien, durchdachte Details und sorgf\u00e4ltige Verarbeitung.<!--more-->Booq stellt in Halle 15.1 am Stand 162 aus.Keine Frage, Rucks\u00e4cke sind ein \u00e4u\u00dferst praktisches Accessoire, unentbehrlich gerade auch f\u00fcr kreative Laptop-Nomaden. Technisches und anderes Equipment l\u00e4sst sich gut verstauen, bequem tragen und die H\u00e4nde bleiben frei. Aber edles Design \u2013 meist Mangelware. Booq l\u00f6st das Dilemma ebenso einfach wie genial:\u00a0Cobra pack\u00a0ist ger\u00e4umig, \u00fcbersichtlich, robust und sieht dabei auch noch unversch\u00e4mt gut aus. Ob klassischer Business-Look oder l\u00e4ssige Sportswear &#8211; der elegante schwarze Rucksack aus wasserabweisendem 1680-Denier Ballistic-Nylon mit Akzenten aus edlem Nappaleder passt perfekt zu jedem Outfit.Gef\u00fcttert ist die\u00a0Cobra pack\u00a0mit h\u00f6chst strapazierf\u00e4higem Nylon in dezentem Beige. Damit die Freude an diesem modernen Klassiker lange h\u00e4lt, wurde viel Wert auf hohe Qualit\u00e4t und sorgf\u00e4ltige Verarbeitung gelegt. So sind die Beschl\u00e4ge und Verschl\u00fcsse mit einem besonders harten schwarzen Chrom-Finish versehen. Der extra beschichtete Taschenboden ist extrem rei\u00df- und abriebfest. Die Tragegurte sind aus \u00e4u\u00dferst stabilem Gurtnylon gefertigt und extra gepolstert.Auch mit inneren Werten \u00fcberzeugt das neueste Mitglied der hochklassigen Cobra-Familie. Im weich gepolsterten Innenfach liegen 15- bis 17-Zoll MacBooks oder Notebooks bis 16,4 Zoll sicher gesch\u00fctzt. Das iPad wird in einer Extratasche ordentlich verstaut. F\u00fcr gr\u00f6\u00dferes und kleineres Zubeh\u00f6r wie beispielsweise Ordner, Dokumente, Ladeger\u00e4te und mobiles Telefon stehen zahlreiche leicht zug\u00e4ngliche, \u00fcbersichtliche Innenf\u00e4cher bereit. Auch an praktische Details wie Stiftehalter und Schl\u00fcsselring hat booq gedacht.Wie alle booq-Produkte ist auch\u00a0Cobra pack\u00a0mit einer Terralinq-ID-Nummer versehen. Sie hilft bei Verlust oder Diebstahl dabei, die Tasche leichter wieder aufzufinden.<strong>Preis und Verf\u00fcgbarkeit<\/strong>Der Business-Rucksack<strong>\u00a0Cobra pack\u00a0<\/strong>ist in K\u00fcrze \u00fcber den booq Online-Shop und bei ausgew\u00e4hlten IT-Fachh\u00e4ndlern f\u00fcr 255 Euro UVP inklusive MwSt. erh\u00e4ltlich.<\/p>\n<p>Weitere Informationen zur Cobra-Familie unter:<\/p>\n<p><strong><a href=\"http:\/\/www.booqeurope.com\/Cobra-Laptop-Bags\" target=\"_blank\">http:\/\/www.booqeurope.com\/Cobra-Laptop-Bags<\/a><\/strong><\/p>\n<p><strong>booq &#8211; Taschen f\u00fcr Creative Professionals<\/strong><\/p>\n<p>Das kalifornische Taschenlabel booq wurde 2002 von dem Deutschen Thorsten Trotzenberg gegr\u00fcndet. Mit Sitz in Sierra Madre, Kalifornien, und Husum, Schleswig-Holstein, bietet das Familienunternehmen eine breite Produktpalette an Taschen f\u00fcr Laptops, iPad, Digitalkameras und den iPod. Hochwertige Verarbeitung, optimaler Schutz des Inhalts, leichte Zug\u00e4nglichkeit sowie kreatives Design zeichnen die booq-Taschen aus. Die verarbeiteten Komponenten und Materialien stammen von f\u00fchrenden, qualit\u00e4tsorientierten Zulieferern aus aller Welt. \u00dcber die eingearbeitete Terralinq-ID-Nummer k\u00f6nnen verloren gegangene Taschen an ihren Besitzer zur\u00fcckgegeben werden. Zu beziehen sind die booq-Taschen \u00fcber Gravis und den booq Online-Shop, f\u00fcr Fachh\u00e4ndler \u00fcber Comline. Weitere Informationen unter\u00a0<a href=\"http:\/\/www.booq.de\/\" target=\"_blank\">www.booq.de<\/a>\u00a0Follow us on Twitter:\u00a0<a href=\"http:\/\/twitter.com\/booqeurope\" target=\"_blank\">http:\/\/twitter.com\/booqeurope<\/a><\/p>\n<\/div>\n<\/blockquote>\n<div>Und hier noch ein paar Bilder vom Hersteller:<\/div>\n<div>ngg_shortcode_0_placeholder<\/div>\n<div><span style=\"color: #ffffff;\">.<\/span><\/div>\n","protected":false},"excerpt":{"rendered":"<p>Deutschland-Premiere feiert Cobra pack: Der elegante Rucksack aus booqs exquisiter Cobra-Serie besticht durch erstklassige Materialien, durchdachte Details und sorgf\u00e4ltige Verarbeitung. <\/p>\n","protected":false},"author":3,"featured_media":0,"comment_status":"open","ping_status":"open","sticky":false,"template":"","format":"standard","meta":{"ngg_post_thumbnail":0,"_jetpack_memberships_contains_paid_content":false,"footnotes":"","_links_to":"","_links_to_target":""},"categories":[28,29,3],"tags":[30,33,34,32,31,35,1047],"class_list":["post-123","post","type-post","status-publish","format-standard","hentry","category-nicht-foto-taschen","category-pressemeldungen","category-rucksack","tag-booq","tag-business","tag-hersteller","tag-nicht-foto","tag-office","tag-pressemeldung","tag-rucksack"],"jetpack_featured_media_url":"","jetpack_shortlink":"https:\/\/wp.me\/p4GMND-1Z","jetpack_sharing_enabled":true,"_links":{"self":[{"href":"https:\/\/taschenfreak.de\/blog\/wp-json\/wp\/v2\/posts\/123","targetHints":{"allow":["GET"]}}],"collection":[{"href":"https:\/\/taschenfreak.de\/blog\/wp-json\/wp\/v2\/posts"}],"about":[{"href":"https:\/\/taschenfreak.de\/blog\/wp-json\/wp\/v2\/types\/post"}],"author":[{"embeddable":true,"href":"https:\/\/taschenfreak.de\/blog\/wp-json\/wp\/v2\/users\/3"}],"replies":[{"embeddable":true,"href":"https:\/\/taschenfreak.de\/blog\/wp-json\/wp\/v2\/comments?post=123"}],"version-history":[{"count":0,"href":"https:\/\/taschenfreak.de\/blog\/wp-json\/wp\/v2\/posts\/123\/revisions"}],"wp:attachment":[{"href":"https:\/\/taschenfreak.de\/blog\/wp-json\/wp\/v2\/media?parent=123"}],"wp:term":[{"taxonomy":"category","embeddable":true,"href":"https:\/\/taschenfreak.de\/blog\/wp-json\/wp\/v2\/categories?post=123"},{"taxonomy":"post_tag","embeddable":true,"href":"https:\/\/taschenfreak.de\/blog\/wp-json\/wp\/v2\/tags?post=123"}],"curies":[{"name":"wp","href":"https:\/\/api.w.org\/{rel}","templated":true}]}}