{"id":12511,"date":"2024-08-01T14:12:37","date_gmt":"2024-08-01T12:12:37","guid":{"rendered":"https:\/\/taschenfreak.de\/blog\/?p=12511"},"modified":"2024-08-01T14:18:16","modified_gmt":"2024-08-01T12:18:16","slug":"die-think-tank-retrospective-30-v2-0-und-warum-es-fuer-mich-die-fototasche-ist","status":"publish","type":"post","link":"https:\/\/taschenfreak.de\/blog\/2024\/08\/01\/die-think-tank-retrospective-30-v2-0-und-warum-es-fuer-mich-die-fototasche-ist\/","title":{"rendered":"Die Think Tank Retrospective 30 V2.0 und warum es f\u00fcr mich DIE Fototasche ist?!"},"content":{"rendered":"<blockquote><p>Wie oft habe ich schon behauptet DIE Schultertasche gefunden zu haben? Hach, sehr oft\u2026<\/p><\/blockquote>\n<p>Dennoch hat mich eine Taschenserie so viele Jahre immer wieder mal begleitet und nie losgelassen. Jetzt bin ich in der gl\u00fccklichen, oder auch dramatisch schwierigen Situation, st\u00e4ndig neue Taschen geschickt zu bekommen und testen zu d\u00fcrfen, so das ich gerne mal das \u201ealtbew\u00e4hrte\u201c abgebe oder zur Seite lege, weil der Reiz des neuen doch so hoch ist. Wer schon mal frisch verliebt war, wei\u00df von was ich spreche &#8211; \u00e4hm, immer noch von Fototaschen.<\/p>\n<p>Und genau so habe ich mich sehr oft wieder verf\u00fchren lassen von den schicken Oberwerths, Kompagnons, Tenbas und Billinghams (um nur einige bekannte Liebschaften zu nennen\u2026) und mich von meiner wahren langj\u00e4hrigen Liebe zu den Think Tank Photo Retrospektives ablenken lassen. Also nur um das mal zu erw\u00e4hnen, ich bin im echten Leben eine unfassbar treue Seele. Fremdgehen, gibt es bei mir nur bei Fototaschen\u2026.<\/p>\n<blockquote><p>Die Sehnsucht war aber gro\u00df!<\/p><\/blockquote>\n<p>So schrieb ich die liebe Natalie von Transcontinenta Deutschland wieder mal an, wir hatten ja schon \u00f6fter mal zusammen gearbeitet bei Think Tank und Billingham Produkten, ob sie als Think Tank Photo Germany Distributor nicht mal eine Retrospective 30 V2.0 in Schwarz zusenden m\u00f6chte, \u00fcber die ich dann auch in meinem Foto- und Video-Alltag gerne immer wieder mal berichte. Und siehe da, das tat sie gerne und umgehend. Und so kann ich im folgenden Video zeigen und berichten, warum diese Tasche, die Think Tank Photo Retrospektive 30 V2.0 f\u00fcr mich ganz pers\u00f6nlich DIE Foto-Schultertasche ist. Klickt Euch doch mal rein in das <a href=\"https:\/\/youtu.be\/zCb0l9k1Zt0\">folgende Video<\/a>:<\/p>\n<div class=\"jetpack-video-wrapper\"><span class=\"embed-youtube\" style=\"text-align:center; display: block;\"> <\/p>\n<div class=\"brlbs-cmpnt-container brlbs-cmpnt-content-blocker brlbs-cmpnt-with-individual-styles\" data-borlabs-cookie-content-blocker-id=\"youtube-content-blocker\" data-borlabs-cookie-content=\"PGlmcmFtZSBjbGFzcz0ieW91dHViZS1wbGF5ZXIiIHdpZHRoPSI2NTAiIGhlaWdodD0iMzY2IiBzcmM9Imh0dHBzOi8vd3d3LnlvdXR1YmUtbm9jb29raWUuY29tL2VtYmVkL3pDYjBsOWsxWnQwP3ZlcnNpb249MyYjMDM4O3JlbD0xJiMwMzg7c2hvd3NlYXJjaD0wJiMwMzg7c2hvd2luZm89MSYjMDM4O2l2X2xvYWRfcG9saWN5PTEmIzAzODtmcz0xJiMwMzg7aGw9ZGUtREUmIzAzODthdXRvaGlkZT0yJiMwMzg7d21vZGU9dHJhbnNwYXJlbnQiIGFsbG93ZnVsbHNjcmVlbj0idHJ1ZSIgc3R5bGU9ImJvcmRlcjowOyIgc2FuZGJveD0iYWxsb3ctc2NyaXB0cyBhbGxvdy1zYW1lLW9yaWdpbiBhbGxvdy1wb3B1cHMgYWxsb3ctcHJlc2VudGF0aW9uIGFsbG93LXBvcHVwcy10by1lc2NhcGUtc2FuZGJveCI+PC9pZnJhbWU+\">\n<div class=\"brlbs-cmpnt-cb-preset-c brlbs-cmpnt-cb-youtube\">\n<div class=\"brlbs-cmpnt-cb-thumbnail\" style=\"background-image: url('https:\/\/taschenfreak.de\/blog\/wp-content\/uploads\/borlabs-cookie\/1\/yt_zCb0l9k1Zt0_hqdefault.jpg')\"><\/div>\n<div class=\"brlbs-cmpnt-cb-main\">\n<div class=\"brlbs-cmpnt-cb-play-button\"><\/div>\n<div class=\"brlbs-cmpnt-cb-content\">\n<p class=\"brlbs-cmpnt-cb-description\">Sie sehen gerade einen Platzhalterinhalt von <strong>YouTube<\/strong>. Um auf den eigentlichen Inhalt zuzugreifen, klicken Sie auf die Schaltfl\u00e4che unten. Bitte beachten Sie, dass dabei Daten an Drittanbieter weitergegeben werden.<\/p>\n<p> <a class=\"brlbs-cmpnt-cb-provider-toggle\" href=\"#\" data-borlabs-cookie-show-provider-information role=\"button\">Mehr Informationen<\/a> <\/div>\n<div class=\"brlbs-cmpnt-cb-buttons\"> <a class=\"brlbs-cmpnt-cb-btn\" href=\"#\" data-borlabs-cookie-unblock role=\"button\">Inhalt entsperren<\/a> <a class=\"brlbs-cmpnt-cb-btn\" href=\"#\" data-borlabs-cookie-accept-service role=\"button\" style=\"display: inherit\">Erforderlichen Service akzeptieren und Inhalte entsperren<\/a> <\/div>\n<\/p><\/div>\n<\/p><\/div>\n<\/div>\n<p><\/span><\/div>\n<h4>Was mir sehr gut gef\u00e4llt an der Think Tank Photo Retrospektive 30 V2.0?<\/h4>\n<ul>\n<li>Der Stoff der Tasche ist unvergleichbar angenehm zu tragen. Da kommt keine Billingham oder Tenba heran (was nat\u00fcrlich sehr subjektiv ist).<\/li>\n<li>Die verstellbaren Klettverschl\u00fcsse (Silencer) sind unfassbar praktisch.<\/li>\n<li>Der innere Deckel, der mit dem Rei\u00dfverschluss, ist sehr gut sch\u00fctzend wenn man das mal braucht.<\/li>\n<li>Das alle Klettverschl\u00fcsse auch \u201ePark-Positionen\u201c haben mag ich sehr.<\/li>\n<li>Es sind reichlich Inneneinteilungen dabei so das man sich bequem \u201einneneinrichten\u201c kann wie man mag.<\/li>\n<li>Die Abmessungen sind alle perfekt f\u00fcr aktuelles Equipment (was nat\u00fcrlich auch immer vom verwendeten Equipment abh\u00e4ngt).<\/li>\n<li>Die Tasche ist au\u00dferordentlich unscheinbar und f\u00e4llt kaum auf, schon gar nicht als Tragebeh\u00e4ltnis f\u00fcr sehr wertvollen Inhalt.<\/li>\n<li>Es gibt reichlich Innen- und Au\u00dfenf\u00e4cher f\u00fcr den Kram im digitalen Alltag.<\/li>\n<li>Der Inhalt ist rundherum gut gesch\u00fctzt.<\/li>\n<li>Der Schultergurt ist sehr angenehm und das verschiebbare Schulterpolster sitzt wie kein anderes \u201erutschfest\u201c auf der Schulter.<\/li>\n<li>Der Handgriff ist laut wahrnehmbar aber unfassbar praktisch, auf jeden Fall wesentlich praktischer als die sonst oft \u00fcblichen Deckel-Griffe anderer Taschen.<\/li>\n<li>Die Tasche passt vom Design her perfekt zu schicken Hochzeiten, f\u00fchlt sich aber auch auf dem Campingplatz oder in der urbanen Natur sehr wohl. Sie f\u00e4llt nirgends auf, weder zu glamour\u00f6s noch zu langweilig. Sie ist einfach da und st\u00f6rt nicht.<\/li>\n<li>Das Ladevolumen ist faszinierend. Irgendwie ist die Tasche innen gr\u00f6\u00dfer als au\u00dfen.<\/li>\n<\/ul>\n<h4>Was mir nicht so gut gef\u00e4llt an der Think Tank Photo Retrospektive 30 V2.0?<\/h4>\n<ul>\n<li>Das gute St\u00fcck mag Haare und Fussel. Egal ob Hund, Katze oder Blondine &#8211; die Haare sind gerne mal \u201efrische Begleiter\u201c wenn man mit der schwarzen Retrospektive 30 unterwegs ist.<\/li>\n<\/ul>\n<h4>Fotos<\/h4>\n<div id='gallery-1' class='gallery galleryid-12511 gallery-columns-3 gallery-size-thumbnail'><figure class='gallery-item'>\n\t\t\t<div class='gallery-icon landscape'>\n\t\t\t\t<a href='https:\/\/taschenfreak.de\/blog\/wp-content\/uploads\/2024\/08\/2024-07-27-TF-TTP-Retro30V1-20.jpg' title=\"\" data-rl_title=\"\" class=\"rl-gallery-link\" data-rl_caption=\"\" data-rel=\"lightbox-gallery-1\"><img loading=\"lazy\" decoding=\"async\" width=\"150\" height=\"150\" src=\"https:\/\/taschenfreak.de\/blog\/wp-content\/uploads\/2024\/08\/2024-07-27-TF-TTP-Retro30V1-20-150x150.jpg\" class=\"attachment-thumbnail size-thumbnail\" alt=\"\" aria-describedby=\"gallery-1-12513\" srcset=\"https:\/\/taschenfreak.de\/blog\/wp-content\/uploads\/2024\/08\/2024-07-27-TF-TTP-Retro30V1-20-150x150.jpg 150w, https:\/\/taschenfreak.de\/blog\/wp-content\/uploads\/2024\/08\/2024-07-27-TF-TTP-Retro30V1-20-70x70.jpg 70w\" sizes=\"auto, (max-width: 150px) 100vw, 150px\" \/><\/a>\n\t\t\t<\/div>\n\t\t\t\t<figcaption class='wp-caption-text gallery-caption' id='gallery-1-12513'>\n\t\t\t\tThink Tank Photo Retrospective 30 &#8211; Schwarz\n\t\t\t\t<\/figcaption><\/figure><figure class='gallery-item'>\n\t\t\t<div class='gallery-icon landscape'>\n\t\t\t\t<a href='https:\/\/taschenfreak.de\/blog\/wp-content\/uploads\/2024\/08\/2024-07-27-TF-TTP-Retro30V1-Leather-21.jpg' title=\"\" data-rl_title=\"\" class=\"rl-gallery-link\" data-rl_caption=\"\" data-rel=\"lightbox-gallery-1\"><img loading=\"lazy\" decoding=\"async\" width=\"150\" height=\"150\" src=\"https:\/\/taschenfreak.de\/blog\/wp-content\/uploads\/2024\/08\/2024-07-27-TF-TTP-Retro30V1-Leather-21-150x150.jpg\" class=\"attachment-thumbnail size-thumbnail\" alt=\"\" aria-describedby=\"gallery-1-12514\" srcset=\"https:\/\/taschenfreak.de\/blog\/wp-content\/uploads\/2024\/08\/2024-07-27-TF-TTP-Retro30V1-Leather-21-150x150.jpg 150w, https:\/\/taschenfreak.de\/blog\/wp-content\/uploads\/2024\/08\/2024-07-27-TF-TTP-Retro30V1-Leather-21-70x70.jpg 70w\" sizes=\"auto, (max-width: 150px) 100vw, 150px\" \/><\/a>\n\t\t\t<\/div>\n\t\t\t\t<figcaption class='wp-caption-text gallery-caption' id='gallery-1-12514'>\n\t\t\t\tThink Tank Photo Retrospective 30 &#8211; Leather (eine V1 mit Lederdeckel)\n\t\t\t\t<\/figcaption><\/figure><figure class='gallery-item'>\n\t\t\t<div class='gallery-icon portrait'>\n\t\t\t\t<a href='https:\/\/taschenfreak.de\/blog\/wp-content\/uploads\/2024\/08\/2024-07-27-TF-TTP-Retro30V2-01.jpg' title=\"\" data-rl_title=\"\" class=\"rl-gallery-link\" data-rl_caption=\"\" data-rel=\"lightbox-gallery-1\"><img loading=\"lazy\" decoding=\"async\" width=\"150\" height=\"150\" src=\"https:\/\/taschenfreak.de\/blog\/wp-content\/uploads\/2024\/08\/2024-07-27-TF-TTP-Retro30V2-01-150x150.jpg\" class=\"attachment-thumbnail size-thumbnail\" alt=\"\" srcset=\"https:\/\/taschenfreak.de\/blog\/wp-content\/uploads\/2024\/08\/2024-07-27-TF-TTP-Retro30V2-01-150x150.jpg 150w, https:\/\/taschenfreak.de\/blog\/wp-content\/uploads\/2024\/08\/2024-07-27-TF-TTP-Retro30V2-01-70x70.jpg 70w\" sizes=\"auto, (max-width: 150px) 100vw, 150px\" \/><\/a>\n\t\t\t<\/div><\/figure><figure class='gallery-item'>\n\t\t\t<div class='gallery-icon portrait'>\n\t\t\t\t<a href='https:\/\/taschenfreak.de\/blog\/wp-content\/uploads\/2024\/08\/2024-07-27-TF-TTP-Retro30V2-02.jpg' title=\"\" data-rl_title=\"\" class=\"rl-gallery-link\" data-rl_caption=\"\" data-rel=\"lightbox-gallery-1\"><img loading=\"lazy\" decoding=\"async\" width=\"150\" height=\"150\" src=\"https:\/\/taschenfreak.de\/blog\/wp-content\/uploads\/2024\/08\/2024-07-27-TF-TTP-Retro30V2-02-150x150.jpg\" class=\"attachment-thumbnail size-thumbnail\" alt=\"\" srcset=\"https:\/\/taschenfreak.de\/blog\/wp-content\/uploads\/2024\/08\/2024-07-27-TF-TTP-Retro30V2-02-150x150.jpg 150w, https:\/\/taschenfreak.de\/blog\/wp-content\/uploads\/2024\/08\/2024-07-27-TF-TTP-Retro30V2-02-70x70.jpg 70w\" sizes=\"auto, (max-width: 150px) 100vw, 150px\" \/><\/a>\n\t\t\t<\/div><\/figure><figure class='gallery-item'>\n\t\t\t<div class='gallery-icon portrait'>\n\t\t\t\t<a href='https:\/\/taschenfreak.de\/blog\/wp-content\/uploads\/2024\/08\/2024-07-27-TF-TTP-Retro30V2-03_1.jpg' title=\"\" data-rl_title=\"\" class=\"rl-gallery-link\" data-rl_caption=\"\" data-rel=\"lightbox-gallery-1\"><img loading=\"lazy\" decoding=\"async\" width=\"150\" height=\"150\" src=\"https:\/\/taschenfreak.de\/blog\/wp-content\/uploads\/2024\/08\/2024-07-27-TF-TTP-Retro30V2-03_1-150x150.jpg\" class=\"attachment-thumbnail size-thumbnail\" alt=\"\" srcset=\"https:\/\/taschenfreak.de\/blog\/wp-content\/uploads\/2024\/08\/2024-07-27-TF-TTP-Retro30V2-03_1-150x150.jpg 150w, https:\/\/taschenfreak.de\/blog\/wp-content\/uploads\/2024\/08\/2024-07-27-TF-TTP-Retro30V2-03_1-70x70.jpg 70w\" sizes=\"auto, (max-width: 150px) 100vw, 150px\" \/><\/a>\n\t\t\t<\/div><\/figure><figure class='gallery-item'>\n\t\t\t<div class='gallery-icon portrait'>\n\t\t\t\t<a href='https:\/\/taschenfreak.de\/blog\/wp-content\/uploads\/2024\/08\/2024-07-27-TF-TTP-Retro30V2-03.jpg' title=\"\" data-rl_title=\"\" class=\"rl-gallery-link\" data-rl_caption=\"\" data-rel=\"lightbox-gallery-1\"><img loading=\"lazy\" decoding=\"async\" width=\"150\" height=\"150\" src=\"https:\/\/taschenfreak.de\/blog\/wp-content\/uploads\/2024\/08\/2024-07-27-TF-TTP-Retro30V2-03-150x150.jpg\" class=\"attachment-thumbnail size-thumbnail\" alt=\"\" srcset=\"https:\/\/taschenfreak.de\/blog\/wp-content\/uploads\/2024\/08\/2024-07-27-TF-TTP-Retro30V2-03-150x150.jpg 150w, https:\/\/taschenfreak.de\/blog\/wp-content\/uploads\/2024\/08\/2024-07-27-TF-TTP-Retro30V2-03-70x70.jpg 70w\" sizes=\"auto, (max-width: 150px) 100vw, 150px\" \/><\/a>\n\t\t\t<\/div><\/figure><figure class='gallery-item'>\n\t\t\t<div class='gallery-icon landscape'>\n\t\t\t\t<a href='https:\/\/taschenfreak.de\/blog\/wp-content\/uploads\/2024\/08\/2024-07-27-TF-TTP-Retro30V2-04_1.jpg' title=\"\" data-rl_title=\"\" class=\"rl-gallery-link\" data-rl_caption=\"\" data-rel=\"lightbox-gallery-1\"><img loading=\"lazy\" decoding=\"async\" width=\"150\" height=\"150\" src=\"https:\/\/taschenfreak.de\/blog\/wp-content\/uploads\/2024\/08\/2024-07-27-TF-TTP-Retro30V2-04_1-150x150.jpg\" class=\"attachment-thumbnail size-thumbnail\" alt=\"\" srcset=\"https:\/\/taschenfreak.de\/blog\/wp-content\/uploads\/2024\/08\/2024-07-27-TF-TTP-Retro30V2-04_1-150x150.jpg 150w, https:\/\/taschenfreak.de\/blog\/wp-content\/uploads\/2024\/08\/2024-07-27-TF-TTP-Retro30V2-04_1-70x70.jpg 70w\" sizes=\"auto, (max-width: 150px) 100vw, 150px\" \/><\/a>\n\t\t\t<\/div><\/figure><figure class='gallery-item'>\n\t\t\t<div class='gallery-icon portrait'>\n\t\t\t\t<a href='https:\/\/taschenfreak.de\/blog\/wp-content\/uploads\/2024\/08\/2024-07-27-TF-TTP-Retro30V2-04.jpg' title=\"\" data-rl_title=\"\" class=\"rl-gallery-link\" data-rl_caption=\"\" data-rel=\"lightbox-gallery-1\"><img loading=\"lazy\" decoding=\"async\" width=\"150\" height=\"150\" src=\"https:\/\/taschenfreak.de\/blog\/wp-content\/uploads\/2024\/08\/2024-07-27-TF-TTP-Retro30V2-04-150x150.jpg\" class=\"attachment-thumbnail size-thumbnail\" alt=\"\" srcset=\"https:\/\/taschenfreak.de\/blog\/wp-content\/uploads\/2024\/08\/2024-07-27-TF-TTP-Retro30V2-04-150x150.jpg 150w, https:\/\/taschenfreak.de\/blog\/wp-content\/uploads\/2024\/08\/2024-07-27-TF-TTP-Retro30V2-04-70x70.jpg 70w\" sizes=\"auto, (max-width: 150px) 100vw, 150px\" \/><\/a>\n\t\t\t<\/div><\/figure><figure class='gallery-item'>\n\t\t\t<div class='gallery-icon portrait'>\n\t\t\t\t<a href='https:\/\/taschenfreak.de\/blog\/wp-content\/uploads\/2024\/08\/2024-07-27-TF-TTP-Retro30V2-05.jpg' title=\"\" data-rl_title=\"\" class=\"rl-gallery-link\" data-rl_caption=\"\" data-rel=\"lightbox-gallery-1\"><img loading=\"lazy\" decoding=\"async\" width=\"150\" height=\"150\" src=\"https:\/\/taschenfreak.de\/blog\/wp-content\/uploads\/2024\/08\/2024-07-27-TF-TTP-Retro30V2-05-150x150.jpg\" class=\"attachment-thumbnail size-thumbnail\" alt=\"\" srcset=\"https:\/\/taschenfreak.de\/blog\/wp-content\/uploads\/2024\/08\/2024-07-27-TF-TTP-Retro30V2-05-150x150.jpg 150w, https:\/\/taschenfreak.de\/blog\/wp-content\/uploads\/2024\/08\/2024-07-27-TF-TTP-Retro30V2-05-70x70.jpg 70w\" sizes=\"auto, (max-width: 150px) 100vw, 150px\" \/><\/a>\n\t\t\t<\/div><\/figure><figure class='gallery-item'>\n\t\t\t<div class='gallery-icon portrait'>\n\t\t\t\t<a href='https:\/\/taschenfreak.de\/blog\/wp-content\/uploads\/2024\/08\/2024-07-27-TF-TTP-Retro30V2-06.jpg' title=\"\" data-rl_title=\"\" class=\"rl-gallery-link\" data-rl_caption=\"\" data-rel=\"lightbox-gallery-1\"><img loading=\"lazy\" decoding=\"async\" width=\"150\" height=\"150\" src=\"https:\/\/taschenfreak.de\/blog\/wp-content\/uploads\/2024\/08\/2024-07-27-TF-TTP-Retro30V2-06-150x150.jpg\" class=\"attachment-thumbnail size-thumbnail\" alt=\"\" srcset=\"https:\/\/taschenfreak.de\/blog\/wp-content\/uploads\/2024\/08\/2024-07-27-TF-TTP-Retro30V2-06-150x150.jpg 150w, https:\/\/taschenfreak.de\/blog\/wp-content\/uploads\/2024\/08\/2024-07-27-TF-TTP-Retro30V2-06-70x70.jpg 70w\" sizes=\"auto, (max-width: 150px) 100vw, 150px\" \/><\/a>\n\t\t\t<\/div><\/figure><figure class='gallery-item'>\n\t\t\t<div class='gallery-icon portrait'>\n\t\t\t\t<a href='https:\/\/taschenfreak.de\/blog\/wp-content\/uploads\/2024\/08\/2024-07-27-TF-TTP-Retro30V2-07.jpg' title=\"\" data-rl_title=\"\" class=\"rl-gallery-link\" data-rl_caption=\"\" data-rel=\"lightbox-gallery-1\"><img loading=\"lazy\" decoding=\"async\" width=\"150\" height=\"150\" src=\"https:\/\/taschenfreak.de\/blog\/wp-content\/uploads\/2024\/08\/2024-07-27-TF-TTP-Retro30V2-07-150x150.jpg\" class=\"attachment-thumbnail size-thumbnail\" alt=\"\" srcset=\"https:\/\/taschenfreak.de\/blog\/wp-content\/uploads\/2024\/08\/2024-07-27-TF-TTP-Retro30V2-07-150x150.jpg 150w, https:\/\/taschenfreak.de\/blog\/wp-content\/uploads\/2024\/08\/2024-07-27-TF-TTP-Retro30V2-07-70x70.jpg 70w\" sizes=\"auto, (max-width: 150px) 100vw, 150px\" \/><\/a>\n\t\t\t<\/div><\/figure><figure class='gallery-item'>\n\t\t\t<div class='gallery-icon portrait'>\n\t\t\t\t<a href='https:\/\/taschenfreak.de\/blog\/wp-content\/uploads\/2024\/08\/2024-07-27-TF-TTP-Retro30V2-08.jpg' title=\"\" data-rl_title=\"\" class=\"rl-gallery-link\" data-rl_caption=\"\" data-rel=\"lightbox-gallery-1\"><img loading=\"lazy\" decoding=\"async\" width=\"150\" height=\"150\" src=\"https:\/\/taschenfreak.de\/blog\/wp-content\/uploads\/2024\/08\/2024-07-27-TF-TTP-Retro30V2-08-150x150.jpg\" class=\"attachment-thumbnail size-thumbnail\" alt=\"\" srcset=\"https:\/\/taschenfreak.de\/blog\/wp-content\/uploads\/2024\/08\/2024-07-27-TF-TTP-Retro30V2-08-150x150.jpg 150w, https:\/\/taschenfreak.de\/blog\/wp-content\/uploads\/2024\/08\/2024-07-27-TF-TTP-Retro30V2-08-70x70.jpg 70w\" sizes=\"auto, (max-width: 150px) 100vw, 150px\" \/><\/a>\n\t\t\t<\/div><\/figure><figure class='gallery-item'>\n\t\t\t<div class='gallery-icon portrait'>\n\t\t\t\t<a href='https:\/\/taschenfreak.de\/blog\/wp-content\/uploads\/2024\/08\/2024-07-27-TF-TTP-Retro30V2-09.jpg' title=\"\" data-rl_title=\"\" class=\"rl-gallery-link\" data-rl_caption=\"\" data-rel=\"lightbox-gallery-1\"><img loading=\"lazy\" decoding=\"async\" width=\"150\" height=\"150\" src=\"https:\/\/taschenfreak.de\/blog\/wp-content\/uploads\/2024\/08\/2024-07-27-TF-TTP-Retro30V2-09-150x150.jpg\" class=\"attachment-thumbnail size-thumbnail\" alt=\"\" srcset=\"https:\/\/taschenfreak.de\/blog\/wp-content\/uploads\/2024\/08\/2024-07-27-TF-TTP-Retro30V2-09-150x150.jpg 150w, https:\/\/taschenfreak.de\/blog\/wp-content\/uploads\/2024\/08\/2024-07-27-TF-TTP-Retro30V2-09-70x70.jpg 70w\" sizes=\"auto, (max-width: 150px) 100vw, 150px\" \/><\/a>\n\t\t\t<\/div><\/figure><figure class='gallery-item'>\n\t\t\t<div class='gallery-icon portrait'>\n\t\t\t\t<a href='https:\/\/taschenfreak.de\/blog\/wp-content\/uploads\/2024\/08\/2024-07-27-TF-TTP-Retro30V2-10.jpg' title=\"\" data-rl_title=\"\" class=\"rl-gallery-link\" data-rl_caption=\"\" data-rel=\"lightbox-gallery-1\"><img loading=\"lazy\" decoding=\"async\" width=\"150\" height=\"150\" src=\"https:\/\/taschenfreak.de\/blog\/wp-content\/uploads\/2024\/08\/2024-07-27-TF-TTP-Retro30V2-10-150x150.jpg\" class=\"attachment-thumbnail size-thumbnail\" alt=\"\" srcset=\"https:\/\/taschenfreak.de\/blog\/wp-content\/uploads\/2024\/08\/2024-07-27-TF-TTP-Retro30V2-10-150x150.jpg 150w, https:\/\/taschenfreak.de\/blog\/wp-content\/uploads\/2024\/08\/2024-07-27-TF-TTP-Retro30V2-10-70x70.jpg 70w\" sizes=\"auto, (max-width: 150px) 100vw, 150px\" \/><\/a>\n\t\t\t<\/div><\/figure><figure class='gallery-item'>\n\t\t\t<div class='gallery-icon portrait'>\n\t\t\t\t<a href='https:\/\/taschenfreak.de\/blog\/wp-content\/uploads\/2024\/08\/2024-07-27-TF-TTP-Retro30V2-11.jpg' title=\"\" data-rl_title=\"\" class=\"rl-gallery-link\" data-rl_caption=\"\" data-rel=\"lightbox-gallery-1\"><img loading=\"lazy\" decoding=\"async\" width=\"150\" height=\"150\" src=\"https:\/\/taschenfreak.de\/blog\/wp-content\/uploads\/2024\/08\/2024-07-27-TF-TTP-Retro30V2-11-150x150.jpg\" class=\"attachment-thumbnail size-thumbnail\" alt=\"\" srcset=\"https:\/\/taschenfreak.de\/blog\/wp-content\/uploads\/2024\/08\/2024-07-27-TF-TTP-Retro30V2-11-150x150.jpg 150w, https:\/\/taschenfreak.de\/blog\/wp-content\/uploads\/2024\/08\/2024-07-27-TF-TTP-Retro30V2-11-70x70.jpg 70w\" sizes=\"auto, (max-width: 150px) 100vw, 150px\" \/><\/a>\n\t\t\t<\/div><\/figure>\n\t\t<\/div>\n\n<h4>Links<\/h4>\n<ul>\n<li><a href=\"https:\/\/youtu.be\/zCb0l9k1Zt0\">Mein Video zur Think Tank Photo Retrospective 30 V2.0 auf Youtube<\/a><\/li>\n<li><a href=\"https:\/\/thinktankphoto.de\/de\/kamera-taschen\/schultertaschen\/retrospective-30-v2-0\">Die Think Tank Retrospective 30 V2.0 beim Hersteller<\/a><\/li>\n<li><a href=\"https:\/\/amzn.to\/3Yrf66s\">Die Think Tank Retrospective 30 V2.0 in Schwarz bei Amazon<\/a><\/li>\n<li><a href=\"https:\/\/amzn.to\/4daKfQb\">Die Think Tank Retrospective 30 V2.0 in Pinestone bei Amazon<\/a><\/li>\n<\/ul>\n<h4>Bisherige Berichte auf Taschenfreak.de<\/h4>\n<ul>\n<li><a href=\"http:\/\/www.taschenfreak.de\/TASCHEN\/THINKTANK\/Retrospective30\/index.htm\" target=\"_blank\" rel=\"noopener noreferrer\">Think Tank Photo Retrospective 30<\/a><\/li>\n<li><a href=\"https:\/\/taschenfreak.de\/blog\/2015\/09\/03\/die-think-tank-photo-retrospective-30-leather-jetzt-auch-auf-taschenfreak-de\/\">Think Tank Photo Retrospective 30 Leather<\/a><\/li>\n<li><a href=\"https:\/\/taschenfreak.de\/blog\/2015\/10\/12\/think-tank-photo-retrospective-30-leather-mal-naeher-hingeschaut\/\">Think Tank Photo Retrospective 30 Leather<\/a><\/li>\n<li><a href=\"https:\/\/taschenfreak.de\/blog\/2016\/08\/27\/passt-ein-ipad-pro-das-grosse-12-in-eine-think-tank-photo-retrospective-30\/\">Think Tank Photo Retrospective 30 Leather mit iPad Pro 12,9&#8243;<\/a><\/li>\n<li><a href=\"https:\/\/taschenfreak.de\/blog\/2024\/08\/01\/die-think-tank-retrospective-30-v2-0-und-warum-es-fuer-mich-die-fototasche-ist\/\">Think Tank Retrospective 30 V2.0<\/a><\/li>\n<\/ul>\n<p>&nbsp;<\/p>\n<hr>\n<h4>Transparenz<\/h4>\n<p>Wie&nbsp;im&nbsp;Video oben&nbsp;ganz klar erl\u00e4utert, habe ich diese Tasche von Transcontinenta Deutschland kostenfrei zur Verf\u00fcgung gestellt bekommen und darf diese auch behalten. Das hat meinen Test zu keinster Zeit beeinflusst oder ver\u00e4ndert. Transcontinenta sowie Think Tank Photo Germany erf\u00e4hrt zur selben Zeit von meinen Berichten wie Ihr. Eine Zensur ist weder von den Unternehmen gewollt, noch w\u00fcrde ich das zulassen. Dann w\u00fcrde ich die Produkte nicht testen. Wenn mir jemand in meinen Content rein reden w\u00fcrde, bin ich raus! Das versuchen Hersteller oder H\u00e4ndler ab und zu mal, aber von denen wird es bei mir keine Testberichte geben. Die m\u00fcssen leider drau\u00dfen bleiben wie der Waldi beim Metzger vor der T\u00fcr stehen bleiben muss.<br \/>\nVielen lieben Dank an Natalie von Transcontinenta Deutschland f\u00fcr die Bereitstellung dieses Produktes.<\/p>\n<hr>\n<h4>Fazit<\/h4>\n<p>Ich denke das kam im obigen Video sehr gut r\u00fcber. Ich bin mehr als zufrieden und habe Spa\u00df bei der Benutzung dieser sehr vielseitigen und zugleich unscheinbaren Fototasche. Viele Jahre hatte ich den Vorg\u00e4nger und habe mich unz\u00e4hlige male ge\u00e4rgert diese damals abgegeben zu haben.<\/p>\n<p>Ganz sicher werde ich mich wieder gerne mal verf\u00fchren lassen. Aber auch ganz sicher werde ich mein festes Setup an Taschen und Rucks\u00e4cken in Zukunft behalten und nicht verschenken, verlosen oder verkaufen (f\u00fcr gute Zwecke), sondern eben behalten. Mein festes Setup besteht aus:<\/p>\n<ul>\n<li>Think Tank Photo Airport Take Off V2.0 &#8211; mein Trolley<\/li>\n<li>Brevite Jumper Large &#8211; mein Alltagsrucksack<\/li>\n<li>Think Tank Photo Retrospektive 30 V2.0 &#8211; eben diese Schultertasche<\/li>\n<li>Fj\u00e4llr\u00e4ven Greenland Small &#8211; meine Notebook Tasche f\u00fcr Kunden besuche oder mobiles Arbeiten in der Stadt (wenn quasi keine Kameras dabei sind\u2026)<\/li>\n<li>Tenba DNA 8 Messenger &#8211; die alte kleine die leider nicht mehr hergestellt wird &#8211; wenn man nur schnell die Kleine Kamera mit soll.<\/li>\n<\/ul>\n<p>Habt Ihr Fragen oder Anregungen? Dann immer her damit. Ich freue mich \u00fcber jede Art der Interaktion mit Euch. Gerne hier im Blog \u00fcber die Kommentarfunktion oder auch gerne in YouTube.<\/p>\n<p>Sch\u00f6ne Gr\u00fc\u00dfe &#8211; Euer Taschenfreak &amp; Fotofuzzy &#8211; J\u00f6rg Langer<\/p>\n<p>&nbsp;<\/p>\n<hr>\n<p><span style=\"font-size: 8pt;\"><strong>Hinweis in eigener Sache zur Werbung<\/strong><\/span><\/p>\n<p><span style=\"font-size: 8pt;\">Meine Blogbeitr\u00e4ge und Videos sind Gluten-, Glukose- und Laktosefrei, k\u00f6nnen aber Spuren von Werbung beinhalten da ich die Artikel ab und zu kostenlos zur Verf\u00fcgung gestellt bekomme.<\/span><\/p>\n<p><span style=\"font-size: 8pt;\">Meine Meinung ist frei von kommerziellen Einfl\u00fcssen, kann aber Spuren von Sarkasmus oder Ironie beinhalten.<\/span><br \/>\n<span style=\"font-size: 8pt;\">Dieser Blog verfolgt keine kommerziellen Absichten. Die meisten mir zur Verf\u00fcgung gestellten Taschen verschenke ich oder verlose die f\u00fcr gute Zwecke. Meine treuen Leser wissen das seit Jahren.<\/span><\/p>\n<p><span style=\"font-size: 8pt;\">Ich betreibe diesen Blog aus Spa\u00df an der Sache und nicht aus kommerziellen Absichten. Das mag in der heutigen Zeit eher ungew\u00f6hnlich sein. Mit diesem Schock m\u00fcsst Ihr leider zurecht kommen.<\/span><\/p>\n","protected":false},"excerpt":{"rendered":"<p>Wie oft habe ich schon behauptet DIE Schultertasche gefunden zu haben? Hach, sehr oft\u2026<\/p>\n<p>Dennoch hat mich eine Taschenserie so viele Jahre immer wieder mal begleitet und nie losgelassen. Jetzt bin ich in der gl\u00fccklichen, oder auch dramatisch schwierigen Situation, st\u00e4ndig neue Taschen geschickt zu bekommen und testen&#8230;<\/p>\n","protected":false},"author":3,"featured_media":12512,"comment_status":"open","ping_status":"open","sticky":false,"template":"","format":"standard","meta":{"ngg_post_thumbnail":0,"_jetpack_memberships_contains_paid_content":false,"footnotes":"","_links_to":"","_links_to_target":""},"categories":[11,12],"tags":[2394,2393,1050,1839,1057,1485],"class_list":["post-12511","post","type-post","status-publish","format-standard","has-post-thumbnail","hentry","category-schultertasche","category-schultertasche-mit-notebook","tag-die-fototasche","tag-retrospective-30-v2-0","tag-schultertasche","tag-stofftasche","tag-think-tank-photo","tag-think-tank-photo-retrospective-30"],"jetpack_featured_media_url":"https:\/\/taschenfreak.de\/blog\/wp-content\/uploads\/2024\/08\/2024-07-27-TF-TTP-Retro30V2.jpg","jetpack_shortlink":"https:\/\/wp.me\/p4GMND-3fN","jetpack_sharing_enabled":true,"_links":{"self":[{"href":"https:\/\/taschenfreak.de\/blog\/wp-json\/wp\/v2\/posts\/12511","targetHints":{"allow":["GET"]}}],"collection":[{"href":"https:\/\/taschenfreak.de\/blog\/wp-json\/wp\/v2\/posts"}],"about":[{"href":"https:\/\/taschenfreak.de\/blog\/wp-json\/wp\/v2\/types\/post"}],"author":[{"embeddable":true,"href":"https:\/\/taschenfreak.de\/blog\/wp-json\/wp\/v2\/users\/3"}],"replies":[{"embeddable":true,"href":"https:\/\/taschenfreak.de\/blog\/wp-json\/wp\/v2\/comments?post=12511"}],"version-history":[{"count":5,"href":"https:\/\/taschenfreak.de\/blog\/wp-json\/wp\/v2\/posts\/12511\/revisions"}],"predecessor-version":[{"id":12535,"href":"https:\/\/taschenfreak.de\/blog\/wp-json\/wp\/v2\/posts\/12511\/revisions\/12535"}],"wp:featuredmedia":[{"embeddable":true,"href":"https:\/\/taschenfreak.de\/blog\/wp-json\/wp\/v2\/media\/12512"}],"wp:attachment":[{"href":"https:\/\/taschenfreak.de\/blog\/wp-json\/wp\/v2\/media?parent=12511"}],"wp:term":[{"taxonomy":"category","embeddable":true,"href":"https:\/\/taschenfreak.de\/blog\/wp-json\/wp\/v2\/categories?post=12511"},{"taxonomy":"post_tag","embeddable":true,"href":"https:\/\/taschenfreak.de\/blog\/wp-json\/wp\/v2\/tags?post=12511"}],"curies":[{"name":"wp","href":"https:\/\/api.w.org\/{rel}","templated":true}]}}