{"id":1362,"date":"2012-09-03T15:48:42","date_gmt":"2012-09-03T13:48:42","guid":{"rendered":"http:\/\/taschenfreak.de\/blog\/?p=1362"},"modified":"2012-09-04T18:56:40","modified_gmt":"2012-09-04T16:56:40","slug":"thinktank-airport-commuter-einer-der-neuen-aus-der-usa-taschenschmiede","status":"publish","type":"post","link":"https:\/\/taschenfreak.de\/blog\/2012\/09\/03\/thinktank-airport-commuter-einer-der-neuen-aus-der-usa-taschenschmiede\/","title":{"rendered":"Think Tank Airport Commuter &#8211; einer der neuen aus der USA Taschenschmiede"},"content":{"rendered":"<p><a  href=\"https:\/\/taschenfreak.de\/blog\/wp-content\/uploads\/2012\/09\/TTP_Commuter_Thorsten_0004.jpg\" data-rel=\"lightbox-gallery-0\" data-rl_title=\"\" data-rl_caption=\"\"><img loading=\"lazy\" decoding=\"async\" class=\"alignright size-thumbnail wp-image-1363\" title=\"\" src=\"https:\/\/taschenfreak.de\/blog\/wp-content\/uploads\/2012\/09\/TTP_Commuter_Thorsten_0004-150x150.jpg\" alt=\"\" width=\"150\" height=\"150\" \/><\/a>Thorsten hat uns folgende Bilder und folgenden Text f\u00fcr Euch alle zur Verf\u00fcgung gestellt. Er beschreibt damit seinen neuen <strong>Think Tank Photo Commuter<\/strong>. Thorsten schreibt uns dazu:<\/p>\n<blockquote><p>Thinktank Photo Airport Commuter<\/p>\n<p>Es handelt sich bei dem Thinktank Photo Airport Commuter um einen Rucksack der angeblich die meisten Fluglinienbestimmungen entsprechen soll. Man kann in Ihm locker 2 Pro-Bodies verstauen und noch jede Menge Objektive. Es soll sogar ein 500mm ohne Kamera hineinpassen.<\/p>\n<p><!--more-->Die Verarbeitung ist wieder Thinktank Photo technisch sehr gut. Die Polsterung der vorderen Tasche f\u00fcr das Ipad oder\/und einen Laptop ist nach meiner Meinung etwas gering ausgefallen. Da muss man schon etwas auspassen. Sollte aber f\u00fcr den allgemeinen Fall ausreichen.<\/p>\n<p>Laut Thinktank Seite soll man den Bauchgurt durch den Thinktank Modulus Gurt austauschen k\u00f6nnen. Das ist bei mir nicht der Fall! Seltsam!?!? Es ist ein einfacher Bauchgurt dabei. Diesen kann man in die kleinen Aussparungen auf der Seite stecken und schl\u00e4gt so nicht \u00fcberall an.<\/p>\n<p>Die Innentaschen sind jetzt aus einem Netz gemacht. Bisher waren die bei den Thinktank Photo Taschen immer aus einer Plastikfolie mit Innengewebe.<\/p>\n<p>Gruss Thorsten<\/p><\/blockquote>\nngg_shortcode_0_placeholder\n<p>Wir sagen an Thorsten vielen Dank &#8211; auch f\u00fcr Deine Geduld!<\/p>\n<p>Sch\u00f6ne Gr\u00fc\u00dfe &#8211; Euer Taschenfreak.de Team<\/p>\n","protected":false},"excerpt":{"rendered":"<p>Thorsten hat uns folgende Bilder und folgenden Text f\u00fcr Euch alle zur Verf\u00fcgung gestellt. Er beschreibt damit seinen neuen Think Tank Photo Commuter. Thorsten schreibt uns dazu:<\/p>\n","protected":false},"author":3,"featured_media":0,"comment_status":"open","ping_status":"open","sticky":false,"template":"","format":"standard","meta":{"ngg_post_thumbnail":0,"_jetpack_memberships_contains_paid_content":false,"footnotes":"","_links_to":"","_links_to_target":""},"categories":[3,6],"tags":[363,362,1047,351,1057,1062],"class_list":["post-1362","post","type-post","status-publish","format-standard","hentry","category-rucksack","category-rucksack-mit-notebookfach-ohne-daypack","tag-airport-commuter","tag-commuter","tag-rucksack","tag-rucksack-mit-notebookfach","tag-think-tank-photo","tag-usa"],"jetpack_featured_media_url":"","jetpack_shortlink":"https:\/\/wp.me\/p4GMND-lY","jetpack_sharing_enabled":true,"_links":{"self":[{"href":"https:\/\/taschenfreak.de\/blog\/wp-json\/wp\/v2\/posts\/1362","targetHints":{"allow":["GET"]}}],"collection":[{"href":"https:\/\/taschenfreak.de\/blog\/wp-json\/wp\/v2\/posts"}],"about":[{"href":"https:\/\/taschenfreak.de\/blog\/wp-json\/wp\/v2\/types\/post"}],"author":[{"embeddable":true,"href":"https:\/\/taschenfreak.de\/blog\/wp-json\/wp\/v2\/users\/3"}],"replies":[{"embeddable":true,"href":"https:\/\/taschenfreak.de\/blog\/wp-json\/wp\/v2\/comments?post=1362"}],"version-history":[{"count":0,"href":"https:\/\/taschenfreak.de\/blog\/wp-json\/wp\/v2\/posts\/1362\/revisions"}],"wp:attachment":[{"href":"https:\/\/taschenfreak.de\/blog\/wp-json\/wp\/v2\/media?parent=1362"}],"wp:term":[{"taxonomy":"category","embeddable":true,"href":"https:\/\/taschenfreak.de\/blog\/wp-json\/wp\/v2\/categories?post=1362"},{"taxonomy":"post_tag","embeddable":true,"href":"https:\/\/taschenfreak.de\/blog\/wp-json\/wp\/v2\/tags?post=1362"}],"curies":[{"name":"wp","href":"https:\/\/api.w.org\/{rel}","templated":true}]}}