{"id":1369,"date":"2012-09-05T06:24:33","date_gmt":"2012-09-05T04:24:33","guid":{"rendered":"http:\/\/taschenfreak.de\/blog\/?p=1369"},"modified":"2013-06-28T11:17:59","modified_gmt":"2013-06-28T09:17:59","slug":"ist-das-rot-der-orangene-lowepro-photo-hatchback-22l","status":"publish","type":"post","link":"https:\/\/taschenfreak.de\/blog\/2012\/09\/05\/ist-das-rot-der-orangene-lowepro-photo-hatchback-22l\/","title":{"rendered":"Ist das Rot? Der orangene Lowepro Photo Hatchback 22L"},"content":{"rendered":"<p><img loading=\"lazy\" decoding=\"async\" class=\"alignright size-thumbnail wp-image-1370\" title=\"20120903-172110-DSC00587\" alt=\"Sony Alpha Set um Lowepro Hatchback 22L\" src=\"https:\/\/taschenfreak.de\/blog\/wp-content\/uploads\/2012\/09\/20120903-172110-DSC00587-150x150.jpg\" width=\"150\" height=\"150\" \/><\/p>\n<blockquote><p>&#8222;Der sieht ja klasse aus!&#8220;<\/p><\/blockquote>\n<p>, war mein erster Gedanke beim Betrachten des <a href=\"http:\/\/vimeo.com\/44348826\" target=\"_blank\">Videos auf Vimeo von Lowepro<\/a>. Da ich ja sonst der Think Tank und Domke Typ bin, habe ich mir etwas schwer getan mit der Lowepro. Aber dann habe ich die Entscheidung f\u00fcr mich gef\u00e4llt,<\/p>\n<blockquote><p>&#8222;der muss her f\u00fcr die Alpha Ausr\u00fcstung!&#8220;.<\/p><\/blockquote>\n<p>Gesagt, getan, bestellt. Da ich in Deutschland keinen <!--more-->H\u00e4ndler gefunden hatte, der den roten Lieferbar hatte, suchte ich im Netz bei meinen Freunden in New York und siehe da, B&amp;H PhotoVideo hatte den roten sogar &#8222;on Stock&#8220;, also klick, am Freitag nachmittag bestellt. Montag 13 Uhr klingelte der UPS Mensch und brachte mir das Paket. Das war mal Flott inkl. Zoll und Co.<\/p>\n<p>Dieses Video von den Lowepro Kollegen war letztendlich der Ausl\u00f6ser das ich diesen Rucksack selbst mal testen und nutzen wollte.<\/p>\n<div class=\"brlbs-cmpnt-container brlbs-cmpnt-content-blocker brlbs-cmpnt-with-individual-styles\" data-borlabs-cookie-content-blocker-id=\"default\" data-borlabs-cookie-content=\"PGlmcmFtZSBzcmM9Imh0dHA6Ly9wbGF5ZXIudmltZW8uY29tL3ZpZGVvLzQ0MzQ4ODI2P3BvcnRyYWl0PTAmYW1wO2NvbG9yPWZmOTkzMyIgaGVpZ2h0PSIzNTEiIHdpZHRoPSI2MjUiIGZyYW1lYm9yZGVyPSIwIj48L2lmcmFtZT4=\">\n<div class=\"brlbs-cmpnt-cb-preset-a\">\n<p class=\"brlbs-cmpnt-cb-description\">Sie sehen gerade einen Platzhalterinhalt von <strong>Standard<\/strong>. Um auf den eigentlichen Inhalt zuzugreifen, klicken Sie auf den Button unten. Bitte beachten Sie, dass dabei Daten an Drittanbieter weitergegeben werden.<\/p>\n<div class=\"brlbs-cmpnt-cb-buttons\"> <a class=\"brlbs-cmpnt-cb-btn\" href=\"#\" data-borlabs-cookie-unblock role=\"button\">Inhalt entsperren<\/a> <a class=\"brlbs-cmpnt-cb-btn\" href=\"#\" data-borlabs-cookie-accept-service role=\"button\" style=\"display: none\">Erforderlichen Service akzeptieren und Inhalte entsperren<\/a> <\/div>\n<p> <a class=\"brlbs-cmpnt-cb-provider-toggle\" href=\"#\" data-borlabs-cookie-show-provider-information role=\"button\">Weitere Informationen<\/a> <\/div>\n<\/div>\n<p>Von diesem Rucksack erwartete ich:<\/p>\n<ul>\n<li>Weich muss er sein und nicht zu starr<\/li>\n<li>Muss aufnehmen:\n<ul>\n<li>Sony A77 mit 16-50 2.8<\/li>\n<li>Sony 85 2.8<\/li>\n<li>Sony Carl Zeiss 135 1.8<\/li>\n<li>Sony Blitz<\/li>\n<li>Blitzkabel, Akkus, Speicher<\/li>\n<li>iPad oder Android Tablet<\/li>\n<li>Regenjacke und Kleinigkeiten wie Sonnebrille und Stadtplan<\/li>\n<\/ul>\n<\/li>\n<li>die Gurte sollten auch f\u00fcr XXXL Menschen nutzbar sein, soll ja nicht sitzen wie eine Kindergartentasche am gro\u00dfen Kerl \ud83d\ude42<\/li>\n<li>relativ sicher und nicht leicht in der Metro\/U-Bahn unbemerkt zu \u00f6ffnen sein<\/li>\n<li>und, dieses <span style=\"color: #ff0000;\">rot<\/span>, er muss <span style=\"color: #ff0000;\">rot<\/span> sein!<\/li>\n<\/ul>\n<p>Meine Erwartungen wurden alle, au\u00dfer die Farbe erf\u00fcllt. Dieses <span style=\"color: #ff0000;\">rot<\/span> ist nicht <span style=\"color: #ff0000;\">rot<\/span>, sondern <span style=\"color: #ff9900;\">orange<\/span>. Nun, gut, damit kann ich leben, denn den Rest meiner bescheidenen Anforderungen erf\u00fcllt das gute St\u00fcck auf jeden Fall sehr gut. Der Stoff des Rucksacks ist sehr weich und bequem zu tragen (auch in meiner Gr\u00f6\u00dfe und Breite!). Das Fotofach kann man, wie auf den nachfolgenden Bildern zu sehen ist, komplett rausnehmen und so den Rucksack f\u00fcr die Shopping Tour nutzen und das Foto&#8220;department&#8220; so wie es ist, in den Hotelsafe stellen. Sch\u00f6n gemacht wie ich finde.<\/p>\nngg_shortcode_0_placeholder\n<p><span style=\"color: #ffffff;\">.<\/span><\/p>\n<p>Das vordere Tablet- oder Ultrabookfach ist auch sch\u00f6n realisiert, denn in dem Fach ist innen ein zweites Fach zu finden, so das man das Tablet von dem Stadtplan oder der neuesten &#8222;ColorFoto&#8220; trennen kann und nichts aneinander reibt. Din A4 ist aber maximum an Format. H\u00f6her und breiter sollte es nicht sein, denn sonst geht es durch den Reissverschluss nicht hindurch. Ein Apple MBA 11&#8243; ist gar kein Problem, ein 13&#8243; geht auch wahrscheinlich noch aber eng (Vorsicht: Konnte ich nicht testen!) , und ein 14&#8243; Ultrabook ist in den meisten F\u00e4llen, wie bei meinem Ultrabook LIFEBOOK U772 2 cm zu breit, also im Hochkantfach zu lang und der Reissverschluss geht nicht mehr zu. F\u00fcr mich kein Problem, weil ich auf St\u00e4dtetouren eh kein Notebook rumschleppe und dabei lieber auf meine Tablets zur\u00fcckgreife.<\/p>\n<p>Apropos St\u00e4dtetour, ich muss mal wieder nach Paris oder Amsterdam&#8230; #dawarnochwas<\/p>\n<p>Viele Gr\u00fc\u00dfe &#8211; Euer Taschenfreak &#8211; J\u00f6rg Langer<\/p>\n<p>p.s.: Die Tasche wurde als ROT deklariert&#8230;. Seufz&#8230;<br \/>\np.s.: Die Hasselblad und der Belichtungsmesser und die Filme passen auch gut rein&#8230;<\/p>\n","protected":false},"excerpt":{"rendered":"<p>&#8222;Der sieht ja klasse aus!&#8220;<\/p>\n<p>, war mein erster Gedanke beim Betrachten des Videos auf Vimeo von Lowepro. Da ich ja sonst der Think Tank und Domke Typ bin&#8230;<\/p>\n","protected":false},"author":3,"featured_media":0,"comment_status":"open","ping_status":"open","sticky":false,"template":"","format":"standard","meta":{"ngg_post_thumbnail":0,"_jetpack_memberships_contains_paid_content":false,"footnotes":"","_links_to":"","_links_to_target":""},"categories":[51,3,7],"tags":[366,369,1054,48,365,367,368],"class_list":["post-1369","post","type-post","status-publish","format-standard","hentry","category-packbespiel","category-rucksack","category-rucksack-mit-notebookfach-und-daypack","tag-22l","tag-citytouren","tag-lowepro","tag-packbeispiel","tag-photo-hatchback","tag-rot-oder-orange","tag-tagesrucksack"],"jetpack_featured_media_url":"","jetpack_shortlink":"https:\/\/wp.me\/p4GMND-m5","jetpack_sharing_enabled":true,"_links":{"self":[{"href":"https:\/\/taschenfreak.de\/blog\/wp-json\/wp\/v2\/posts\/1369","targetHints":{"allow":["GET"]}}],"collection":[{"href":"https:\/\/taschenfreak.de\/blog\/wp-json\/wp\/v2\/posts"}],"about":[{"href":"https:\/\/taschenfreak.de\/blog\/wp-json\/wp\/v2\/types\/post"}],"author":[{"embeddable":true,"href":"https:\/\/taschenfreak.de\/blog\/wp-json\/wp\/v2\/users\/3"}],"replies":[{"embeddable":true,"href":"https:\/\/taschenfreak.de\/blog\/wp-json\/wp\/v2\/comments?post=1369"}],"version-history":[{"count":0,"href":"https:\/\/taschenfreak.de\/blog\/wp-json\/wp\/v2\/posts\/1369\/revisions"}],"wp:attachment":[{"href":"https:\/\/taschenfreak.de\/blog\/wp-json\/wp\/v2\/media?parent=1369"}],"wp:term":[{"taxonomy":"category","embeddable":true,"href":"https:\/\/taschenfreak.de\/blog\/wp-json\/wp\/v2\/categories?post=1369"},{"taxonomy":"post_tag","embeddable":true,"href":"https:\/\/taschenfreak.de\/blog\/wp-json\/wp\/v2\/tags?post=1369"}],"curies":[{"name":"wp","href":"https:\/\/api.w.org\/{rel}","templated":true}]}}