{"id":13731,"date":"2026-01-01T17:58:39","date_gmt":"2026-01-01T16:58:39","guid":{"rendered":"https:\/\/taschenfreak.de\/blog\/?p=13731"},"modified":"2026-01-24T15:40:09","modified_gmt":"2026-01-24T14:40:09","slug":"fjaellraeven-greenland-medium-warum-eine-nicht-fototasche-mein-perfekter-alltagsbegleiter-ist","status":"publish","type":"post","link":"https:\/\/taschenfreak.de\/blog\/2026\/01\/01\/fjaellraeven-greenland-medium-warum-eine-nicht-fototasche-mein-perfekter-alltagsbegleiter-ist\/","title":{"rendered":"FJ\u00c4LLR\u00c4VEN Greenland (Medium) \u2013 warum eine Nicht-Fototasche mein perfekter Alltagsbegleiter ist"},"content":{"rendered":"<p class=\"p1\">Ein gutes neues Jahr euch allen!<\/p>\n<p class=\"p1\">In diesem Beitrag \u2013 und im dazugeh\u00f6rigen Video \u2013 geht es um eine Tasche, die <span class=\"s1\"><b>eigentlich keine Fototasche ist<\/b><\/span>. Und genau deshalb ist sie bei mir im Alltag gelandet.<\/p>\n<p class=\"p1\">Ich spreche \u00fcber die <span class=\"s1\"><b>FJ\u00c4LLR\u00c4VEN Greenland Shoulder Bag (Medium)<\/b><\/span> in Schwarz. Eine klassische Alltagstasche bzw. Notebooktasche, die ich mir <span class=\"s1\"><b>selbst gekauft<\/b><\/span> habe. Kein Sponsoring. Keine Vorgaben. Keine Verlosung.<\/p>\n<p class=\"p1\">Einfach eine Tasche, die mich neugierig gemacht hat \u2013 und die ich \u00fcber den Jahreswechsel ganz real getestet habe.<\/p>\n<p class=\"p3\"><span class=\"s2\">\ud83d\udc49 <\/span><b>Hier das Video zum Beitrag:<\/b><b><\/b><\/p>\n<div class=\"jetpack-video-wrapper\"><span class=\"embed-youtube\" style=\"text-align:center; display: block;\"> <\/p>\n<div class=\"brlbs-cmpnt-container brlbs-cmpnt-content-blocker brlbs-cmpnt-with-individual-styles\" data-borlabs-cookie-content-blocker-id=\"youtube-content-blocker\" data-borlabs-cookie-content=\"PGlmcmFtZSBjbGFzcz0ieW91dHViZS1wbGF5ZXIiIHdpZHRoPSI2NTAiIGhlaWdodD0iMzY2IiBzcmM9Imh0dHBzOi8vd3d3LnlvdXR1YmUtbm9jb29raWUuY29tL2VtYmVkL0RwQ3Q2X3NyVDRzP3ZlcnNpb249MyYjMDM4O3JlbD0xJiMwMzg7c2hvd3NlYXJjaD0wJiMwMzg7c2hvd2luZm89MSYjMDM4O2l2X2xvYWRfcG9saWN5PTEmIzAzODtmcz0xJiMwMzg7aGw9ZGUtREUmIzAzODthdXRvaGlkZT0yJiMwMzg7d21vZGU9dHJhbnNwYXJlbnQiIGFsbG93ZnVsbHNjcmVlbj0idHJ1ZSIgc3R5bGU9ImJvcmRlcjowOyIgc2FuZGJveD0iYWxsb3ctc2NyaXB0cyBhbGxvdy1zYW1lLW9yaWdpbiBhbGxvdy1wb3B1cHMgYWxsb3ctcHJlc2VudGF0aW9uIGFsbG93LXBvcHVwcy10by1lc2NhcGUtc2FuZGJveCI+PC9pZnJhbWU+\">\n<div class=\"brlbs-cmpnt-cb-preset-c brlbs-cmpnt-cb-youtube\">\n<div class=\"brlbs-cmpnt-cb-thumbnail\" style=\"background-image: url('https:\/\/taschenfreak.de\/blog\/wp-content\/uploads\/borlabs-cookie\/1\/yt_DpCt6_srT4s_hqdefault.jpg')\"><\/div>\n<div class=\"brlbs-cmpnt-cb-main\">\n<div class=\"brlbs-cmpnt-cb-play-button\"><\/div>\n<div class=\"brlbs-cmpnt-cb-content\">\n<p class=\"brlbs-cmpnt-cb-description\">Sie sehen gerade einen Platzhalterinhalt von <strong>YouTube<\/strong>. Um auf den eigentlichen Inhalt zuzugreifen, klicken Sie auf die Schaltfl\u00e4che unten. Bitte beachten Sie, dass dabei Daten an Drittanbieter weitergegeben werden.<\/p>\n<p> <a class=\"brlbs-cmpnt-cb-provider-toggle\" href=\"#\" data-borlabs-cookie-show-provider-information role=\"button\">Mehr Informationen<\/a> <\/div>\n<div class=\"brlbs-cmpnt-cb-buttons\"> <a class=\"brlbs-cmpnt-cb-btn\" href=\"#\" data-borlabs-cookie-unblock role=\"button\">Inhalt entsperren<\/a> <a class=\"brlbs-cmpnt-cb-btn\" href=\"#\" data-borlabs-cookie-accept-service role=\"button\" style=\"display: inherit\">Erforderlichen Service akzeptieren und Inhalte entsperren<\/a> <\/div>\n<\/p><\/div>\n<\/p><\/div>\n<\/div>\n<p><\/span><\/div>\n<hr>\n<h3><b>Warum gerade diese Tasche?<\/b><\/h3>\n<p class=\"p1\">Getestet habe ich die Greenland \u00fcber den Jahreswechsel am <span class=\"s1\"><b>Frankfurter Flughafen<\/b><\/span>.<\/p>\n<p class=\"p1\">Eine \u00dcbernachtung, viel Zeit zwischen Kaffee, Terminal, Hotel und Spaziergang \u2013 und genau die Art von Alltagssituation, in der sich f\u00fcr mich entscheidet, ob eine Tasche bleibt oder wieder geht.<\/p>\n<p class=\"p1\">Dabei hatte ich:<\/p>\n<ul>\n<li>\n<p class=\"p1\">Kamera<\/p>\n<\/li>\n<li>\n<p class=\"p1\">Tablet<\/p>\n<\/li>\n<li>\n<p class=\"p1\">Buch<\/p>\n<\/li>\n<li>\n<p class=\"p1\">Ladeger\u00e4te<\/p>\n<\/li>\n<li>\n<p class=\"p1\">Kleinkram f\u00fcr unterwegs<\/p>\n<\/li>\n<\/ul>\n<p class=\"p1\">Also kein Shooting, kein Auftrag \u2013 sondern &#8222;<span class=\"s1\"><b>echtes Leben&#8220;<\/b><\/span>.<\/p>\n<hr>\n<h3><b>Was mir an der FJ\u00c4LLR\u00c4VEN Greenland (Medium) gef\u00e4llt<\/b><\/h3>\n<p class=\"p1\">Die Greenland ist angenehm unaufgeregt. Kein Technik-Gehabe, kein Fototaschen-Look, kein \u201eschau mal, ich bin Fotograf\u201c.<\/p>\n<p class=\"p3\"><b>Das mag ich besonders:<\/b><b><\/b><\/p>\n<ul>\n<li>\n<p class=\"p1\">unauff\u00e4lliges, zeitloses Design<\/p>\n<\/li>\n<li>\n<p class=\"p1\">robuster Stoff mit sch\u00f6ner, \u201eknautschiger\u201c Haptik<\/p>\n<\/li>\n<li>\n<p class=\"p1\">leiser Metallverschluss statt Klett (gro\u00dfer Pluspunkt!)<\/p>\n<\/li>\n<li>\n<p class=\"p1\">helles Innenfutter<\/p>\n<\/li>\n<li>\n<p class=\"p1\">mit einfachem Kamera-Insert flexibel zur Fototasche machbar<\/p>\n<\/li>\n<\/ul>\n<p class=\"p1\">Genau diese Reduktion sorgt daf\u00fcr, dass ich sie <span class=\"s1\"><b>gern und oft<\/b><\/span> nutze.<\/p>\n<hr>\n<h3><b>Was sie ganz bewusst nicht ist<\/b><\/h3>\n<p class=\"p1\">Das geh\u00f6rt genauso zur Ehrlichkeit dazu:<\/p>\n<ul>\n<li>\n<p class=\"p1\">keine klassische Fototasche<\/p>\n<\/li>\n<li>\n<p class=\"p1\">kein Organisationswunder mit tausend F\u00e4chern<\/p>\n<\/li>\n<li>\n<p class=\"p1\">kein perfekter Schutz ohne Kamera-Insert<\/p>\n<\/li>\n<\/ul>\n<p class=\"p1\">Und genau das ist f\u00fcr meinen Alltag <span class=\"s1\"><b>v\u00f6llig okay<\/b><\/span>.<\/p>\n<hr>\n<h3><b>Alltag statt Auftrag \u2013 warum das f\u00fcr mich wichtig ist<\/b><\/h3>\n<p class=\"p1\">In meinem beruflichen Alltag <span class=\"s1\"><b>muss<\/b><\/span> alles funktionieren.&nbsp;Da habe ich erprobte Workflows, feste Setups und genau definierte Taschen. Im Privaten ist das anders.<\/p>\n<p class=\"p1\">Da m\u00f6chte ich:<\/p>\n<ul>\n<li>\n<p class=\"p1\">spontan sein<\/p>\n<\/li>\n<li>\n<p class=\"p1\">ausprobieren<\/p>\n<\/li>\n<li>\n<p class=\"p1\">reduzieren<\/p>\n<\/li>\n<li>\n<p class=\"p1\">nicht immer \u201eperfekt\u201c organisiert sein<\/p>\n<\/li>\n<\/ul>\n<p class=\"p1\">Die Greenland ist f\u00fcr mich genau so eine Tasche:<\/p>\n<p class=\"p1\">Sie passt sich an \u2013 nicht umgekehrt.<\/p>\n<hr>\n<h3><b>Kamera-Insert: simpel, g\u00fcnstig, ausreichend<\/b><\/h3>\n<p class=\"p1\">Ich nutze ein <span class=\"s1\"><b>einfaches Standard-Kamera-Insert<\/b><\/span> (kein Fj\u00e4llr\u00e4ven-Zubeh\u00f6r). Es sch\u00fctzt Kamera und Objektiv \u2013 mehr soll es gar nicht k\u00f6nnen.<\/p>\n<p class=\"p1\">F\u00fcr meinen Einsatzzweck:<\/p>\n<ul>\n<li>\n<p class=\"p1\">absolut ausreichend<\/p>\n<\/li>\n<li>\n<p class=\"p1\">leicht<\/p>\n<\/li>\n<li>\n<p class=\"p1\">flexibel<\/p>\n<\/li>\n<li>\n<p class=\"p1\">g\u00fcnstig<\/p>\n<\/li>\n<\/ul>\n<p class=\"p1\">Manchmal braucht es eben <span class=\"s1\"><b>keine High-End-L\u00f6sung<\/b><\/span>.<\/p>\n<hr>\n<h3><b>Gr\u00f6\u00dfen &amp; Variante<\/b><\/h3>\n<p class=\"p1\">Die Greenland gibt es in mehreren Gr\u00f6\u00dfen.<\/p>\n<p class=\"p1\">Ich nutze die <span class=\"s1\"><b>Medium-Variante<\/b><\/span>, weil sie f\u00fcr mich der beste Kompromiss aus:<\/p>\n<ul>\n<li>\n<p class=\"p1\">Alltag<\/p>\n<\/li>\n<li>\n<p class=\"p1\">Kamera<\/p>\n<\/li>\n<li>\n<p class=\"p1\">Tablet<\/p>\n<\/li>\n<li>\n<p class=\"p1\">Buch<\/p>\n<\/li>\n<li>\n<p class=\"p1\">Kleinkram<\/p>\n<\/li>\n<\/ul>\n<p class=\"p1\">ist.<\/p>\n<hr>\n<h3><b>Fotos<\/b><\/h3>\n<div id='gallery-1' class='gallery galleryid-13731 gallery-columns-3 gallery-size-thumbnail'><figure class='gallery-item'>\n\t\t\t<div class='gallery-icon portrait'>\n\t\t\t\t<a href='https:\/\/taschenfreak.de\/blog\/wp-content\/uploads\/2026\/01\/IMG_3807.jpg' title=\"\" data-rl_title=\"\" class=\"rl-gallery-link\" data-rl_caption=\"\" data-rel=\"lightbox-gallery-1\"><img loading=\"lazy\" decoding=\"async\" width=\"150\" height=\"150\" src=\"https:\/\/taschenfreak.de\/blog\/wp-content\/uploads\/2026\/01\/IMG_3807-150x150.jpg\" class=\"attachment-thumbnail size-thumbnail\" alt=\"\" srcset=\"https:\/\/taschenfreak.de\/blog\/wp-content\/uploads\/2026\/01\/IMG_3807-150x150.jpg 150w, https:\/\/taschenfreak.de\/blog\/wp-content\/uploads\/2026\/01\/IMG_3807-70x70.jpg 70w\" sizes=\"auto, (max-width: 150px) 100vw, 150px\" \/><\/a>\n\t\t\t<\/div><\/figure><figure class='gallery-item'>\n\t\t\t<div class='gallery-icon portrait'>\n\t\t\t\t<a href='https:\/\/taschenfreak.de\/blog\/wp-content\/uploads\/2026\/01\/IMG_3813.jpg' title=\"\" data-rl_title=\"\" class=\"rl-gallery-link\" data-rl_caption=\"\" data-rel=\"lightbox-gallery-1\"><img loading=\"lazy\" decoding=\"async\" width=\"150\" height=\"150\" src=\"https:\/\/taschenfreak.de\/blog\/wp-content\/uploads\/2026\/01\/IMG_3813-150x150.jpg\" class=\"attachment-thumbnail size-thumbnail\" alt=\"\" srcset=\"https:\/\/taschenfreak.de\/blog\/wp-content\/uploads\/2026\/01\/IMG_3813-150x150.jpg 150w, https:\/\/taschenfreak.de\/blog\/wp-content\/uploads\/2026\/01\/IMG_3813-70x70.jpg 70w\" sizes=\"auto, (max-width: 150px) 100vw, 150px\" \/><\/a>\n\t\t\t<\/div><\/figure><figure class='gallery-item'>\n\t\t\t<div class='gallery-icon portrait'>\n\t\t\t\t<a href='https:\/\/taschenfreak.de\/blog\/wp-content\/uploads\/2026\/01\/IMG_3816.jpg' title=\"\" data-rl_title=\"\" class=\"rl-gallery-link\" data-rl_caption=\"\" data-rel=\"lightbox-gallery-1\"><img loading=\"lazy\" decoding=\"async\" width=\"150\" height=\"150\" src=\"https:\/\/taschenfreak.de\/blog\/wp-content\/uploads\/2026\/01\/IMG_3816-150x150.jpg\" class=\"attachment-thumbnail size-thumbnail\" alt=\"\" srcset=\"https:\/\/taschenfreak.de\/blog\/wp-content\/uploads\/2026\/01\/IMG_3816-150x150.jpg 150w, https:\/\/taschenfreak.de\/blog\/wp-content\/uploads\/2026\/01\/IMG_3816-70x70.jpg 70w\" sizes=\"auto, (max-width: 150px) 100vw, 150px\" \/><\/a>\n\t\t\t<\/div><\/figure><figure class='gallery-item'>\n\t\t\t<div class='gallery-icon portrait'>\n\t\t\t\t<a href='https:\/\/taschenfreak.de\/blog\/wp-content\/uploads\/2026\/01\/IMG_3857.jpg' title=\"\" data-rl_title=\"\" class=\"rl-gallery-link\" data-rl_caption=\"\" data-rel=\"lightbox-gallery-1\"><img loading=\"lazy\" decoding=\"async\" width=\"150\" height=\"150\" src=\"https:\/\/taschenfreak.de\/blog\/wp-content\/uploads\/2026\/01\/IMG_3857-150x150.jpg\" class=\"attachment-thumbnail size-thumbnail\" alt=\"\" srcset=\"https:\/\/taschenfreak.de\/blog\/wp-content\/uploads\/2026\/01\/IMG_3857-150x150.jpg 150w, https:\/\/taschenfreak.de\/blog\/wp-content\/uploads\/2026\/01\/IMG_3857-70x70.jpg 70w\" sizes=\"auto, (max-width: 150px) 100vw, 150px\" \/><\/a>\n\t\t\t<\/div><\/figure><figure class='gallery-item'>\n\t\t\t<div class='gallery-icon portrait'>\n\t\t\t\t<a href='https:\/\/taschenfreak.de\/blog\/wp-content\/uploads\/2026\/01\/IMG_3858.jpg' title=\"\" data-rl_title=\"\" class=\"rl-gallery-link\" data-rl_caption=\"\" data-rel=\"lightbox-gallery-1\"><img loading=\"lazy\" decoding=\"async\" width=\"150\" height=\"150\" src=\"https:\/\/taschenfreak.de\/blog\/wp-content\/uploads\/2026\/01\/IMG_3858-150x150.jpg\" class=\"attachment-thumbnail size-thumbnail\" alt=\"\" srcset=\"https:\/\/taschenfreak.de\/blog\/wp-content\/uploads\/2026\/01\/IMG_3858-150x150.jpg 150w, https:\/\/taschenfreak.de\/blog\/wp-content\/uploads\/2026\/01\/IMG_3858-70x70.jpg 70w\" sizes=\"auto, (max-width: 150px) 100vw, 150px\" \/><\/a>\n\t\t\t<\/div><\/figure><figure class='gallery-item'>\n\t\t\t<div class='gallery-icon portrait'>\n\t\t\t\t<a href='https:\/\/taschenfreak.de\/blog\/wp-content\/uploads\/2026\/01\/IMG_3862.jpg' title=\"\" data-rl_title=\"\" class=\"rl-gallery-link\" data-rl_caption=\"\" data-rel=\"lightbox-gallery-1\"><img loading=\"lazy\" decoding=\"async\" width=\"150\" height=\"150\" src=\"https:\/\/taschenfreak.de\/blog\/wp-content\/uploads\/2026\/01\/IMG_3862-150x150.jpg\" class=\"attachment-thumbnail size-thumbnail\" alt=\"\" srcset=\"https:\/\/taschenfreak.de\/blog\/wp-content\/uploads\/2026\/01\/IMG_3862-150x150.jpg 150w, https:\/\/taschenfreak.de\/blog\/wp-content\/uploads\/2026\/01\/IMG_3862-70x70.jpg 70w\" sizes=\"auto, (max-width: 150px) 100vw, 150px\" \/><\/a>\n\t\t\t<\/div><\/figure><figure class='gallery-item'>\n\t\t\t<div class='gallery-icon portrait'>\n\t\t\t\t<a href='https:\/\/taschenfreak.de\/blog\/wp-content\/uploads\/2026\/01\/IMG_3863.jpg' title=\"\" data-rl_title=\"\" class=\"rl-gallery-link\" data-rl_caption=\"\" data-rel=\"lightbox-gallery-1\"><img loading=\"lazy\" decoding=\"async\" width=\"150\" height=\"150\" src=\"https:\/\/taschenfreak.de\/blog\/wp-content\/uploads\/2026\/01\/IMG_3863-150x150.jpg\" class=\"attachment-thumbnail size-thumbnail\" alt=\"\" srcset=\"https:\/\/taschenfreak.de\/blog\/wp-content\/uploads\/2026\/01\/IMG_3863-150x150.jpg 150w, https:\/\/taschenfreak.de\/blog\/wp-content\/uploads\/2026\/01\/IMG_3863-70x70.jpg 70w\" sizes=\"auto, (max-width: 150px) 100vw, 150px\" \/><\/a>\n\t\t\t<\/div><\/figure><figure class='gallery-item'>\n\t\t\t<div class='gallery-icon portrait'>\n\t\t\t\t<a href='https:\/\/taschenfreak.de\/blog\/wp-content\/uploads\/2026\/01\/IMG_3864.jpg' title=\"\" data-rl_title=\"\" class=\"rl-gallery-link\" data-rl_caption=\"\" data-rel=\"lightbox-gallery-1\"><img loading=\"lazy\" decoding=\"async\" width=\"150\" height=\"150\" src=\"https:\/\/taschenfreak.de\/blog\/wp-content\/uploads\/2026\/01\/IMG_3864-150x150.jpg\" class=\"attachment-thumbnail size-thumbnail\" alt=\"\" srcset=\"https:\/\/taschenfreak.de\/blog\/wp-content\/uploads\/2026\/01\/IMG_3864-150x150.jpg 150w, https:\/\/taschenfreak.de\/blog\/wp-content\/uploads\/2026\/01\/IMG_3864-70x70.jpg 70w\" sizes=\"auto, (max-width: 150px) 100vw, 150px\" \/><\/a>\n\t\t\t<\/div><\/figure><figure class='gallery-item'>\n\t\t\t<div class='gallery-icon portrait'>\n\t\t\t\t<a href='https:\/\/taschenfreak.de\/blog\/wp-content\/uploads\/2026\/01\/IMG_3865.jpg' title=\"\" data-rl_title=\"\" class=\"rl-gallery-link\" data-rl_caption=\"\" data-rel=\"lightbox-gallery-1\"><img loading=\"lazy\" decoding=\"async\" width=\"150\" height=\"150\" src=\"https:\/\/taschenfreak.de\/blog\/wp-content\/uploads\/2026\/01\/IMG_3865-150x150.jpg\" class=\"attachment-thumbnail size-thumbnail\" alt=\"\" srcset=\"https:\/\/taschenfreak.de\/blog\/wp-content\/uploads\/2026\/01\/IMG_3865-150x150.jpg 150w, https:\/\/taschenfreak.de\/blog\/wp-content\/uploads\/2026\/01\/IMG_3865-70x70.jpg 70w\" sizes=\"auto, (max-width: 150px) 100vw, 150px\" \/><\/a>\n\t\t\t<\/div><\/figure><figure class='gallery-item'>\n\t\t\t<div class='gallery-icon landscape'>\n\t\t\t\t<a href='https:\/\/taschenfreak.de\/blog\/wp-content\/uploads\/2026\/01\/IMG_3866.jpg' title=\"\" data-rl_title=\"\" class=\"rl-gallery-link\" data-rl_caption=\"\" data-rel=\"lightbox-gallery-1\"><img loading=\"lazy\" decoding=\"async\" width=\"150\" height=\"150\" src=\"https:\/\/taschenfreak.de\/blog\/wp-content\/uploads\/2026\/01\/IMG_3866-150x150.jpg\" class=\"attachment-thumbnail size-thumbnail\" alt=\"\" srcset=\"https:\/\/taschenfreak.de\/blog\/wp-content\/uploads\/2026\/01\/IMG_3866-150x150.jpg 150w, https:\/\/taschenfreak.de\/blog\/wp-content\/uploads\/2026\/01\/IMG_3866-70x70.jpg 70w\" sizes=\"auto, (max-width: 150px) 100vw, 150px\" \/><\/a>\n\t\t\t<\/div><\/figure><figure class='gallery-item'>\n\t\t\t<div class='gallery-icon landscape'>\n\t\t\t\t<a href='https:\/\/taschenfreak.de\/blog\/wp-content\/uploads\/2026\/01\/IMG_3869.jpg' title=\"\" data-rl_title=\"\" class=\"rl-gallery-link\" data-rl_caption=\"\" data-rel=\"lightbox-gallery-1\"><img loading=\"lazy\" decoding=\"async\" width=\"150\" height=\"150\" src=\"https:\/\/taschenfreak.de\/blog\/wp-content\/uploads\/2026\/01\/IMG_3869-150x150.jpg\" class=\"attachment-thumbnail size-thumbnail\" alt=\"\" srcset=\"https:\/\/taschenfreak.de\/blog\/wp-content\/uploads\/2026\/01\/IMG_3869-150x150.jpg 150w, https:\/\/taschenfreak.de\/blog\/wp-content\/uploads\/2026\/01\/IMG_3869-70x70.jpg 70w\" sizes=\"auto, (max-width: 150px) 100vw, 150px\" \/><\/a>\n\t\t\t<\/div><\/figure>\n\t\t<\/div>\n\n<hr>\n<h3><b>Links &amp; weitere Infos<\/b><\/h3>\n<p class=\"p3\"><span class=\"s2\">\ud83d\udd17 <\/span><a href=\"https:\/\/www.fjallraven.com\/de\/de-de\/taschen-ausrustung\/rucksacke-taschen\/schultertaschen\/greenland-shoulder-bag\/\"><b>Hersteller-Link<\/b><\/a><b><\/b><\/p>\n<p class=\"p3\"><span class=\"s2\">\ud83d\udd17 <\/span><a href=\"https:\/\/amzn.to\/44QnG1d\"><b>Amazon-Link zur Tasche<\/b><\/a><b> *<\/b><b><\/b><\/p>\n<p class=\"p3\"><span class=\"s2\">\ud83d\udd17 <\/span><a href=\"https:\/\/amzn.to\/44QnG1d\"><b>Link zum Kamera-Insert<\/b><\/a><b> *<\/b><b><\/b><\/p>\n<p class=\"p1\"><i>(* Hinweis: Affiliate-Links \u2013 f\u00fcr euch \u00e4ndert sich nichts am Preis.)<\/i><i><\/i><\/p>\n<hr>\n<h3><b>Mein pers\u00f6nliches Fazit<\/b><\/h3>\n<p class=\"p1\">Die <span class=\"s1\"><b>FJ\u00c4LLR\u00c4VEN Greenland (Medium)<\/b><\/span> ist f\u00fcr mich keine Fototasche.&nbsp;Sie ist eine <span class=\"s1\"><b>Alltagstasche<\/b><\/span>, die sich mit wenig Aufwand auch f\u00fcr Kamera &amp; Technik nutzen l\u00e4sst. Und manchmal sind genau das die Taschen, die am l\u00e4ngsten bleiben.<\/p>\n<p class=\"p3\"><span class=\"s2\">\ud83d\udc49 <\/span><b>Wichtig:<\/b><b><\/b><\/p>\n<p class=\"p1\">Diese Tasche bleibt bei mir. Kein Sponsoring. Keine Verlosung. Meine ehrliche Meinung.&nbsp;Wenn ihr Fragen habt oder etwas ganz konkret getestet sehen wollt:<\/p>\n<p class=\"p1\">Schreibt es gern in die Kommentare \u2013 hier im Blog oder unter dem Video.<\/p>\n<p class=\"p1\">\ud83d\udc4d Abo &amp; Like helfen dem Kanal<\/p>\n<p class=\"p1\">\ud83d\udcac Kritik, Fragen &amp; Diskussion ausdr\u00fccklich erw\u00fcnscht<\/p>\n<p class=\"p1\">Euer<\/p>\n<p class=\"p3\"><b>J\u00f6rg<\/b><\/p>\n<hr>\n<h3>Nachtrag am 25.01.2026 &#8211; siehe Video zur &#8222;Tuning-Ma\u00dfnahme&#8220; der Fj\u00e4llR\u00e4ven Greenland<\/h3>\n<div class=\"jetpack-video-wrapper\"><span class=\"embed-youtube\" style=\"text-align:center; display: block;\"> <\/p>\n<div class=\"brlbs-cmpnt-container brlbs-cmpnt-content-blocker brlbs-cmpnt-with-individual-styles\" data-borlabs-cookie-content-blocker-id=\"youtube-content-blocker\" data-borlabs-cookie-content=\"PGlmcmFtZSBjbGFzcz0ieW91dHViZS1wbGF5ZXIiIHdpZHRoPSI2NTAiIGhlaWdodD0iMzY2IiBzcmM9Imh0dHBzOi8vd3d3LnlvdXR1YmUtbm9jb29raWUuY29tL2VtYmVkL2hpRG1oOTRPOHY4P3ZlcnNpb249MyYjMDM4O3JlbD0xJiMwMzg7c2hvd3NlYXJjaD0wJiMwMzg7c2hvd2luZm89MSYjMDM4O2l2X2xvYWRfcG9saWN5PTEmIzAzODtmcz0xJiMwMzg7aGw9ZGUtREUmIzAzODthdXRvaGlkZT0yJiMwMzg7d21vZGU9dHJhbnNwYXJlbnQiIGFsbG93ZnVsbHNjcmVlbj0idHJ1ZSIgc3R5bGU9ImJvcmRlcjowOyIgc2FuZGJveD0iYWxsb3ctc2NyaXB0cyBhbGxvdy1zYW1lLW9yaWdpbiBhbGxvdy1wb3B1cHMgYWxsb3ctcHJlc2VudGF0aW9uIGFsbG93LXBvcHVwcy10by1lc2NhcGUtc2FuZGJveCI+PC9pZnJhbWU+\">\n<div class=\"brlbs-cmpnt-cb-preset-c brlbs-cmpnt-cb-youtube\">\n<div class=\"brlbs-cmpnt-cb-thumbnail\" style=\"background-image: url('https:\/\/taschenfreak.de\/blog\/wp-content\/uploads\/borlabs-cookie\/1\/yt_hiDmh94O8v8_hqdefault.jpg')\"><\/div>\n<div class=\"brlbs-cmpnt-cb-main\">\n<div class=\"brlbs-cmpnt-cb-play-button\"><\/div>\n<div class=\"brlbs-cmpnt-cb-content\">\n<p class=\"brlbs-cmpnt-cb-description\">Sie sehen gerade einen Platzhalterinhalt von <strong>YouTube<\/strong>. Um auf den eigentlichen Inhalt zuzugreifen, klicken Sie auf die Schaltfl\u00e4che unten. Bitte beachten Sie, dass dabei Daten an Drittanbieter weitergegeben werden.<\/p>\n<p> <a class=\"brlbs-cmpnt-cb-provider-toggle\" href=\"#\" data-borlabs-cookie-show-provider-information role=\"button\">Mehr Informationen<\/a> <\/div>\n<div class=\"brlbs-cmpnt-cb-buttons\"> <a class=\"brlbs-cmpnt-cb-btn\" href=\"#\" data-borlabs-cookie-unblock role=\"button\">Inhalt entsperren<\/a> <a class=\"brlbs-cmpnt-cb-btn\" href=\"#\" data-borlabs-cookie-accept-service role=\"button\" style=\"display: inherit\">Erforderlichen Service akzeptieren und Inhalte entsperren<\/a> <\/div>\n<\/p><\/div>\n<\/p><\/div>\n<\/div>\n<p><\/span><\/div>\n","protected":false},"excerpt":{"rendered":"<p>Eine Alltagstasche, die eigentlich keine Fototasche ist \u2013 und genau deshalb geblieben ist.<br \/>\nIn diesem Beitrag zeige ich die FJ\u00c4LLR\u00c4VEN Greenland (Medium) im echten Alltagseinsatz: \u00fcber den Jahreswechsel am Frankfurter Flughafen, mit Kamera, Tablet, Buch und allem, was man unterwegs wirklich braucht. Ehrlich, unspektakul\u00e4r und ganz ohne Sponsoring.<\/p>\n","protected":false},"author":3,"featured_media":13732,"comment_status":"open","ping_status":"open","sticky":false,"template":"","format":"standard","meta":{"ngg_post_thumbnail":0,"_jetpack_memberships_contains_paid_content":false,"footnotes":"","_links_to":"","_links_to_target":""},"categories":[28,163,51],"tags":[1636,2707,2711,2595,2701,2702,2713,2703,2709,2710,2704,2714,2712,2705,1356,2706,648,2708,1050,1863],"class_list":["post-13731","post","type-post","status-publish","format-standard","has-post-thumbnail","hentry","category-nicht-foto-taschen","category-notebooktaschen-und-hullen","category-packbespiel","tag-alltagstasche","tag-edc-tasche","tag-ehrlicher-praxistest","tag-everyday-carry","tag-fjaellraeven-greenland","tag-fjaellraeven-greenland-medium","tag-fjaellraeven-review","tag-fjaellraeven-tasche","tag-flughafen-alltag","tag-fotograf-alltag","tag-fototasche-alternative","tag-greenland-shoulder-bag","tag-kamera-im-alltag","tag-kamera-insert","tag-keine-fototasche","tag-minimalismus-fotografie","tag-notebooktasche","tag-reisetasche-alltag","tag-schultertasche","tag-taschenfreak"],"jetpack_featured_media_url":"https:\/\/taschenfreak.de\/blog\/wp-content\/uploads\/2026\/01\/2026-01-01-TF-FjaellRaeven-Greenland.jpeg","jetpack_shortlink":"https:\/\/wp.me\/p4GMND-3zt","jetpack_sharing_enabled":true,"_links":{"self":[{"href":"https:\/\/taschenfreak.de\/blog\/wp-json\/wp\/v2\/posts\/13731","targetHints":{"allow":["GET"]}}],"collection":[{"href":"https:\/\/taschenfreak.de\/blog\/wp-json\/wp\/v2\/posts"}],"about":[{"href":"https:\/\/taschenfreak.de\/blog\/wp-json\/wp\/v2\/types\/post"}],"author":[{"embeddable":true,"href":"https:\/\/taschenfreak.de\/blog\/wp-json\/wp\/v2\/users\/3"}],"replies":[{"embeddable":true,"href":"https:\/\/taschenfreak.de\/blog\/wp-json\/wp\/v2\/comments?post=13731"}],"version-history":[{"count":3,"href":"https:\/\/taschenfreak.de\/blog\/wp-json\/wp\/v2\/posts\/13731\/revisions"}],"predecessor-version":[{"id":13788,"href":"https:\/\/taschenfreak.de\/blog\/wp-json\/wp\/v2\/posts\/13731\/revisions\/13788"}],"wp:featuredmedia":[{"embeddable":true,"href":"https:\/\/taschenfreak.de\/blog\/wp-json\/wp\/v2\/media\/13732"}],"wp:attachment":[{"href":"https:\/\/taschenfreak.de\/blog\/wp-json\/wp\/v2\/media?parent=13731"}],"wp:term":[{"taxonomy":"category","embeddable":true,"href":"https:\/\/taschenfreak.de\/blog\/wp-json\/wp\/v2\/categories?post=13731"},{"taxonomy":"post_tag","embeddable":true,"href":"https:\/\/taschenfreak.de\/blog\/wp-json\/wp\/v2\/tags?post=13731"}],"curies":[{"name":"wp","href":"https:\/\/api.w.org\/{rel}","templated":true}]}}