{"id":1586,"date":"2013-02-11T20:34:25","date_gmt":"2013-02-11T19:34:25","guid":{"rendered":"http:\/\/taschenfreak.de\/blog\/?p=1586"},"modified":"2013-02-11T20:34:25","modified_gmt":"2013-02-11T19:34:25","slug":"brauche-eure-hilfe-welchen-namen-hat-diese-tasche","status":"publish","type":"post","link":"https:\/\/taschenfreak.de\/blog\/2013\/02\/11\/brauche-eure-hilfe-welchen-namen-hat-diese-tasche\/","title":{"rendered":"Brauche Eure Hilfe: Welchen Namen hat diese Tasche?"},"content":{"rendered":"<p>Ein Taschenfreak-Freund bittet mich, also Euch um Hilfe und fragt ob wir wissen wie diese Tasche hei\u00dft?<\/p>\n<p>Er Schreibt mir in seinem Mail:<\/p>\n<blockquote><p>Guten Tag J\u00f6rg Langer,<\/p>\n<p>es gab von LowePro in den 80er Jahren eine kleine, f\u00fcr meine Zwecke, sehr praktische Tasche. Sie war erweiterbar mit zwei Au\u00dfentaschen die \u00fcber einen Rei\u00dfverschlu\u00df angebracht wurden. leider steht an der tasche kein Name. Ich kann Sie weder in meinen Katalogen noch in Ihrer Datenbank finden. Vielleicht k\u00f6nnen Sie mir trotzdem helfen. Vielen Dank<\/p>\n<p>MfG Sven<\/p><\/blockquote>\n<p>Und das ist das Bild das Sven mir mitgeschickt hat.<\/p>\n<p><a  href=\"https:\/\/taschenfreak.de\/blog\/wp-content\/uploads\/2013\/02\/2013-02-11-Taschensuche.jpg\" data-rel=\"lightbox-gallery-0\" data-rl_title=\"\" data-rl_caption=\"\"><img loading=\"lazy\" decoding=\"async\" class=\"alignnone size-large wp-image-1587\" title=\"\" src=\"https:\/\/taschenfreak.de\/blog\/wp-content\/uploads\/2013\/02\/2013-02-11-Taschensuche-1024x768.jpg\" alt=\"Taschensuche auf Taschenfreak\" width=\"640\" height=\"480\" srcset=\"https:\/\/taschenfreak.de\/blog\/wp-content\/uploads\/2013\/02\/2013-02-11-Taschensuche-1024x768.jpg 1024w, https:\/\/taschenfreak.de\/blog\/wp-content\/uploads\/2013\/02\/2013-02-11-Taschensuche-300x225.jpg 300w, https:\/\/taschenfreak.de\/blog\/wp-content\/uploads\/2013\/02\/2013-02-11-Taschensuche.jpg 1600w\" sizes=\"auto, (max-width: 640px) 100vw, 640px\" \/><\/a><\/p>\n<p>Also wer wei\u00df es, welchen Namen die Tasche hat? W\u00fcrde mich freuen dem Sven helfen zu k\u00f6nnen und hoffe auf Eure Unterst\u00fctzung.<\/p>\n<p>Euer Taschenfreak &amp; Fotofuzzy &#8211; J\u00f6rg Langer<\/p>\n","protected":false},"excerpt":{"rendered":"<p>Ein Taschenfreak-Freund bittet mich, also Euch um Hilfe und fragt ob wir wissen wie diese Tasche hei\u00dft?<\/p>\n","protected":false},"author":3,"featured_media":0,"comment_status":"open","ping_status":"open","sticky":false,"template":"","format":"standard","meta":{"ngg_post_thumbnail":0,"_jetpack_memberships_contains_paid_content":false,"footnotes":"","_links_to":"","_links_to_target":""},"categories":[1,139],"tags":[468,1054,464,467,465,466],"class_list":["post-1586","post","type-post","status-publish","format-standard","hentry","category-allgemein","category-taschensysteme","tag-80er","tag-lowepro","tag-taschenfreaks-helfen-taschenfreaks","tag-taschenname","tag-taschensuche","tag-wie-heist-diese-tasche"],"jetpack_featured_media_url":"","jetpack_shortlink":"https:\/\/wp.me\/p4GMND-pA","jetpack_sharing_enabled":true,"_links":{"self":[{"href":"https:\/\/taschenfreak.de\/blog\/wp-json\/wp\/v2\/posts\/1586","targetHints":{"allow":["GET"]}}],"collection":[{"href":"https:\/\/taschenfreak.de\/blog\/wp-json\/wp\/v2\/posts"}],"about":[{"href":"https:\/\/taschenfreak.de\/blog\/wp-json\/wp\/v2\/types\/post"}],"author":[{"embeddable":true,"href":"https:\/\/taschenfreak.de\/blog\/wp-json\/wp\/v2\/users\/3"}],"replies":[{"embeddable":true,"href":"https:\/\/taschenfreak.de\/blog\/wp-json\/wp\/v2\/comments?post=1586"}],"version-history":[{"count":0,"href":"https:\/\/taschenfreak.de\/blog\/wp-json\/wp\/v2\/posts\/1586\/revisions"}],"wp:attachment":[{"href":"https:\/\/taschenfreak.de\/blog\/wp-json\/wp\/v2\/media?parent=1586"}],"wp:term":[{"taxonomy":"category","embeddable":true,"href":"https:\/\/taschenfreak.de\/blog\/wp-json\/wp\/v2\/categories?post=1586"},{"taxonomy":"post_tag","embeddable":true,"href":"https:\/\/taschenfreak.de\/blog\/wp-json\/wp\/v2\/tags?post=1586"}],"curies":[{"name":"wp","href":"https:\/\/api.w.org\/{rel}","templated":true}]}}