{"id":1644,"date":"2013-02-23T17:05:07","date_gmt":"2013-02-23T16:05:07","guid":{"rendered":"http:\/\/taschenfreak.de\/blog\/?p=1644"},"modified":"2013-02-23T17:07:38","modified_gmt":"2013-02-23T16:07:38","slug":"ein-weiteres-packbeispiel-des-lowepro-flipside-300","status":"publish","type":"post","link":"https:\/\/taschenfreak.de\/blog\/2013\/02\/23\/ein-weiteres-packbeispiel-des-lowepro-flipside-300\/","title":{"rendered":"Ein weiteres Packbeispiel des Lowepro Flipside 300"},"content":{"rendered":"<p><a  href=\"https:\/\/taschenfreak.de\/blog\/wp-content\/uploads\/2013\/02\/Flipside300AW_Christian.jpg\" data-rel=\"lightbox-gallery-0\" data-rl_title=\"\" data-rl_caption=\"\" title=\"\"><img loading=\"lazy\" decoding=\"async\" class=\"alignnone  wp-image-1645\" alt=\"Flipside 300 AW\" src=\"https:\/\/taschenfreak.de\/blog\/wp-content\/uploads\/2013\/02\/Flipside300AW_Christian.jpg\" width=\"614\" height=\"461\" srcset=\"https:\/\/taschenfreak.de\/blog\/wp-content\/uploads\/2013\/02\/Flipside300AW_Christian.jpg 1024w, https:\/\/taschenfreak.de\/blog\/wp-content\/uploads\/2013\/02\/Flipside300AW_Christian-300x225.jpg 300w\" sizes=\"auto, (max-width: 614px) 100vw, 614px\" \/><\/a><\/p>\n<p>Dieses Packbeispiel des <strong>Lowepro Flipside 300\u00a0<\/strong>hat uns Christian geschickt in seinem Mail in dem er schreibt:<\/p>\n<blockquote><p>Hi,<\/p>\n<p>hier noch ein weiteres Packbeispiel f\u00fcr den Flipside 300.<\/p>\n<p>Super Seite! Danke!<\/p>\n<p>Gru\u00df Christian<\/p><\/blockquote>\n<p>Wir sagen Danke an Christian und freuen uns auch weiterhin auf Eure Mails, auch gerne zu schon auf Taschenfreak.de gelisteten Taschen, denn jeder packt seine Fototasche doch irgendwie anders.<\/p>\n<p>Sch\u00f6ne Gr\u00fc\u00dfe &#8211; Euer Taschenfreak und Fotofuzzy &#8211; J\u00f6rg Langer<\/p>\n","protected":false},"excerpt":{"rendered":"<p>Wir sagen Danke an Christian und freuen uns auch weiterhin auf Eure Mails, auch gerne zu schon auf Taschenfreak.de gelisteten Taschen, denn jeder packt seine Fototasche doch irgendwie anders.<\/p>\n","protected":false},"author":3,"featured_media":0,"comment_status":"open","ping_status":"open","sticky":false,"template":"","format":"standard","meta":{"ngg_post_thumbnail":0,"_jetpack_memberships_contains_paid_content":false,"footnotes":"","_links_to":"","_links_to_target":""},"categories":[51,3],"tags":[1071,492,1054,48,1047],"class_list":["post-1644","post","type-post","status-publish","format-standard","hentry","category-packbespiel","category-rucksack","tag-flipside","tag-flipside-300","tag-lowepro","tag-packbeispiel","tag-rucksack"],"jetpack_featured_media_url":"","jetpack_shortlink":"https:\/\/wp.me\/p4GMND-qw","jetpack_sharing_enabled":true,"_links":{"self":[{"href":"https:\/\/taschenfreak.de\/blog\/wp-json\/wp\/v2\/posts\/1644","targetHints":{"allow":["GET"]}}],"collection":[{"href":"https:\/\/taschenfreak.de\/blog\/wp-json\/wp\/v2\/posts"}],"about":[{"href":"https:\/\/taschenfreak.de\/blog\/wp-json\/wp\/v2\/types\/post"}],"author":[{"embeddable":true,"href":"https:\/\/taschenfreak.de\/blog\/wp-json\/wp\/v2\/users\/3"}],"replies":[{"embeddable":true,"href":"https:\/\/taschenfreak.de\/blog\/wp-json\/wp\/v2\/comments?post=1644"}],"version-history":[{"count":0,"href":"https:\/\/taschenfreak.de\/blog\/wp-json\/wp\/v2\/posts\/1644\/revisions"}],"wp:attachment":[{"href":"https:\/\/taschenfreak.de\/blog\/wp-json\/wp\/v2\/media?parent=1644"}],"wp:term":[{"taxonomy":"category","embeddable":true,"href":"https:\/\/taschenfreak.de\/blog\/wp-json\/wp\/v2\/categories?post=1644"},{"taxonomy":"post_tag","embeddable":true,"href":"https:\/\/taschenfreak.de\/blog\/wp-json\/wp\/v2\/tags?post=1644"}],"curies":[{"name":"wp","href":"https:\/\/api.w.org\/{rel}","templated":true}]}}