{"id":1698,"date":"2013-03-11T18:36:36","date_gmt":"2013-03-11T17:36:36","guid":{"rendered":"http:\/\/taschenfreak.de\/blog\/?p=1698"},"modified":"2013-03-11T18:36:36","modified_gmt":"2013-03-11T17:36:36","slug":"lowepro-streamline-100-durchdacht-und-unauffallig","status":"publish","type":"post","link":"https:\/\/taschenfreak.de\/blog\/2013\/03\/11\/lowepro-streamline-100-durchdacht-und-unauffallig\/","title":{"rendered":"Lowepro Streamline 100 &#8211; durchdacht und unauff\u00e4llig"},"content":{"rendered":"<p><img loading=\"lazy\" decoding=\"async\" class=\"alignright size-thumbnail wp-image-1699\" alt=\"Lowepro-Streamline-100-5\" src=\"https:\/\/taschenfreak.de\/blog\/wp-content\/uploads\/2013\/03\/Lowepro-Streamline-100-5-150x150.jpg\" width=\"150\" height=\"150\" \/>Heute haben wir von einem guten Freund, dem Andreas Koch Bilder und einen sch\u00f6nen Text bekommen zur\u00a0<strong>Lowepro Streamline 100<\/strong>, die Andreas f\u00fcr seine kompakte Nikon mit kleinem Blitz verwendet.<\/p>\n<p>Andreas schreibt uns in seiner Mail:<\/p>\n<blockquote><p>Die Lowepro Streamline 100 ist eine kleine, flache und vor allem leichte (sensationelle 200 g.!) Tasche, die ideal f\u00fcr eine Kompaktkamera bis zur Gr\u00f6\u00dfe eine Canon G12\/15, Nikon P7700 etc. plus Zubeh\u00f6r geeignet ist.<\/p>\n<p><!--more-->Die Streamline 100 ist mit zwei Au\u00dfentaschen ausgestattet, in die man z.B. Handy, Filter oder Ausweis stecken kann. Im Inneren hat sie einen frei einteilbaren Teiler (den kann man nat\u00fcrlich auch ganz herausnehmen). In diesem Teiler befindet sich noch eine Innentasche mit Klettverschlu\u00df f\u00fcr Speicherkarten. Alle Rei\u00dfverschl\u00fcsse besitzen gro\u00dfe Anfasser aus flexiblem Kunststoff, so dass man die Verschl\u00fcsse auch mit Handschuhen leicht \u00f6ffnen kann.<\/p>\n<p>Ich verwende die Tasche f\u00fcr eine Nikon P7700 + Blitz SB400 + Speicherkarten + Ersatzakkus (f\u00fcr Blitz und Kamera), Filteradapter und kleinem Polfilter.<\/p>\n<p>Der gro\u00dfe Vorteil der Tasche ist die sehr flache Bauform, sie tr\u00e4gt quasi \u00fcberhaupt nicht auf, und schaut auch nicht nach klassischer Fototasche aus! Mit dem oben genannten Package hat man unauff\u00e4llig eine sehr leichte, leistungsf\u00e4hige und universelle Ausr\u00fcstung dabei, die nahezu nichts wiegt. Ideal f\u00fcr St\u00e4dtetouren, Ausfl\u00fcge etc.<\/p>\n<p>Viele Gr\u00fc\u00dfe,<\/p>\n<p>Andreas<\/p><\/blockquote>\nngg_shortcode_0_placeholder\n<p>Die schaut wirklich schick, durchdacht und unauff\u00e4llig aus. Danke an Andreas und sch\u00f6ne Gr\u00fc\u00dfe an alle Taschenfreaks da draussen an den Empfangsger\u00e4ten.<\/p>\n<p>Euer Taschenfreak und Fotofuzzy &#8211; J\u00f6rg Langer<\/p>\n","protected":false},"excerpt":{"rendered":"<p>Heute haben wir von einem guten Freund, dem Andreas Koch Bilder und einen sch\u00f6nen Text bekommen zur Lowepro Streamline 100, die Andreas f\u00fcr seine kompakte Nikon mit kleinem Blitz verwendet., Andreas schreibt uns in seiner Mail: &#8230;<\/p>\n","protected":false},"author":3,"featured_media":0,"comment_status":"open","ping_status":"open","sticky":false,"template":"","format":"standard","meta":{"ngg_post_thumbnail":0,"_jetpack_memberships_contains_paid_content":false,"footnotes":"","_links_to":"","_links_to_target":""},"categories":[187,51,11],"tags":[511,190,1054,508,510,48,1050,509,512],"class_list":["post-1698","post","type-post","status-publish","format-standard","hentry","category-kompakte-taschen-und-hullen","category-packbespiel","category-schultertasche","tag-durchdacht","tag-kompakte","tag-lowepro","tag-lowepro-streamline-100","tag-nikon","tag-packbeispiel","tag-schultertasche","tag-streamline","tag-unauffallig"],"jetpack_featured_media_url":"","jetpack_shortlink":"https:\/\/wp.me\/p4GMND-ro","jetpack_sharing_enabled":true,"_links":{"self":[{"href":"https:\/\/taschenfreak.de\/blog\/wp-json\/wp\/v2\/posts\/1698","targetHints":{"allow":["GET"]}}],"collection":[{"href":"https:\/\/taschenfreak.de\/blog\/wp-json\/wp\/v2\/posts"}],"about":[{"href":"https:\/\/taschenfreak.de\/blog\/wp-json\/wp\/v2\/types\/post"}],"author":[{"embeddable":true,"href":"https:\/\/taschenfreak.de\/blog\/wp-json\/wp\/v2\/users\/3"}],"replies":[{"embeddable":true,"href":"https:\/\/taschenfreak.de\/blog\/wp-json\/wp\/v2\/comments?post=1698"}],"version-history":[{"count":0,"href":"https:\/\/taschenfreak.de\/blog\/wp-json\/wp\/v2\/posts\/1698\/revisions"}],"wp:attachment":[{"href":"https:\/\/taschenfreak.de\/blog\/wp-json\/wp\/v2\/media?parent=1698"}],"wp:term":[{"taxonomy":"category","embeddable":true,"href":"https:\/\/taschenfreak.de\/blog\/wp-json\/wp\/v2\/categories?post=1698"},{"taxonomy":"post_tag","embeddable":true,"href":"https:\/\/taschenfreak.de\/blog\/wp-json\/wp\/v2\/tags?post=1698"}],"curies":[{"name":"wp","href":"https:\/\/api.w.org\/{rel}","templated":true}]}}