{"id":1874,"date":"2013-08-17T10:36:34","date_gmt":"2013-08-17T08:36:34","guid":{"rendered":"http:\/\/taschenfreak.de\/blog\/?p=1874"},"modified":"2013-08-17T10:36:34","modified_gmt":"2013-08-17T08:36:34","slug":"ortlieb-digi-shot-m-fototasche-in-grau","status":"publish","type":"post","link":"https:\/\/taschenfreak.de\/blog\/2013\/08\/17\/ortlieb-digi-shot-m-fototasche-in-grau\/","title":{"rendered":"Ortlieb Digi Shot M Fototasche in Grau"},"content":{"rendered":"<p><a  href=\"https:\/\/taschenfreak.de\/blog\/wp-content\/uploads\/2013\/08\/Ortlieb_DigiShootM_Dustin_1.jpg\" data-rel=\"lightbox-gallery-0\" data-rl_title=\"\" data-rl_caption=\"\" title=\"\"><img loading=\"lazy\" decoding=\"async\" class=\"alignright size-thumbnail wp-image-1875\" alt=\"Ortlieb_DigiShootM_Dustin_1\" src=\"https:\/\/taschenfreak.de\/blog\/wp-content\/uploads\/2013\/08\/Ortlieb_DigiShootM_Dustin_1-150x150.jpg\" width=\"150\" height=\"150\" \/><\/a>Die robuste und &#8222;wetterfeste&#8220;\u00a0<strong>Ortlieb Digi Shot M Fototasche<\/strong> beschreibt uns Dustin, der uns diese Tage ein nettes Mail mit den nachfolgenden Informationen und Bildern zugeschickt hat. Dustin schreibt in seiner Mail:<\/p>\n<blockquote><p>Hallo an den Taschenfreak,<\/p>\n<p>ich habe mir vor kurzem diese Tasche von Ortlieb gekauft und wollte sie hier einmal der Community vorstellen.<\/p>\n<p><!--more-->Diese wasserdichte Fototasche von Ortlieb ist mit seinen Abma\u00dfen v\u00f6llig ausreichend f\u00fcr kleinere Touren durch die Lande. Soll bedeuten, dass eine Cam (Canon 600D) plus montiertes Objektiv (18-55mm) hinein passt und zirka vier weitere Objektive oder Zubeh\u00f6r. Wie auf den Fotos zu sehen, habe ich (im Moment) nur ein weiteres Objektiv (75-300mm) dabei und ein bisschen Kleinkram (Ladeger\u00e4t etc.). Wie bei jeder Tasche lassen sich die W\u00e4nde einzeln anordnen per Klett. An der Innenseite des Deckel ist ein Fach f\u00fcr Kleinigkeiten (Objektivdeckel, Speicherkarten etc.). Man kommt gut an alles heran an und in der Fototasche. Ein breiter Tragegurt, mit angenehm zu tragenden Schulterpolster, ist auch Bestandteil. \u00a0Der gro\u00dfe Zipper (Ortliebtypisch) geht noch etwas schwer zu ziehen, daf\u00fcr ist\/soll die Tasche aber Wasserdicht sein. Habe es selbst noch nicht getestet. Das Au\u00dfenmaterial ist das IP67 Material, welches wohl auch&#8220;Super&#8220; sein soll. Wie gesagt, getestet habe ich es noch nicht.<\/p>\n<p>An der Au\u00dfenseite ist ein \u00dcberwurf, in welchen man auch Kleinkram verstauen kann (Geld etc.). Solider Tragegriff und die M\u00f6glichkeit die Tasche am G\u00fcrtel zu tragen ist gegeben.<\/p>\n<p>Das Platzangebot ist f\u00fcr mich optimal, nur st\u00f6rt mich der Sitz beim tragen der Tasche und daher werde ich sie wohl gegen eine Freitag Dexter austauschen. Die Taschen kenne ich bereits und denke das es besser aussieht, wenn man sie tr\u00e4gt. Wen das nicht st\u00f6rt, f\u00fcr den ist diese Wasserdichte Fototasche von Ortlieb eine sehr gute Wahl.<\/p>\n<p>Muss man &#8222;nur&#8220; noch 179\u20ac ausgeben&#8230;<\/p>\n<p>Ach eines noch: Es gibt diese Tasche nur in der Farbe Grau, aber in zwei Gr\u00f6\u00dfen &#8222;M&#8220; und &#8222;L&#8220;.<\/p>\n<p>Ma\u00dfe:<\/p>\n<ul>\n<li>H:18,5cm; B:23,5cm; T:13,5cm<\/li>\n<li>H:7,3 in.; B: 9,3 in.; D:5,3 in.<\/li>\n<\/ul>\n<p>Volumen:<\/p>\n<ul>\n<li>5,9l \/ 360cu.in.<\/li>\n<\/ul>\n<p>Dann m\u00f6chte ich Taschenfreak noch einmal danken, dass er Taschensuchenden eine Plattform gibt und hoffe das Ihr Suchenden jetzt schlauer seid und vielleicht eine Ortlieb Digi Shot Euch zulegt.<\/p>\n<p>Viele Gr\u00fc\u00dfe<\/p>\n<p>Dustin<\/p><\/blockquote>\n<p>Nachfolgend seine Bilder:<\/p>\nngg_shortcode_0_placeholder\n<p>Vielen Dank Dustin!!!!<\/p>\n<p>Sch\u00f6ne Gr\u00fc\u00dfe &#8211; Euer Taschenfreak &#8211; J\u00f6rg Langer<\/p>\n","protected":false},"excerpt":{"rendered":"<p>Die robuste und &#8222;wetterfeste&#8220;\u00a0Ortlieb Digi Shot M Fototasche beschreibt uns Dustin, der uns diese Tage ein nettes Mail mit den nachfolgenden Informationen und Bildern zugeschickt hat. Dustin schreibt in seiner Mail: Hallo an den Taschenfreak, ich habe mir vor kurzem diese Tasche von Ortlieb gekauft und wollte sie hier einmal der Community vorstellen.<\/p>\n","protected":false},"author":3,"featured_media":0,"comment_status":"open","ping_status":"open","sticky":false,"template":"","format":"standard","meta":{"ngg_post_thumbnail":0,"_jetpack_memberships_contains_paid_content":false,"footnotes":"","_links_to":"","_links_to_target":""},"categories":[11,19],"tags":[583,582,584,21,1050,1053,585],"class_list":["post-1874","post","type-post","status-publish","format-standard","hentry","category-schultertasche","category-wasserfest","tag-digi-shot","tag-ortlieb","tag-ortlieb-digi-shot-m","tag-robust","tag-schultertasche","tag-wasserfest","tag-wetterfest"],"jetpack_featured_media_url":"","jetpack_shortlink":"https:\/\/wp.me\/p4GMND-ue","jetpack_sharing_enabled":true,"_links":{"self":[{"href":"https:\/\/taschenfreak.de\/blog\/wp-json\/wp\/v2\/posts\/1874","targetHints":{"allow":["GET"]}}],"collection":[{"href":"https:\/\/taschenfreak.de\/blog\/wp-json\/wp\/v2\/posts"}],"about":[{"href":"https:\/\/taschenfreak.de\/blog\/wp-json\/wp\/v2\/types\/post"}],"author":[{"embeddable":true,"href":"https:\/\/taschenfreak.de\/blog\/wp-json\/wp\/v2\/users\/3"}],"replies":[{"embeddable":true,"href":"https:\/\/taschenfreak.de\/blog\/wp-json\/wp\/v2\/comments?post=1874"}],"version-history":[{"count":0,"href":"https:\/\/taschenfreak.de\/blog\/wp-json\/wp\/v2\/posts\/1874\/revisions"}],"wp:attachment":[{"href":"https:\/\/taschenfreak.de\/blog\/wp-json\/wp\/v2\/media?parent=1874"}],"wp:term":[{"taxonomy":"category","embeddable":true,"href":"https:\/\/taschenfreak.de\/blog\/wp-json\/wp\/v2\/categories?post=1874"},{"taxonomy":"post_tag","embeddable":true,"href":"https:\/\/taschenfreak.de\/blog\/wp-json\/wp\/v2\/tags?post=1874"}],"curies":[{"name":"wp","href":"https:\/\/api.w.org\/{rel}","templated":true}]}}