{"id":1985,"date":"2013-12-14T11:04:56","date_gmt":"2013-12-14T10:04:56","guid":{"rendered":"http:\/\/taschenfreak.de\/blog\/?p=1985"},"modified":"2013-12-14T11:04:56","modified_gmt":"2013-12-14T10:04:56","slug":"eine-tasche-fur-in-die-tasche-monochrom-anybag-pro-09","status":"publish","type":"post","link":"https:\/\/taschenfreak.de\/blog\/2013\/12\/14\/eine-tasche-fur-in-die-tasche-monochrom-anybag-pro-09\/","title":{"rendered":"Eine Tasche f\u00fcr in die Tasche! Monochrom Anybag PRO 09"},"content":{"rendered":"<p><img loading=\"lazy\" decoding=\"async\" class=\"alignright size-thumbnail wp-image-1986\" alt=\"Monochrom Anybag PRO 09\" src=\"https:\/\/taschenfreak.de\/blog\/wp-content\/uploads\/2013\/12\/20131213-103023-DSCN1712-150x150.jpg\" width=\"150\" height=\"150\" \/><\/p>\n<p>Auf der Suche nach einer neuen Innentasche f\u00fcr meine geliebte LKW Planen Messenger Tasche von Freitag bin ich auf die neue <a href=\"http:\/\/www.monochrom.com\/Anybag.htm?websale8=mono-c&amp;ci=001146&amp;ref=BLG&amp;subref=taschenfreak\" target=\"_blank\">Anybag PRO Serie von Monochrom<\/a> gesto\u00dfen. Die <a href=\"http:\/\/www.monochrom.com\/-Monochrom-Anybag-PRO-09.htm?websale8=mono-c&amp;ref=BLG&amp;subref=taschenfreak&amp;pi=17974&amp;ci=000817\" target=\"_blank\"><strong>Anybag PRO 09<\/strong><\/a> schien ganz genau die richtigen Ma\u00dfe zu haben f\u00fcr meine rote Freitag Bag. Nur wenige Tage sp\u00e4ter konnte ich es testen und es passte ganz genau wie es sollte.<\/p>\n<p>Nachfolgend ein paar Bilder von der <a href=\"http:\/\/www.monochrom.com\/-Monochrom-Anybag-PRO-09.htm?websale8=mono-c&amp;ref=BLG&amp;subref=taschenfreak&amp;pi=17974&amp;ci=000817\" target=\"_blank\">Anybag PRO 09<\/a>:<\/p>\n<p><!--more-->ngg_shortcode_0_placeholder\n<p><span style=\"color: #ffffff;\">.<\/span><\/p>\n<p>Die <a href=\"http:\/\/www.monochrom.com\/Anybag.htm?websale8=mono-c&amp;ci=001146&amp;ref=BLG&amp;subref=taschenfreak\" target=\"_blank\">Anybag PRO Serie<\/a> ist im Vergleich zu den bisherigen <a href=\"http:\/\/www.monochrom.com\/Anybag.htm?websale8=mono-c&amp;ci=001146&amp;ref=BLG&amp;subref=taschenfreak\" target=\"_blank\">Anybags<\/a> die ich kannte au\u00dfen mit einer strapazierf\u00e4higeren H\u00fclle versehen. Das Innenleben ist wie bisher auch aus sehr weichem Stoff und mit etlichen Klett-Trennw\u00e4nden so einzurichten wie man es mag. Der Klett sitzt sehr fest und h\u00e4lt \u00fcberdurchschnittlich gut.<\/p>\n<p>Ich habe in meine <a href=\"http:\/\/www.monochrom.com\/-Monochrom-Anybag-PRO-09.htm?websale8=mono-c&amp;ref=BLG&amp;subref=taschenfreak&amp;pi=17974&amp;ci=000817\" target=\"_blank\">Anybag Pro 09<\/a> jetzt reingepackt:<\/p>\n<ul>\n<li>Sony A7R mit SEL 10-18<\/li>\n<li>Sony FE 28-70 (unter der A7R)<\/li>\n<li>Olympus 135 3.5 mit OM-NEX Adapter<\/li>\n<li>Olympus 28 2.8 (unter dem 135er)<\/li>\n<li>Olympus 50 1.8 (auf der anderen Seite)<\/li>\n<li>Portemonaie (\u00fcber dem 50er)<\/li>\n<li>IPad<\/li>\n<li>Kabel, Akku, Reinigungstuch, Visitenkarten, etc.<\/li>\n<\/ul>\n<p>Top! F\u00fcr den Preis echt klasse. Die <a href=\"http:\/\/www.monochrom.com\/Anybag.htm?websale8=mono-c&amp;ci=001146&amp;ref=BLG&amp;subref=taschenfreak\" target=\"_blank\">Anybag<\/a> hat einen mit Klettverschluss zu schlie\u00dfenden Deckel und sogar kleine Schlaufen rechts und links so das man daran entweder sein Speicheretui befestigen kann oder einen Schultergurt daran h\u00e4ngen kann (macht das Sinn? *gr\u00fcbel*).<\/p>\n<p>Also wer eine Tasche, f\u00fcr in die Tasche sucht, macht mit der <a href=\"http:\/\/www.monochrom.com\/-Monochrom-Anybag-PRO-09.htm?websale8=mono-c&amp;ref=BLG&amp;subref=taschenfreak&amp;pi=17974&amp;ci=000817\" target=\"_blank\">Anybag Pro<\/a> nichts falsch!<\/p>\n<p>Sch\u00f6ne Gr\u00fc\u00dfe &#8211; Euer Taschenfreak &#8211; J\u00f6rg Langer<\/p>\n","protected":false},"excerpt":{"rendered":"<p>Auf der Suche nach einer neuen Innentasche f\u00fcr meine geliebte LKW Planen Messenger Tasche von Freitag bin ich auf die neue Anybag PRO Serie von Monochrom gesto\u00dfen.<\/p>\n","protected":false},"author":3,"featured_media":0,"comment_status":"open","ping_status":"open","sticky":false,"template":"","format":"standard","meta":{"ngg_post_thumbnail":0,"_jetpack_memberships_contains_paid_content":false,"footnotes":"","_links_to":"","_links_to_target":""},"categories":[51,139],"tags":[425,639,640,1065,1087,641],"class_list":["post-1985","post","type-post","status-publish","format-standard","hentry","category-packbespiel","category-taschensysteme","tag-anybag","tag-anybag-pro","tag-anybag-pro-09","tag-monochrom","tag-tasche-in-tasche","tag-tascheneinsatz"],"jetpack_featured_media_url":"","jetpack_shortlink":"https:\/\/wp.me\/p4GMND-w1","jetpack_sharing_enabled":true,"_links":{"self":[{"href":"https:\/\/taschenfreak.de\/blog\/wp-json\/wp\/v2\/posts\/1985","targetHints":{"allow":["GET"]}}],"collection":[{"href":"https:\/\/taschenfreak.de\/blog\/wp-json\/wp\/v2\/posts"}],"about":[{"href":"https:\/\/taschenfreak.de\/blog\/wp-json\/wp\/v2\/types\/post"}],"author":[{"embeddable":true,"href":"https:\/\/taschenfreak.de\/blog\/wp-json\/wp\/v2\/users\/3"}],"replies":[{"embeddable":true,"href":"https:\/\/taschenfreak.de\/blog\/wp-json\/wp\/v2\/comments?post=1985"}],"version-history":[{"count":0,"href":"https:\/\/taschenfreak.de\/blog\/wp-json\/wp\/v2\/posts\/1985\/revisions"}],"wp:attachment":[{"href":"https:\/\/taschenfreak.de\/blog\/wp-json\/wp\/v2\/media?parent=1985"}],"wp:term":[{"taxonomy":"category","embeddable":true,"href":"https:\/\/taschenfreak.de\/blog\/wp-json\/wp\/v2\/categories?post=1985"},{"taxonomy":"post_tag","embeddable":true,"href":"https:\/\/taschenfreak.de\/blog\/wp-json\/wp\/v2\/tags?post=1985"}],"curies":[{"name":"wp","href":"https:\/\/api.w.org\/{rel}","templated":true}]}}