{"id":2137,"date":"2014-04-21T14:15:06","date_gmt":"2014-04-21T12:15:06","guid":{"rendered":"http:\/\/taschenfreak.de\/blog\/?p=2137"},"modified":"2014-04-21T14:16:03","modified_gmt":"2014-04-21T12:16:03","slug":"da-die-frage-oefter-kommt-welche-tasche-fuer-die-spiegellose-mit-batteriegriff","status":"publish","type":"post","link":"https:\/\/taschenfreak.de\/blog\/2014\/04\/21\/da-die-frage-oefter-kommt-welche-tasche-fuer-die-spiegellose-mit-batteriegriff\/","title":{"rendered":"Da die Frage \u00f6fter kommt &#8211; &#8222;Welche Tasche f\u00fcr die Spiegellose mit Batteriegriff?&#8220;"},"content":{"rendered":"<p><a  href=\"https:\/\/taschenfreak.de\/blog\/wp-content\/uploads\/2014\/04\/20140421-134041-DSC02263.jpg\" data-rel=\"lightbox-gallery-0\" data-rl_title=\"\" data-rl_caption=\"\" title=\"\"><img decoding=\"async\" class=\"alignright  wp-image-2138\" alt=\"20140421-134041-DSC02263\" src=\"https:\/\/taschenfreak.de\/blog\/wp-content\/uploads\/2014\/04\/20140421-134041-DSC02263.jpg\" width=\"640\" srcset=\"https:\/\/taschenfreak.de\/blog\/wp-content\/uploads\/2014\/04\/20140421-134041-DSC02263.jpg 800w, https:\/\/taschenfreak.de\/blog\/wp-content\/uploads\/2014\/04\/20140421-134041-DSC02263-300x200.jpg 300w\" sizes=\"(max-width: 800px) 100vw, 800px\" \/><\/a>Da die Frage wirklich \u00f6fter per Mail bei mir gestellt wird, widme ich dieser Frage mal einen schnellen Blogbeitrag hier auf Taschenfreak.de. Viele meiner Leser meines privaten Blogs Digitaler-Augenblick.de haben mitbekommen das ich mittlerweile fast nr noch mit Spiegellosen Kameras arbeite, diese aber mit einem Batteriegriff einsetze, damit die Akkulaufzeiten h\u00f6her und der Kunde das Gef\u00fchl nach einer &#8222;gr\u00f6\u00dferen&#8220; Kamera hat. Da stellt sich vielen die Frage:<\/p>\n<blockquote><p>&#8222;Welche Schultertasche ist geeignet um eine Systemkamera wie eine Sony A7\/A7R oder eine Fujfilm X-T1 mit einem besagten Batteriegriff oder &#8222;Vertical-Grip&#8220; bequem in sich aufzunehmen?&#8220;<\/p><\/blockquote>\n<p>Nun da gibt es schon ein paar Taschen die das k\u00f6nnen. Die meisten Taschen sind dann aber schon wieder zu gro\u00df und zu auff\u00e4llig und genau das will man ja mit dem Einsatz der spiegellosen Systemkameras vermeiden.<\/p>\n<p>Ich selbst setze die hier auch zu sehende <a href=\"http:\/\/www.isarfoto.com\/ttp_de\/thinktankphoto-retrospective-5-farbe-pinestone-cotton-canvas.html\" target=\"_blank\"><strong>Think Tank Photo Retrospective 5<\/strong><\/a> sehr gerne ein. So wie oben beladen ist da drinne:<\/p>\n<ul>\n<li>Fujifilm X-T1 mit Batteriegriff und angesetzem Fujinon XF 56 1.2<\/li>\n<li>Fujinon XF 10-24 4.0 auf der linken Seite<\/li>\n<li>Fujinon XF 23 1.4 auf der rechten Seite (stattdessen passt \u00fcbrigens auch bestens der Fujifilm EF-42 Blitz in dieses Fach.<\/li>\n<\/ul>\n<p>Das alles passt, noch erg\u00e4nzt mit Smartphone, Geldb\u00f6rse, Reinigungstuch und Akkus und Speicher ganz bequem ohne Quetschen in die kleine Retro 5 von Think Tank, die es in Blau, Schwarz und meinem Pinestone Farbton gibt.<\/p>\n<p>Ich liebe diese Tasche, da sie wirklich innen gr\u00f6\u00dfer ist als au\u00dfen. Ja das geht :-).<\/p>\n<p>Unten seht ihr ein weiteres Bild wie man die Retro 5 auch beladen kann.<\/p>\n<p><img decoding=\"async\" class=\"alignright  wp-image-2139\" alt=\"20140421-134941-DSC02265\" src=\"https:\/\/taschenfreak.de\/blog\/wp-content\/uploads\/2014\/04\/20140421-134941-DSC02265.jpg\" width=\"640\" srcset=\"https:\/\/taschenfreak.de\/blog\/wp-content\/uploads\/2014\/04\/20140421-134941-DSC02265.jpg 800w, https:\/\/taschenfreak.de\/blog\/wp-content\/uploads\/2014\/04\/20140421-134941-DSC02265-300x200.jpg 300w\" sizes=\"(max-width: 800px) 100vw, 800px\" \/><\/p>\n<p>Hier ist die Fujifilm X-T1 mit dem angesetzten Fujinon XF 56 1.2 zu sehen auf der einen Seite und auf die andere Seite, in das leere Fache, passt noch wunderbar die Sony A7R mit dem 35mm rein. So hat man in der kleinen Retro 5 zwei Kameras mit umgerechnet 35mm und 85mm (Fujinon 56er mit Crop) \u00a0dabei. F\u00fcr Geldb\u00f6rse und Smartphone und Speicher und Akkus ist immer noch genug Platz. Bei der Sony A7R ist in diesem Falle aber kein Batteriegriff mehr dran. ALso eine mit BG und eine ohne BG sind in diesem Falle die bequeme Beladung ohne zu Quetschen.<\/p>\n<p>Ich hoffe das beantwortet Eure Fragen?! Sicher gibt es noch ganz viele andere tolle Taschen die das auch k\u00f6nnen, aber ich ganz pers\u00f6nlich (und ich werde daf\u00fcr nicht bezahlt!!!) mag diese Tasche am meisten durc Ihre Bauart, den verwendeten robusten Stoff und die praktischen Details. Think Tank denkt mit!<\/p>\n<p>Sch\u00f6ne Gr\u00fc\u00dfe &#8211; Euer Taschenfreak &#8211; J\u00f6rg Langer<\/p>\n","protected":false},"excerpt":{"rendered":"<p>&#8222;Welche Schultertasche ist geeignet um eine Systemkamera wie eine Sony A7\/A7R oder eine Fujfilm X-T1 mit einem besagten Batteriegriff oder &#8222;Vertical-Grip&#8220; bequem in sich aufzunehmen?&#8220;<\/p>\n","protected":false},"author":3,"featured_media":0,"comment_status":"open","ping_status":"open","sticky":false,"template":"","format":"standard","meta":{"ngg_post_thumbnail":0,"_jetpack_memberships_contains_paid_content":false,"footnotes":"","_links_to":"","_links_to_target":""},"categories":[51,11],"tags":[712,713,48,1082,1050,1091,711],"class_list":["post-2137","post","type-post","status-publish","format-standard","hentry","category-packbespiel","category-schultertasche","tag-fujifilm-x-t1","tag-oft-gestellte-frage","tag-packbeispiel","tag-retrospective-5","tag-schultertasche","tag-sony-a7r","tag-spiegellose-mit-batteriegriff"],"jetpack_featured_media_url":"","jetpack_shortlink":"https:\/\/wp.me\/p4GMND-yt","jetpack_sharing_enabled":true,"_links":{"self":[{"href":"https:\/\/taschenfreak.de\/blog\/wp-json\/wp\/v2\/posts\/2137","targetHints":{"allow":["GET"]}}],"collection":[{"href":"https:\/\/taschenfreak.de\/blog\/wp-json\/wp\/v2\/posts"}],"about":[{"href":"https:\/\/taschenfreak.de\/blog\/wp-json\/wp\/v2\/types\/post"}],"author":[{"embeddable":true,"href":"https:\/\/taschenfreak.de\/blog\/wp-json\/wp\/v2\/users\/3"}],"replies":[{"embeddable":true,"href":"https:\/\/taschenfreak.de\/blog\/wp-json\/wp\/v2\/comments?post=2137"}],"version-history":[{"count":0,"href":"https:\/\/taschenfreak.de\/blog\/wp-json\/wp\/v2\/posts\/2137\/revisions"}],"wp:attachment":[{"href":"https:\/\/taschenfreak.de\/blog\/wp-json\/wp\/v2\/media?parent=2137"}],"wp:term":[{"taxonomy":"category","embeddable":true,"href":"https:\/\/taschenfreak.de\/blog\/wp-json\/wp\/v2\/categories?post=2137"},{"taxonomy":"post_tag","embeddable":true,"href":"https:\/\/taschenfreak.de\/blog\/wp-json\/wp\/v2\/tags?post=2137"}],"curies":[{"name":"wp","href":"https:\/\/api.w.org\/{rel}","templated":true}]}}