{"id":2148,"date":"2014-05-01T15:36:23","date_gmt":"2014-05-01T13:36:23","guid":{"rendered":"http:\/\/taschenfreak.de\/blog\/?p=2148"},"modified":"2014-05-01T15:36:23","modified_gmt":"2014-05-01T13:36:23","slug":"vanguard-adaptor-46-packbeispiel","status":"publish","type":"post","link":"https:\/\/taschenfreak.de\/blog\/2014\/05\/01\/vanguard-adaptor-46-packbeispiel\/","title":{"rendered":"Vanguard Adaptor 46 &#8211; Packbeispiel"},"content":{"rendered":"<p><img loading=\"lazy\" decoding=\"async\" class=\"alignright size-thumbnail wp-image-2149\" alt=\"DSC0797\" src=\"https:\/\/taschenfreak.de\/blog\/wp-content\/uploads\/2014\/05\/DSC0797-150x150.jpg\" width=\"150\" height=\"150\" srcset=\"https:\/\/taschenfreak.de\/blog\/wp-content\/uploads\/2014\/05\/DSC0797-150x150.jpg 150w, https:\/\/taschenfreak.de\/blog\/wp-content\/uploads\/2014\/05\/DSC0797-144x144.jpg 144w\" sizes=\"auto, (max-width: 150px) 100vw, 150px\" \/><\/p>\n<p>Vor einigen Wochen bereits hat uns M. Kowalski seine Bilder und einen kleinen Text zur Verf\u00fcgung gestellt um Euch dieses hier auf Taschenfreak.de ver\u00f6ffentlichen zu k\u00f6nnen. Er beschreibt mit dem Text und den Bildern seinen <strong>Vanguard Adaptor 46<\/strong>. Er schreibt:<\/p>\n<blockquote><p>Rucksack ist der Vanguard Adaptor 46<\/p>\n<p>Kontra:<br \/>\n&#8211; Es passen nur Kleine 14\u201c Notebooks<br \/>\n&#8211; Polsterung der Tr\u00e4ger bei Schweren lasten unbequem<br \/>\n&#8211; Als Slingshot Tragen auch unbequem<br \/>\n&#8211; F\u00fcr gr\u00f6\u00dfere Kameras grenzwertig geeignet D90 + BG oder D800<\/p>\n<p>Pro:<br \/>\n+Ger\u00e4umig trotz kompakter -bauweise<br \/>\n+Kamera schnell hervorholbar<br \/>\n+Unauff\u00e4llig<\/p>\n<p><!--more-->Gr\u00fc\u00dfe M.Kowalski<\/p>\nngg_shortcode_0_placeholder<\/blockquote>\n<p>Schaut gut und vielseitig aus der\u00a0Vanguard Adaptor 46. Danke an M. Kowalski f\u00fcr Dein Mail und die M\u00f6glichkeit dieses mit anderen zu teilen.<\/p>\n<p>Sch\u00f6ne Gr\u00fc\u00dfe &#8211; Euer Taschenfreak-Team &amp; J\u00f6rg Langer<\/p>\n","protected":false},"excerpt":{"rendered":"<p>Vor einigen Wochen bereits hat uns M. Kowalski seine Bilder und einen kleinen Text zur Verf\u00fcgung gestellt um Euch dieses hier auf Taschenfreak.de ver\u00f6ffentlichen zu k\u00f6nnen. Er beschreibt mit dem Text und den Bildern seinen Vanguard Adaptor 46. Er schreibt:<\/p>\n","protected":false},"author":3,"featured_media":0,"comment_status":"open","ping_status":"open","sticky":false,"template":"","format":"standard","meta":{"ngg_post_thumbnail":0,"_jetpack_memberships_contains_paid_content":false,"footnotes":"","_links_to":"","_links_to_target":""},"categories":[51,3,7,13],"tags":[715,48,1047,716,301,714],"class_list":["post-2148","post","type-post","status-publish","format-standard","hentry","category-packbespiel","category-rucksack","category-rucksack-mit-notebookfach-und-daypack","category-sling-rucksack-mit-einem-umhangegurt","tag-adaptor-46","tag-packbeispiel","tag-rucksack","tag-rucksack-mit-notebook","tag-vanguard","tag-vanguard-adaptor-46"],"jetpack_featured_media_url":"","jetpack_shortlink":"https:\/\/wp.me\/p4GMND-yE","jetpack_sharing_enabled":true,"_links":{"self":[{"href":"https:\/\/taschenfreak.de\/blog\/wp-json\/wp\/v2\/posts\/2148","targetHints":{"allow":["GET"]}}],"collection":[{"href":"https:\/\/taschenfreak.de\/blog\/wp-json\/wp\/v2\/posts"}],"about":[{"href":"https:\/\/taschenfreak.de\/blog\/wp-json\/wp\/v2\/types\/post"}],"author":[{"embeddable":true,"href":"https:\/\/taschenfreak.de\/blog\/wp-json\/wp\/v2\/users\/3"}],"replies":[{"embeddable":true,"href":"https:\/\/taschenfreak.de\/blog\/wp-json\/wp\/v2\/comments?post=2148"}],"version-history":[{"count":0,"href":"https:\/\/taschenfreak.de\/blog\/wp-json\/wp\/v2\/posts\/2148\/revisions"}],"wp:attachment":[{"href":"https:\/\/taschenfreak.de\/blog\/wp-json\/wp\/v2\/media?parent=2148"}],"wp:term":[{"taxonomy":"category","embeddable":true,"href":"https:\/\/taschenfreak.de\/blog\/wp-json\/wp\/v2\/categories?post=2148"},{"taxonomy":"post_tag","embeddable":true,"href":"https:\/\/taschenfreak.de\/blog\/wp-json\/wp\/v2\/tags?post=2148"}],"curies":[{"name":"wp","href":"https:\/\/api.w.org\/{rel}","templated":true}]}}