{"id":2279,"date":"2014-07-09T16:17:13","date_gmt":"2014-07-09T14:17:13","guid":{"rendered":"http:\/\/taschenfreak.de\/blog\/?p=2279"},"modified":"2014-07-09T16:17:13","modified_gmt":"2014-07-09T14:17:13","slug":"roeckl-photo-camcase-i-und-camcase-ii-was-ganz-besonders-feines","status":"publish","type":"post","link":"https:\/\/taschenfreak.de\/blog\/2014\/07\/09\/roeckl-photo-camcase-i-und-camcase-ii-was-ganz-besonders-feines\/","title":{"rendered":"Roeckl-Photo Camcase I und Camcase II &#8211; was ganz besonders feines!"},"content":{"rendered":"<p><a  href=\"https:\/\/taschenfreak.de\/blog\/wp-content\/uploads\/2014\/07\/2014-07-08-001-Roeckl-Camcase.jpg\" data-rel=\"lightbox-gallery-0\" data-rl_title=\"\" data-rl_caption=\"\" title=\"\"><img decoding=\"async\" class=\"alignnone  wp-image-2280\" alt=\"2014-07-08-001-Roeckl-Camcase\" src=\"https:\/\/taschenfreak.de\/blog\/wp-content\/uploads\/2014\/07\/2014-07-08-001-Roeckl-Camcase.jpg\" width=\"640\" srcset=\"https:\/\/taschenfreak.de\/blog\/wp-content\/uploads\/2014\/07\/2014-07-08-001-Roeckl-Camcase.jpg 1000w, https:\/\/taschenfreak.de\/blog\/wp-content\/uploads\/2014\/07\/2014-07-08-001-Roeckl-Camcase-300x225.jpg 300w, https:\/\/taschenfreak.de\/blog\/wp-content\/uploads\/2014\/07\/2014-07-08-001-Roeckl-Camcase-900x675.jpg 900w\" sizes=\"(max-width: 1000px) 100vw, 1000px\" \/><\/a><\/p>\n<p>Wenn es einen Tag, also \u00fcber 24 Stunden, nach dem Auspacken immer noch im B\u00fcro nach feinstem Leder durftet, dann kann es eine oder zwei neue Fototaschen sein. Gestern bekam ich zwei Handmuster von <a href=\"http:\/\/www.roeckl-photo.de\/\" target=\"_blank\">Roeckl-Photo<\/a>\u00a0geschickt zum testen. Die beiden Taschen <a href=\"http:\/\/www.isarfoto.com\/index.php\/isar_de\/roeckl-photo-camcase-i.html\" target=\"_blank\">Camcase I<\/a> und <a href=\"http:\/\/www.isarfoto.com\/index.php\/isar_de\/roeckl-photo-camcase-ii.html\" target=\"_blank\">Camcase II<\/a> werden ab der diesj\u00e4hrigen Photokina im September 2014 lieferbar sein. Zum neuen Unternehmen bzw. der Unternehmensallianz zwischen ISARFOTO und Roeckl hatte ich gestern ja schon <a href=\"http:\/\/www.digitaler-augenblick.de\/meine-ledersucht-liegt-scheinbar-schwer-im-trend\/\" target=\"_blank\">HIER <\/a>auf meinem privaten Fotoblog berichtet.<\/p>\n<p>Nun aber zu den beiden \u00e4u\u00dferst edlen Taschen.<\/p>\n<p>Die Camcase I ist die gr\u00f6\u00dfere von beiden Taschen. Beide Taschen sind sich generell sehr sehr \u00e4hnlich und sind genau nach dem selben Prinzip aufgebaut. Die Camcase I kann gut zwei Systemkameras mit Objektiven aufnehmen (wie auf den Bildern zu sehen). In der Camcase I ist noch eine kleine Zusatztasche aus orangenfarbenem Stoff zu finden die ideal f\u00fcr Filter, Speicher, Akkus, etc zu verwenden ist. Die Inneneintelung ist nicht wie man das von anderen Fototaschen her kennt mit Klett befestigt sondern eine flexibel anzupassende klappbare gepolsterte Stoffbahn die man in die Tasche so stellt wie es die Ausr\u00fcstung erfordert. Das klingt komisch ist in der Praxis aber extrem gut gemacht. An dieser Trennwand\/Trennbahn ist auf der einen Seite eine Gummil\u00f6sung vern\u00e4ht in die man gut Kleinteile wie Objektivdeckel oder Filter stecken kann. Wirklich pfiffige L\u00f6sung. Ich habe in die Camcase I sogar eine Nikon D3 verstauen k\u00f6nnen. Also sollten auch andere Kameras mit Batteriegriff da hineinpassen. Geaut und konstruiert wurde das System der Camcases aber meiner Erachtens eher f\u00fcr Systemkameras oder Leica M\u00b4s oder kleinere DSLRs.<\/p>\nngg_shortcode_0_placeholder\nDas Fach f\u00fcr das Tablet, f\u00fcr das iPad h\u00e4tte gerne 3-4 Millimeter h\u00f6her ausfallen k\u00f6nnen. Mein iPad Air mit dem originalen Leder Smart Case passt gerade so hinein. Der Rei\u00dfverschluss ist dann aber schon recht straff. Ein iPad I bis IV passte bei meinem Handmuster der Camcase I nicht hinein, auch ohne Cover oder Case nicht.<\/p>\n<p>Am r\u00fccken der Tasche findet man ein weiteres Fach welches mit einem Reis\u00dfverschluss gesichert werden kann. Dieses Fach ist ideal f\u00fcr das Smartphone oder eine flache kleine Geldb\u00f6rse.<\/p>\n<p>Die kleinere Camcase II ist ideal f\u00fcr eine Leica M mit einem zus\u00e4tzlichen Objektiv oder wie in meinem Falle eine Systemkamera ohne Batteriegriff und ein weiteres Objektiv. Ich habe darin meine Sony A7R mit dem Zeiss 35 2.8 und zus\u00e4tzlich dem Zeiss 55 1.8 verstaut.<\/p>\nngg_shortcode_1_placeholder\n<p>&nbsp;<\/p>\n<p>Die Gurte der beiden Taschen sind in der L\u00e4nge variabel einstellbar und auch f\u00fcr XXL-M\u00e4nner noch gut zu nutzen (was bei vielen anderen Taschen oftmals ein Thema ist&#8230;.). Das Material \u00e4hnelt einem KFZ-Sicherheitsgurt und ist sehr weich und angenehm zu tragen. Beide Taschen haben im Gurt fest verbaut ein verschiebbares Leder-Schulterpolster. Dieses ist aber leider nicht abnehmbar, sondern muss immer an der Tasche bleiben (es sei denn man zerschneidet es&#8230;).<\/p>\n<p>Die \u00dcberwurfdeckel &#8211; aus feinstem Leder &#8211; werden an der Vorderseite in der Gummilasche fixiert damit diese beim Laufen gehalten werden. Es sind m.E. keine Magnete eingen\u00e4ht was nat\u00fcrlich jedes iPad, jede SD-Card und jedes Smartphone freuen wird, welche in den Vordertaschen stecken k\u00f6nnten.<\/p>\n<p>Was ich pers\u00f6nlich noch verbessern w\u00fcrde, w\u00e4ren kleine Metallf\u00fc\u00dfe an den beiden Camcases, damit man das Leder, welches am Boden genau so edel und weich ist, wie oben am Deckel, nicht durch den Stra\u00dfenboden verkratzt, wenn man die Tasche mal abstellt und eventuell sogar mal aus versehen etwas \u00fcber den Boden zieht. Sowas macht man zwar &#8222;eigentlich&#8220; nicht, aber im t\u00e4glichen Leben soll sowas ja vorkommen.<\/p>\n<p>Zum Leder fallen mir leider keine &#8222;ultimativen&#8220; Worte ein die den edlen und weichen und angenehmen Eindruck des Leders wiedergeben k\u00f6nnten. Es ist noch edler und angenehmer als das Leder meiner bisherigen geliebten (wabbeligen) Pajass Schultertasche, es ist dennoch so fest und &#8222;nicht wabbelig&#8220; wie bei einer Dothebag oder einer Compagnon Tasche. Es ist auf der einen Seite weich und edel aber zugleich fest und stabil. Eine echte Meisterleistung die Roeckl hier mit seiner 175 j\u00e4hrigen Manufaktur Erfahrung geschaffen hat. Meine Hochachtung!<\/p>\n<p>Hier noch der Vollst\u00e4ndigkeit halber der komplette Text der Pressemeldung dazu:<\/p>\n<p style=\"padding-left: 30px;\"><strong><em>Mehr Wert. \u201eCamcase\u201c Kamerataschen von Roeckl\/Photo F\u00fcr alle, die sich ein Bild von der Welt machen <\/em><\/strong><\/p>\n<p style=\"padding-left: 30px;\"><em>Sie sind sch\u00f6n, strapazierf\u00e4hig und bieten hohen Tragekomfort \u2013 die Kamerataschen der neuen Roeckl\/Photo \u201eCamcase\u201c Produktlinie. Die eleganten und optimalen Schutz bietenden Kamerataschen der renommierten M\u00fcnchner Ledermanufaktur f\u00fcr hochwertige Taschen und Handschuhe wurden in Zusammenarbeit mit dem anerkannten Profibetreuer Isarfoto Bothe entwickelt. In dieser idealen Symbiose von 175 Jahre alter Handwerkskunst, designorientierter Produktentwicklung und dem profunden Wissen \u00fcber die aktuellen Fotografenw\u00fcnsche gelang den Partnern die Entwicklung einer Taschenreihe, die Ma\u00dfst\u00e4be setzt in Funktionalit\u00e4t, Sicherheit, Tragekomfort und Design. <\/em><\/p>\n<p style=\"padding-left: 30px;\"><em>Die Roeckl\/Photo \u201eCamcase\u201c Taschen bestechen mit einem durchdachten Konzept, das hervorragende Verarbeitung von hochwertigen Materialien mit zeitlosem Design verbindet. Das verwendete Kalbleder sorgt f\u00fcr eine besonders angenehme und hochwertige Haptik. Zudem erlauben es die Gr\u00f6\u00dfen, die kompakten Taschen bei fast allen Fluglinien zus\u00e4tzlich zum Handgep\u00e4ck mitzuf\u00fchren. <\/em><\/p>\n<p style=\"padding-left: 30px;\"><em>Die \u201eCamcase\u201c Kamerataschen von Roeckl\/Photo gibt es in zwei unterschiedlichen Dimensionen und Ausf\u00fchrungen. Die gr\u00f6\u00dfere Variante Camcase I bietet zus\u00e4tzlich ein spezielles Seitenfach zur Unterbringung eines Tablets. Ausgelegt ist die gro\u00dfe Tasche f\u00fcr eine klassische Reportageausr\u00fcstung wie zum Beispiel eine Canon 5D oder eine Leica M, zwei Standardzooms und Zubeh\u00f6r wie Ladeger\u00e4t und Filter. In der kleineren Tasche finden spiegellose Kameras wie beispielsweise eine Leica T mit drei Objektiven und Zubeh\u00f6r Platz, wie auch ein Tablet Mini. Beide Taschen bieten selbstverst\u00e4ndlich auch noch Raum f\u00fcr pers\u00f6nliche Dinge. <\/em><br \/>\n<em><\/em><\/p>\n<p style=\"padding-left: 30px;\"><em>Die Kamerabags werden aus hochwertigem, in Deutschland gegerbtem Kalbleder gefertigt, das nicht nur strapazierf\u00e4hig, sondern zugleich weich und geschmeidig ist. Anders als Canvas oder Kunststoffmaterialien ist Leder ein Material, das sich angenehm anfasst und im Gebrauch nicht abnutzt, sondern vielmehr eine sch\u00f6ne Patina entwickelt. Auch die \u00fcbrigen, f\u00fcr die Kamerataschen verwendeten Materialien sind von h\u00f6chster Qualit\u00e4t und versprechen eine lange Lebensdauer. <\/em><br \/>\n<em><\/em><\/p>\n<p style=\"padding-left: 30px;\"><em>Wie bei Roeckl selbstverst\u00e4ndlich, wurde auf die perfekte, handwerkliche Verarbeitung ebenso Wert gelegt wie auf ein Design, das auch in stilvollem Rahmen eine hervorragende Figur macht: Ein weiterer Pluspunkt, der modebewusste Fotografinnen wie auch Fotografen f\u00fcr die Kamerataschen von Roeckl begeistern wird. \u00a0<\/em><em>Praktisch und funktional ist das Innenleben der Taschen gestaltet. Durch die neu entwickelte, beliebig falt- und herausnehmbare Unterteilung l\u00e4sst sich der Innenraum der \u201eCamcase\u201c Taschen optimal der Ausr\u00fcstung anpassen. Dar\u00fcber hinaus bieten integrierte Elastikb\u00e4nder vielf\u00e4ltige Fixierungsm\u00f6glichkeiten zum Beispiel von Speichermedien, Reinigungspinseln und dergleichen. Ger\u00e4uscharme Spezialrei\u00dfverschl\u00fcsse sorgen f\u00fcr schnellen, einh\u00e4ndigen Zugriff. Innovative, flexible Polster in den Schultergurten gew\u00e4hrleisten nicht nur hohen Tragekomfort, sondern sind durch eine intelligente Konstruktion auch gegen Verrutschen gesichert und haben als Auflagefl\u00e4che keinen Kunststoff, sondern feinstes, strapazierf\u00e4higes Peccaryleder. <\/em><br \/>\n<em><\/em><\/p>\n<p style=\"padding-left: 30px;\"><em>Kurz: Die neuen \u201eCamcases\u201c von Roeckl\/Photo bieten alle Voraussetzungen, zu Lieblingsst\u00fccken all jener leidenschaftlichen Fotografen zu werden, die ihre Kameras sicher, sch\u00f6n und wertig untergebracht wissen wollen. <\/em><br \/>\n<em><\/em><\/p>\n<p style=\"padding-left: 30px;\"><em>PS: Lieblingsst\u00fccke genie\u00dfen einen besonderen Schutz \u2013 die \u201eExtended Value Protection\u201c: Wer seine \u201eCamcase\u201c mit der Seriennummer innerhalb von vier Wochen nach dem Kauf auf www.roeckl-photo.de registriert, genie\u00dft drei Jahre den kostenlosen, weltweiten Versicherungsschutz \u201eExtended Value Protection\u201c gegen vielf\u00e4ltige Sch\u00e4den wie etwa Verlieren, Raub oder Besch\u00e4digung, solange diese keine Folge von Verschlei\u00df ist. <\/em><br \/>\n<em><\/em><\/p>\n<p style=\"padding-left: 30px;\"><em>Die neuen Produkte von Roeckl\/Photo werden in ausgew\u00e4hlten Foto- Fachhandelsgesch\u00e4ften, den Roeckl Filialen und im Direktstore von www.roeckl-photo.de ab Mitte September erh\u00e4ltlich sein. Die erste Pr\u00e4sentation in der \u00d6ffentlichkeit findet auf der diesj\u00e4hrigen photokina in K\u00f6ln statt. (16. bis 21. September 2014, Halle 2.1.\/A-030).<\/em><\/p>\n<p>Was freue mich auf die Photokina und Eure Meinung zu den Taschen. Sie sind &#8222;elend&#8220; Teuer, sie sind langweilig im Format und in der Farbe aber dennoch das geilste was ich als Taschenfreak bisher in den letzten \u00fcber 10 Jahren in der Hand hatte!<\/p>\n<p>Dieser Bericht wurde nicht von Roeckl oder ISARFOTO gesponsert oder bezahlt. Das m\u00f6chte ich gerade weil ich so begeistert in diesem Bericht bin besonders erw\u00e4hnen.<\/p>\n<p>Chapeu Roeckl-Photo! Ich w\u00fcnsche Euch mit dieser Serie viel Erfolg am Markt!<\/p>\n<p>Euer Taschenfreak &#8211; J\u00f6rg Langer<\/p>\n","protected":false},"excerpt":{"rendered":"<p>Wenn es einen Tag, also \u00fcber 24 Stunden, nach dem Auspacken immer noch im B\u00fcro nach feinstem Leder durftet, dann kann es eine oder zwei neue Fototaschen sein. Gestern bekam ich zwei Handmuster von Roeckl-Photo geschickt zum testen. Die beiden Taschen Camcase I und Camcase II werden ab der diesj\u00e4hrigen Photokina im September 2014 lieferbar sein. <\/p>\n","protected":false},"author":3,"featured_media":0,"comment_status":"open","ping_status":"open","sticky":false,"template":"","format":"standard","meta":{"ngg_post_thumbnail":0,"_jetpack_memberships_contains_paid_content":false,"footnotes":"","_links_to":"","_links_to_target":""},"categories":[80,11],"tags":[789,788,63,1059,786,787,784,785,1050,284],"class_list":["post-2279","post","type-post","status-publish","format-standard","hentry","category-leder","category-schultertasche","tag-deutsches-leder","tag-handmuster","tag-isarfoto","tag-leder","tag-ledertasche","tag-preview","tag-roeckl","tag-roeckl-photo","tag-schultertasche","tag-systemkamera-tasche"],"jetpack_featured_media_url":"","jetpack_shortlink":"https:\/\/wp.me\/p4GMND-AL","jetpack_sharing_enabled":true,"_links":{"self":[{"href":"https:\/\/taschenfreak.de\/blog\/wp-json\/wp\/v2\/posts\/2279","targetHints":{"allow":["GET"]}}],"collection":[{"href":"https:\/\/taschenfreak.de\/blog\/wp-json\/wp\/v2\/posts"}],"about":[{"href":"https:\/\/taschenfreak.de\/blog\/wp-json\/wp\/v2\/types\/post"}],"author":[{"embeddable":true,"href":"https:\/\/taschenfreak.de\/blog\/wp-json\/wp\/v2\/users\/3"}],"replies":[{"embeddable":true,"href":"https:\/\/taschenfreak.de\/blog\/wp-json\/wp\/v2\/comments?post=2279"}],"version-history":[{"count":0,"href":"https:\/\/taschenfreak.de\/blog\/wp-json\/wp\/v2\/posts\/2279\/revisions"}],"wp:attachment":[{"href":"https:\/\/taschenfreak.de\/blog\/wp-json\/wp\/v2\/media?parent=2279"}],"wp:term":[{"taxonomy":"category","embeddable":true,"href":"https:\/\/taschenfreak.de\/blog\/wp-json\/wp\/v2\/categories?post=2279"},{"taxonomy":"post_tag","embeddable":true,"href":"https:\/\/taschenfreak.de\/blog\/wp-json\/wp\/v2\/tags?post=2279"}],"curies":[{"name":"wp","href":"https:\/\/api.w.org\/{rel}","templated":true}]}}