{"id":2355,"date":"2014-09-19T19:27:58","date_gmt":"2014-09-19T17:27:58","guid":{"rendered":"http:\/\/taschenfreak.de\/blog\/?p=2355"},"modified":"2014-09-19T19:27:58","modified_gmt":"2014-09-19T17:27:58","slug":"ist-die-nicht-zu-gross-ist-die-nicht-zu-klein-compagnon-messenger","status":"publish","type":"post","link":"https:\/\/taschenfreak.de\/blog\/2014\/09\/19\/ist-die-nicht-zu-gross-ist-die-nicht-zu-klein-compagnon-messenger\/","title":{"rendered":"Ist die nicht zu gro\u00df? Ist die nicht zu klein? &#8211; Compagnon Messenger"},"content":{"rendered":"<p><a  href=\"https:\/\/taschenfreak.de\/blog\/wp-content\/uploads\/2014\/09\/2014-09-09-002-Compagnon.jpg\" data-rel=\"lightbox-gallery-1\" data-rl_title=\"\" data-rl_caption=\"\" title=\"\"><img loading=\"lazy\" decoding=\"async\" class=\"alignnone size-full wp-image-2356\" src=\"https:\/\/taschenfreak.de\/blog\/wp-content\/uploads\/2014\/09\/2014-09-09-002-Compagnon.jpg\" alt=\"2014-09-09-002-Compagnon\" width=\"1000\" height=\"667\" srcset=\"https:\/\/taschenfreak.de\/blog\/wp-content\/uploads\/2014\/09\/2014-09-09-002-Compagnon.jpg 1000w, https:\/\/taschenfreak.de\/blog\/wp-content\/uploads\/2014\/09\/2014-09-09-002-Compagnon-300x200.jpg 300w, https:\/\/taschenfreak.de\/blog\/wp-content\/uploads\/2014\/09\/2014-09-09-002-Compagnon-900x600.jpg 900w\" sizes=\"auto, (max-width: 1000px) 100vw, 1000px\" \/><\/a><\/p>\n<p>Das ich seit Jahresbeginn ein gro\u00dfer Lederfan bin und sowohl bei <a href=\"http:\/\/compagnon-bags.com\/\" target=\"_blank\">Compagnon<\/a> als auch bei <a href=\"http:\/\/www.isarfoto.com\/index.php\/isar_de\/catalogsearch\/result\/?q=Camcase\" target=\"_blank\">Roeckl <\/a>mein &#8222;pers\u00f6nliches Taschengl\u00fcck&#8220; nach vielen Jahren gefunden habe ist sicher kein Geheimnis mehr.<\/p>\n<p>Um so \u00f6fter werde ich zu beiden Taschensystemen gefragt, oft per Mail, da scheinbar viele sich nicht trauen ihre berechtigten Fragen offen auf die Taschenfreak-Facebook-Page zu schreiben. Alleine diese Woche, in der Photokina Woche habe ich \u00fcber 10 Mails und Nachrichten bekommen zur<a href=\"http:\/\/compagnon-bags.com\/produkt\/compagnon-camerabag-cognac\" target=\"_blank\"> Messenger von Compagnon<\/a>. Die meisten Fragen gehen auf die Gr\u00f6\u00dfe der Tasche ein. Viele k\u00f6nnen die Gr\u00f6\u00dfe und die Ausma\u00dfe und die m\u00f6gliche Beladung nicht einsch\u00e4tzen.<\/p>\n<div id='gallery-1' class='gallery galleryid-2355 gallery-columns-3 gallery-size-thumbnail'><figure class='gallery-item'>\n\t\t\t<div class='gallery-icon landscape'>\n\t\t\t\t<a href='https:\/\/taschenfreak.de\/blog\/wp-content\/uploads\/2014\/09\/2014-09-09-006-Compagnon.jpg' title=\"\" data-rl_title=\"\" class=\"rl-gallery-link\" data-rl_caption=\"\" data-rel=\"lightbox-gallery-1\"><img loading=\"lazy\" decoding=\"async\" width=\"150\" height=\"150\" src=\"https:\/\/taschenfreak.de\/blog\/wp-content\/uploads\/2014\/09\/2014-09-09-006-Compagnon-150x150.jpg\" class=\"attachment-thumbnail size-thumbnail\" alt=\"\" srcset=\"https:\/\/taschenfreak.de\/blog\/wp-content\/uploads\/2014\/09\/2014-09-09-006-Compagnon-150x150.jpg 150w, https:\/\/taschenfreak.de\/blog\/wp-content\/uploads\/2014\/09\/2014-09-09-006-Compagnon-144x144.jpg 144w\" sizes=\"auto, (max-width: 150px) 100vw, 150px\" \/><\/a>\n\t\t\t<\/div><\/figure><figure class='gallery-item'>\n\t\t\t<div class='gallery-icon landscape'>\n\t\t\t\t<a href='https:\/\/taschenfreak.de\/blog\/wp-content\/uploads\/2014\/09\/2014-09-09-007-Compagnon.jpg' title=\"\" data-rl_title=\"\" class=\"rl-gallery-link\" data-rl_caption=\"\" data-rel=\"lightbox-gallery-1\"><img loading=\"lazy\" decoding=\"async\" width=\"150\" height=\"150\" src=\"https:\/\/taschenfreak.de\/blog\/wp-content\/uploads\/2014\/09\/2014-09-09-007-Compagnon-150x150.jpg\" class=\"attachment-thumbnail size-thumbnail\" alt=\"\" srcset=\"https:\/\/taschenfreak.de\/blog\/wp-content\/uploads\/2014\/09\/2014-09-09-007-Compagnon-150x150.jpg 150w, https:\/\/taschenfreak.de\/blog\/wp-content\/uploads\/2014\/09\/2014-09-09-007-Compagnon-144x144.jpg 144w\" sizes=\"auto, (max-width: 150px) 100vw, 150px\" \/><\/a>\n\t\t\t<\/div><\/figure><figure class='gallery-item'>\n\t\t\t<div class='gallery-icon landscape'>\n\t\t\t\t<a href='https:\/\/taschenfreak.de\/blog\/wp-content\/uploads\/2014\/09\/2014-09-09-001-Compagnon.jpg' title=\"\" data-rl_title=\"\" class=\"rl-gallery-link\" data-rl_caption=\"\" data-rel=\"lightbox-gallery-1\"><img loading=\"lazy\" decoding=\"async\" width=\"150\" height=\"150\" src=\"https:\/\/taschenfreak.de\/blog\/wp-content\/uploads\/2014\/09\/2014-09-09-001-Compagnon-150x150.jpg\" class=\"attachment-thumbnail size-thumbnail\" alt=\"\" srcset=\"https:\/\/taschenfreak.de\/blog\/wp-content\/uploads\/2014\/09\/2014-09-09-001-Compagnon-150x150.jpg 150w, https:\/\/taschenfreak.de\/blog\/wp-content\/uploads\/2014\/09\/2014-09-09-001-Compagnon-144x144.jpg 144w\" sizes=\"auto, (max-width: 150px) 100vw, 150px\" \/><\/a>\n\t\t\t<\/div><\/figure><figure class='gallery-item'>\n\t\t\t<div class='gallery-icon landscape'>\n\t\t\t\t<a href='https:\/\/taschenfreak.de\/blog\/wp-content\/uploads\/2014\/09\/2014-09-09-003-Compagnon.jpg' title=\"\" data-rl_title=\"\" class=\"rl-gallery-link\" data-rl_caption=\"\" data-rel=\"lightbox-gallery-1\"><img loading=\"lazy\" decoding=\"async\" width=\"150\" height=\"150\" src=\"https:\/\/taschenfreak.de\/blog\/wp-content\/uploads\/2014\/09\/2014-09-09-003-Compagnon-150x150.jpg\" class=\"attachment-thumbnail size-thumbnail\" alt=\"\" srcset=\"https:\/\/taschenfreak.de\/blog\/wp-content\/uploads\/2014\/09\/2014-09-09-003-Compagnon-150x150.jpg 150w, https:\/\/taschenfreak.de\/blog\/wp-content\/uploads\/2014\/09\/2014-09-09-003-Compagnon-144x144.jpg 144w\" sizes=\"auto, (max-width: 150px) 100vw, 150px\" \/><\/a>\n\t\t\t<\/div><\/figure><figure class='gallery-item'>\n\t\t\t<div class='gallery-icon landscape'>\n\t\t\t\t<a href='https:\/\/taschenfreak.de\/blog\/wp-content\/uploads\/2014\/09\/2014-09-09-004-Compagnon.jpg' title=\"\" data-rl_title=\"\" class=\"rl-gallery-link\" data-rl_caption=\"\" data-rel=\"lightbox-gallery-1\"><img loading=\"lazy\" decoding=\"async\" width=\"150\" height=\"150\" src=\"https:\/\/taschenfreak.de\/blog\/wp-content\/uploads\/2014\/09\/2014-09-09-004-Compagnon-150x150.jpg\" class=\"attachment-thumbnail size-thumbnail\" alt=\"\" srcset=\"https:\/\/taschenfreak.de\/blog\/wp-content\/uploads\/2014\/09\/2014-09-09-004-Compagnon-150x150.jpg 150w, https:\/\/taschenfreak.de\/blog\/wp-content\/uploads\/2014\/09\/2014-09-09-004-Compagnon-144x144.jpg 144w\" sizes=\"auto, (max-width: 150px) 100vw, 150px\" \/><\/a>\n\t\t\t<\/div><\/figure><figure class='gallery-item'>\n\t\t\t<div class='gallery-icon landscape'>\n\t\t\t\t<a href='https:\/\/taschenfreak.de\/blog\/wp-content\/uploads\/2014\/09\/2014-09-09-005-Compagnon.jpg' title=\"\" data-rl_title=\"\" class=\"rl-gallery-link\" data-rl_caption=\"\" data-rel=\"lightbox-gallery-1\"><img loading=\"lazy\" decoding=\"async\" width=\"150\" height=\"150\" src=\"https:\/\/taschenfreak.de\/blog\/wp-content\/uploads\/2014\/09\/2014-09-09-005-Compagnon-150x150.jpg\" class=\"attachment-thumbnail size-thumbnail\" alt=\"\" srcset=\"https:\/\/taschenfreak.de\/blog\/wp-content\/uploads\/2014\/09\/2014-09-09-005-Compagnon-150x150.jpg 150w, https:\/\/taschenfreak.de\/blog\/wp-content\/uploads\/2014\/09\/2014-09-09-005-Compagnon-144x144.jpg 144w\" sizes=\"auto, (max-width: 150px) 100vw, 150px\" \/><\/a>\n\t\t\t<\/div><\/figure>\n\t\t<\/div>\n\n<p>Daher habe ich mich entschlossen Euch mal ein paar m\u00f6gliche Beladungen die ich selbst schon genutzt habe, Euch mal aufzulisten um Euch damit vielleicht etwas in der Einsch\u00e4tzung zu helfen.<\/p>\n<p><strong>Meine Hochzeits-Messenger:<\/strong><\/p>\n<ul>\n<li>Fuji X-T1 mit Batteriegriff und Fujinon 23 1.4 (Geli umgedreht)<\/li>\n<li>Fuji X-T1 mit Batteriegriff und Fujinon 56 1.2 (Geli umgedreht)<\/li>\n<li>Fujinon 10-24 unter einer Fuji X-T1<\/li>\n<li>Fujinon 18-135 unter der zweiten Fuji -T1<\/li>\n<li>zwei Fuji EF-42 Blitzger\u00e4te<\/li>\n<li>kleines Notizbuch<\/li>\n<li>Visitenkarten<\/li>\n<li>8 Ersatzakkus f\u00fcr die Fuji X-T1\u00b4s<\/li>\n<li>8x AA Batterien als Ersatz f\u00fcr die beiden Blitze<\/li>\n<li>Speicher satt<\/li>\n<\/ul>\n<p><strong>Meine Office-Best\u00fcckung:<\/strong><\/p>\n<ul>\n<li>LIFEBOOK T-904 (gleiche Grundfl\u00e4che wie Macbook Pro 13&#8243; &#8211; nur flacher und besser)<\/li>\n<li>2x Moleskin A5<\/li>\n<li>Netzteil und Netzleitung<\/li>\n<li>Bose Quiet Comfort 15 Kopfh\u00f6rer<\/li>\n<li>Sony A7R mit 24-70 oder Sony RX10<\/li>\n<li>Smartphone und Externen Akku<\/li>\n<\/ul>\n<p><strong>Meine &#8222;Fehmarn-Edition&#8220;:<\/strong><\/p>\n<ul>\n<li>Microsoft Surface Pro 3 mit Keyboard<\/li>\n<li>Netzteil und Netzleitung und MS BT Maus<\/li>\n<li>Tagebuch und Stift<\/li>\n<li>Ein Buch zum Lesen (ja ein Papierbuch!!!)<\/li>\n<li>Bose Quiet Comfort 15 Kopfh\u00f6rer<\/li>\n<li>Sony A7R mit 24-70 mit L-Winkel f\u00fcrs Stativ<\/li>\n<li>Sony RX10 (unter der Sony A7R)<\/li>\n<li>2x Ersatzakku f\u00fcr die Kameras (nutzen die selben Akkus)<\/li>\n<li>Graufilter<\/li>\n<\/ul>\n<p><strong>Die &#8222;umfassende&#8220;\u00a0Spaziergeh-Edition:<\/strong><\/p>\n<ul>\n<li>Sony A7R mit 24-70 mit L-Winkel f\u00fcrs Stativ<\/li>\n<li>Sony 35 2.8 und Sony 55 1.8 gekoppelt mit Doppeldeckel zu einer Einheit<\/li>\n<li>Sony HVL-43M Blitz (manchmal &#8211; nicht immer dabei)<\/li>\n<li>Leica R 135 2.8\u00a0(manchmal &#8211; nicht immer dabei &#8211; ich brauche das 70-200 FE OSS !!!)<\/li>\n<li>Akkus<\/li>\n<li>Ein Buch zum Lesen (ja schon wieder ein Papierbuch!!!)<\/li>\n<li>Tagebuch und Stift<\/li>\n<li>Bose MI2 In Ear Headphones<\/li>\n<li>Smartphone<\/li>\n<\/ul>\n<p><strong>Die ganz leichte Spaziergeh-Edition:<\/strong><\/p>\n<ul>\n<li>Sony A7R mit Sony\u00a035 2.8<\/li>\n<li>Leica R 135 2.8\u00a0(manchmal &#8211; nicht immer dabei &#8211; brauche das 70-200 FE OSS !!!)<\/li>\n<li>1x Ersatzakku<\/li>\n<li>Eine Zeitung\/Magazin im Notebookfach<\/li>\n<li>Tagebuch und Stift<\/li>\n<li>Bose MI2 In Ear Headphones<\/li>\n<li>Smartphone<\/li>\n<\/ul>\n<p>Bei der <a href=\"http:\/\/www.isarfoto.com\/index.php\/isar_de\/roeckl-photo-camcase-i.html\" target=\"_blank\">Roeckl Camcase I<\/a> ist die Beladung oft eine andere. Dazu mache ich demn\u00e4chst mal einen neuen \u00e4hnlichen Post hier auf Taschenfreak. Einen Vergleich der beiden Taschen wird es hier auf Taschenfreak nicht geben, da die Taschen beide sehr unterschiedlich sind und meines Erachtens \u00c4pfel mit Birnen verglichen werden. Ich werde auch \u00f6fter gefragt welche ich mehr empfehlen kann, die <a href=\"http:\/\/www.isarfoto.com\/index.php\/isar_de\/roeckl-photo-camcase-i.html\" target=\"_blank\">Camcase von Roeckl<\/a> oder die <a href=\"http:\/\/compagnon-bags.com\/produkt\/compagnon-camerabag-cognac\" target=\"_blank\">Messenger von Compagnon<\/a>. Die Fragenden kennen die Antwort schon:<\/p>\n<blockquote><p>&#8222;Eindeutig beide, wir haben ja auch Turnschuhe und Anzugsschuhe im Schrank!&#8220;<\/p><\/blockquote>\n<p>In diesem Sinne &#8211; Euch einen tollen Tag! Ich hoffe Euch mit diesem &#8222;Beladungs-Posting&#8220; etwas geholfen zu haben.<\/p>\n<p>Sch\u00f6ne Gr\u00fc\u00dfe &#8211; Euer Taschenfreak &#8211; J\u00f6rg Langer<\/p>\n","protected":false},"excerpt":{"rendered":"<p>&#8230; um so \u00f6fter werde ich zu beiden Taschensystemen gefragt, oft per Mail, da scheinbar viele sich nicht trauen ihre berechtigten Fragen offen auf die Taschenfreak-Facebook-Page zu schreiben. Alleine diese Woche, in der Photokina Woche habe ich \u00fcber 10 Mails und Nachrichten bekommen zur Messenger von Compagnon. Die meisten Fragen gehen auf die Gr\u00f6\u00dfe der Tasche ein. Viele k\u00f6nnen die Gr\u00f6\u00dfe und die Ausma\u00dfe und die m\u00f6gliche Beladung nicht einsch\u00e4tzen.<\/p>\n","protected":false},"author":3,"featured_media":0,"comment_status":"open","ping_status":"open","sticky":false,"template":"","format":"standard","meta":{"ngg_post_thumbnail":0,"_jetpack_memberships_contains_paid_content":false,"footnotes":"","_links_to":"","_links_to_target":""},"categories":[1,80,51,11,12],"tags":[815,811,812,1093,810,1059,813,241,48,784,814,816,817,818],"class_list":["post-2355","post","type-post","status-publish","format-standard","hentry","category-allgemein","category-leder","category-packbespiel","category-schultertasche","category-schultertasche-mit-notebook","tag-beispiel-beladung","tag-beladung","tag-camcase","tag-compagnon","tag-compagnon-messenger","tag-leder","tag-lederfreak","tag-messenger","tag-packbeispiel","tag-roeckl","tag-taschenglueck","tag-was-passt-rein","tag-zu-gross","tag-zu-klein"],"jetpack_featured_media_url":"","jetpack_shortlink":"https:\/\/wp.me\/p4GMND-BZ","jetpack_sharing_enabled":true,"_links":{"self":[{"href":"https:\/\/taschenfreak.de\/blog\/wp-json\/wp\/v2\/posts\/2355","targetHints":{"allow":["GET"]}}],"collection":[{"href":"https:\/\/taschenfreak.de\/blog\/wp-json\/wp\/v2\/posts"}],"about":[{"href":"https:\/\/taschenfreak.de\/blog\/wp-json\/wp\/v2\/types\/post"}],"author":[{"embeddable":true,"href":"https:\/\/taschenfreak.de\/blog\/wp-json\/wp\/v2\/users\/3"}],"replies":[{"embeddable":true,"href":"https:\/\/taschenfreak.de\/blog\/wp-json\/wp\/v2\/comments?post=2355"}],"version-history":[{"count":0,"href":"https:\/\/taschenfreak.de\/blog\/wp-json\/wp\/v2\/posts\/2355\/revisions"}],"wp:attachment":[{"href":"https:\/\/taschenfreak.de\/blog\/wp-json\/wp\/v2\/media?parent=2355"}],"wp:term":[{"taxonomy":"category","embeddable":true,"href":"https:\/\/taschenfreak.de\/blog\/wp-json\/wp\/v2\/categories?post=2355"},{"taxonomy":"post_tag","embeddable":true,"href":"https:\/\/taschenfreak.de\/blog\/wp-json\/wp\/v2\/tags?post=2355"}],"curies":[{"name":"wp","href":"https:\/\/api.w.org\/{rel}","templated":true}]}}