{"id":247,"date":"2011-09-04T22:39:32","date_gmt":"2011-09-04T20:39:32","guid":{"rendered":"http:\/\/taschenfreak.de\/blog\/?p=247"},"modified":"2011-09-05T14:44:57","modified_gmt":"2011-09-05T12:44:57","slug":"kelly-moore-bags-im-hause-taschenfreak-de-unter-der-lupe","status":"publish","type":"post","link":"https:\/\/taschenfreak.de\/blog\/2011\/09\/04\/kelly-moore-bags-im-hause-taschenfreak-de-unter-der-lupe\/","title":{"rendered":"Kelly Moore Bags im Hause Taschenfreak.de unter der Lupe"},"content":{"rendered":"<p><img loading=\"lazy\" decoding=\"async\" class=\"alignnone size-full wp-image-248\" title=\"20110905-120314-P9051256\" src=\"https:\/\/taschenfreak.de\/blog\/wp-content\/uploads\/2011\/09\/20110905-120314-P9051256.jpg\" alt=\"\" width=\"640\" height=\"324\" srcset=\"https:\/\/taschenfreak.de\/blog\/wp-content\/uploads\/2011\/09\/20110905-120314-P9051256.jpg 640w, https:\/\/taschenfreak.de\/blog\/wp-content\/uploads\/2011\/09\/20110905-120314-P9051256-300x151.jpg 300w\" sizes=\"auto, (max-width: 640px) 100vw, 640px\" \/><\/p>\n<p>Ausnahmezustand im Hause Langer &#8211; Taschenfreak.de &#8211; es sind neue Taschen geliefert worden! Danke an Britta von <a href=\"http:\/\/www.PhotoQueen.de\" target=\"_blank\">PhotoQueen.de<\/a> die uns unsere bestellten Kelly Moore Bags sehr schnell und zuverl\u00e4ssig zugeschickt hat. Der Mailverkehr mit Britta ist ein Traum &#8211; ebenso wie Ihr Service und die Produkte von mir.<\/p>\n<p>Wir haben uns f\u00fcr die beiden Modelle von Kelly Moore entschieden: <strong>B-HOBO<\/strong> in Azure und <strong>BOY<\/strong> in Schwarz. Wer welche nutzen wird sehen wir dann sp\u00e4ter&#8230; *ggg*.<\/p>\n<p><!--more--><\/p>\n<p>In der nachfolgenden Galerie seht Ihr einige Bilder die die beiden Taschen best\u00fcckt zeigen.<\/p>\n<p><span style=\"text-decoration: underline;\">Unsere Meinung: (zu erst die Pro\u00b4s)<\/span><\/p>\n<ul>\n<li>Das Leder ist feinste Wahl und sehr edel!<\/li>\n<li>Die Reisverschl\u00fcsse sind super leichtg\u00e4ngig und fl\u00fcssig zu bedienen.<\/li>\n<li>Die inneren Abmessungen sind sehr gut &#8222;portioniert&#8220; und passen f\u00fcr heute \u00fcbliches &#8222;Ger\u00e4t&#8220;.<\/li>\n<li>Die Taschen sehen nicht nach Fototasche aus, auch nicht beim zweiten genauen Hinsehen und das ist u.E. das Beste an diesen Produkten.<\/li>\n<li>Die Umh\u00e4ngegurte sind sch\u00f6n lang einstellbar und auf f\u00fcr XXXL\u00a0Menschen\u00a0brauchbar lange genug.<\/li>\n<li>Die Polsterung ist sehr gut und ausreichend genug portioniert.<\/li>\n<\/ul>\n<p><span style=\"text-decoration: underline;\">Ein paar Verbesserungsvorschl\u00e4ge\/W\u00fcnsche h\u00e4tten wir jedoch auch:<\/span><\/p>\n<ul>\n<li>Die Magnete des BOY-\u00dcberwurfdeckels k\u00f6nnten st\u00e4rker sein., Da werden wir wohl mal den lokalen Sattler kontaktieren und uns da Klett einn\u00e4hen lassen damit der Deckel zu bleibt, auch wenn mal &#8222;mehr drinne ist in der schicken Tasche.<\/li>\n<li>Die Innen-Trennw\u00e4nde sind etwas wenige. Da k\u00f6nnten in beiden Taschen jeweils zwei mehr drinne sein.<\/li>\n<li>bei der BOY sind die Trennw\u00e4nde recht schmal wenn man das Notebookfach (bzw. dessen Trennwand) entfernt. Wenn man dann 2.8er Linsen reinsteckt ist es &#8222;stramm&#8220; &#8211; da w\u00e4ren 1-2cm mehr Breite der Trennw\u00e4nde schick.<\/li>\n<\/ul>\n<p>Hier die versprochenen Bilder:<\/p>\nngg_shortcode_0_placeholder\n<p><span style=\"color: #ffffff;\">.<\/span><\/p>\n<p><span style=\"text-decoration: underline;\">Unsere Best\u00fcckung bei der BOY:<\/span> Leica M9 mit 35 2.0 Summicron; Leica 75mm; Zeiss 21mm; entweder Nikon D700 mit 28-300 VR oder Nikon D3s mit 24-70 2.8; Nikon 14-24; Nikon SB-900 Blitz; Sigma Fish 15mm; Akku, Speicher, Visitenkarten.<br \/>\n(Anmerkung: Die D700 ohne BG passt wesentlich besser als die &#8222;fette&#8220; D3s&#8230; die aber auch rein geht, aber nur ohne Notebook.)<\/p>\n<p><span style=\"text-decoration: underline;\">Unsere Best\u00fcckung der B-HOBO:<\/span> Nikon D90 mit 18-200 VRII oder Nikon D700 mit 28-300 VR; Nikon 50 1.4; Nikon SB-900 Blitz, Taschent\u00fccher, Rescue Kit f\u00fcr Br\u00e4ute (Nadel, Faden, Haarklammern, Sicherheitsnadeln, Taschent\u00fccher, Pflaster, &#8230;); Gummib\u00e4rchen f\u00fcr Kids und Br\u00e4utigam; Visitenkarten; iPhone; Geldb\u00f6rse; Sonnebrille; Ersatzakku und Speicher.<\/p>\n<p><span style=\"text-decoration: underline;\"><strong>Unser Fazit:<\/strong><\/span> <strong>\u00c4u\u00dferst schicke Taschen die sich sehr gut anf\u00fchlen und wirklich sehr edel sind! Verarbeitung ist 1A! &#8230; und: <a href=\"http:\/\/www.photoqueen.de\" target=\"_blank\">PhotoQueen.de<\/a> ist eine echte Taschenfreak.de Empfehlung!<\/strong><\/p>\n<p>Wir sind schon ganz hei\u00df auf den ersten &#8222;Echt-Einsatz&#8220; an den n\u00e4chsten Wochenenden bei unseren <a href=\"http:\/\/www.Hochzeitsemotionen\" target=\"_blank\">Hochzeitsemotionen<\/a>-Reportagen. Wir werden wieder berichten&#8230;<\/p>\n","protected":false},"excerpt":{"rendered":"<p>Ausnahmezustand im Hause Langer &#8211; Taschenfreak.de &#8211; es sind neue Taschen geliefert worden! Danke an Britta von PhotoQueen.de die uns unsere bestellten Kelly Moore Bags sehr schnell und zuverl\u00e4ssig zugeschickt hat. Der Mailverkehr mit Britta ist ein Traum &#8211; ebenso wie Ihr Service und die Produkte von mir. Wir haben uns f\u00fcr die beiden Modelle&hellip;<\/p>\n","protected":false},"author":3,"featured_media":0,"comment_status":"open","ping_status":"open","sticky":false,"template":"","format":"standard","meta":{"ngg_post_thumbnail":0,"_jetpack_memberships_contains_paid_content":false,"footnotes":"","_links_to":"","_links_to_target":""},"categories":[51,11],"tags":[81,82,60,72,1059,71,1050],"class_list":["post-247","post","type-post","status-publish","format-standard","hentry","category-packbespiel","category-schultertasche","tag-b-hobo","tag-boy","tag-hochzeitsemotionen","tag-kelly-moore-bag","tag-leder","tag-photoqueen","tag-schultertasche"],"jetpack_featured_media_url":"","jetpack_shortlink":"https:\/\/wp.me\/p4GMND-3Z","jetpack_sharing_enabled":true,"_links":{"self":[{"href":"https:\/\/taschenfreak.de\/blog\/wp-json\/wp\/v2\/posts\/247","targetHints":{"allow":["GET"]}}],"collection":[{"href":"https:\/\/taschenfreak.de\/blog\/wp-json\/wp\/v2\/posts"}],"about":[{"href":"https:\/\/taschenfreak.de\/blog\/wp-json\/wp\/v2\/types\/post"}],"author":[{"embeddable":true,"href":"https:\/\/taschenfreak.de\/blog\/wp-json\/wp\/v2\/users\/3"}],"replies":[{"embeddable":true,"href":"https:\/\/taschenfreak.de\/blog\/wp-json\/wp\/v2\/comments?post=247"}],"version-history":[{"count":0,"href":"https:\/\/taschenfreak.de\/blog\/wp-json\/wp\/v2\/posts\/247\/revisions"}],"wp:attachment":[{"href":"https:\/\/taschenfreak.de\/blog\/wp-json\/wp\/v2\/media?parent=247"}],"wp:term":[{"taxonomy":"category","embeddable":true,"href":"https:\/\/taschenfreak.de\/blog\/wp-json\/wp\/v2\/categories?post=247"},{"taxonomy":"post_tag","embeddable":true,"href":"https:\/\/taschenfreak.de\/blog\/wp-json\/wp\/v2\/tags?post=247"}],"curies":[{"name":"wp","href":"https:\/\/api.w.org\/{rel}","templated":true}]}}