{"id":2492,"date":"2014-11-16T20:54:23","date_gmt":"2014-11-16T19:54:23","guid":{"rendered":"http:\/\/taschenfreak.de\/blog\/?p=2492"},"modified":"2014-11-17T15:15:15","modified_gmt":"2014-11-17T14:15:15","slug":"koenig-litebag2-passt-auch-gut-zur-sony-a7r","status":"publish","type":"post","link":"https:\/\/taschenfreak.de\/blog\/2014\/11\/16\/koenig-litebag2-passt-auch-gut-zur-sony-a7r\/","title":{"rendered":"Koenig LiteBag2 &#8211; passt auch gut zur Sony A7R"},"content":{"rendered":"<p><a  href=\"https:\/\/taschenfreak.de\/blog\/wp-content\/uploads\/2014\/11\/2014-11-Koenig-Photobag-LM-A7R-02.jpg\" data-rel=\"lightbox-gallery-1\" data-rl_title=\"\" data-rl_caption=\"\" title=\"\"><img loading=\"lazy\" decoding=\"async\" class=\"alignnone size-full wp-image-2494\" src=\"https:\/\/taschenfreak.de\/blog\/wp-content\/uploads\/2014\/11\/2014-11-Koenig-Photobag-LM-A7R-02.jpg\" alt=\"2014-11-Koenig-Photobag-LM-A7R-02\" width=\"1000\" height=\"750\" srcset=\"https:\/\/taschenfreak.de\/blog\/wp-content\/uploads\/2014\/11\/2014-11-Koenig-Photobag-LM-A7R-02.jpg 1000w, https:\/\/taschenfreak.de\/blog\/wp-content\/uploads\/2014\/11\/2014-11-Koenig-Photobag-LM-A7R-02-300x225.jpg 300w, https:\/\/taschenfreak.de\/blog\/wp-content\/uploads\/2014\/11\/2014-11-Koenig-Photobag-LM-A7R-02-900x675.jpg 900w\" sizes=\"auto, (max-width: 1000px) 100vw, 1000px\" \/><\/a><\/p>\n<p>Made in Germany &#8211; mit diesem so einfachen Spruch sagt man ja so viel aus. <a href=\"http:\/\/www.koenig-photobags.de\" target=\"_blank\">Koenig Photobags <\/a>produziert seine wasserfesten Taschen in Deutschland. Am verganenen Wochenende hatte ich bei den Leica Erlebnistagen Gelegenheit mal wieder die Koenig Taschen in die Hand zu nehmen. Dabei ist mir eingefallen das ich selbst auch eine <a href=\"http:\/\/www.koenig-photobags.de\/litebag2\/\" target=\"_blank\"><strong>Koenig\u00a0LiteBag 2<\/strong><\/a> im Schrank habe die ich seinerseits mit der Leica M Messucherkamera genutzt habe.<\/p>\n<blockquote><p>&#8222;Ob da auch sinnvoll meine Sony A7R rein passt? Ob das eine gute Tasche w\u00e4re f\u00fcr den bald kommenden Urlaub auf Fehmarn wo ich am Meer Langzeitbelichtungen und Panoramen machen m\u00f6chte?&#8220;<\/p><\/blockquote>\n<p>Nun, das Testpacken hat gezeigt, es passt wie Faust auf Auge. \ud83d\ude42<\/p>\n<div id='gallery-1' class='gallery galleryid-2492 gallery-columns-3 gallery-size-thumbnail'><figure class='gallery-item'>\n\t\t\t<div class='gallery-icon landscape'>\n\t\t\t\t<a href='https:\/\/taschenfreak.de\/blog\/wp-content\/uploads\/2014\/11\/2014-11-Koenig-Photobag-LM-A7R-01.jpg' title=\"\" data-rl_title=\"\" class=\"rl-gallery-link\" data-rl_caption=\"\" data-rel=\"lightbox-gallery-1\"><img loading=\"lazy\" decoding=\"async\" width=\"150\" height=\"150\" src=\"https:\/\/taschenfreak.de\/blog\/wp-content\/uploads\/2014\/11\/2014-11-Koenig-Photobag-LM-A7R-01-150x150.jpg\" class=\"attachment-thumbnail size-thumbnail\" alt=\"\" srcset=\"https:\/\/taschenfreak.de\/blog\/wp-content\/uploads\/2014\/11\/2014-11-Koenig-Photobag-LM-A7R-01-150x150.jpg 150w, https:\/\/taschenfreak.de\/blog\/wp-content\/uploads\/2014\/11\/2014-11-Koenig-Photobag-LM-A7R-01-144x144.jpg 144w\" sizes=\"auto, (max-width: 150px) 100vw, 150px\" \/><\/a>\n\t\t\t<\/div><\/figure><figure class='gallery-item'>\n\t\t\t<div class='gallery-icon landscape'>\n\t\t\t\t<a href='https:\/\/taschenfreak.de\/blog\/wp-content\/uploads\/2014\/11\/2014-11-Koenig-Photobag-LM-A7R-03.jpg' title=\"\" data-rl_title=\"\" class=\"rl-gallery-link\" data-rl_caption=\"\" data-rel=\"lightbox-gallery-1\"><img loading=\"lazy\" decoding=\"async\" width=\"150\" height=\"150\" src=\"https:\/\/taschenfreak.de\/blog\/wp-content\/uploads\/2014\/11\/2014-11-Koenig-Photobag-LM-A7R-03-150x150.jpg\" class=\"attachment-thumbnail size-thumbnail\" alt=\"\" srcset=\"https:\/\/taschenfreak.de\/blog\/wp-content\/uploads\/2014\/11\/2014-11-Koenig-Photobag-LM-A7R-03-150x150.jpg 150w, https:\/\/taschenfreak.de\/blog\/wp-content\/uploads\/2014\/11\/2014-11-Koenig-Photobag-LM-A7R-03-144x144.jpg 144w\" sizes=\"auto, (max-width: 150px) 100vw, 150px\" \/><\/a>\n\t\t\t<\/div><\/figure><figure class='gallery-item'>\n\t\t\t<div class='gallery-icon landscape'>\n\t\t\t\t<a href='https:\/\/taschenfreak.de\/blog\/wp-content\/uploads\/2014\/11\/2014-11-Koenig-Photobag-LM-A7R-04.jpg' title=\"\" data-rl_title=\"\" class=\"rl-gallery-link\" data-rl_caption=\"\" data-rel=\"lightbox-gallery-1\"><img loading=\"lazy\" decoding=\"async\" width=\"150\" height=\"150\" src=\"https:\/\/taschenfreak.de\/blog\/wp-content\/uploads\/2014\/11\/2014-11-Koenig-Photobag-LM-A7R-04-150x150.jpg\" class=\"attachment-thumbnail size-thumbnail\" alt=\"\" srcset=\"https:\/\/taschenfreak.de\/blog\/wp-content\/uploads\/2014\/11\/2014-11-Koenig-Photobag-LM-A7R-04-150x150.jpg 150w, https:\/\/taschenfreak.de\/blog\/wp-content\/uploads\/2014\/11\/2014-11-Koenig-Photobag-LM-A7R-04-144x144.jpg 144w\" sizes=\"auto, (max-width: 150px) 100vw, 150px\" \/><\/a>\n\t\t\t<\/div><\/figure><figure class='gallery-item'>\n\t\t\t<div class='gallery-icon landscape'>\n\t\t\t\t<a href='https:\/\/taschenfreak.de\/blog\/wp-content\/uploads\/2014\/11\/2014-11-Koenig-Photobag-LM-A7R-05.jpg' title=\"\" data-rl_title=\"\" class=\"rl-gallery-link\" data-rl_caption=\"\" data-rel=\"lightbox-gallery-1\"><img loading=\"lazy\" decoding=\"async\" width=\"150\" height=\"150\" src=\"https:\/\/taschenfreak.de\/blog\/wp-content\/uploads\/2014\/11\/2014-11-Koenig-Photobag-LM-A7R-05-150x150.jpg\" class=\"attachment-thumbnail size-thumbnail\" alt=\"\" srcset=\"https:\/\/taschenfreak.de\/blog\/wp-content\/uploads\/2014\/11\/2014-11-Koenig-Photobag-LM-A7R-05-150x150.jpg 150w, https:\/\/taschenfreak.de\/blog\/wp-content\/uploads\/2014\/11\/2014-11-Koenig-Photobag-LM-A7R-05-144x144.jpg 144w\" sizes=\"auto, (max-width: 150px) 100vw, 150px\" \/><\/a>\n\t\t\t<\/div><\/figure><figure class='gallery-item'>\n\t\t\t<div class='gallery-icon landscape'>\n\t\t\t\t<a href='https:\/\/taschenfreak.de\/blog\/wp-content\/uploads\/2014\/11\/2014-11-Koenig-Photobag-LM-A7R-06.jpg' title=\"\" data-rl_title=\"\" class=\"rl-gallery-link\" data-rl_caption=\"\" data-rel=\"lightbox-gallery-1\"><img loading=\"lazy\" decoding=\"async\" width=\"150\" height=\"150\" src=\"https:\/\/taschenfreak.de\/blog\/wp-content\/uploads\/2014\/11\/2014-11-Koenig-Photobag-LM-A7R-06-150x150.jpg\" class=\"attachment-thumbnail size-thumbnail\" alt=\"\" srcset=\"https:\/\/taschenfreak.de\/blog\/wp-content\/uploads\/2014\/11\/2014-11-Koenig-Photobag-LM-A7R-06-150x150.jpg 150w, https:\/\/taschenfreak.de\/blog\/wp-content\/uploads\/2014\/11\/2014-11-Koenig-Photobag-LM-A7R-06-144x144.jpg 144w\" sizes=\"auto, (max-width: 150px) 100vw, 150px\" \/><\/a>\n\t\t\t<\/div><\/figure><figure class='gallery-item'>\n\t\t\t<div class='gallery-icon landscape'>\n\t\t\t\t<a href='https:\/\/taschenfreak.de\/blog\/wp-content\/uploads\/2014\/11\/2014-11-Koenig-Photobag-LM-A7R-07.jpg' title=\"\" data-rl_title=\"\" class=\"rl-gallery-link\" data-rl_caption=\"\" data-rel=\"lightbox-gallery-1\"><img loading=\"lazy\" decoding=\"async\" width=\"150\" height=\"150\" src=\"https:\/\/taschenfreak.de\/blog\/wp-content\/uploads\/2014\/11\/2014-11-Koenig-Photobag-LM-A7R-07-150x150.jpg\" class=\"attachment-thumbnail size-thumbnail\" alt=\"\" srcset=\"https:\/\/taschenfreak.de\/blog\/wp-content\/uploads\/2014\/11\/2014-11-Koenig-Photobag-LM-A7R-07-150x150.jpg 150w, https:\/\/taschenfreak.de\/blog\/wp-content\/uploads\/2014\/11\/2014-11-Koenig-Photobag-LM-A7R-07-144x144.jpg 144w\" sizes=\"auto, (max-width: 150px) 100vw, 150px\" \/><\/a>\n\t\t\t<\/div><\/figure><figure class='gallery-item'>\n\t\t\t<div class='gallery-icon landscape'>\n\t\t\t\t<a href='https:\/\/taschenfreak.de\/blog\/wp-content\/uploads\/2014\/11\/2014-11-Koenig-Photobag-LM-A7R-08.jpg' title=\"\" data-rl_title=\"\" class=\"rl-gallery-link\" data-rl_caption=\"\" data-rel=\"lightbox-gallery-1\"><img loading=\"lazy\" decoding=\"async\" width=\"150\" height=\"150\" src=\"https:\/\/taschenfreak.de\/blog\/wp-content\/uploads\/2014\/11\/2014-11-Koenig-Photobag-LM-A7R-08-150x150.jpg\" class=\"attachment-thumbnail size-thumbnail\" alt=\"\" srcset=\"https:\/\/taschenfreak.de\/blog\/wp-content\/uploads\/2014\/11\/2014-11-Koenig-Photobag-LM-A7R-08-150x150.jpg 150w, https:\/\/taschenfreak.de\/blog\/wp-content\/uploads\/2014\/11\/2014-11-Koenig-Photobag-LM-A7R-08-144x144.jpg 144w\" sizes=\"auto, (max-width: 150px) 100vw, 150px\" \/><\/a>\n\t\t\t<\/div><\/figure><figure class='gallery-item'>\n\t\t\t<div class='gallery-icon landscape'>\n\t\t\t\t<a href='https:\/\/taschenfreak.de\/blog\/wp-content\/uploads\/2014\/11\/2014-11-Koenig-Photobag-LM-A7R-09.jpg' title=\"\" data-rl_title=\"\" class=\"rl-gallery-link\" data-rl_caption=\"\" data-rel=\"lightbox-gallery-1\"><img loading=\"lazy\" decoding=\"async\" width=\"150\" height=\"150\" src=\"https:\/\/taschenfreak.de\/blog\/wp-content\/uploads\/2014\/11\/2014-11-Koenig-Photobag-LM-A7R-09-150x150.jpg\" class=\"attachment-thumbnail size-thumbnail\" alt=\"\" srcset=\"https:\/\/taschenfreak.de\/blog\/wp-content\/uploads\/2014\/11\/2014-11-Koenig-Photobag-LM-A7R-09-150x150.jpg 150w, https:\/\/taschenfreak.de\/blog\/wp-content\/uploads\/2014\/11\/2014-11-Koenig-Photobag-LM-A7R-09-144x144.jpg 144w\" sizes=\"auto, (max-width: 150px) 100vw, 150px\" \/><\/a>\n\t\t\t<\/div><\/figure><figure class='gallery-item'>\n\t\t\t<div class='gallery-icon landscape'>\n\t\t\t\t<a href='https:\/\/taschenfreak.de\/blog\/wp-content\/uploads\/2014\/11\/2014-11-Koenig-Photobag-LM-A7R-10.jpg' title=\"\" data-rl_title=\"\" class=\"rl-gallery-link\" data-rl_caption=\"\" data-rel=\"lightbox-gallery-1\"><img loading=\"lazy\" decoding=\"async\" width=\"150\" height=\"150\" src=\"https:\/\/taschenfreak.de\/blog\/wp-content\/uploads\/2014\/11\/2014-11-Koenig-Photobag-LM-A7R-10-150x150.jpg\" class=\"attachment-thumbnail size-thumbnail\" alt=\"\" srcset=\"https:\/\/taschenfreak.de\/blog\/wp-content\/uploads\/2014\/11\/2014-11-Koenig-Photobag-LM-A7R-10-150x150.jpg 150w, https:\/\/taschenfreak.de\/blog\/wp-content\/uploads\/2014\/11\/2014-11-Koenig-Photobag-LM-A7R-10-144x144.jpg 144w\" sizes=\"auto, (max-width: 150px) 100vw, 150px\" \/><\/a>\n\t\t\t<\/div><\/figure><figure class='gallery-item'>\n\t\t\t<div class='gallery-icon landscape'>\n\t\t\t\t<a href='https:\/\/taschenfreak.de\/blog\/wp-content\/uploads\/2014\/11\/2014-11-Koenig-Photobag-LM-A7R-11.jpg' title=\"\" data-rl_title=\"\" class=\"rl-gallery-link\" data-rl_caption=\"\" data-rel=\"lightbox-gallery-1\"><img loading=\"lazy\" decoding=\"async\" width=\"150\" height=\"150\" src=\"https:\/\/taschenfreak.de\/blog\/wp-content\/uploads\/2014\/11\/2014-11-Koenig-Photobag-LM-A7R-11-150x150.jpg\" class=\"attachment-thumbnail size-thumbnail\" alt=\"\" srcset=\"https:\/\/taschenfreak.de\/blog\/wp-content\/uploads\/2014\/11\/2014-11-Koenig-Photobag-LM-A7R-11-150x150.jpg 150w, https:\/\/taschenfreak.de\/blog\/wp-content\/uploads\/2014\/11\/2014-11-Koenig-Photobag-LM-A7R-11-144x144.jpg 144w\" sizes=\"auto, (max-width: 150px) 100vw, 150px\" \/><\/a>\n\t\t\t<\/div><\/figure><figure class='gallery-item'>\n\t\t\t<div class='gallery-icon landscape'>\n\t\t\t\t<a href='https:\/\/taschenfreak.de\/blog\/wp-content\/uploads\/2014\/11\/2014-11-Koenig-Photobag-LM-A7R-12.jpg' title=\"\" data-rl_title=\"\" class=\"rl-gallery-link\" data-rl_caption=\"\" data-rel=\"lightbox-gallery-1\"><img loading=\"lazy\" decoding=\"async\" width=\"150\" height=\"150\" src=\"https:\/\/taschenfreak.de\/blog\/wp-content\/uploads\/2014\/11\/2014-11-Koenig-Photobag-LM-A7R-12-150x150.jpg\" class=\"attachment-thumbnail size-thumbnail\" alt=\"\" srcset=\"https:\/\/taschenfreak.de\/blog\/wp-content\/uploads\/2014\/11\/2014-11-Koenig-Photobag-LM-A7R-12-150x150.jpg 150w, https:\/\/taschenfreak.de\/blog\/wp-content\/uploads\/2014\/11\/2014-11-Koenig-Photobag-LM-A7R-12-144x144.jpg 144w\" sizes=\"auto, (max-width: 150px) 100vw, 150px\" \/><\/a>\n\t\t\t<\/div><\/figure><figure class='gallery-item'>\n\t\t\t<div class='gallery-icon landscape'>\n\t\t\t\t<a href='https:\/\/taschenfreak.de\/blog\/wp-content\/uploads\/2014\/11\/2014-11-Koenig-Photobag-LM-A7R-13.jpg' title=\"\" data-rl_title=\"\" class=\"rl-gallery-link\" data-rl_caption=\"\" data-rel=\"lightbox-gallery-1\"><img loading=\"lazy\" decoding=\"async\" width=\"150\" height=\"150\" src=\"https:\/\/taschenfreak.de\/blog\/wp-content\/uploads\/2014\/11\/2014-11-Koenig-Photobag-LM-A7R-13-150x150.jpg\" class=\"attachment-thumbnail size-thumbnail\" alt=\"\" srcset=\"https:\/\/taschenfreak.de\/blog\/wp-content\/uploads\/2014\/11\/2014-11-Koenig-Photobag-LM-A7R-13-150x150.jpg 150w, https:\/\/taschenfreak.de\/blog\/wp-content\/uploads\/2014\/11\/2014-11-Koenig-Photobag-LM-A7R-13-144x144.jpg 144w\" sizes=\"auto, (max-width: 150px) 100vw, 150px\" \/><\/a>\n\t\t\t<\/div><\/figure>\n\t\t<\/div>\n\n<p>Ich habe nun darin verstaut:<\/p>\n<ul>\n<li>Innentasche &#8211; im Wasserdichten Bereich:\n<ul>\n<li>Sony A7R mit Sony Zeiss 16-35<\/li>\n<li>Sony G 70-200 mit Stativschelle<\/li>\n<li>Sony Zeiss 55 1.8 mit Sonnenblende<\/li>\n<li>Sony Zeiss 35 2.8<\/li>\n<li>Ersatzspeicher<\/li>\n<li>Ersatzakkus<\/li>\n<\/ul>\n<\/li>\n<li>Vorder-Tasche &#8211; nicht wasserdicht:\n<ul>\n<li>LED Lampe<\/li>\n<li>1000x fach B&amp;W Filter mit Adapterringen f\u00fcr 49er und 72er Objektivdurchmesser<\/li>\n<li>Duschhaube &#8211; nicht f\u00fcr mich &#8211; f\u00fcr die Kamera<\/li>\n<li>Putztuch und Graukarte in einem<\/li>\n<\/ul>\n<\/li>\n<\/ul>\n<p>Genial &#8211; genau das Set was ich mitnehmen wollte! Dank dem Wochenende in Wetzlar bei den Leica Erlebnistagen und dem angenehmen Schnack mit der Mitarbeiterin von Herrn Koenig bin ich wieder mal auf die <a href=\"http:\/\/www.koenig-photobags.de\" target=\"_blank\">Koenig Bags<\/a> und meine eigene <a href=\"http:\/\/www.koenig-photobags.de\/litebag2\/\" target=\"_blank\">LiteBag 2<\/a> aufmerksam geworden die ich 2012 schon im Angelboot in Norwegen m\u00e4chtig nass gemacht hatte&#8230;.<\/p>\n<div class=\"brlbs-cmpnt-container brlbs-cmpnt-content-blocker brlbs-cmpnt-with-individual-styles\" data-borlabs-cookie-content-blocker-id=\"youtube-content-blocker\" data-borlabs-cookie-content=\"PGlmcmFtZSBzcmM9Ii8vd3d3LnlvdXR1YmUtbm9jb29raWUuY29tL2VtYmVkL2tselU3N3hNR2xjP3JlbD0wJmFtcDtzaG93aW5mbz0wIiB3aWR0aD0iNjQwIiBoZWlnaHQ9IjM2MCIgZnJhbWVib3JkZXI9IjAiIGFsbG93ZnVsbHNjcmVlbj0iYWxsb3dmdWxsc2NyZWVuIj48L2lmcmFtZT4=\">\n<div class=\"brlbs-cmpnt-cb-preset-c brlbs-cmpnt-cb-youtube\">\n<div class=\"brlbs-cmpnt-cb-thumbnail\" style=\"background-image: url('https:\/\/taschenfreak.de\/blog\/wp-content\/uploads\/borlabs-cookie\/1\/yt_klzU77xMGlc_hqdefault.jpg')\"><\/div>\n<div class=\"brlbs-cmpnt-cb-main\">\n<div class=\"brlbs-cmpnt-cb-play-button\"><\/div>\n<div class=\"brlbs-cmpnt-cb-content\">\n<p class=\"brlbs-cmpnt-cb-description\">Sie sehen gerade einen Platzhalterinhalt von <strong>YouTube<\/strong>. Um auf den eigentlichen Inhalt zuzugreifen, klicken Sie auf die Schaltfl\u00e4che unten. Bitte beachten Sie, dass dabei Daten an Drittanbieter weitergegeben werden.<\/p>\n<p> <a class=\"brlbs-cmpnt-cb-provider-toggle\" href=\"#\" data-borlabs-cookie-show-provider-information role=\"button\">Mehr Informationen<\/a> <\/div>\n<div class=\"brlbs-cmpnt-cb-buttons\"> <a class=\"brlbs-cmpnt-cb-btn\" href=\"#\" data-borlabs-cookie-unblock role=\"button\">Inhalt entsperren<\/a> <a class=\"brlbs-cmpnt-cb-btn\" href=\"#\" data-borlabs-cookie-accept-service role=\"button\" style=\"display: inherit\">Erforderlichen Service akzeptieren und Inhalte entsperren<\/a> <\/div>\n<\/p><\/div>\n<\/p><\/div>\n<\/div>\n<p>Sch\u00f6ne Gr\u00fc\u00dfe &#8211; Euer Taschenfreak &#8211; J\u00f6rg Langer<\/p>\n","protected":false},"excerpt":{"rendered":"<p>Made in Germany &#8211; mit diesem so einfachen Spruch sagt man ja so viel aus. Koenig Photobags produziert seine wasserfesten Taschen in Deutschland. Am verganenen Wochenende hatte ich bei den Leica Erlebnistagen Gelegenheit mal wieder die Koenig Taschen in die Hand zu nehmen. Dabei ist mir eingefallen das ich selbst auch eine Koenig LiteBag 2 im Schrank habe die ich seinerseits mit der Leica M Messucherkamera genutzt habe.<\/p>\n","protected":false},"author":3,"featured_media":0,"comment_status":"open","ping_status":"open","sticky":false,"template":"","format":"standard","meta":{"ngg_post_thumbnail":0,"_jetpack_memberships_contains_paid_content":false,"footnotes":"","_links_to":"","_links_to_target":""},"categories":[51,11,19],"tags":[20,861,117,862,271,1050,1091,284,1053],"class_list":["post-2492","post","type-post","status-publish","format-standard","hentry","category-packbespiel","category-schultertasche","category-wasserfest","tag-koenig","tag-koenig-photobags","tag-leica-m","tag-litebag-2","tag-made-in-germany","tag-schultertasche","tag-sony-a7r","tag-systemkamera-tasche","tag-wasserfest"],"jetpack_featured_media_url":"","jetpack_shortlink":"https:\/\/wp.me\/p4GMND-Ec","jetpack_sharing_enabled":true,"_links":{"self":[{"href":"https:\/\/taschenfreak.de\/blog\/wp-json\/wp\/v2\/posts\/2492","targetHints":{"allow":["GET"]}}],"collection":[{"href":"https:\/\/taschenfreak.de\/blog\/wp-json\/wp\/v2\/posts"}],"about":[{"href":"https:\/\/taschenfreak.de\/blog\/wp-json\/wp\/v2\/types\/post"}],"author":[{"embeddable":true,"href":"https:\/\/taschenfreak.de\/blog\/wp-json\/wp\/v2\/users\/3"}],"replies":[{"embeddable":true,"href":"https:\/\/taschenfreak.de\/blog\/wp-json\/wp\/v2\/comments?post=2492"}],"version-history":[{"count":0,"href":"https:\/\/taschenfreak.de\/blog\/wp-json\/wp\/v2\/posts\/2492\/revisions"}],"wp:attachment":[{"href":"https:\/\/taschenfreak.de\/blog\/wp-json\/wp\/v2\/media?parent=2492"}],"wp:term":[{"taxonomy":"category","embeddable":true,"href":"https:\/\/taschenfreak.de\/blog\/wp-json\/wp\/v2\/categories?post=2492"},{"taxonomy":"post_tag","embeddable":true,"href":"https:\/\/taschenfreak.de\/blog\/wp-json\/wp\/v2\/tags?post=2492"}],"curies":[{"name":"wp","href":"https:\/\/api.w.org\/{rel}","templated":true}]}}