{"id":2651,"date":"2014-12-27T13:06:29","date_gmt":"2014-12-27T12:06:29","guid":{"rendered":"http:\/\/taschenfreak.de\/blog\/?p=2651"},"modified":"2014-12-27T13:15:05","modified_gmt":"2014-12-27T12:15:05","slug":"die-lowepro-street-field-quick-flex-pouch-75-aw-von-christian","status":"publish","type":"post","link":"https:\/\/taschenfreak.de\/blog\/2014\/12\/27\/die-lowepro-street-field-quick-flex-pouch-75-aw-von-christian\/","title":{"rendered":"Die Lowepro Street &#038; Field Quick Flex Pouch 75 AW von Christian"},"content":{"rendered":"<p><a  href=\"https:\/\/taschenfreak.de\/blog\/wp-content\/uploads\/2014\/12\/LP_SuF_Quickflexpouch75aw_Christian_04.jpg\" data-rel=\"lightbox-gallery-1\" data-rl_title=\"\" data-rl_caption=\"\" title=\"\"><img loading=\"lazy\" decoding=\"async\" class=\"alignright wp-image-2655 size-thumbnail\" src=\"https:\/\/taschenfreak.de\/blog\/wp-content\/uploads\/2014\/12\/LP_SuF_Quickflexpouch75aw_Christian_04-150x150.jpg\" alt=\"Tasche mit eingestecktem Yongnuo 560III und 4 AA Akkus.\" width=\"150\" height=\"150\" srcset=\"https:\/\/taschenfreak.de\/blog\/wp-content\/uploads\/2014\/12\/LP_SuF_Quickflexpouch75aw_Christian_04-150x150.jpg 150w, https:\/\/taschenfreak.de\/blog\/wp-content\/uploads\/2014\/12\/LP_SuF_Quickflexpouch75aw_Christian_04-144x144.jpg 144w\" sizes=\"auto, (max-width: 150px) 100vw, 150px\" \/><\/a><\/p>\n<p><a href=\"http:\/\/www.christianbirzer.de\/\" target=\"_blank\">Christian Birzer<\/a> hat uns wieder einen Bericht geschickt der auch <a href=\"http:\/\/www.christianbirzer.de\/vorstellung-lowepro-street-field-quick-flex-pouch-75-aw\/\" target=\"_blank\">unter diesem Link <\/a>auf seiner eigenen Seite ver\u00f6ffentlicht hat. Danke Christian das wir diesen Bericht und die Fotos auch den Taschenfreak-Lesern zur Verf\u00fcgung stellen k\u00f6nnen. Christian schreibt:<\/p>\n<blockquote><p>\u00a0Hallo J\u00f6rg,<\/p>\n<p>Nachdem ich vor dem Fototaschenkauf generell den Taschenfreak zu Rate ziehe, m\u00f6chte ich jetzt auch mal wieder etwas beisteuern. Ich war auf der Suche nach einer Zusatztasche f\u00fcr meinen Lowepro Flipside 400 AW, mit der ich diverse Dinge aus dem Rucksack auslagern und au\u00dfen anh\u00e4ngen kann. Da ich dabei auch an den Blitz dachte, bestellte ich mir u.A. mal die Lowepro Street &amp; Field Quick Flex Pouch 75 AW.<\/p>\n<p>Der Namenszusatz &#8222;Flex&#8220; suggerierte mir entweder eine flexible Verwendung der Tasche oder ein flexibles \u00c4u\u00dferes. Ich dachte da an eine dehn- und biegsame Tasche in die man alle m\u00f6glichen Sachen reinstopfen kann. Leider ist dem nicht so. Die Quick Flex Pouch 75 AW ist eine massiv gepolsterte und recht starre Zusatztasche. Der Deckel ist mit zwei Rei\u00dfverschl\u00fcssen und zus\u00e4tzlich einem Druckknopf gesichert. Auch der Deckel ist so gefertigt, dass er einen recht starren Eindruck macht. Er \u00f6ffnet sich mit deutlichem Widerstand und springt beim Loslassen auch gleich wieder nach oben. Das ist einerseits gut, da dadurch nicht leicht etwas rausf\u00e4llt, es ist aber auch st\u00f6rend, wenn man vorher noch was aus der Tasche holen wollte und nur eine Hand frei hat.<\/p>\n<p>Die Form der Tasche ist ideal f\u00fcr ein Blitzger\u00e4t. Mein Yongnuo 560 III passt hier prima rein. Der Pentax 540 FGZ hat einen etwas dickeren Bauch und hier wirds schon enger. Aber es geht auch noch. Zus\u00e4tzlich zum Blitzger\u00e4t passen in die eingen\u00e4hte Innentasche noch 4 AA Akkus. Allerdings ist dieses &#8222;T\u00e4schchen&#8220; so eng gen\u00e4ht, dass die Akkus wirklich nur lose hineingehen. Ein zus\u00e4tzliches Plastiketui (so ein &#8222;Hardcover&#8220;) um die Akkus geht schon nicht mehr. Anderes Zubeh\u00f6r wie Blitzfu\u00df, Funkausl\u00f6ser, Synchronkabel etc. muss man anderswo unterbringen.<\/p>\n<p>Au\u00dfer der Verwendung f\u00fcr den Blitz ist mir aufgrund des starren Designs nichts eingefallen. Irgendwelche Kleinteile wie Akkus oder Fernbedienungen verlieren sich in der schmalen Tiefe der Tasche. F\u00fcr Filter etc. ist sie wiederum zu schmal.<\/p>\n<p>Der Doppelrei\u00dfverschluss der Tasche geht leider unter der Lasche des Druckknopfs hindurch. Dadurch ist diese Lasche eher st\u00f6rend. Ich k\u00f6nnte mir aber auch keine Situation ausdenken, in der nicht der Rei\u00dfverschluss alleine ausreichen w\u00fcrde. Den zus\u00e4tzlichen Druckknopf h\u00e4tte es meiner Meinung nach nicht unbedingt gebraucht.<\/p>\n<p>Positiv anzumerken ist, dass im Lieferumfang ein Tragegurt enthalten ist, der mittels zwei stabiler Metallkarabiner an der Taschenr\u00fcckseite befestigt werden kann. Damit kann man sie auch als Umh\u00e4ngetasche tragen. Die SlipLock-Befestigung ist nat\u00fcrlich auch vorhanden, so dass man die Quick Flex Pouch 75 AW auch an Rucks\u00e4cke mit entsprechender Schlaufe oder an Gurte aus dem Lowepro Street &amp; Field Sortiment befestigen kann.<\/p>\n<p>Wie der Namenszusatz &#8222;AW&#8220; andeutet, kann man selbstverst\u00e4ndlich aus dem Taschenr\u00fccken ein Regencover ziehen.<\/p>\n<p>Meine Vorstellungen hat die S&amp;F Quick Flex Pouch 75 AW leider nicht ganz getroffen und deshalb ging sie wieder zur\u00fcck. Wer allerdings eine Zusatztasche f\u00fcr ein Blitzger\u00e4t nebst Ersatzakkus braucht, der kann mit dieser Tasche eine sehr gute L\u00f6sung finden &#8211; wenn auch mit kleinen Abstrichen.<\/p>\n<p>\u00dcbrigens: An meinem Flipside h\u00e4ngt jetzt eine S&amp;F Utility Bag 100 AW \u00fcber die ich gerne demn\u00e4chst auch noch berichte.<\/p>\n<p>Sch\u00f6nen Gru\u00df und bis zur n\u00e4chsten Tasche \ud83d\ude09<br \/>\nChristian<\/p><\/blockquote>\n<div id='gallery-1' class='gallery galleryid-2651 gallery-columns-4 gallery-size-thumbnail'><figure class='gallery-item'>\n\t\t\t<div class='gallery-icon landscape'>\n\t\t\t\t<a href='https:\/\/taschenfreak.de\/blog\/wp-content\/uploads\/2014\/12\/LP_SuF_Quickflexpouch75aw_Christian_01.jpg' title=\"\" data-rl_title=\"\" class=\"rl-gallery-link\" data-rl_caption=\"\" data-rel=\"lightbox-gallery-1\"><img loading=\"lazy\" decoding=\"async\" width=\"150\" height=\"150\" src=\"https:\/\/taschenfreak.de\/blog\/wp-content\/uploads\/2014\/12\/LP_SuF_Quickflexpouch75aw_Christian_01-150x150.jpg\" class=\"attachment-thumbnail size-thumbnail\" alt=\"\" aria-describedby=\"gallery-1-2652\" srcset=\"https:\/\/taschenfreak.de\/blog\/wp-content\/uploads\/2014\/12\/LP_SuF_Quickflexpouch75aw_Christian_01-150x150.jpg 150w, https:\/\/taschenfreak.de\/blog\/wp-content\/uploads\/2014\/12\/LP_SuF_Quickflexpouch75aw_Christian_01-144x144.jpg 144w\" sizes=\"auto, (max-width: 150px) 100vw, 150px\" \/><\/a>\n\t\t\t<\/div>\n\t\t\t\t<figcaption class='wp-caption-text gallery-caption' id='gallery-1-2652'>\n\t\t\t\tDie SuF Quick Flex Pouch 75 AW. Als Zubeh\u00f6r wird ein Tragegurt mit stabilen Metallkarabinern mitgeliefert.\n\t\t\t\t<\/figcaption><\/figure><figure class='gallery-item'>\n\t\t\t<div class='gallery-icon landscape'>\n\t\t\t\t<a href='https:\/\/taschenfreak.de\/blog\/wp-content\/uploads\/2014\/12\/LP_SuF_Quickflexpouch75aw_Christian_02.jpg' title=\"\" data-rl_title=\"\" class=\"rl-gallery-link\" data-rl_caption=\"\" data-rel=\"lightbox-gallery-1\"><img loading=\"lazy\" decoding=\"async\" width=\"150\" height=\"150\" src=\"https:\/\/taschenfreak.de\/blog\/wp-content\/uploads\/2014\/12\/LP_SuF_Quickflexpouch75aw_Christian_02-150x150.jpg\" class=\"attachment-thumbnail size-thumbnail\" alt=\"\" aria-describedby=\"gallery-1-2653\" srcset=\"https:\/\/taschenfreak.de\/blog\/wp-content\/uploads\/2014\/12\/LP_SuF_Quickflexpouch75aw_Christian_02-150x150.jpg 150w, https:\/\/taschenfreak.de\/blog\/wp-content\/uploads\/2014\/12\/LP_SuF_Quickflexpouch75aw_Christian_02-144x144.jpg 144w\" sizes=\"auto, (max-width: 150px) 100vw, 150px\" \/><\/a>\n\t\t\t<\/div>\n\t\t\t\t<figcaption class='wp-caption-text gallery-caption' id='gallery-1-2653'>\n\t\t\t\tSlipLock-Lasche und Regencover an der R\u00fcckseite.\n\t\t\t\t<\/figcaption><\/figure><figure class='gallery-item'>\n\t\t\t<div class='gallery-icon landscape'>\n\t\t\t\t<a href='https:\/\/taschenfreak.de\/blog\/wp-content\/uploads\/2014\/12\/LP_SuF_Quickflexpouch75aw_Christian_03.jpg' title=\"\" data-rl_title=\"\" class=\"rl-gallery-link\" data-rl_caption=\"\" data-rel=\"lightbox-gallery-1\"><img loading=\"lazy\" decoding=\"async\" width=\"150\" height=\"150\" src=\"https:\/\/taschenfreak.de\/blog\/wp-content\/uploads\/2014\/12\/LP_SuF_Quickflexpouch75aw_Christian_03-150x150.jpg\" class=\"attachment-thumbnail size-thumbnail\" alt=\"\" aria-describedby=\"gallery-1-2654\" srcset=\"https:\/\/taschenfreak.de\/blog\/wp-content\/uploads\/2014\/12\/LP_SuF_Quickflexpouch75aw_Christian_03-150x150.jpg 150w, https:\/\/taschenfreak.de\/blog\/wp-content\/uploads\/2014\/12\/LP_SuF_Quickflexpouch75aw_Christian_03-144x144.jpg 144w\" sizes=\"auto, (max-width: 150px) 100vw, 150px\" \/><\/a>\n\t\t\t<\/div>\n\t\t\t\t<figcaption class='wp-caption-text gallery-caption' id='gallery-1-2654'>\n\t\t\t\tDer Deckel ist oben zus\u00e4tzlich mit einem Druckknopf gesichert..\n\t\t\t\t<\/figcaption><\/figure><figure class='gallery-item'>\n\t\t\t<div class='gallery-icon landscape'>\n\t\t\t\t<a href='https:\/\/taschenfreak.de\/blog\/wp-content\/uploads\/2014\/12\/LP_SuF_Quickflexpouch75aw_Christian_04.jpg' title=\"\" data-rl_title=\"\" class=\"rl-gallery-link\" data-rl_caption=\"\" data-rel=\"lightbox-gallery-1\"><img loading=\"lazy\" decoding=\"async\" width=\"150\" height=\"150\" src=\"https:\/\/taschenfreak.de\/blog\/wp-content\/uploads\/2014\/12\/LP_SuF_Quickflexpouch75aw_Christian_04-150x150.jpg\" class=\"attachment-thumbnail size-thumbnail\" alt=\"\" aria-describedby=\"gallery-1-2655\" srcset=\"https:\/\/taschenfreak.de\/blog\/wp-content\/uploads\/2014\/12\/LP_SuF_Quickflexpouch75aw_Christian_04-150x150.jpg 150w, https:\/\/taschenfreak.de\/blog\/wp-content\/uploads\/2014\/12\/LP_SuF_Quickflexpouch75aw_Christian_04-144x144.jpg 144w\" sizes=\"auto, (max-width: 150px) 100vw, 150px\" \/><\/a>\n\t\t\t<\/div>\n\t\t\t\t<figcaption class='wp-caption-text gallery-caption' id='gallery-1-2655'>\n\t\t\t\tTasche mit eingestecktem Yongnuo 560III und 4 AA Akkus.\n\t\t\t\t<\/figcaption><\/figure><figure class='gallery-item'>\n\t\t\t<div class='gallery-icon landscape'>\n\t\t\t\t<a href='https:\/\/taschenfreak.de\/blog\/wp-content\/uploads\/2014\/12\/LP_SuF_Quickflexpouch75aw_Christian_05.jpg' title=\"\" data-rl_title=\"\" class=\"rl-gallery-link\" data-rl_caption=\"\" data-rel=\"lightbox-gallery-1\"><img loading=\"lazy\" decoding=\"async\" width=\"150\" height=\"150\" src=\"https:\/\/taschenfreak.de\/blog\/wp-content\/uploads\/2014\/12\/LP_SuF_Quickflexpouch75aw_Christian_05-150x150.jpg\" class=\"attachment-thumbnail size-thumbnail\" alt=\"\" aria-describedby=\"gallery-1-2656\" srcset=\"https:\/\/taschenfreak.de\/blog\/wp-content\/uploads\/2014\/12\/LP_SuF_Quickflexpouch75aw_Christian_05-150x150.jpg 150w, https:\/\/taschenfreak.de\/blog\/wp-content\/uploads\/2014\/12\/LP_SuF_Quickflexpouch75aw_Christian_05-144x144.jpg 144w\" sizes=\"auto, (max-width: 150px) 100vw, 150px\" \/><\/a>\n\t\t\t<\/div>\n\t\t\t\t<figcaption class='wp-caption-text gallery-caption' id='gallery-1-2656'>\n\t\t\t\tGr\u00f6\u00dfenvergleich mit dem Yongnuo 560III.\n\t\t\t\t<\/figcaption><\/figure><figure class='gallery-item'>\n\t\t\t<div class='gallery-icon landscape'>\n\t\t\t\t<a href='https:\/\/taschenfreak.de\/blog\/wp-content\/uploads\/2014\/12\/LP_SuF_Quickflexpouch75aw_Christian_06.jpg' title=\"\" data-rl_title=\"\" class=\"rl-gallery-link\" data-rl_caption=\"\" data-rel=\"lightbox-gallery-1\"><img loading=\"lazy\" decoding=\"async\" width=\"150\" height=\"150\" src=\"https:\/\/taschenfreak.de\/blog\/wp-content\/uploads\/2014\/12\/LP_SuF_Quickflexpouch75aw_Christian_06-150x150.jpg\" class=\"attachment-thumbnail size-thumbnail\" alt=\"\" aria-describedby=\"gallery-1-2657\" srcset=\"https:\/\/taschenfreak.de\/blog\/wp-content\/uploads\/2014\/12\/LP_SuF_Quickflexpouch75aw_Christian_06-150x150.jpg 150w, https:\/\/taschenfreak.de\/blog\/wp-content\/uploads\/2014\/12\/LP_SuF_Quickflexpouch75aw_Christian_06-144x144.jpg 144w\" sizes=\"auto, (max-width: 150px) 100vw, 150px\" \/><\/a>\n\t\t\t<\/div>\n\t\t\t\t<figcaption class='wp-caption-text gallery-caption' id='gallery-1-2657'>\n\t\t\t\tMit dem Pentax 540FGZ wirds schon eng.\n\t\t\t\t<\/figcaption><\/figure><figure class='gallery-item'>\n\t\t\t<div class='gallery-icon landscape'>\n\t\t\t\t<a href='https:\/\/taschenfreak.de\/blog\/wp-content\/uploads\/2014\/12\/LP_SuF_Quickflexpouch75aw_Christian_07.jpg' title=\"\" data-rl_title=\"\" class=\"rl-gallery-link\" data-rl_caption=\"\" data-rel=\"lightbox-gallery-1\"><img loading=\"lazy\" decoding=\"async\" width=\"150\" height=\"150\" src=\"https:\/\/taschenfreak.de\/blog\/wp-content\/uploads\/2014\/12\/LP_SuF_Quickflexpouch75aw_Christian_07-150x150.jpg\" class=\"attachment-thumbnail size-thumbnail\" alt=\"\" aria-describedby=\"gallery-1-2658\" srcset=\"https:\/\/taschenfreak.de\/blog\/wp-content\/uploads\/2014\/12\/LP_SuF_Quickflexpouch75aw_Christian_07-150x150.jpg 150w, https:\/\/taschenfreak.de\/blog\/wp-content\/uploads\/2014\/12\/LP_SuF_Quickflexpouch75aw_Christian_07-144x144.jpg 144w\" sizes=\"auto, (max-width: 150px) 100vw, 150px\" \/><\/a>\n\t\t\t<\/div>\n\t\t\t\t<figcaption class='wp-caption-text gallery-caption' id='gallery-1-2658'>\n\t\t\t\tDie S&#038;F Quick Flex Pouch 75 AW mit aufgesetztem Regencover.\n\t\t\t\t<\/figcaption><\/figure><figure class='gallery-item'>\n\t\t\t<div class='gallery-icon landscape'>\n\t\t\t\t<a href='https:\/\/taschenfreak.de\/blog\/wp-content\/uploads\/2014\/12\/LP_SuF_Quickflexpouch75aw_Christian_08.jpg' title=\"\" data-rl_title=\"\" class=\"rl-gallery-link\" data-rl_caption=\"\" data-rel=\"lightbox-gallery-1\"><img loading=\"lazy\" decoding=\"async\" width=\"150\" height=\"150\" src=\"https:\/\/taschenfreak.de\/blog\/wp-content\/uploads\/2014\/12\/LP_SuF_Quickflexpouch75aw_Christian_08-150x150.jpg\" class=\"attachment-thumbnail size-thumbnail\" alt=\"\" aria-describedby=\"gallery-1-2659\" srcset=\"https:\/\/taschenfreak.de\/blog\/wp-content\/uploads\/2014\/12\/LP_SuF_Quickflexpouch75aw_Christian_08-150x150.jpg 150w, https:\/\/taschenfreak.de\/blog\/wp-content\/uploads\/2014\/12\/LP_SuF_Quickflexpouch75aw_Christian_08-144x144.jpg 144w\" sizes=\"auto, (max-width: 150px) 100vw, 150px\" \/><\/a>\n\t\t\t<\/div>\n\t\t\t\t<figcaption class='wp-caption-text gallery-caption' id='gallery-1-2659'>\n\t\t\t\tDie S&#038;F Quick Flex Pouch 75 AW mit aufgesetztem Regencover von hinten.\n\t\t\t\t<\/figcaption><\/figure>\n\t\t<\/div>\n\n<p>Vielen Dank lieber Christian und weiterhin viel Spa\u00df und immer das richtige Licht.<\/p>\n<p>Sch\u00f6ne Gr\u00fc\u00dfe &#8211; Euer Taschenfreak &#8211; J\u00f6rg Langer<\/p>\n","protected":false},"excerpt":{"rendered":"<p>Christian Birzer hat uns wieder einen Bericht geschickt der auch unter diesem Link auf seiner eigenen Seite ver\u00f6ffentlicht hat. Danke Christian das wir diesen Bericht und die Fotos auch den Taschenfreak-Lesern zur Verf\u00fcgung stellen k\u00f6nnen. Christian schrei<\/p>\n","protected":false},"author":3,"featured_media":0,"comment_status":"open","ping_status":"open","sticky":false,"template":"","format":"standard","meta":{"ngg_post_thumbnail":0,"_jetpack_memberships_contains_paid_content":false,"footnotes":"","_links_to":"","_links_to_target":""},"categories":[51,139,52],"tags":[218,1054,890,889,892,891,1056],"class_list":["post-2651","post","type-post","status-publish","format-standard","hentry","category-packbespiel","category-taschensysteme","category-zubehortasche","tag-blitztasche","tag-lowepro","tag-quick-flex-pouch-75-aw","tag-sf-quick-flex-pouch-75-aw","tag-street-field","tag-zubehoer","tag-zubehortasche"],"jetpack_featured_media_url":"","jetpack_shortlink":"https:\/\/wp.me\/p4GMND-GL","jetpack_sharing_enabled":true,"_links":{"self":[{"href":"https:\/\/taschenfreak.de\/blog\/wp-json\/wp\/v2\/posts\/2651","targetHints":{"allow":["GET"]}}],"collection":[{"href":"https:\/\/taschenfreak.de\/blog\/wp-json\/wp\/v2\/posts"}],"about":[{"href":"https:\/\/taschenfreak.de\/blog\/wp-json\/wp\/v2\/types\/post"}],"author":[{"embeddable":true,"href":"https:\/\/taschenfreak.de\/blog\/wp-json\/wp\/v2\/users\/3"}],"replies":[{"embeddable":true,"href":"https:\/\/taschenfreak.de\/blog\/wp-json\/wp\/v2\/comments?post=2651"}],"version-history":[{"count":0,"href":"https:\/\/taschenfreak.de\/blog\/wp-json\/wp\/v2\/posts\/2651\/revisions"}],"wp:attachment":[{"href":"https:\/\/taschenfreak.de\/blog\/wp-json\/wp\/v2\/media?parent=2651"}],"wp:term":[{"taxonomy":"category","embeddable":true,"href":"https:\/\/taschenfreak.de\/blog\/wp-json\/wp\/v2\/categories?post=2651"},{"taxonomy":"post_tag","embeddable":true,"href":"https:\/\/taschenfreak.de\/blog\/wp-json\/wp\/v2\/tags?post=2651"}],"curies":[{"name":"wp","href":"https:\/\/api.w.org\/{rel}","templated":true}]}}