{"id":2825,"date":"2015-02-20T17:27:30","date_gmt":"2015-02-20T16:27:30","guid":{"rendered":"http:\/\/taschenfreak.de\/blog\/?p=2825"},"modified":"2015-02-20T17:27:30","modified_gmt":"2015-02-20T16:27:30","slug":"manfrotto-bella-iv","status":"publish","type":"post","link":"https:\/\/taschenfreak.de\/blog\/2015\/02\/20\/manfrotto-bella-iv\/","title":{"rendered":"Manfrotto Bella IV"},"content":{"rendered":"<p><img loading=\"lazy\" decoding=\"async\" class=\"alignright size-thumbnail wp-image-2826\" src=\"https:\/\/taschenfreak.de\/blog\/wp-content\/uploads\/2015\/02\/Manfrotto_Bella_IV_Thomas_Aigner_02-150x150.jpg\" alt=\"Manfrotto_Bella_IV_Thomas_Aigner_02\" width=\"150\" height=\"150\" srcset=\"https:\/\/taschenfreak.de\/blog\/wp-content\/uploads\/2015\/02\/Manfrotto_Bella_IV_Thomas_Aigner_02-150x150.jpg 150w, https:\/\/taschenfreak.de\/blog\/wp-content\/uploads\/2015\/02\/Manfrotto_Bella_IV_Thomas_Aigner_02-144x144.jpg 144w\" sizes=\"auto, (max-width: 150px) 100vw, 150px\" \/>Vor einigen Tagen erreichte uns per Mail die Rezension und der Bericht mit ein paar Fotos von\u00a0Thomas Aigner zu seiner <strong>Manfrotto Bella IV<\/strong> Schultertasche die wir Euch heute hier gerne zeigen m\u00f6chten. Thomas schreibt dazu in seiner netten und ausf\u00fchrlichen Mail an das Taschenfreak-Team:<\/p>\n<blockquote><p>Ich war auf der Suche nach einer Tasche f\u00fcr meine neue Samsung NX300m. Die Anforderung war, die Kamera inkl. angesetztem Kit-Objektiv (18-55mm), den kleinen Aufsteckblitz sowie in weiterer Folge ein zus\u00e4tzliches Tele-Objektiv (voraussichtl. das 50-200mm) unterbringen zu k\u00f6nnen.<\/p>\n<p>In die Manfrotto Bella IV bringe ich die Kamera mit Objektiv sogar mit aufgesetzter GELI locker rein. Auf den Bildern ist ersichtlich, wie ich die beiden mitgelieferten Trennteile eingesetzt habe. Im Fach, welches durch das knickbare Trennteil entstanden ist habe ich noch die Objektivdeckel, den Aufsteckblitz sowie das Netzteil und das Ladekabel untergebracht. Das andere entstandene Abteil bietet Platz f\u00fcr 2 liegende Objektive, welche max. die Gr\u00f6\u00dfe meines Kit-Objektives haben k\u00f6nnen oder stehend f\u00fcr das von mir gew\u00fcnschte Tele-Objektiv. Bis zur Anschaffung des Tele-Objektives lagert hier meine wasserdichte FUJI XP50.<br \/>\nIm vorderen Fach ist noch Platz f\u00fcr SD-Karten, ein Microfasertuch und einen Lenspen.<\/p>\n<p>Generell macht die Tasche einen sehr stabilen Eindruck, die Seitenteile und der Boden sind dick gepolstert. Neben dem Klick-Verschluss kann die Tasche noch zus\u00e4tzlich durch den Rei\u00dfverschluss unter dem Deckel verschlossen werden. Inwiefern die Tasche wasserfest oder zumindest wasserabweisend ist habe ich nicht getestet. Ein kleines Manko ist, dass die Tasche keine &#8218;F\u00fc\u00dfe&#8216; am Boden hat und somit komplett am Boden steht.<\/p>\n<p>Der Tragegurt l\u00e4sst sich auch f\u00fcr M\u00e4nner \u00fcber 1,80 gut einstellen. Zum Tragekomfort \u00fcber l\u00e4ngere Zeit\/Strecken kann ich vorerst noch nichts sagen.<\/p>\n<p>Alles in allem glaube ich, in der Manfrotto Bella IV die f\u00fcr mich perfekte Kameratasche zu einem sehr leistbaren Preis gefunden zu haben.<\/p>\n<div id='gallery-1' class='gallery galleryid-2825 gallery-columns-4 gallery-size-thumbnail'><figure class='gallery-item'>\n\t\t\t<div class='gallery-icon landscape'>\n\t\t\t\t<a href='https:\/\/taschenfreak.de\/blog\/wp-content\/uploads\/2015\/02\/Manfrotto_Bella_IV_Thomas_Aigner_02.jpg' title=\"\" data-rl_title=\"\" class=\"rl-gallery-link\" data-rl_caption=\"\" data-rel=\"lightbox-gallery-1\"><img loading=\"lazy\" decoding=\"async\" width=\"150\" height=\"150\" src=\"https:\/\/taschenfreak.de\/blog\/wp-content\/uploads\/2015\/02\/Manfrotto_Bella_IV_Thomas_Aigner_02-150x150.jpg\" class=\"attachment-thumbnail size-thumbnail\" alt=\"\" srcset=\"https:\/\/taschenfreak.de\/blog\/wp-content\/uploads\/2015\/02\/Manfrotto_Bella_IV_Thomas_Aigner_02-150x150.jpg 150w, https:\/\/taschenfreak.de\/blog\/wp-content\/uploads\/2015\/02\/Manfrotto_Bella_IV_Thomas_Aigner_02-144x144.jpg 144w\" sizes=\"auto, (max-width: 150px) 100vw, 150px\" \/><\/a>\n\t\t\t<\/div><\/figure><figure class='gallery-item'>\n\t\t\t<div class='gallery-icon landscape'>\n\t\t\t\t<a href='https:\/\/taschenfreak.de\/blog\/wp-content\/uploads\/2015\/02\/Manfrotto_Bella_IV_Thomas_Aigner_03.jpg' title=\"\" data-rl_title=\"\" class=\"rl-gallery-link\" data-rl_caption=\"\" data-rel=\"lightbox-gallery-1\"><img loading=\"lazy\" decoding=\"async\" width=\"150\" height=\"150\" src=\"https:\/\/taschenfreak.de\/blog\/wp-content\/uploads\/2015\/02\/Manfrotto_Bella_IV_Thomas_Aigner_03-150x150.jpg\" class=\"attachment-thumbnail size-thumbnail\" alt=\"\" srcset=\"https:\/\/taschenfreak.de\/blog\/wp-content\/uploads\/2015\/02\/Manfrotto_Bella_IV_Thomas_Aigner_03-150x150.jpg 150w, https:\/\/taschenfreak.de\/blog\/wp-content\/uploads\/2015\/02\/Manfrotto_Bella_IV_Thomas_Aigner_03-144x144.jpg 144w\" sizes=\"auto, (max-width: 150px) 100vw, 150px\" \/><\/a>\n\t\t\t<\/div><\/figure><figure class='gallery-item'>\n\t\t\t<div class='gallery-icon landscape'>\n\t\t\t\t<a href='https:\/\/taschenfreak.de\/blog\/wp-content\/uploads\/2015\/02\/Manfrotto_Bella_IV_Thomas_Aigner_04.jpg' title=\"\" data-rl_title=\"\" class=\"rl-gallery-link\" data-rl_caption=\"\" data-rel=\"lightbox-gallery-1\"><img loading=\"lazy\" decoding=\"async\" width=\"150\" height=\"150\" src=\"https:\/\/taschenfreak.de\/blog\/wp-content\/uploads\/2015\/02\/Manfrotto_Bella_IV_Thomas_Aigner_04-150x150.jpg\" class=\"attachment-thumbnail size-thumbnail\" alt=\"\" srcset=\"https:\/\/taschenfreak.de\/blog\/wp-content\/uploads\/2015\/02\/Manfrotto_Bella_IV_Thomas_Aigner_04-150x150.jpg 150w, https:\/\/taschenfreak.de\/blog\/wp-content\/uploads\/2015\/02\/Manfrotto_Bella_IV_Thomas_Aigner_04-144x144.jpg 144w\" sizes=\"auto, (max-width: 150px) 100vw, 150px\" \/><\/a>\n\t\t\t<\/div><\/figure><figure class='gallery-item'>\n\t\t\t<div class='gallery-icon landscape'>\n\t\t\t\t<a href='https:\/\/taschenfreak.de\/blog\/wp-content\/uploads\/2015\/02\/Manfrotto_Bella_IV_Thomas_Aigner_05.jpg' title=\"\" data-rl_title=\"\" class=\"rl-gallery-link\" data-rl_caption=\"\" data-rel=\"lightbox-gallery-1\"><img loading=\"lazy\" decoding=\"async\" width=\"150\" height=\"150\" src=\"https:\/\/taschenfreak.de\/blog\/wp-content\/uploads\/2015\/02\/Manfrotto_Bella_IV_Thomas_Aigner_05-150x150.jpg\" class=\"attachment-thumbnail size-thumbnail\" alt=\"\" srcset=\"https:\/\/taschenfreak.de\/blog\/wp-content\/uploads\/2015\/02\/Manfrotto_Bella_IV_Thomas_Aigner_05-150x150.jpg 150w, https:\/\/taschenfreak.de\/blog\/wp-content\/uploads\/2015\/02\/Manfrotto_Bella_IV_Thomas_Aigner_05-144x144.jpg 144w\" sizes=\"auto, (max-width: 150px) 100vw, 150px\" \/><\/a>\n\t\t\t<\/div><\/figure><figure class='gallery-item'>\n\t\t\t<div class='gallery-icon landscape'>\n\t\t\t\t<a href='https:\/\/taschenfreak.de\/blog\/wp-content\/uploads\/2015\/02\/Manfrotto_Bella_IV_Thomas_Aigner_06.jpg' title=\"\" data-rl_title=\"\" class=\"rl-gallery-link\" data-rl_caption=\"\" data-rel=\"lightbox-gallery-1\"><img loading=\"lazy\" decoding=\"async\" width=\"150\" height=\"150\" src=\"https:\/\/taschenfreak.de\/blog\/wp-content\/uploads\/2015\/02\/Manfrotto_Bella_IV_Thomas_Aigner_06-150x150.jpg\" class=\"attachment-thumbnail size-thumbnail\" alt=\"\" srcset=\"https:\/\/taschenfreak.de\/blog\/wp-content\/uploads\/2015\/02\/Manfrotto_Bella_IV_Thomas_Aigner_06-150x150.jpg 150w, https:\/\/taschenfreak.de\/blog\/wp-content\/uploads\/2015\/02\/Manfrotto_Bella_IV_Thomas_Aigner_06-144x144.jpg 144w\" sizes=\"auto, (max-width: 150px) 100vw, 150px\" \/><\/a>\n\t\t\t<\/div><\/figure><figure class='gallery-item'>\n\t\t\t<div class='gallery-icon landscape'>\n\t\t\t\t<a href='https:\/\/taschenfreak.de\/blog\/wp-content\/uploads\/2015\/02\/Manfrotto_Bella_IV_Thomas_Aigner_07.jpg' title=\"\" data-rl_title=\"\" class=\"rl-gallery-link\" data-rl_caption=\"\" data-rel=\"lightbox-gallery-1\"><img loading=\"lazy\" decoding=\"async\" width=\"150\" height=\"150\" src=\"https:\/\/taschenfreak.de\/blog\/wp-content\/uploads\/2015\/02\/Manfrotto_Bella_IV_Thomas_Aigner_07-150x150.jpg\" class=\"attachment-thumbnail size-thumbnail\" alt=\"\" srcset=\"https:\/\/taschenfreak.de\/blog\/wp-content\/uploads\/2015\/02\/Manfrotto_Bella_IV_Thomas_Aigner_07-150x150.jpg 150w, https:\/\/taschenfreak.de\/blog\/wp-content\/uploads\/2015\/02\/Manfrotto_Bella_IV_Thomas_Aigner_07-144x144.jpg 144w\" sizes=\"auto, (max-width: 150px) 100vw, 150px\" \/><\/a>\n\t\t\t<\/div><\/figure><figure class='gallery-item'>\n\t\t\t<div class='gallery-icon landscape'>\n\t\t\t\t<a href='https:\/\/taschenfreak.de\/blog\/wp-content\/uploads\/2015\/02\/Manfrotto_Bella_IV_Thomas_Aigner_01.jpg' title=\"\" data-rl_title=\"\" class=\"rl-gallery-link\" data-rl_caption=\"\" data-rel=\"lightbox-gallery-1\"><img loading=\"lazy\" decoding=\"async\" width=\"150\" height=\"150\" src=\"https:\/\/taschenfreak.de\/blog\/wp-content\/uploads\/2015\/02\/Manfrotto_Bella_IV_Thomas_Aigner_01-150x150.jpg\" class=\"attachment-thumbnail size-thumbnail\" alt=\"\" srcset=\"https:\/\/taschenfreak.de\/blog\/wp-content\/uploads\/2015\/02\/Manfrotto_Bella_IV_Thomas_Aigner_01-150x150.jpg 150w, https:\/\/taschenfreak.de\/blog\/wp-content\/uploads\/2015\/02\/Manfrotto_Bella_IV_Thomas_Aigner_01-144x144.jpg 144w\" sizes=\"auto, (max-width: 150px) 100vw, 150px\" \/><\/a>\n\t\t\t<\/div><\/figure>\n\t\t<\/div>\n<\/blockquote>\n<p>Schaut gut und zugleich zweckm\u00e4\u00dfig aus.<\/p>\n<p>Vielen Dank f\u00fcr Deinen ausf\u00fchrlichen Bericht.<\/p>\n<p>Sch\u00f6ne Gr\u00fc\u00dfe &#8211; Euer Taschenfreak &#8211; J\u00f6rg Langer<\/p>\n","protected":false},"excerpt":{"rendered":"<p>Vor einigen Tagen erreichte uns per Mail die Rezension und der Bericht mit ein paar Fotos von Thomas Aigner zu seiner Manfrotto Bella IV Schultertasche die wir Euch heute hier gerne zeigen m\u00f6chten. Thomas schreibt dazu in seiner netten und ausf\u00fchrlichen Mail an das Taschenfreak-Team:&#8230;<\/p>\n","protected":false},"author":3,"featured_media":0,"comment_status":"open","ping_status":"open","sticky":false,"template":"","format":"standard","meta":{"ngg_post_thumbnail":0,"_jetpack_memberships_contains_paid_content":false,"footnotes":"","_links_to":"","_links_to_target":""},"categories":[51,11],"tags":[934,933,1092,935,936,1050,195],"class_list":["post-2825","post","type-post","status-publish","format-standard","hentry","category-packbespiel","category-schultertasche","tag-bella-4","tag-bella-iv","tag-manfrotto","tag-manfrotto-bella-iv","tag-rezension","tag-schultertasche","tag-schwarz"],"jetpack_featured_media_url":"","jetpack_shortlink":"https:\/\/wp.me\/p4GMND-Jz","jetpack_sharing_enabled":true,"_links":{"self":[{"href":"https:\/\/taschenfreak.de\/blog\/wp-json\/wp\/v2\/posts\/2825","targetHints":{"allow":["GET"]}}],"collection":[{"href":"https:\/\/taschenfreak.de\/blog\/wp-json\/wp\/v2\/posts"}],"about":[{"href":"https:\/\/taschenfreak.de\/blog\/wp-json\/wp\/v2\/types\/post"}],"author":[{"embeddable":true,"href":"https:\/\/taschenfreak.de\/blog\/wp-json\/wp\/v2\/users\/3"}],"replies":[{"embeddable":true,"href":"https:\/\/taschenfreak.de\/blog\/wp-json\/wp\/v2\/comments?post=2825"}],"version-history":[{"count":0,"href":"https:\/\/taschenfreak.de\/blog\/wp-json\/wp\/v2\/posts\/2825\/revisions"}],"wp:attachment":[{"href":"https:\/\/taschenfreak.de\/blog\/wp-json\/wp\/v2\/media?parent=2825"}],"wp:term":[{"taxonomy":"category","embeddable":true,"href":"https:\/\/taschenfreak.de\/blog\/wp-json\/wp\/v2\/categories?post=2825"},{"taxonomy":"post_tag","embeddable":true,"href":"https:\/\/taschenfreak.de\/blog\/wp-json\/wp\/v2\/tags?post=2825"}],"curies":[{"name":"wp","href":"https:\/\/api.w.org\/{rel}","templated":true}]}}