{"id":2836,"date":"2015-02-20T18:44:55","date_gmt":"2015-02-20T17:44:55","guid":{"rendered":"http:\/\/taschenfreak.de\/blog\/?p=2836"},"modified":"2015-02-20T18:44:55","modified_gmt":"2015-02-20T17:44:55","slug":"f-stop-tilopa-bc-pro-icu-xl-mit-einem-500er-tele","status":"publish","type":"post","link":"https:\/\/taschenfreak.de\/blog\/2015\/02\/20\/f-stop-tilopa-bc-pro-icu-xl-mit-einem-500er-tele\/","title":{"rendered":"F-Stop  Tilopa BC \/ Pro ICU XL mit einem 500er Tele!"},"content":{"rendered":"<p><a  href=\"https:\/\/taschenfreak.de\/blog\/wp-content\/uploads\/2015\/02\/F_Stop_Tilopa_BC_Pro_ICU_XL_Ben_01.jpg\" data-rel=\"lightbox-gallery-0\" data-rl_title=\"\" data-rl_caption=\"\" title=\"\"><img loading=\"lazy\" decoding=\"async\" class=\"alignnone size-full wp-image-2837\" src=\"https:\/\/taschenfreak.de\/blog\/wp-content\/uploads\/2015\/02\/F_Stop_Tilopa_BC_Pro_ICU_XL_Ben_01.jpg\" alt=\"F_Stop_Tilopa_BC_Pro_ICU_XL_Ben_01\" width=\"1200\" height=\"900\" srcset=\"https:\/\/taschenfreak.de\/blog\/wp-content\/uploads\/2015\/02\/F_Stop_Tilopa_BC_Pro_ICU_XL_Ben_01.jpg 1200w, https:\/\/taschenfreak.de\/blog\/wp-content\/uploads\/2015\/02\/F_Stop_Tilopa_BC_Pro_ICU_XL_Ben_01-300x225.jpg 300w, https:\/\/taschenfreak.de\/blog\/wp-content\/uploads\/2015\/02\/F_Stop_Tilopa_BC_Pro_ICU_XL_Ben_01-1024x768.jpg 1024w, https:\/\/taschenfreak.de\/blog\/wp-content\/uploads\/2015\/02\/F_Stop_Tilopa_BC_Pro_ICU_XL_Ben_01-900x675.jpg 900w\" sizes=\"auto, (max-width: 1200px) 100vw, 1200px\" \/><\/a><\/p>\n<p>Vor ein paar Tagen haben wir von Ben ein Bild und einen kurzen Text zu seinem\u00a0<strong>F-Stop\u00a0 Tilopa BC \/ Pro ICU XL<\/strong>\u00a0bekommen das wir Euch hier gerne zeigen m\u00f6chten:<\/p>\n<blockquote><p>Hallo zusammen,<\/p>\n<p>anbei m\u00f6chte ich kurz zeigen, dass auch Supertele f\u00fcr F-Stop kein Problem darstellen. Ich habe im Tilopa BC \/ Pro ICU XL ein Canon 500mm f\/4 IS mit angesetzter 7D Mark II, dazu einen zweiten Body (6D), das 16-35mm f\/4, das 24-105mm f\/4, das 100mm f\/2,8 Marco und ein wenig Kleinkram. Ganz ohne Quetschen. \ud83d\ude09<\/p>\n<p>Viele Gr\u00fc\u00dfe<br \/>\nBen<\/p><\/blockquote>\n<p>Die F-Stop werden immer beliebter und schauen wirklich &#8222;Praxis-geeignet&#8220; aus. Wenn irh auch einen F-Stop nutzt, schickt und doch mal ein paar Bilder zu die wir den anderen Taschen-suchenden hier zeigen k\u00f6nnen.<\/p>\n<p>Sch\u00f6ne Gr\u00fc\u00dfe &#8211; Euer Taschenfreak &#8211; J\u00f6rg Langer<\/p>\n","protected":false},"excerpt":{"rendered":"<p>Vor ein paar Tagen haben wir von Ben ein Bild und einen kurzen Text zu seinem F-Stop  Tilopa BC \/ Pro ICU XL bekommen das wir Euch hier gerne zeigen m\u00f6chten:&#8230;.<\/p>\n","protected":false},"author":3,"featured_media":0,"comment_status":"open","ping_status":"open","sticky":false,"template":"","format":"standard","meta":{"ngg_post_thumbnail":0,"_jetpack_memberships_contains_paid_content":false,"footnotes":"","_links_to":"","_links_to_target":""},"categories":[51,3],"tags":[940,939,103,48,937,1047,938,104],"class_list":["post-2836","post","type-post","status-publish","format-standard","hentry","category-packbespiel","category-rucksack","tag-500er","tag-canon-500mm-f4-is","tag-f-stop","tag-packbeispiel","tag-pro-icu-xl","tag-rucksack","tag-supertele","tag-tilopa-bc"],"jetpack_featured_media_url":"","jetpack_shortlink":"https:\/\/wp.me\/p4GMND-JK","jetpack_sharing_enabled":true,"_links":{"self":[{"href":"https:\/\/taschenfreak.de\/blog\/wp-json\/wp\/v2\/posts\/2836","targetHints":{"allow":["GET"]}}],"collection":[{"href":"https:\/\/taschenfreak.de\/blog\/wp-json\/wp\/v2\/posts"}],"about":[{"href":"https:\/\/taschenfreak.de\/blog\/wp-json\/wp\/v2\/types\/post"}],"author":[{"embeddable":true,"href":"https:\/\/taschenfreak.de\/blog\/wp-json\/wp\/v2\/users\/3"}],"replies":[{"embeddable":true,"href":"https:\/\/taschenfreak.de\/blog\/wp-json\/wp\/v2\/comments?post=2836"}],"version-history":[{"count":0,"href":"https:\/\/taschenfreak.de\/blog\/wp-json\/wp\/v2\/posts\/2836\/revisions"}],"wp:attachment":[{"href":"https:\/\/taschenfreak.de\/blog\/wp-json\/wp\/v2\/media?parent=2836"}],"wp:term":[{"taxonomy":"category","embeddable":true,"href":"https:\/\/taschenfreak.de\/blog\/wp-json\/wp\/v2\/categories?post=2836"},{"taxonomy":"post_tag","embeddable":true,"href":"https:\/\/taschenfreak.de\/blog\/wp-json\/wp\/v2\/tags?post=2836"}],"curies":[{"name":"wp","href":"https:\/\/api.w.org\/{rel}","templated":true}]}}