{"id":3076,"date":"2015-04-21T18:37:14","date_gmt":"2015-04-21T16:37:14","guid":{"rendered":"http:\/\/taschenfreak.de\/blog\/?p=3076"},"modified":"2015-04-22T10:51:36","modified_gmt":"2015-04-22T08:51:36","slug":"fototasche-auf-dem-fahrrad-was-kleines-fuer-den-lenker","status":"publish","type":"post","link":"https:\/\/taschenfreak.de\/blog\/2015\/04\/21\/fototasche-auf-dem-fahrrad-was-kleines-fuer-den-lenker\/","title":{"rendered":"Fototasche auf dem Fahrrad &#8211; was kleines f\u00fcr den Lenker?"},"content":{"rendered":"<p><a  href=\"https:\/\/taschenfreak.de\/blog\/wp-content\/uploads\/2015\/04\/20150421-180500-DSC04084.jpg\" data-rel=\"lightbox-gallery-1\" data-rl_title=\"\" data-rl_caption=\"\" title=\"\"><img loading=\"lazy\" decoding=\"async\" class=\"alignnone size-full wp-image-3077\" src=\"https:\/\/taschenfreak.de\/blog\/wp-content\/uploads\/2015\/04\/20150421-180500-DSC04084.jpg\" alt=\"20150421-180500-DSC04084\" width=\"1000\" height=\"667\" srcset=\"https:\/\/taschenfreak.de\/blog\/wp-content\/uploads\/2015\/04\/20150421-180500-DSC04084.jpg 1000w, https:\/\/taschenfreak.de\/blog\/wp-content\/uploads\/2015\/04\/20150421-180500-DSC04084-300x200.jpg 300w, https:\/\/taschenfreak.de\/blog\/wp-content\/uploads\/2015\/04\/20150421-180500-DSC04084-900x600.jpg 900w\" sizes=\"auto, (max-width: 1000px) 100vw, 1000px\" \/><\/a><\/p>\n<p>Ich hatte mein Fahrrad noch nicht an der Kasse bezahlt, qu\u00e4lte mich im Radladen schon die Frage nach der Fototasche f\u00fcrs Fahrrad. Das ist kein Witz. Ich bin wohl echt ein Taschenfreak!<\/p>\n<p>Da mir die Ortliebtaschen schon immer gut gefallen haben, habe ich mir eine &#8222;Nicht-Fototaschen-Lenkertasche&#8220; von Ortlieb zugelegt, in der Hoffnung dazu einen passenden &#8222;Fototaschen-Einsatz&#8220; ala <a href=\"http:\/\/www.monochrom.com\/Anybag.htm?websale8=mono-c&amp;ci=001146\" target=\"_blank\">Anybag <\/a>zu finden. Es wurde dann die wasserabweisende und Regendichte\u00a0<strong><a href=\"http:\/\/www.amazon.de\/Ortlieb-Fahrradtasche-Ultimate6-M-Classic\/dp\/B00OV4ZTRA\" target=\"_blank\">Ortlieb Ultimate\u00a06M\u00a0Classic<\/a>.<\/strong><\/p>\n<p>Tja, von den reinen Abmessungen her passt keine der bei <a href=\"http:\/\/www.monochrom.com\/Anybag.htm?websale8=mono-c&amp;ci=001146\" target=\"_blank\">Monochrom angebotenen Anybags<\/a>. Das hat mich im ersten Step etwas &#8222;unzufrieden&#8220; gemacht, bis ich mal den &#8222;Quetchtest&#8220; gemacht habe und feststellen musste\/durfte, das die <a href=\"http:\/\/www.monochrom.com\/Any-Bag-Fotoeinsatz-fuer-Ihre-Lieblingstasche.htm?websale8=mono-c&amp;pi=18000\" target=\"_blank\">blaue Anybag<\/a> wie Faust auf Auge in die Ortlieb passt.<\/p>\n<div id='gallery-1' class='gallery galleryid-3076 gallery-columns-4 gallery-size-thumbnail'><figure class='gallery-item'>\n\t\t\t<div class='gallery-icon landscape'>\n\t\t\t\t<a href='https:\/\/taschenfreak.de\/blog\/wp-content\/uploads\/2015\/04\/20150421-180500-DSC040841.jpg' title=\"\" data-rl_title=\"\" class=\"rl-gallery-link\" data-rl_caption=\"\" data-rel=\"lightbox-gallery-1\"><img loading=\"lazy\" decoding=\"async\" width=\"150\" height=\"150\" src=\"https:\/\/taschenfreak.de\/blog\/wp-content\/uploads\/2015\/04\/20150421-180500-DSC040841-150x150.jpg\" class=\"attachment-thumbnail size-thumbnail\" alt=\"\" srcset=\"https:\/\/taschenfreak.de\/blog\/wp-content\/uploads\/2015\/04\/20150421-180500-DSC040841-150x150.jpg 150w, https:\/\/taschenfreak.de\/blog\/wp-content\/uploads\/2015\/04\/20150421-180500-DSC040841-144x144.jpg 144w\" sizes=\"auto, (max-width: 150px) 100vw, 150px\" \/><\/a>\n\t\t\t<\/div><\/figure><figure class='gallery-item'>\n\t\t\t<div class='gallery-icon landscape'>\n\t\t\t\t<a href='https:\/\/taschenfreak.de\/blog\/wp-content\/uploads\/2015\/04\/20150421-180514-DSC04085.jpg' title=\"\" data-rl_title=\"\" class=\"rl-gallery-link\" data-rl_caption=\"\" data-rel=\"lightbox-gallery-1\"><img loading=\"lazy\" decoding=\"async\" width=\"150\" height=\"150\" src=\"https:\/\/taschenfreak.de\/blog\/wp-content\/uploads\/2015\/04\/20150421-180514-DSC04085-150x150.jpg\" class=\"attachment-thumbnail size-thumbnail\" alt=\"\" srcset=\"https:\/\/taschenfreak.de\/blog\/wp-content\/uploads\/2015\/04\/20150421-180514-DSC04085-150x150.jpg 150w, https:\/\/taschenfreak.de\/blog\/wp-content\/uploads\/2015\/04\/20150421-180514-DSC04085-144x144.jpg 144w\" sizes=\"auto, (max-width: 150px) 100vw, 150px\" \/><\/a>\n\t\t\t<\/div><\/figure><figure class='gallery-item'>\n\t\t\t<div class='gallery-icon landscape'>\n\t\t\t\t<a href='https:\/\/taschenfreak.de\/blog\/wp-content\/uploads\/2015\/04\/20150421-180526-DSC04086.jpg' title=\"\" data-rl_title=\"\" class=\"rl-gallery-link\" data-rl_caption=\"\" data-rel=\"lightbox-gallery-1\"><img loading=\"lazy\" decoding=\"async\" width=\"150\" height=\"150\" src=\"https:\/\/taschenfreak.de\/blog\/wp-content\/uploads\/2015\/04\/20150421-180526-DSC04086-150x150.jpg\" class=\"attachment-thumbnail size-thumbnail\" alt=\"\" srcset=\"https:\/\/taschenfreak.de\/blog\/wp-content\/uploads\/2015\/04\/20150421-180526-DSC04086-150x150.jpg 150w, https:\/\/taschenfreak.de\/blog\/wp-content\/uploads\/2015\/04\/20150421-180526-DSC04086-144x144.jpg 144w\" sizes=\"auto, (max-width: 150px) 100vw, 150px\" \/><\/a>\n\t\t\t<\/div><\/figure><figure class='gallery-item'>\n\t\t\t<div class='gallery-icon landscape'>\n\t\t\t\t<a href='https:\/\/taschenfreak.de\/blog\/wp-content\/uploads\/2015\/04\/20150421-180554-DSC04088.jpg' title=\"\" data-rl_title=\"\" class=\"rl-gallery-link\" data-rl_caption=\"\" data-rel=\"lightbox-gallery-1\"><img loading=\"lazy\" decoding=\"async\" width=\"150\" height=\"150\" src=\"https:\/\/taschenfreak.de\/blog\/wp-content\/uploads\/2015\/04\/20150421-180554-DSC04088-150x150.jpg\" class=\"attachment-thumbnail size-thumbnail\" alt=\"\" srcset=\"https:\/\/taschenfreak.de\/blog\/wp-content\/uploads\/2015\/04\/20150421-180554-DSC04088-150x150.jpg 150w, https:\/\/taschenfreak.de\/blog\/wp-content\/uploads\/2015\/04\/20150421-180554-DSC04088-144x144.jpg 144w\" sizes=\"auto, (max-width: 150px) 100vw, 150px\" \/><\/a>\n\t\t\t<\/div><\/figure><figure class='gallery-item'>\n\t\t\t<div class='gallery-icon landscape'>\n\t\t\t\t<a href='https:\/\/taschenfreak.de\/blog\/wp-content\/uploads\/2015\/04\/20150421-180646-DSC04089.jpg' title=\"\" data-rl_title=\"\" class=\"rl-gallery-link\" data-rl_caption=\"\" data-rel=\"lightbox-gallery-1\"><img loading=\"lazy\" decoding=\"async\" width=\"150\" height=\"150\" src=\"https:\/\/taschenfreak.de\/blog\/wp-content\/uploads\/2015\/04\/20150421-180646-DSC04089-150x150.jpg\" class=\"attachment-thumbnail size-thumbnail\" alt=\"\" srcset=\"https:\/\/taschenfreak.de\/blog\/wp-content\/uploads\/2015\/04\/20150421-180646-DSC04089-150x150.jpg 150w, https:\/\/taschenfreak.de\/blog\/wp-content\/uploads\/2015\/04\/20150421-180646-DSC04089-144x144.jpg 144w\" sizes=\"auto, (max-width: 150px) 100vw, 150px\" \/><\/a>\n\t\t\t<\/div><\/figure><figure class='gallery-item'>\n\t\t\t<div class='gallery-icon landscape'>\n\t\t\t\t<a href='https:\/\/taschenfreak.de\/blog\/wp-content\/uploads\/2015\/04\/20150421-180701-DSC04090.jpg' title=\"\" data-rl_title=\"\" class=\"rl-gallery-link\" data-rl_caption=\"\" data-rel=\"lightbox-gallery-1\"><img loading=\"lazy\" decoding=\"async\" width=\"150\" height=\"150\" src=\"https:\/\/taschenfreak.de\/blog\/wp-content\/uploads\/2015\/04\/20150421-180701-DSC04090-150x150.jpg\" class=\"attachment-thumbnail size-thumbnail\" alt=\"\" srcset=\"https:\/\/taschenfreak.de\/blog\/wp-content\/uploads\/2015\/04\/20150421-180701-DSC04090-150x150.jpg 150w, https:\/\/taschenfreak.de\/blog\/wp-content\/uploads\/2015\/04\/20150421-180701-DSC04090-144x144.jpg 144w\" sizes=\"auto, (max-width: 150px) 100vw, 150px\" \/><\/a>\n\t\t\t<\/div><\/figure><figure class='gallery-item'>\n\t\t\t<div class='gallery-icon landscape'>\n\t\t\t\t<a href='https:\/\/taschenfreak.de\/blog\/wp-content\/uploads\/2015\/04\/20150421-180828-DSC04091.jpg' title=\"\" data-rl_title=\"\" class=\"rl-gallery-link\" data-rl_caption=\"\" data-rel=\"lightbox-gallery-1\"><img loading=\"lazy\" decoding=\"async\" width=\"150\" height=\"150\" src=\"https:\/\/taschenfreak.de\/blog\/wp-content\/uploads\/2015\/04\/20150421-180828-DSC04091-150x150.jpg\" class=\"attachment-thumbnail size-thumbnail\" alt=\"\" srcset=\"https:\/\/taschenfreak.de\/blog\/wp-content\/uploads\/2015\/04\/20150421-180828-DSC04091-150x150.jpg 150w, https:\/\/taschenfreak.de\/blog\/wp-content\/uploads\/2015\/04\/20150421-180828-DSC04091-144x144.jpg 144w\" sizes=\"auto, (max-width: 150px) 100vw, 150px\" \/><\/a>\n\t\t\t<\/div><\/figure><figure class='gallery-item'>\n\t\t\t<div class='gallery-icon landscape'>\n\t\t\t\t<a href='https:\/\/taschenfreak.de\/blog\/wp-content\/uploads\/2015\/04\/20150421-180845-DSC04092.jpg' title=\"\" data-rl_title=\"\" class=\"rl-gallery-link\" data-rl_caption=\"\" data-rel=\"lightbox-gallery-1\"><img loading=\"lazy\" decoding=\"async\" width=\"150\" height=\"150\" src=\"https:\/\/taschenfreak.de\/blog\/wp-content\/uploads\/2015\/04\/20150421-180845-DSC04092-150x150.jpg\" class=\"attachment-thumbnail size-thumbnail\" alt=\"\" srcset=\"https:\/\/taschenfreak.de\/blog\/wp-content\/uploads\/2015\/04\/20150421-180845-DSC04092-150x150.jpg 150w, https:\/\/taschenfreak.de\/blog\/wp-content\/uploads\/2015\/04\/20150421-180845-DSC04092-144x144.jpg 144w\" sizes=\"auto, (max-width: 150px) 100vw, 150px\" \/><\/a>\n\t\t\t<\/div><\/figure>\n\t\t<\/div>\n\n<p>Mit diesem Einsatz, der <a href=\"http:\/\/www.monochrom.com\/Any-Bag-Fotoeinsatz-fuer-Ihre-Lieblingstasche.htm?websale8=mono-c&amp;pi=18000\" target=\"_blank\"><strong>blauen Anybag<\/strong><\/a>, bekomme ich in die <a href=\"http:\/\/www.amazon.de\/Ortlieb-Fahrradtasche-Ultimate6-M-Classic\/dp\/B00OV4ZTRA\" target=\"_blank\"><strong>Ortlieb Ultimate\u00a06M\u00a0Classic<\/strong><\/a>\u00a0recht gut folgendes hinein:<\/p>\n<ul>\n<li>Sony A7R oder A7S mit dem Sony Zeiss 35 1.4 (was ein echter &#8222;Brocken&#8220; ist)<\/li>\n<li>Sony RX100 M3 in kleiner Neoprenh\u00fclle<\/li>\n<li>Sony Xperia Z3 Compact<\/li>\n<li>Schl\u00fcssel<\/li>\n<li>Abnehmbaren Schultergurt den man an die Lenkertasche machen kann wenn diese nicht am Lenker &#8222;steckt&#8220;<\/li>\n<\/ul>\n<p>Somit ist alles das verstaut was ich brauche und beim Radeln dabei haben mag. Alternativ zum Sony Zeiss Distagon 35er 1.4 geht das Sony Zeiss 16-35 oder das Sony Zeiss 24-70 ebenso gut \u00a0an der Kamera in diese Taschenl\u00f6sung hinein. Wenn ich das kleine Sony Zeiss 35 2.8 an die Kamera mache, dann \u00a0geht sogar, mit einem weiteren Trennwandelement, noch zus\u00e4tzlich das Sony Zeiss 55 1.8 mit hinein.<\/p>\n<p>Ich bin happy! &#8230; bis auf die Tatsache, das ich nach jahrelanger Fahrradfahrverweigerung die Berge im Taunus echt doof finde :-).<\/p>\n<p>Sch\u00f6ne Gr\u00fc\u00dfe &#8211; Euer Fotofuzzy &#8211; J\u00f6rg Langer<\/p>\n<p><span style=\"text-decoration: underline;\"><strong>Nachtrag 22.04.2015:<\/strong><\/span><\/p>\n<p>Da ich von einigen angeschrieben wurde, wie das ganze am Rad aussieht hier noch ein Smartphone-Bild vom vergangenen Wochenende f\u00fcr Euch.<\/p>\n<p><a  href=\"https:\/\/taschenfreak.de\/blog\/wp-content\/uploads\/2015\/04\/11143559_10204488853283547_2543532569255345855_n.jpg\" data-rel=\"lightbox-gallery-1\" data-rl_title=\"\" data-rl_caption=\"\" title=\"\"><img loading=\"lazy\" decoding=\"async\" class=\"alignnone size-full wp-image-3092\" src=\"https:\/\/taschenfreak.de\/blog\/wp-content\/uploads\/2015\/04\/11143559_10204488853283547_2543532569255345855_n.jpg\" alt=\"11143559_10204488853283547_2543532569255345855_n\" width=\"960\" height=\"540\" srcset=\"https:\/\/taschenfreak.de\/blog\/wp-content\/uploads\/2015\/04\/11143559_10204488853283547_2543532569255345855_n.jpg 960w, https:\/\/taschenfreak.de\/blog\/wp-content\/uploads\/2015\/04\/11143559_10204488853283547_2543532569255345855_n-300x169.jpg 300w, https:\/\/taschenfreak.de\/blog\/wp-content\/uploads\/2015\/04\/11143559_10204488853283547_2543532569255345855_n-900x506.jpg 900w\" sizes=\"auto, (max-width: 960px) 100vw, 960px\" \/><\/a><\/p>\n<p>Die Ortlieb ersetzt quasi das &#8222;K\u00f6rbchen mit der Blumenranke&#8220; an meinem Rad. \ud83d\ude42<\/p>\n<p>&nbsp;<\/p>\n","protected":false},"excerpt":{"rendered":"<p>Ich hatte mein Fahrrad noch nicht an der Kasse bezahlt, qu\u00e4lte mich im Radladen schon die Frage nach der Fototasche f\u00fcrs Fahrrad. Kein Witz &#8211; bin wohl echt ein Taschenfreak!<\/p>\n<p>Da mir die Ortliebtaschen schon immer gut gefallen haben, habe ich mir eine &#8222;Nicht-Fototaschen-Lenkertasche&#8220; von Ortlieb zugelegt, in der Hoffnung dazu einen passenden &#8222;Fototaschen-Einsatz&#8220; ala Anybag zu finden.<\/p>\n","protected":false},"author":3,"featured_media":0,"comment_status":"open","ping_status":"open","sticky":false,"template":"","format":"standard","meta":{"ngg_post_thumbnail":0,"_jetpack_memberships_contains_paid_content":false,"footnotes":"","_links_to":"","_links_to_target":""},"categories":[28,19],"tags":[425,987,990,988,989,991,992,582,993,994,212],"class_list":["post-3076","post","type-post","status-publish","format-standard","hentry","category-nicht-foto-taschen","category-wasserfest","tag-anybag","tag-die-blaue-anybag","tag-fahrrad","tag-fototaschen-einsatz","tag-insert","tag-lenker-fototasche","tag-lenkertasche","tag-ortlieb","tag-ortlieb-ultimate-6m-classic","tag-ultimate","tag-wasserdicht"],"jetpack_featured_media_url":"","jetpack_shortlink":"https:\/\/wp.me\/p4GMND-NC","jetpack_sharing_enabled":true,"_links":{"self":[{"href":"https:\/\/taschenfreak.de\/blog\/wp-json\/wp\/v2\/posts\/3076","targetHints":{"allow":["GET"]}}],"collection":[{"href":"https:\/\/taschenfreak.de\/blog\/wp-json\/wp\/v2\/posts"}],"about":[{"href":"https:\/\/taschenfreak.de\/blog\/wp-json\/wp\/v2\/types\/post"}],"author":[{"embeddable":true,"href":"https:\/\/taschenfreak.de\/blog\/wp-json\/wp\/v2\/users\/3"}],"replies":[{"embeddable":true,"href":"https:\/\/taschenfreak.de\/blog\/wp-json\/wp\/v2\/comments?post=3076"}],"version-history":[{"count":0,"href":"https:\/\/taschenfreak.de\/blog\/wp-json\/wp\/v2\/posts\/3076\/revisions"}],"wp:attachment":[{"href":"https:\/\/taschenfreak.de\/blog\/wp-json\/wp\/v2\/media?parent=3076"}],"wp:term":[{"taxonomy":"category","embeddable":true,"href":"https:\/\/taschenfreak.de\/blog\/wp-json\/wp\/v2\/categories?post=3076"},{"taxonomy":"post_tag","embeddable":true,"href":"https:\/\/taschenfreak.de\/blog\/wp-json\/wp\/v2\/tags?post=3076"}],"curies":[{"name":"wp","href":"https:\/\/api.w.org\/{rel}","templated":true}]}}