{"id":313,"date":"2011-09-28T17:18:42","date_gmt":"2011-09-28T15:18:42","guid":{"rendered":"http:\/\/taschenfreak.de\/blog\/?p=313"},"modified":"2011-09-28T17:18:42","modified_gmt":"2011-09-28T15:18:42","slug":"packbeispiel-und-neue-fotos-zum-tamrac-expedition-8-5578","status":"publish","type":"post","link":"https:\/\/taschenfreak.de\/blog\/2011\/09\/28\/packbeispiel-und-neue-fotos-zum-tamrac-expedition-8-5578\/","title":{"rendered":"Packbeispiel und neue Fotos zum Tamrac Expedition 8 &#8211; 5578"},"content":{"rendered":"<p>Steven schickte uns zwei Fotos mit seinem Packbeispiel und neue Fotos zum Tamrac Expedition 8 &#8211; 5578 mit dem Mail:<\/p>\n<blockquote><p>Hallo J\u00f6rg,<\/p>\n<p>die Seite ist echt Spitze, sie hat mir bei meiner Taschenauswahl bisher sehr geholfen. Bei der Suche nach einem neuen, passenden Rucksack f\u00fcr meine 500er-Teleausr\u00fcstung stellte ich jedoch fest, dass es daf\u00fcr bei dem Tamrac Expedition 8 &#8211; 5578 noch keine Beispielfotos gab ;-). <!--more-->Quasi als kleines Dankesch\u00f6n f\u00fcr die bisherigen Tipps w\u00fcrde ich mich nun gerne mit Fotos daran beteiligen. Ich habe meinen Tamrac so gepackt, wie ich ihn meistens auf Streifz\u00fcgen durch die Natur dabei habe &#8211; Wildlife, Tiere;Pflanzen sowie Landschaft kombiniert. Neben dem angegebenem Equipment findet sich noch Platz f\u00fcr Kleinkram wie Speicherkarten, Taschenmesser, GPS-Ger\u00e4t, Stirnlampe, usw. In der Stativhalterung befindet sich meist ein Carbon-Einbeinstativ. Trotz des ordentlichen Gewichtes l\u00e4sst er sich\u00a0 noch bequem tragen und ich wei\u00df meine Ausr\u00fcstung sicher verstaut.<\/p>\n<p>Weiter so, ich bin gespannt welche Neuerungen es bei Taschenfreak noch geben wird!<\/p>\n<p>Gru\u00df Steven Reburgh<\/p><\/blockquote>\n<p>Seine beiden Fotos nachfolgend:<\/p>\nngg_shortcode_0_placeholder\n<p>Vielen Dank Steven!<\/p>\n","protected":false},"excerpt":{"rendered":"<p>Steven schickte uns zwei Fotos mit seinem Packbeispiel und neue Fotos zum Tamrac Expedition 8 &#8211; 5578 mit dem Mail: Hallo J\u00f6rg, die Seite ist echt Spitze, sie hat mir bei meiner Taschenauswahl bisher sehr geholfen. Bei der Suche nach einem neuen, passenden Rucksack f\u00fcr meine 500er-Teleausr\u00fcstung stellte ich jedoch fest, dass es daf\u00fcr bei&hellip;<\/p>\n","protected":false},"author":3,"featured_media":0,"comment_status":"open","ping_status":"open","sticky":false,"template":"","format":"standard","meta":{"ngg_post_thumbnail":0,"_jetpack_memberships_contains_paid_content":false,"footnotes":"","_links_to":"","_links_to_target":""},"categories":[1,3],"tags":[109,48,1063],"class_list":["post-313","post","type-post","status-publish","format-standard","hentry","category-allgemein","category-rucksack","tag-expedition-8-5578","tag-packbeispiel","tag-tamrac"],"jetpack_featured_media_url":"","jetpack_shortlink":"https:\/\/wp.me\/p4GMND-53","jetpack_sharing_enabled":true,"_links":{"self":[{"href":"https:\/\/taschenfreak.de\/blog\/wp-json\/wp\/v2\/posts\/313","targetHints":{"allow":["GET"]}}],"collection":[{"href":"https:\/\/taschenfreak.de\/blog\/wp-json\/wp\/v2\/posts"}],"about":[{"href":"https:\/\/taschenfreak.de\/blog\/wp-json\/wp\/v2\/types\/post"}],"author":[{"embeddable":true,"href":"https:\/\/taschenfreak.de\/blog\/wp-json\/wp\/v2\/users\/3"}],"replies":[{"embeddable":true,"href":"https:\/\/taschenfreak.de\/blog\/wp-json\/wp\/v2\/comments?post=313"}],"version-history":[{"count":0,"href":"https:\/\/taschenfreak.de\/blog\/wp-json\/wp\/v2\/posts\/313\/revisions"}],"wp:attachment":[{"href":"https:\/\/taschenfreak.de\/blog\/wp-json\/wp\/v2\/media?parent=313"}],"wp:term":[{"taxonomy":"category","embeddable":true,"href":"https:\/\/taschenfreak.de\/blog\/wp-json\/wp\/v2\/categories?post=313"},{"taxonomy":"post_tag","embeddable":true,"href":"https:\/\/taschenfreak.de\/blog\/wp-json\/wp\/v2\/tags?post=313"}],"curies":[{"name":"wp","href":"https:\/\/api.w.org\/{rel}","templated":true}]}}