{"id":3341,"date":"2015-07-29T17:15:21","date_gmt":"2015-07-29T15:15:21","guid":{"rendered":"http:\/\/taschenfreak.de\/blog\/?p=3341"},"modified":"2015-07-29T17:15:21","modified_gmt":"2015-07-29T15:15:21","slug":"die-lowepro-pro-messenger-180-aw-schultertasche-neu-auf-taschenfreak-de","status":"publish","type":"post","link":"https:\/\/taschenfreak.de\/blog\/2015\/07\/29\/die-lowepro-pro-messenger-180-aw-schultertasche-neu-auf-taschenfreak-de\/","title":{"rendered":"Die Lowepro Pro Messenger 180 AW Schultertasche &#8211; neu auf Taschenfreak.de"},"content":{"rendered":"<p><a  href=\"https:\/\/taschenfreak.de\/blog\/wp-content\/uploads\/2015\/07\/LP_Pro_Messenger_180_AW_03.jpg\" data-rel=\"lightbox-gallery-0\" data-rl_title=\"\" data-rl_caption=\"\" title=\"\"><img loading=\"lazy\" decoding=\"async\" class=\"alignnone size-full wp-image-3342\" src=\"https:\/\/taschenfreak.de\/blog\/wp-content\/uploads\/2015\/07\/LP_Pro_Messenger_180_AW_03.jpg\" alt=\"LP_Pro_Messenger_180_AW_03\" width=\"1000\" height=\"756\" srcset=\"https:\/\/taschenfreak.de\/blog\/wp-content\/uploads\/2015\/07\/LP_Pro_Messenger_180_AW_03.jpg 1000w, https:\/\/taschenfreak.de\/blog\/wp-content\/uploads\/2015\/07\/LP_Pro_Messenger_180_AW_03-300x227.jpg 300w, https:\/\/taschenfreak.de\/blog\/wp-content\/uploads\/2015\/07\/LP_Pro_Messenger_180_AW_03-900x680.jpg 900w\" sizes=\"auto, (max-width: 1000px) 100vw, 1000px\" \/><\/a><\/p>\n<p>Vor ein paar Tagen bekam ich von einem netten anonymen User ein paar Bilder und einen Text f\u00fcr die <strong>Lowepro Pro Messenger 180 AW<\/strong> Schultertasche zugeschickt, die ich Euch gerne heute hier zeugen m\u00f6chte.<\/p>\n<p>Der begleitende Text zu seiner Mail lautet:<\/p>\n<p>Hallo Taschenfreak!<\/p>\n<blockquote><p>Da ich hier sch\u00f6n \u00f6fter mal tolle Anregungen und Hilfestellungen bei Kaufentscheidungen bekommen habe, m\u00f6chte ich heute einen kleinen Beitrag leisten.<\/p>\n<p>Ich habe mal 3 Fotos von meiner neuen Lowepro Pro Messenger 180 AW gemacht, mangels Zweitcam mit dem iPhone, ich hoffe sie sind brauchbar.<\/p>\n<p>In das Hauptfach passt in diesem Fall ohne Probleme folgendes Setup:<\/p>\n<p>&#8211; Nikon D750<br \/>\n&#8211; Nikkor AF-S 24-70 f2.8<br \/>\n&#8211; Nikkor AF-S 70-200 f2.8 VRII<br \/>\n&#8211; Sigma ART 35mm f1.4<\/p>\n<p>Im mittleren Fach passt die D750 sogar mit angesetzem 70-200 rein (Geli umgedreht), in die Seiten jeweils das 24-70 und das 35er.<\/p>\n<p>In die Fronttasche passt statt Zubeh\u00f6r auch locker ein Vollformatbody mit BG, in diesem Fall versinkt die D750 f\u00f6rmlich in der Tiefe der Tasche.<\/p>\n<p>Ich freue mich, wenn Ihr die Bilder gebrauchen k\u00f6nnt.<\/p>\n<p>Bitte ver\u00f6ffentlicht die Bilder anonym!<\/p>\n<p>Vielen Dank und macht weiter so!<\/p>\n<p>Gru\u00df xxx<\/p><\/blockquote>\n<p><a  href=\"https:\/\/taschenfreak.de\/blog\/wp-content\/uploads\/2015\/07\/LP_Pro_Messenger_180_AW_01.jpg\" data-rel=\"lightbox-gallery-0\" data-rl_title=\"\" data-rl_caption=\"\" title=\"\"><img loading=\"lazy\" decoding=\"async\" class=\"alignnone size-full wp-image-3343\" src=\"https:\/\/taschenfreak.de\/blog\/wp-content\/uploads\/2015\/07\/LP_Pro_Messenger_180_AW_01.jpg\" alt=\"LP_Pro_Messenger_180_AW_01\" width=\"1000\" height=\"750\" srcset=\"https:\/\/taschenfreak.de\/blog\/wp-content\/uploads\/2015\/07\/LP_Pro_Messenger_180_AW_01.jpg 1000w, https:\/\/taschenfreak.de\/blog\/wp-content\/uploads\/2015\/07\/LP_Pro_Messenger_180_AW_01-300x225.jpg 300w, https:\/\/taschenfreak.de\/blog\/wp-content\/uploads\/2015\/07\/LP_Pro_Messenger_180_AW_01-900x675.jpg 900w\" sizes=\"auto, (max-width: 1000px) 100vw, 1000px\" \/><\/a><\/p>\n<p><a  href=\"https:\/\/taschenfreak.de\/blog\/wp-content\/uploads\/2015\/07\/LP_Pro_Messenger_180_AW_02.jpg\" data-rel=\"lightbox-gallery-0\" data-rl_title=\"\" data-rl_caption=\"\" title=\"\"><img loading=\"lazy\" decoding=\"async\" class=\"alignnone size-full wp-image-3344\" src=\"https:\/\/taschenfreak.de\/blog\/wp-content\/uploads\/2015\/07\/LP_Pro_Messenger_180_AW_02.jpg\" alt=\"LP_Pro_Messenger_180_AW_02\" width=\"1000\" height=\"750\" srcset=\"https:\/\/taschenfreak.de\/blog\/wp-content\/uploads\/2015\/07\/LP_Pro_Messenger_180_AW_02.jpg 1000w, https:\/\/taschenfreak.de\/blog\/wp-content\/uploads\/2015\/07\/LP_Pro_Messenger_180_AW_02-300x225.jpg 300w, https:\/\/taschenfreak.de\/blog\/wp-content\/uploads\/2015\/07\/LP_Pro_Messenger_180_AW_02-900x675.jpg 900w\" sizes=\"auto, (max-width: 1000px) 100vw, 1000px\" \/><\/a><\/p>\n<p>Wir sagen herzlich Danke und freuen uns \u00fcber jeder solcher Mails &#8211; auch gerne anonym wenn Ihr namentlich nicht genannt werden m\u00f6chtet.<\/p>\n<p>Sch\u00f6ne Gr\u00fc\u00dfe &#8211; Euer Taschenfreak-Admin-Team &amp; J\u00f6rg Langer<\/p>\n","protected":false},"excerpt":{"rendered":"<p>Vor ein paar Tagen bekam ich von einem netten anonymen User ein paar Bilder und einen Text f\u00fcr die Lowepro Pro Messenger 180 AW Schultertasche zugeschickt, die ich Euch gerne heute hier zeugen m\u00f6chte.<\/p>\n","protected":false},"author":3,"featured_media":0,"comment_status":"open","ping_status":"open","sticky":false,"template":"","format":"standard","meta":{"ngg_post_thumbnail":0,"_jetpack_memberships_contains_paid_content":false,"footnotes":"","_links_to":"","_links_to_target":""},"categories":[51,11],"tags":[1054,1028,48,1029,1050],"class_list":["post-3341","post","type-post","status-publish","format-standard","hentry","category-packbespiel","category-schultertasche","tag-lowepro","tag-lowepro-pro-messenger-180-aw","tag-packbeispiel","tag-pro-messenger-180-aw","tag-schultertasche"],"jetpack_featured_media_url":"","jetpack_shortlink":"https:\/\/wp.me\/p4GMND-RT","jetpack_sharing_enabled":true,"_links":{"self":[{"href":"https:\/\/taschenfreak.de\/blog\/wp-json\/wp\/v2\/posts\/3341","targetHints":{"allow":["GET"]}}],"collection":[{"href":"https:\/\/taschenfreak.de\/blog\/wp-json\/wp\/v2\/posts"}],"about":[{"href":"https:\/\/taschenfreak.de\/blog\/wp-json\/wp\/v2\/types\/post"}],"author":[{"embeddable":true,"href":"https:\/\/taschenfreak.de\/blog\/wp-json\/wp\/v2\/users\/3"}],"replies":[{"embeddable":true,"href":"https:\/\/taschenfreak.de\/blog\/wp-json\/wp\/v2\/comments?post=3341"}],"version-history":[{"count":0,"href":"https:\/\/taschenfreak.de\/blog\/wp-json\/wp\/v2\/posts\/3341\/revisions"}],"wp:attachment":[{"href":"https:\/\/taschenfreak.de\/blog\/wp-json\/wp\/v2\/media?parent=3341"}],"wp:term":[{"taxonomy":"category","embeddable":true,"href":"https:\/\/taschenfreak.de\/blog\/wp-json\/wp\/v2\/categories?post=3341"},{"taxonomy":"post_tag","embeddable":true,"href":"https:\/\/taschenfreak.de\/blog\/wp-json\/wp\/v2\/tags?post=3341"}],"curies":[{"name":"wp","href":"https:\/\/api.w.org\/{rel}","templated":true}]}}