{"id":3422,"date":"2015-08-18T15:43:40","date_gmt":"2015-08-18T13:43:40","guid":{"rendered":"http:\/\/taschenfreak.de\/blog\/?p=3422"},"modified":"2015-11-29T12:08:19","modified_gmt":"2015-11-29T11:08:19","slug":"artisan-artist-cov-7000n-beige-eine-maedels-fototasche","status":"publish","type":"post","link":"https:\/\/taschenfreak.de\/blog\/2015\/08\/18\/artisan-artist-cov-7000n-beige-eine-maedels-fototasche\/","title":{"rendered":"Artisan &#038; Artist COV 7000N Beige &#8211; eine &#8222;M\u00e4dels-Fototasche&#8220;?"},"content":{"rendered":"<p><a  href=\"https:\/\/taschenfreak.de\/blog\/wp-content\/uploads\/2015\/08\/20150813-007-AuA-COV-7000N-Beige.jpg\" data-rel=\"lightbox-gallery-1\" data-rl_title=\"\" data-rl_caption=\"\" title=\"\"><img loading=\"lazy\" decoding=\"async\" class=\"alignnone size-full wp-image-3423\" src=\"https:\/\/taschenfreak.de\/blog\/wp-content\/uploads\/2015\/08\/20150813-007-AuA-COV-7000N-Beige.jpg\" alt=\"20150813-007-AuA-COV-7000N-Beige\" width=\"1000\" height=\"667\" srcset=\"https:\/\/taschenfreak.de\/blog\/wp-content\/uploads\/2015\/08\/20150813-007-AuA-COV-7000N-Beige.jpg 1000w, https:\/\/taschenfreak.de\/blog\/wp-content\/uploads\/2015\/08\/20150813-007-AuA-COV-7000N-Beige-300x200.jpg 300w, https:\/\/taschenfreak.de\/blog\/wp-content\/uploads\/2015\/08\/20150813-007-AuA-COV-7000N-Beige-900x600.jpg 900w\" sizes=\"auto, (max-width: 1000px) 100vw, 1000px\" \/><\/a><\/p>\n<p>Wie oft h\u00f6re ich &#8211; nicht nur von meiner eigenen Ehefrau &#8211; zu h\u00f6ren das es viel zu viele Fototaschen f\u00fcr &#8222;Kerle&#8220; gibt und es viel zu wenige Taschen, die auch eine Frau gerne tragen und zeigen m\u00f6chte, auf dem Fototaschenmarkt gibt.<\/p>\n<p>Was bin ich froh, mit der zweiten Tasche die ich von Monochrom zur Begutachtung f\u00fcr ein paar Tage bekam, endlich dieser Zielgruppe, den weiblichen Taschenfreak-Lesern, hier etwas bieten zu k\u00f6nnen. Also liebe Frau Fotografinnen, seht Euch diese Tasche mal n\u00e4her an. Es geht um die\u00a0<a href=\"http:\/\/www.monochrom.com\/Artisanamp;Artist-COV-7000N-Beige.htm?websale8=mono-c&amp;pi=32807\" target=\"_blank\">Artisan &amp; Artist COV 7000N Beige<\/a>.<\/p>\n<div id='gallery-1' class='gallery galleryid-3422 gallery-columns-4 gallery-size-thumbnail'><figure class='gallery-item'>\n\t\t\t<div class='gallery-icon landscape'>\n\t\t\t\t<a href='https:\/\/taschenfreak.de\/blog\/wp-content\/uploads\/2015\/08\/20150813-001-AuA-COV-7000N-Beige.jpg' title=\"\" data-rl_title=\"\" class=\"rl-gallery-link\" data-rl_caption=\"\" data-rel=\"lightbox-gallery-1\"><img loading=\"lazy\" decoding=\"async\" width=\"150\" height=\"150\" src=\"https:\/\/taschenfreak.de\/blog\/wp-content\/uploads\/2015\/08\/20150813-001-AuA-COV-7000N-Beige-150x150.jpg\" class=\"attachment-thumbnail size-thumbnail\" alt=\"\" srcset=\"https:\/\/taschenfreak.de\/blog\/wp-content\/uploads\/2015\/08\/20150813-001-AuA-COV-7000N-Beige-150x150.jpg 150w, https:\/\/taschenfreak.de\/blog\/wp-content\/uploads\/2015\/08\/20150813-001-AuA-COV-7000N-Beige-144x144.jpg 144w\" sizes=\"auto, (max-width: 150px) 100vw, 150px\" \/><\/a>\n\t\t\t<\/div><\/figure><figure class='gallery-item'>\n\t\t\t<div class='gallery-icon landscape'>\n\t\t\t\t<a href='https:\/\/taschenfreak.de\/blog\/wp-content\/uploads\/2015\/08\/20150813-002-AuA-COV-7000N-Beige.jpg' title=\"\" data-rl_title=\"\" class=\"rl-gallery-link\" data-rl_caption=\"\" data-rel=\"lightbox-gallery-1\"><img loading=\"lazy\" decoding=\"async\" width=\"150\" height=\"150\" src=\"https:\/\/taschenfreak.de\/blog\/wp-content\/uploads\/2015\/08\/20150813-002-AuA-COV-7000N-Beige-150x150.jpg\" class=\"attachment-thumbnail size-thumbnail\" alt=\"\" srcset=\"https:\/\/taschenfreak.de\/blog\/wp-content\/uploads\/2015\/08\/20150813-002-AuA-COV-7000N-Beige-150x150.jpg 150w, https:\/\/taschenfreak.de\/blog\/wp-content\/uploads\/2015\/08\/20150813-002-AuA-COV-7000N-Beige-144x144.jpg 144w\" sizes=\"auto, (max-width: 150px) 100vw, 150px\" \/><\/a>\n\t\t\t<\/div><\/figure><figure class='gallery-item'>\n\t\t\t<div class='gallery-icon landscape'>\n\t\t\t\t<a href='https:\/\/taschenfreak.de\/blog\/wp-content\/uploads\/2015\/08\/20150813-003-AuA-COV-7000N-Beige.jpg' title=\"\" data-rl_title=\"\" class=\"rl-gallery-link\" data-rl_caption=\"\" data-rel=\"lightbox-gallery-1\"><img loading=\"lazy\" decoding=\"async\" width=\"150\" height=\"150\" src=\"https:\/\/taschenfreak.de\/blog\/wp-content\/uploads\/2015\/08\/20150813-003-AuA-COV-7000N-Beige-150x150.jpg\" class=\"attachment-thumbnail size-thumbnail\" alt=\"\" srcset=\"https:\/\/taschenfreak.de\/blog\/wp-content\/uploads\/2015\/08\/20150813-003-AuA-COV-7000N-Beige-150x150.jpg 150w, https:\/\/taschenfreak.de\/blog\/wp-content\/uploads\/2015\/08\/20150813-003-AuA-COV-7000N-Beige-144x144.jpg 144w\" sizes=\"auto, (max-width: 150px) 100vw, 150px\" \/><\/a>\n\t\t\t<\/div><\/figure><figure class='gallery-item'>\n\t\t\t<div class='gallery-icon landscape'>\n\t\t\t\t<a href='https:\/\/taschenfreak.de\/blog\/wp-content\/uploads\/2015\/08\/20150813-004-AuA-COV-7000N-Beige.jpg' title=\"\" data-rl_title=\"\" class=\"rl-gallery-link\" data-rl_caption=\"\" data-rel=\"lightbox-gallery-1\"><img loading=\"lazy\" decoding=\"async\" width=\"150\" height=\"150\" src=\"https:\/\/taschenfreak.de\/blog\/wp-content\/uploads\/2015\/08\/20150813-004-AuA-COV-7000N-Beige-150x150.jpg\" class=\"attachment-thumbnail size-thumbnail\" alt=\"\" srcset=\"https:\/\/taschenfreak.de\/blog\/wp-content\/uploads\/2015\/08\/20150813-004-AuA-COV-7000N-Beige-150x150.jpg 150w, https:\/\/taschenfreak.de\/blog\/wp-content\/uploads\/2015\/08\/20150813-004-AuA-COV-7000N-Beige-144x144.jpg 144w\" sizes=\"auto, (max-width: 150px) 100vw, 150px\" \/><\/a>\n\t\t\t<\/div><\/figure><figure class='gallery-item'>\n\t\t\t<div class='gallery-icon landscape'>\n\t\t\t\t<a href='https:\/\/taschenfreak.de\/blog\/wp-content\/uploads\/2015\/08\/20150813-005-AuA-COV-7000N-Beige.jpg' title=\"\" data-rl_title=\"\" class=\"rl-gallery-link\" data-rl_caption=\"\" data-rel=\"lightbox-gallery-1\"><img loading=\"lazy\" decoding=\"async\" width=\"150\" height=\"150\" src=\"https:\/\/taschenfreak.de\/blog\/wp-content\/uploads\/2015\/08\/20150813-005-AuA-COV-7000N-Beige-150x150.jpg\" class=\"attachment-thumbnail size-thumbnail\" alt=\"\" srcset=\"https:\/\/taschenfreak.de\/blog\/wp-content\/uploads\/2015\/08\/20150813-005-AuA-COV-7000N-Beige-150x150.jpg 150w, https:\/\/taschenfreak.de\/blog\/wp-content\/uploads\/2015\/08\/20150813-005-AuA-COV-7000N-Beige-144x144.jpg 144w\" sizes=\"auto, (max-width: 150px) 100vw, 150px\" \/><\/a>\n\t\t\t<\/div><\/figure><figure class='gallery-item'>\n\t\t\t<div class='gallery-icon landscape'>\n\t\t\t\t<a href='https:\/\/taschenfreak.de\/blog\/wp-content\/uploads\/2015\/08\/20150813-006-AuA-COV-7000N-Beige.jpg' title=\"\" data-rl_title=\"\" class=\"rl-gallery-link\" data-rl_caption=\"\" data-rel=\"lightbox-gallery-1\"><img loading=\"lazy\" decoding=\"async\" width=\"150\" height=\"150\" src=\"https:\/\/taschenfreak.de\/blog\/wp-content\/uploads\/2015\/08\/20150813-006-AuA-COV-7000N-Beige-150x150.jpg\" class=\"attachment-thumbnail size-thumbnail\" alt=\"\" srcset=\"https:\/\/taschenfreak.de\/blog\/wp-content\/uploads\/2015\/08\/20150813-006-AuA-COV-7000N-Beige-150x150.jpg 150w, https:\/\/taschenfreak.de\/blog\/wp-content\/uploads\/2015\/08\/20150813-006-AuA-COV-7000N-Beige-144x144.jpg 144w\" sizes=\"auto, (max-width: 150px) 100vw, 150px\" \/><\/a>\n\t\t\t<\/div><\/figure><figure class='gallery-item'>\n\t\t\t<div class='gallery-icon landscape'>\n\t\t\t\t<a href='https:\/\/taschenfreak.de\/blog\/wp-content\/uploads\/2015\/08\/20150813-007-AuA-COV-7000N-Beige1.jpg' title=\"\" data-rl_title=\"\" class=\"rl-gallery-link\" data-rl_caption=\"\" data-rel=\"lightbox-gallery-1\"><img loading=\"lazy\" decoding=\"async\" width=\"150\" height=\"150\" src=\"https:\/\/taschenfreak.de\/blog\/wp-content\/uploads\/2015\/08\/20150813-007-AuA-COV-7000N-Beige1-150x150.jpg\" class=\"attachment-thumbnail size-thumbnail\" alt=\"\" srcset=\"https:\/\/taschenfreak.de\/blog\/wp-content\/uploads\/2015\/08\/20150813-007-AuA-COV-7000N-Beige1-150x150.jpg 150w, https:\/\/taschenfreak.de\/blog\/wp-content\/uploads\/2015\/08\/20150813-007-AuA-COV-7000N-Beige1-144x144.jpg 144w\" sizes=\"auto, (max-width: 150px) 100vw, 150px\" \/><\/a>\n\t\t\t<\/div><\/figure><figure class='gallery-item'>\n\t\t\t<div class='gallery-icon landscape'>\n\t\t\t\t<a href='https:\/\/taschenfreak.de\/blog\/wp-content\/uploads\/2015\/08\/20150813-008-AuA-COV-7000N-Beige.jpg' title=\"\" data-rl_title=\"\" class=\"rl-gallery-link\" data-rl_caption=\"\" data-rel=\"lightbox-gallery-1\"><img loading=\"lazy\" decoding=\"async\" width=\"150\" height=\"150\" src=\"https:\/\/taschenfreak.de\/blog\/wp-content\/uploads\/2015\/08\/20150813-008-AuA-COV-7000N-Beige-150x150.jpg\" class=\"attachment-thumbnail size-thumbnail\" alt=\"\" srcset=\"https:\/\/taschenfreak.de\/blog\/wp-content\/uploads\/2015\/08\/20150813-008-AuA-COV-7000N-Beige-150x150.jpg 150w, https:\/\/taschenfreak.de\/blog\/wp-content\/uploads\/2015\/08\/20150813-008-AuA-COV-7000N-Beige-144x144.jpg 144w\" sizes=\"auto, (max-width: 150px) 100vw, 150px\" \/><\/a>\n\t\t\t<\/div><\/figure><figure class='gallery-item'>\n\t\t\t<div class='gallery-icon landscape'>\n\t\t\t\t<a href='https:\/\/taschenfreak.de\/blog\/wp-content\/uploads\/2015\/08\/20150813-009-AuA-COV-7000N-Beige.jpg' title=\"\" data-rl_title=\"\" class=\"rl-gallery-link\" data-rl_caption=\"\" data-rel=\"lightbox-gallery-1\"><img loading=\"lazy\" decoding=\"async\" width=\"150\" height=\"150\" src=\"https:\/\/taschenfreak.de\/blog\/wp-content\/uploads\/2015\/08\/20150813-009-AuA-COV-7000N-Beige-150x150.jpg\" class=\"attachment-thumbnail size-thumbnail\" alt=\"\" srcset=\"https:\/\/taschenfreak.de\/blog\/wp-content\/uploads\/2015\/08\/20150813-009-AuA-COV-7000N-Beige-150x150.jpg 150w, https:\/\/taschenfreak.de\/blog\/wp-content\/uploads\/2015\/08\/20150813-009-AuA-COV-7000N-Beige-144x144.jpg 144w\" sizes=\"auto, (max-width: 150px) 100vw, 150px\" \/><\/a>\n\t\t\t<\/div><\/figure><figure class='gallery-item'>\n\t\t\t<div class='gallery-icon landscape'>\n\t\t\t\t<a href='https:\/\/taschenfreak.de\/blog\/wp-content\/uploads\/2015\/08\/20150813-010-AuA-COV-7000N-Beige.jpg' title=\"\" data-rl_title=\"\" class=\"rl-gallery-link\" data-rl_caption=\"\" data-rel=\"lightbox-gallery-1\"><img loading=\"lazy\" decoding=\"async\" width=\"150\" height=\"150\" src=\"https:\/\/taschenfreak.de\/blog\/wp-content\/uploads\/2015\/08\/20150813-010-AuA-COV-7000N-Beige-150x150.jpg\" class=\"attachment-thumbnail size-thumbnail\" alt=\"\" srcset=\"https:\/\/taschenfreak.de\/blog\/wp-content\/uploads\/2015\/08\/20150813-010-AuA-COV-7000N-Beige-150x150.jpg 150w, https:\/\/taschenfreak.de\/blog\/wp-content\/uploads\/2015\/08\/20150813-010-AuA-COV-7000N-Beige-144x144.jpg 144w\" sizes=\"auto, (max-width: 150px) 100vw, 150px\" \/><\/a>\n\t\t\t<\/div><\/figure><figure class='gallery-item'>\n\t\t\t<div class='gallery-icon landscape'>\n\t\t\t\t<a href='https:\/\/taschenfreak.de\/blog\/wp-content\/uploads\/2015\/08\/20150813-011-AuA-COV-7000N-Beige.jpg' title=\"\" data-rl_title=\"\" class=\"rl-gallery-link\" data-rl_caption=\"\" data-rel=\"lightbox-gallery-1\"><img loading=\"lazy\" decoding=\"async\" width=\"150\" height=\"150\" src=\"https:\/\/taschenfreak.de\/blog\/wp-content\/uploads\/2015\/08\/20150813-011-AuA-COV-7000N-Beige-150x150.jpg\" class=\"attachment-thumbnail size-thumbnail\" alt=\"\" srcset=\"https:\/\/taschenfreak.de\/blog\/wp-content\/uploads\/2015\/08\/20150813-011-AuA-COV-7000N-Beige-150x150.jpg 150w, https:\/\/taschenfreak.de\/blog\/wp-content\/uploads\/2015\/08\/20150813-011-AuA-COV-7000N-Beige-144x144.jpg 144w\" sizes=\"auto, (max-width: 150px) 100vw, 150px\" \/><\/a>\n\t\t\t<\/div><\/figure><figure class='gallery-item'>\n\t\t\t<div class='gallery-icon landscape'>\n\t\t\t\t<a href='https:\/\/taschenfreak.de\/blog\/wp-content\/uploads\/2015\/08\/20150813-012-AuA-COV-7000N-Beige.jpg' title=\"\" data-rl_title=\"\" class=\"rl-gallery-link\" data-rl_caption=\"\" data-rel=\"lightbox-gallery-1\"><img loading=\"lazy\" decoding=\"async\" width=\"150\" height=\"150\" src=\"https:\/\/taschenfreak.de\/blog\/wp-content\/uploads\/2015\/08\/20150813-012-AuA-COV-7000N-Beige-150x150.jpg\" class=\"attachment-thumbnail size-thumbnail\" alt=\"\" srcset=\"https:\/\/taschenfreak.de\/blog\/wp-content\/uploads\/2015\/08\/20150813-012-AuA-COV-7000N-Beige-150x150.jpg 150w, https:\/\/taschenfreak.de\/blog\/wp-content\/uploads\/2015\/08\/20150813-012-AuA-COV-7000N-Beige-144x144.jpg 144w\" sizes=\"auto, (max-width: 150px) 100vw, 150px\" \/><\/a>\n\t\t\t<\/div><\/figure><figure class='gallery-item'>\n\t\t\t<div class='gallery-icon landscape'>\n\t\t\t\t<a href='https:\/\/taschenfreak.de\/blog\/wp-content\/uploads\/2015\/08\/20150813-013-AuA-COV-7000N-Beige.jpg' title=\"\" data-rl_title=\"\" class=\"rl-gallery-link\" data-rl_caption=\"\" data-rel=\"lightbox-gallery-1\"><img loading=\"lazy\" decoding=\"async\" width=\"150\" height=\"150\" src=\"https:\/\/taschenfreak.de\/blog\/wp-content\/uploads\/2015\/08\/20150813-013-AuA-COV-7000N-Beige-150x150.jpg\" class=\"attachment-thumbnail size-thumbnail\" alt=\"\" srcset=\"https:\/\/taschenfreak.de\/blog\/wp-content\/uploads\/2015\/08\/20150813-013-AuA-COV-7000N-Beige-150x150.jpg 150w, https:\/\/taschenfreak.de\/blog\/wp-content\/uploads\/2015\/08\/20150813-013-AuA-COV-7000N-Beige-144x144.jpg 144w\" sizes=\"auto, (max-width: 150px) 100vw, 150px\" \/><\/a>\n\t\t\t<\/div><\/figure><figure class='gallery-item'>\n\t\t\t<div class='gallery-icon landscape'>\n\t\t\t\t<a href='https:\/\/taschenfreak.de\/blog\/wp-content\/uploads\/2015\/08\/20150813-014-AuA-COV-7000N-Beige.jpg' title=\"\" data-rl_title=\"\" class=\"rl-gallery-link\" data-rl_caption=\"\" data-rel=\"lightbox-gallery-1\"><img loading=\"lazy\" decoding=\"async\" width=\"150\" height=\"150\" src=\"https:\/\/taschenfreak.de\/blog\/wp-content\/uploads\/2015\/08\/20150813-014-AuA-COV-7000N-Beige-150x150.jpg\" class=\"attachment-thumbnail size-thumbnail\" alt=\"\" srcset=\"https:\/\/taschenfreak.de\/blog\/wp-content\/uploads\/2015\/08\/20150813-014-AuA-COV-7000N-Beige-150x150.jpg 150w, https:\/\/taschenfreak.de\/blog\/wp-content\/uploads\/2015\/08\/20150813-014-AuA-COV-7000N-Beige-144x144.jpg 144w\" sizes=\"auto, (max-width: 150px) 100vw, 150px\" \/><\/a>\n\t\t\t<\/div><\/figure><figure class='gallery-item'>\n\t\t\t<div class='gallery-icon landscape'>\n\t\t\t\t<a href='https:\/\/taschenfreak.de\/blog\/wp-content\/uploads\/2015\/08\/20150813-015-AuA-COV-7000N-Beige.jpg' title=\"\" data-rl_title=\"\" class=\"rl-gallery-link\" data-rl_caption=\"\" data-rel=\"lightbox-gallery-1\"><img loading=\"lazy\" decoding=\"async\" width=\"150\" height=\"150\" src=\"https:\/\/taschenfreak.de\/blog\/wp-content\/uploads\/2015\/08\/20150813-015-AuA-COV-7000N-Beige-150x150.jpg\" class=\"attachment-thumbnail size-thumbnail\" alt=\"\" srcset=\"https:\/\/taschenfreak.de\/blog\/wp-content\/uploads\/2015\/08\/20150813-015-AuA-COV-7000N-Beige-150x150.jpg 150w, https:\/\/taschenfreak.de\/blog\/wp-content\/uploads\/2015\/08\/20150813-015-AuA-COV-7000N-Beige-144x144.jpg 144w\" sizes=\"auto, (max-width: 150px) 100vw, 150px\" \/><\/a>\n\t\t\t<\/div><\/figure><figure class='gallery-item'>\n\t\t\t<div class='gallery-icon landscape'>\n\t\t\t\t<a href='https:\/\/taschenfreak.de\/blog\/wp-content\/uploads\/2015\/08\/20150813-016-AuA-COV-7000N-Beige.jpg' title=\"\" data-rl_title=\"\" class=\"rl-gallery-link\" data-rl_caption=\"\" data-rel=\"lightbox-gallery-1\"><img loading=\"lazy\" decoding=\"async\" width=\"150\" height=\"150\" src=\"https:\/\/taschenfreak.de\/blog\/wp-content\/uploads\/2015\/08\/20150813-016-AuA-COV-7000N-Beige-150x150.jpg\" class=\"attachment-thumbnail size-thumbnail\" alt=\"\" srcset=\"https:\/\/taschenfreak.de\/blog\/wp-content\/uploads\/2015\/08\/20150813-016-AuA-COV-7000N-Beige-150x150.jpg 150w, https:\/\/taschenfreak.de\/blog\/wp-content\/uploads\/2015\/08\/20150813-016-AuA-COV-7000N-Beige-144x144.jpg 144w\" sizes=\"auto, (max-width: 150px) 100vw, 150px\" \/><\/a>\n\t\t\t<\/div><\/figure><figure class='gallery-item'>\n\t\t\t<div class='gallery-icon landscape'>\n\t\t\t\t<a href='https:\/\/taschenfreak.de\/blog\/wp-content\/uploads\/2015\/08\/20150813-017-AuA-COV-7000N-Beige.jpg' title=\"\" data-rl_title=\"\" class=\"rl-gallery-link\" data-rl_caption=\"\" data-rel=\"lightbox-gallery-1\"><img loading=\"lazy\" decoding=\"async\" width=\"150\" height=\"150\" src=\"https:\/\/taschenfreak.de\/blog\/wp-content\/uploads\/2015\/08\/20150813-017-AuA-COV-7000N-Beige-150x150.jpg\" class=\"attachment-thumbnail size-thumbnail\" alt=\"\" srcset=\"https:\/\/taschenfreak.de\/blog\/wp-content\/uploads\/2015\/08\/20150813-017-AuA-COV-7000N-Beige-150x150.jpg 150w, https:\/\/taschenfreak.de\/blog\/wp-content\/uploads\/2015\/08\/20150813-017-AuA-COV-7000N-Beige-144x144.jpg 144w\" sizes=\"auto, (max-width: 150px) 100vw, 150px\" \/><\/a>\n\t\t\t<\/div><\/figure><figure class='gallery-item'>\n\t\t\t<div class='gallery-icon landscape'>\n\t\t\t\t<a href='https:\/\/taschenfreak.de\/blog\/wp-content\/uploads\/2015\/08\/20150813-018-AuA-COV-7000N-Beige.jpg' title=\"\" data-rl_title=\"\" class=\"rl-gallery-link\" data-rl_caption=\"\" data-rel=\"lightbox-gallery-1\"><img loading=\"lazy\" decoding=\"async\" width=\"150\" height=\"150\" src=\"https:\/\/taschenfreak.de\/blog\/wp-content\/uploads\/2015\/08\/20150813-018-AuA-COV-7000N-Beige-150x150.jpg\" class=\"attachment-thumbnail size-thumbnail\" alt=\"\" srcset=\"https:\/\/taschenfreak.de\/blog\/wp-content\/uploads\/2015\/08\/20150813-018-AuA-COV-7000N-Beige-150x150.jpg 150w, https:\/\/taschenfreak.de\/blog\/wp-content\/uploads\/2015\/08\/20150813-018-AuA-COV-7000N-Beige-144x144.jpg 144w\" sizes=\"auto, (max-width: 150px) 100vw, 150px\" \/><\/a>\n\t\t\t<\/div><\/figure>\n\t\t<\/div>\n\n<p>Die <a href=\"http:\/\/www.monochrom.com\/Artisanamp;Artist-COV-7000N-Beige.htm?websale8=mono-c&amp;pi=32807\" target=\"_blank\">Artisan &amp; Artist COV 7000N Beige<\/a> ist eine wirklich schicke aber auch sehr funktionale Foto-Schultertasche aus Segeltuch oder einem \u00e4hnlichen sehr edlen Material. Die Tasche wirkt aber auf mich, als ob sie nicht nur schick, sondern auch robust ist und einiges &#8222;einstecken&#8220; kann. Das kann ich aber in einer solch kurzen Begutachtung nicht wirklich testen und will ich auch nicht testen, da ich den H\u00e4ndlern und Herstellern die Taschen gerne in einem &#8222;Verkaufsf\u00e4higen&#8220; Zustand zur\u00fcckschicke.<\/p>\n<p>Die Daten der Tasche sind laut H\u00e4ndler:<\/p>\n<ul>\n<li>Material: Segeltuch\/Nylon\/Leder<\/li>\n<li>Farbe: Beige &#8211; limitierte Auflage<\/li>\n<li>Au\u00dfenma\u00dfe: B x H x T: 35 x 27 x 11 cm<\/li>\n<li>Innenma\u00dfe B x H x T: 32 x\u00a020 x 9 cm<\/li>\n<li>Gewicht: 1,1kg<\/li>\n<\/ul>\n<p>Der Deckel der Schultertasche ist mit einem Rei\u00dfverschluss gesch\u00fctzt der mit einem Knopfelement gegen versehentliches \u00d6ffnen gesch\u00fctzt werden kann. Damit der Rei\u00dfverschluss innen nicht am Equipment kratzt ist dieser nochmal mit einer roten Schutzlasche versehen, die auch sicher eindringen von Wasser bei einem kurzen Regen verhindern wird.<\/p>\n<p>Die Tasche verf\u00fcgt \u00fcber Metallf\u00fc\u00dfe, so das der helle Stoffboden nicht direkt auf der Stra\u00dfe oder dem Untergrund steht und somit die Wahrscheinlichkeit das dieser Taschenboden Flecken bekommt, etwas minimiert wird. Ob das wirklich so funktioniert wird man aber erst in der echten Praxis feststellen.<\/p>\n<p>Das herausnehmbare Fototaschen-Insert macht einen guten Job und ist stark gepolstert und sch\u00fctzt das Equipment sehr gut.<\/p>\n<p>Wir haben in diese Tasche zum Testen reingepackt:<\/p>\n<ul>\n<li>Sony A7R II mit Sony SEL\u00a024-240mm<br \/>\n(hier ginge auch eine kleine DSLR wie eine Canon 1xxx oder Nikon 3xxx \/ 5xxx hinein)<\/li>\n<li>Sony 90 2.8 Makro<br \/>\n(hier ginge auch ein Canon\/Nikon 55-200\/70-300\u00a0hinein)<\/li>\n<li>Sony\u00a0Zeiss 16-35<br \/>\n(hier ginge auch ein Canon\/Nikon 28 1.8 oder 85 1.8\u00a0hinein)<\/li>\n<li>Akkus<\/li>\n<li>Speicherkarten<\/li>\n<\/ul>\n<p>Das ist schon ordentlich. Ein Tablet kann man gut zwischen Fototaschen-Insert und Au\u00dfenh\u00fclle verstauen. Die Au\u00dfenh\u00fclle hat innen auch noch Innentaschen und eine davon ist mit einem Rei\u00dfverschluss zu verschlie\u00dfen &#8211; gut f\u00fcr Geldbeutel oder Autoschl\u00fcssel.<\/p>\n<p>Der Umh\u00e4ngegurt ist in der L\u00e4nge verstellbar und abnehmbar. Die Tasche hat zudem Griffe mit denen man sich auch mal eben umstellen kann ohne die gleich immer \u00fcber die Schulter werfen zu m\u00fcssen. Das genau vermisse ich \u00fcbrigens bei nahezu allen Fototaschen. Fehlt mir oft!<\/p>\n<p>Diese schicke <a href=\"http:\/\/www.monochrom.com\/Artisanamp;Artist-COV-7000N-Camera-Bag-Black.htm?websale8=mono-c&amp;pi=32806\" target=\"_blank\">Tasche ist auch in Schwarz erh\u00e4ltlich<\/a>.<\/p>\n<p>Und liebe Taschenfreak-Leserinnen, wie gef\u00e4llt Euch diese Tasche?<\/p>\n<p>Sch\u00f6ne Gr\u00fc\u00dfe &#8211; Euer Taschenfreak &#8211; J\u00f6rg Langer<\/p>\n<p>p.s.: Vielen Dank an das <a href=\"http:\/\/www.monochrom.com\/\" target=\"_blank\">Monochrom-Team<\/a> die mir diese und auch die <a href=\"https:\/\/taschenfreak.de\/blog\/2015\/08\/18\/artisan-artist-rr4-05c-navy-blue-in-der-begutachtung-beim-taschenfreak\/\" target=\"_blank\">andere Artisan &amp; Artist Tasche<\/a> leihweise zur Verf\u00fcgung gestellt haben.<\/p>\n","protected":false},"excerpt":{"rendered":"<p>Wie oft h\u00f6re ich &#8211; nicht nur von meiner eigenen Ehefrau &#8211; zu h\u00f6ren das es viel zu viele Fototaschen f\u00fcr &#8222;Kerle&#8220; gibt und es viel zu wenige Taschen, die auch eine Frau gerne tragen und zeigen m\u00f6chte, auf dem Fototaschenmarkt gibt. &#8230;<\/p>\n","protected":false},"author":3,"featured_media":0,"comment_status":"open","ping_status":"open","sticky":false,"template":"","format":"standard","meta":{"ngg_post_thumbnail":0,"_jetpack_memberships_contains_paid_content":false,"footnotes":"","_links_to":"","_links_to_target":""},"categories":[1233,11],"tags":[1041,1043,843,1040,1042,1065,1050],"class_list":["post-3422","post","type-post","status-publish","format-standard","hentry","category-damen-fototaschen","category-schultertasche","tag-artisan-artist","tag-beige","tag-fototasche-fuer-fotografinnen","tag-frauen","tag-leihweise","tag-monochrom","tag-schultertasche"],"jetpack_featured_media_url":"","jetpack_shortlink":"https:\/\/wp.me\/p4GMND-Tc","jetpack_sharing_enabled":true,"_links":{"self":[{"href":"https:\/\/taschenfreak.de\/blog\/wp-json\/wp\/v2\/posts\/3422","targetHints":{"allow":["GET"]}}],"collection":[{"href":"https:\/\/taschenfreak.de\/blog\/wp-json\/wp\/v2\/posts"}],"about":[{"href":"https:\/\/taschenfreak.de\/blog\/wp-json\/wp\/v2\/types\/post"}],"author":[{"embeddable":true,"href":"https:\/\/taschenfreak.de\/blog\/wp-json\/wp\/v2\/users\/3"}],"replies":[{"embeddable":true,"href":"https:\/\/taschenfreak.de\/blog\/wp-json\/wp\/v2\/comments?post=3422"}],"version-history":[{"count":0,"href":"https:\/\/taschenfreak.de\/blog\/wp-json\/wp\/v2\/posts\/3422\/revisions"}],"wp:attachment":[{"href":"https:\/\/taschenfreak.de\/blog\/wp-json\/wp\/v2\/media?parent=3422"}],"wp:term":[{"taxonomy":"category","embeddable":true,"href":"https:\/\/taschenfreak.de\/blog\/wp-json\/wp\/v2\/categories?post=3422"},{"taxonomy":"post_tag","embeddable":true,"href":"https:\/\/taschenfreak.de\/blog\/wp-json\/wp\/v2\/tags?post=3422"}],"curies":[{"name":"wp","href":"https:\/\/api.w.org\/{rel}","templated":true}]}}