{"id":3496,"date":"2015-08-24T16:02:17","date_gmt":"2015-08-24T14:02:17","guid":{"rendered":"http:\/\/taschenfreak.de\/blog\/?p=3496"},"modified":"2015-08-24T16:02:17","modified_gmt":"2015-08-24T14:02:17","slug":"packbeispiel-evoc-sports-cp-35l","status":"publish","type":"post","link":"https:\/\/taschenfreak.de\/blog\/2015\/08\/24\/packbeispiel-evoc-sports-cp-35l\/","title":{"rendered":"Packbeispiel: EVOC Sports CP 35L"},"content":{"rendered":"<p>Schon vor einigen Wochen hat uns Dirk Reps zwei Bilder seines <strong>EVOC Sports CP 35L<\/strong> geschickt die wir Euch als Packbeispiele gerne zeigen m\u00f6chten. Dirk schreibt zu den beiden Bildern folgendes:<\/p>\n<blockquote><p>Ich habe mal wieder was f\u00fcr euch\u2026<\/p>\n<p><strong>EVOC Sports CP 35L<\/strong><\/p>\n<p>Das hier geht rein&#8230;<\/p>\n<ul>\n<li>Canon 1D4 mit 70-200 2,8<\/li>\n<li>Canon 24-70 2,8<\/li>\n<li>Canon 16-35 2,8<\/li>\n<li>Canon 8-15 4,0 Fisheye<\/li>\n<li>Canon 24 3,5 Tilt-Shift<\/li>\n<li>Canon 24 1,4<\/li>\n<li>Canon 50 1,2<\/li>\n<li>Canon 85 1,8<\/li>\n<li>Canon 5D3<\/li>\n<li>Straps<\/li>\n<li>Canon 300 2,8<\/li>\n<\/ul>\n<p>Bitte schreibt als Urheber meine <a href=\"http:\/\/www.facebook.com\/drphotographie\" target=\"_blank\">Facebookseite <\/a>rein.<\/p>\n<p><a  href=\"https:\/\/taschenfreak.de\/blog\/wp-content\/uploads\/2015\/08\/EVOC_-SportsCP_35L_Dirk_Reps_01.jpg\" data-rel=\"lightbox-gallery-0\" data-rl_title=\"\" data-rl_caption=\"\" title=\"\"><img loading=\"lazy\" decoding=\"async\" class=\"alignnone size-full wp-image-3497\" src=\"https:\/\/taschenfreak.de\/blog\/wp-content\/uploads\/2015\/08\/EVOC_-SportsCP_35L_Dirk_Reps_01.jpg\" alt=\"EVOC_ SportsCP_35L_Dirk_Reps_01\" width=\"750\" height=\"1000\" srcset=\"https:\/\/taschenfreak.de\/blog\/wp-content\/uploads\/2015\/08\/EVOC_-SportsCP_35L_Dirk_Reps_01.jpg 750w, https:\/\/taschenfreak.de\/blog\/wp-content\/uploads\/2015\/08\/EVOC_-SportsCP_35L_Dirk_Reps_01-225x300.jpg 225w, https:\/\/taschenfreak.de\/blog\/wp-content\/uploads\/2015\/08\/EVOC_-SportsCP_35L_Dirk_Reps_01-300x400.jpg 300w\" sizes=\"auto, (max-width: 750px) 100vw, 750px\" \/><\/a> <a  href=\"https:\/\/taschenfreak.de\/blog\/wp-content\/uploads\/2015\/08\/EVOC_-SportsCP_35L_Dirk_Reps_02.jpg\" data-rel=\"lightbox-gallery-0\" data-rl_title=\"\" data-rl_caption=\"\" title=\"\"><img loading=\"lazy\" decoding=\"async\" class=\"alignnone size-full wp-image-3498\" src=\"https:\/\/taschenfreak.de\/blog\/wp-content\/uploads\/2015\/08\/EVOC_-SportsCP_35L_Dirk_Reps_02.jpg\" alt=\"EVOC_ SportsCP_35L_Dirk_Reps_02\" width=\"750\" height=\"1000\" srcset=\"https:\/\/taschenfreak.de\/blog\/wp-content\/uploads\/2015\/08\/EVOC_-SportsCP_35L_Dirk_Reps_02.jpg 750w, https:\/\/taschenfreak.de\/blog\/wp-content\/uploads\/2015\/08\/EVOC_-SportsCP_35L_Dirk_Reps_02-225x300.jpg 225w, https:\/\/taschenfreak.de\/blog\/wp-content\/uploads\/2015\/08\/EVOC_-SportsCP_35L_Dirk_Reps_02-300x400.jpg 300w\" sizes=\"auto, (max-width: 750px) 100vw, 750px\" \/><\/a><\/p><\/blockquote>\n<p>Vielen Dank Dirk! Das ist mal ne nette Beladung&#8230;<\/p>\n<p>Sch\u00f6ne Gr\u00fc\u00dfe &#8211; Euer Taschenfreak &#8211; J\u00f6rg Langer<\/p>\n","protected":false},"excerpt":{"rendered":"<p>Schon vor einigen Wochen hat uns Dirk Reps zwei Bilder seines EVOC Sports CP 35L geschickt die wir Euch als Packbeispiele gerne zeigen m\u00f6chten. Dirk schreibt zu den beiden Bildern folgendes:<\/p>\n","protected":false},"author":3,"featured_media":0,"comment_status":"open","ping_status":"open","sticky":false,"template":"","format":"standard","meta":{"ngg_post_thumbnail":0,"_jetpack_memberships_contains_paid_content":false,"footnotes":"","_links_to":"","_links_to_target":""},"categories":[1],"tags":[1113,1112,48,1047,1114],"class_list":["post-3496","post","type-post","status-publish","format-standard","hentry","category-allgemein","tag-evoc","tag-evoc-sports-cp-35l","tag-packbeispiel","tag-rucksack","tag-sports-cp-35l"],"jetpack_featured_media_url":"","jetpack_shortlink":"https:\/\/wp.me\/p4GMND-Uo","jetpack_sharing_enabled":true,"_links":{"self":[{"href":"https:\/\/taschenfreak.de\/blog\/wp-json\/wp\/v2\/posts\/3496","targetHints":{"allow":["GET"]}}],"collection":[{"href":"https:\/\/taschenfreak.de\/blog\/wp-json\/wp\/v2\/posts"}],"about":[{"href":"https:\/\/taschenfreak.de\/blog\/wp-json\/wp\/v2\/types\/post"}],"author":[{"embeddable":true,"href":"https:\/\/taschenfreak.de\/blog\/wp-json\/wp\/v2\/users\/3"}],"replies":[{"embeddable":true,"href":"https:\/\/taschenfreak.de\/blog\/wp-json\/wp\/v2\/comments?post=3496"}],"version-history":[{"count":0,"href":"https:\/\/taschenfreak.de\/blog\/wp-json\/wp\/v2\/posts\/3496\/revisions"}],"wp:attachment":[{"href":"https:\/\/taschenfreak.de\/blog\/wp-json\/wp\/v2\/media?parent=3496"}],"wp:term":[{"taxonomy":"category","embeddable":true,"href":"https:\/\/taschenfreak.de\/blog\/wp-json\/wp\/v2\/categories?post=3496"},{"taxonomy":"post_tag","embeddable":true,"href":"https:\/\/taschenfreak.de\/blog\/wp-json\/wp\/v2\/tags?post=3496"}],"curies":[{"name":"wp","href":"https:\/\/api.w.org\/{rel}","templated":true}]}}