{"id":3665,"date":"2015-08-30T16:51:03","date_gmt":"2015-08-30T14:51:03","guid":{"rendered":"http:\/\/taschenfreak.de\/blog\/?p=3665"},"modified":"2015-08-30T18:54:22","modified_gmt":"2015-08-30T16:54:22","slug":"versteigere-fotorucksack-bloggerfuerfluechtlinge","status":"publish","type":"post","link":"https:\/\/taschenfreak.de\/blog\/2015\/08\/30\/versteigere-fotorucksack-bloggerfuerfluechtlinge\/","title":{"rendered":"Ich versteigere einen nagelneuen Fotorucksack f\u00fcr Fl\u00fcchtlinge &#8211; MACH MIT! #BloggerfuerFluechtlinge"},"content":{"rendered":"<p><a href=\"http:\/\/www.blogger-fuer-fluechtlinge.de\/spenden\/\"><img loading=\"lazy\" decoding=\"async\" class=\"alignright size-thumbnail wp-image-3666\" src=\"https:\/\/taschenfreak.de\/blog\/wp-content\/uploads\/2015\/08\/BFF_1508_ButtonSW2-300x300-150x150.png\" alt=\"BFF_1508_ButtonSW2-300x300\" width=\"150\" height=\"150\" srcset=\"https:\/\/taschenfreak.de\/blog\/wp-content\/uploads\/2015\/08\/BFF_1508_ButtonSW2-300x300-150x150.png 150w, https:\/\/taschenfreak.de\/blog\/wp-content\/uploads\/2015\/08\/BFF_1508_ButtonSW2-300x300.png 300w, https:\/\/taschenfreak.de\/blog\/wp-content\/uploads\/2015\/08\/BFF_1508_ButtonSW2-300x300-144x144.png 144w\" sizes=\"auto, (max-width: 150px) 100vw, 150px\" \/><\/a>Laut meinemWebhoster habe ich im Monat etwa 2,5 bis 3 Millionen Zugriffe auf Taschenfreak.de &#8211; diese Zugriffe und diesen Traffic m\u00f6chte ich gerne einsetzen um f\u00fcr eine mir pers\u00f6nlich wichtige Sache zu werben &#8211; <strong><a href=\"https:\/\/www.betterplace.org\/de\/fundraising-events\/bloggerfuerfluechtlingei\" target=\"_blank\">Menschen f\u00fcr Menschen &#8211; Blogger f\u00fcr Fl\u00fcchtlinge!<\/a><\/strong><\/p>\n<p><strong>Was in unserem Land passiert &#8211; darf nicht passieren. Kein Mensch ist illegal. Ende der Diskussion!<\/strong><\/p>\n<p>Da mir als Taschenfreak, das eine oder andere Mal auch\u00a0gutes getan wird in Form von Mustern, Samples oder auch nur einem Nachlass auf selbst gekaufte Fototasche, m\u00f6chte ich hiermit die Fl\u00fcchtlinge &#8211; und zwar die es wirklich brauchen &#8211; Supporten und einen\u00a0nagelneuen Fotorucksack &#8211; einen <strong>ClikElite Cloudscape<\/strong> zu diesem Zweck versteigern \u00fcber meinen Blog Taschenfreak.de.<\/p>\n<div id='gallery-1' class='gallery galleryid-3665 gallery-columns-3 gallery-size-thumbnail'><figure class='gallery-item'>\n\t\t\t<div class='gallery-icon landscape'>\n\t\t\t\t<a href='https:\/\/taschenfreak.de\/blog\/wp-content\/uploads\/2015\/08\/20150830-003-ClikElite_Cloudscape20_Black1.jpg' title=\"\" data-rl_title=\"\" class=\"rl-gallery-link\" data-rl_caption=\"\" data-rel=\"lightbox-gallery-1\"><img loading=\"lazy\" decoding=\"async\" width=\"150\" height=\"150\" src=\"https:\/\/taschenfreak.de\/blog\/wp-content\/uploads\/2015\/08\/20150830-003-ClikElite_Cloudscape20_Black1-150x150.jpg\" class=\"attachment-thumbnail size-thumbnail\" alt=\"\" srcset=\"https:\/\/taschenfreak.de\/blog\/wp-content\/uploads\/2015\/08\/20150830-003-ClikElite_Cloudscape20_Black1-150x150.jpg 150w, https:\/\/taschenfreak.de\/blog\/wp-content\/uploads\/2015\/08\/20150830-003-ClikElite_Cloudscape20_Black1-144x144.jpg 144w\" sizes=\"auto, (max-width: 150px) 100vw, 150px\" \/><\/a>\n\t\t\t<\/div><\/figure><figure class='gallery-item'>\n\t\t\t<div class='gallery-icon landscape'>\n\t\t\t\t<a href='https:\/\/taschenfreak.de\/blog\/wp-content\/uploads\/2015\/08\/20150830-002-ClikElite_Cloudscape20_Black.jpg' title=\"\" data-rl_title=\"\" class=\"rl-gallery-link\" data-rl_caption=\"\" data-rel=\"lightbox-gallery-1\"><img loading=\"lazy\" decoding=\"async\" width=\"150\" height=\"150\" src=\"https:\/\/taschenfreak.de\/blog\/wp-content\/uploads\/2015\/08\/20150830-002-ClikElite_Cloudscape20_Black-150x150.jpg\" class=\"attachment-thumbnail size-thumbnail\" alt=\"\" srcset=\"https:\/\/taschenfreak.de\/blog\/wp-content\/uploads\/2015\/08\/20150830-002-ClikElite_Cloudscape20_Black-150x150.jpg 150w, https:\/\/taschenfreak.de\/blog\/wp-content\/uploads\/2015\/08\/20150830-002-ClikElite_Cloudscape20_Black-144x144.jpg 144w\" sizes=\"auto, (max-width: 150px) 100vw, 150px\" \/><\/a>\n\t\t\t<\/div><\/figure><figure class='gallery-item'>\n\t\t\t<div class='gallery-icon landscape'>\n\t\t\t\t<a href='https:\/\/taschenfreak.de\/blog\/wp-content\/uploads\/2015\/08\/20150830-013-ClikElite_Cloudscape20_Black.jpg' title=\"\" data-rl_title=\"\" class=\"rl-gallery-link\" data-rl_caption=\"\" data-rel=\"lightbox-gallery-1\"><img loading=\"lazy\" decoding=\"async\" width=\"150\" height=\"150\" src=\"https:\/\/taschenfreak.de\/blog\/wp-content\/uploads\/2015\/08\/20150830-013-ClikElite_Cloudscape20_Black-150x150.jpg\" class=\"attachment-thumbnail size-thumbnail\" alt=\"\" srcset=\"https:\/\/taschenfreak.de\/blog\/wp-content\/uploads\/2015\/08\/20150830-013-ClikElite_Cloudscape20_Black-150x150.jpg 150w, https:\/\/taschenfreak.de\/blog\/wp-content\/uploads\/2015\/08\/20150830-013-ClikElite_Cloudscape20_Black-144x144.jpg 144w\" sizes=\"auto, (max-width: 150px) 100vw, 150px\" \/><\/a>\n\t\t\t<\/div><\/figure><figure class='gallery-item'>\n\t\t\t<div class='gallery-icon landscape'>\n\t\t\t\t<a href='https:\/\/taschenfreak.de\/blog\/wp-content\/uploads\/2015\/08\/20150830-030-ClikElite_Cloudscape20_Black.jpg' title=\"\" data-rl_title=\"\" class=\"rl-gallery-link\" data-rl_caption=\"\" data-rel=\"lightbox-gallery-1\"><img loading=\"lazy\" decoding=\"async\" width=\"150\" height=\"150\" src=\"https:\/\/taschenfreak.de\/blog\/wp-content\/uploads\/2015\/08\/20150830-030-ClikElite_Cloudscape20_Black-150x150.jpg\" class=\"attachment-thumbnail size-thumbnail\" alt=\"\" srcset=\"https:\/\/taschenfreak.de\/blog\/wp-content\/uploads\/2015\/08\/20150830-030-ClikElite_Cloudscape20_Black-150x150.jpg 150w, https:\/\/taschenfreak.de\/blog\/wp-content\/uploads\/2015\/08\/20150830-030-ClikElite_Cloudscape20_Black-144x144.jpg 144w\" sizes=\"auto, (max-width: 150px) 100vw, 150px\" \/><\/a>\n\t\t\t<\/div><\/figure><figure class='gallery-item'>\n\t\t\t<div class='gallery-icon landscape'>\n\t\t\t\t<a href='https:\/\/taschenfreak.de\/blog\/wp-content\/uploads\/2015\/08\/20150830-001-ClikElite_Cloudscape20_Black.jpg' title=\"\" data-rl_title=\"\" class=\"rl-gallery-link\" data-rl_caption=\"\" data-rel=\"lightbox-gallery-1\"><img loading=\"lazy\" decoding=\"async\" width=\"150\" height=\"150\" src=\"https:\/\/taschenfreak.de\/blog\/wp-content\/uploads\/2015\/08\/20150830-001-ClikElite_Cloudscape20_Black-150x150.jpg\" class=\"attachment-thumbnail size-thumbnail\" alt=\"\" srcset=\"https:\/\/taschenfreak.de\/blog\/wp-content\/uploads\/2015\/08\/20150830-001-ClikElite_Cloudscape20_Black-150x150.jpg 150w, https:\/\/taschenfreak.de\/blog\/wp-content\/uploads\/2015\/08\/20150830-001-ClikElite_Cloudscape20_Black-144x144.jpg 144w\" sizes=\"auto, (max-width: 150px) 100vw, 150px\" \/><\/a>\n\t\t\t<\/div><\/figure><figure class='gallery-item'>\n\t\t\t<div class='gallery-icon landscape'>\n\t\t\t\t<a href='https:\/\/taschenfreak.de\/blog\/wp-content\/uploads\/2015\/08\/20150830-023-ClikElite_Cloudscape20_Black.jpg' title=\"\" data-rl_title=\"\" class=\"rl-gallery-link\" data-rl_caption=\"\" data-rel=\"lightbox-gallery-1\"><img loading=\"lazy\" decoding=\"async\" width=\"150\" height=\"150\" src=\"https:\/\/taschenfreak.de\/blog\/wp-content\/uploads\/2015\/08\/20150830-023-ClikElite_Cloudscape20_Black-150x150.jpg\" class=\"attachment-thumbnail size-thumbnail\" alt=\"\" srcset=\"https:\/\/taschenfreak.de\/blog\/wp-content\/uploads\/2015\/08\/20150830-023-ClikElite_Cloudscape20_Black-150x150.jpg 150w, https:\/\/taschenfreak.de\/blog\/wp-content\/uploads\/2015\/08\/20150830-023-ClikElite_Cloudscape20_Black-144x144.jpg 144w\" sizes=\"auto, (max-width: 150px) 100vw, 150px\" \/><\/a>\n\t\t\t<\/div><\/figure>\n\t\t<\/div>\n\n<p>Der Rucksack hat einen Wert von 169 Euro. Als Startpreis setze ich 50 Euro an. Sollten diese 50 Euro nicht zusammen kommen spende ich diese aus eigener Tasche udn schenke den Rucksack einem Fl\u00fcchtling. Ich hoffe aber sehr das hier mehr bei rum kommt?!<\/p>\n<p>Vielleicht sogar der eine oder andere H\u00e4ndler und Hersteller hier mit macht. So habt Ihr Hersteller und H\u00e4ndler die einmalige Chance einen Wettbewerbsrucksack ganz legal aus dem Verkehr zu ziehen. \ud83d\ude42<\/p>\n<p><a  href=\"https:\/\/taschenfreak.de\/blog\/wp-content\/uploads\/2015\/08\/20150830-005-ClikElite_Cloudscape20_Black.jpg\" data-rel=\"lightbox-gallery-1\" data-rl_title=\"\" data-rl_caption=\"\" title=\"\"><img loading=\"lazy\" decoding=\"async\" class=\"alignnone wp-image-3635 size-full\" src=\"https:\/\/taschenfreak.de\/blog\/wp-content\/uploads\/2015\/08\/20150830-005-ClikElite_Cloudscape20_Black.jpg\" alt=\"20150830-005-ClikElite_Cloudscape20_Black\" width=\"1000\" height=\"667\" srcset=\"https:\/\/taschenfreak.de\/blog\/wp-content\/uploads\/2015\/08\/20150830-005-ClikElite_Cloudscape20_Black.jpg 1000w, https:\/\/taschenfreak.de\/blog\/wp-content\/uploads\/2015\/08\/20150830-005-ClikElite_Cloudscape20_Black-300x200.jpg 300w, https:\/\/taschenfreak.de\/blog\/wp-content\/uploads\/2015\/08\/20150830-005-ClikElite_Cloudscape20_Black-900x600.jpg 900w\" sizes=\"auto, (max-width: 1000px) 100vw, 1000px\" \/><\/a><\/p>\n<p><strong>Also was muss gemacht werden?<\/strong><\/p>\n<ol>\n<li>Ihr tragt hier unten im Kommentarfeld den Betrag ein den Ihr daf\u00fcr spendet.<\/li>\n<li>Ich lasse diese Aktion bis zum n\u00e4chsten Sonntag 06.09. 20:00 laufen!<\/li>\n<li>Der letzte der bis um 19:59:59 Uhr sein &#8222;Gebot&#8220; abgegeben hat als Kommentar unten hat dann eine Woche Zeit die gebotene Summe mir zu \u00fcberweisen und ich \u00fcberweise umgehend weiter an die <a href=\"https:\/\/www.betterplace.org\/de\/fundraising-events\/bloggerfuerfluechtlingei\">Fl\u00fcchtlingshilfe<\/a>\u00a0&#8211;<a href=\"https:\/\/www.betterplace.org\/de\/fundraising-events\/bloggerfuerfluechtlingei\"> Blogger f\u00fcr Fl\u00fcchtlinge &#8211; Menschen f\u00fcr Menschen<\/a>.<\/li>\n<li>Der Rucksack geht sofort am selben Tag wie der \u00dcberweisungseingang bei mir an den H\u00f6chstbietenden!<\/li>\n<\/ol>\n<p>Eure Daten werden streng vertraulich von mir behandelt und ich brauche im Kommentar-Eintrag nur Eure Mailanschrift die au\u00dfer mir sonst niemand sehen kann.<\/p>\n<p><strong>Und jetzt los &#8211; wer macht mit!!!<\/strong><\/p>\n<p>Und sagt jetzt nicht, Ihr d\u00fcrft wegen Eurer Frau oder Eurem Mann keine neue Fototasche kaufen &#8211; diese Ausrede gilt hier nicht!<\/p>\n<p>Wer jetzt sagt oder denkt <em>&#8222;J\u00f6rg, ja aber&#8230;. Du zahlst doch schon genug Steuern, von denen doch auch Fl\u00fcchtlinge&#8230;.&#8220;<\/em> der h\u00e4lt bitte einfach mal die Fresse und geht weiter!<\/p>\n<p><strong>Mir ist diese Aktion sehr wichtig und ich bin sehr gespannt wer von den Stillen Mitlesern der Millionen Hits jeden Monat jetzt endlich den #Mundaufmacht und #Stellungbezieht?<\/strong>!<\/p>\n<p>Sch\u00f6ne Gr\u00fc\u00dfe &#8211; Euer Taschenfreak &#8211; J\u00f6rg Langer<\/p>\n<p>p.s.: den Test und Bericht zu diesem Rucksack findet Ihr <a href=\"https:\/\/taschenfreak.de\/blog\/2015\/08\/30\/sportlich-und-frisch-der-clikelite-cloudscape\/\" target=\"_blank\">HIER<\/a>.<\/p>\n","protected":false},"excerpt":{"rendered":"<p>MITMACHEN &#8211; JETZT! Laut meinemWebhoster habe ich im Monat etwa 2,5 bis 3 Millionen Zugriffe auf Taschenfreak.de &#8211; diese Zugriffe und diesen Traffic m\u00f6chte ich gerne einsetzen um f\u00fcr eine mir pers\u00f6nlich wichtige Sache zu werben &#8211; Menschen f\u00fcr Menschen &#8211; Blogger f\u00fcr Fl\u00fcchtlinge!<\/p>\n","protected":false},"author":3,"featured_media":0,"comment_status":"open","ping_status":"open","sticky":false,"template":"","format":"standard","meta":{"ngg_post_thumbnail":0,"_jetpack_memberships_contains_paid_content":false,"footnotes":"","_links_to":"","_links_to_target":""},"categories":[1],"tags":[1143,1146,1144,1150,1148,1149,1147,1145],"class_list":["post-3665","post","type-post","status-publish","format-standard","hentry","category-allgemein","tag-blogger-fuer-fluechtlinge","tag-fuer-fluechtlinge","tag-menschen-fuer-menschen","tag-mitmachen","tag-mundaufmachen","tag-spenden","tag-stellungbeziehen","tag-versteigerung-fotorucksack"],"jetpack_featured_media_url":"","jetpack_shortlink":"https:\/\/wp.me\/p4GMND-X7","jetpack_sharing_enabled":true,"_links":{"self":[{"href":"https:\/\/taschenfreak.de\/blog\/wp-json\/wp\/v2\/posts\/3665","targetHints":{"allow":["GET"]}}],"collection":[{"href":"https:\/\/taschenfreak.de\/blog\/wp-json\/wp\/v2\/posts"}],"about":[{"href":"https:\/\/taschenfreak.de\/blog\/wp-json\/wp\/v2\/types\/post"}],"author":[{"embeddable":true,"href":"https:\/\/taschenfreak.de\/blog\/wp-json\/wp\/v2\/users\/3"}],"replies":[{"embeddable":true,"href":"https:\/\/taschenfreak.de\/blog\/wp-json\/wp\/v2\/comments?post=3665"}],"version-history":[{"count":0,"href":"https:\/\/taschenfreak.de\/blog\/wp-json\/wp\/v2\/posts\/3665\/revisions"}],"wp:attachment":[{"href":"https:\/\/taschenfreak.de\/blog\/wp-json\/wp\/v2\/media?parent=3665"}],"wp:term":[{"taxonomy":"category","embeddable":true,"href":"https:\/\/taschenfreak.de\/blog\/wp-json\/wp\/v2\/categories?post=3665"},{"taxonomy":"post_tag","embeddable":true,"href":"https:\/\/taschenfreak.de\/blog\/wp-json\/wp\/v2\/tags?post=3665"}],"curies":[{"name":"wp","href":"https:\/\/api.w.org\/{rel}","templated":true}]}}