{"id":37,"date":"2011-08-04T19:31:23","date_gmt":"2011-08-04T17:31:23","guid":{"rendered":"http:\/\/taschenfreak.de\/blog\/?p=37"},"modified":"2011-08-14T16:13:25","modified_gmt":"2011-08-14T14:13:25","slug":"die-nachste-bootstour-kann-kommen-wasserdichte-smartphone-hulle","status":"publish","type":"post","link":"https:\/\/taschenfreak.de\/blog\/2011\/08\/04\/die-nachste-bootstour-kann-kommen-wasserdichte-smartphone-hulle\/","title":{"rendered":"Die n\u00e4chste Bootstour kann kommen &#8211; Wasserdichte Smartphone H\u00fclle"},"content":{"rendered":"<p>Die n\u00e4chste Bootstour kann kommen!<\/p>\n<p><a href=\"http:\/\/www.amazon.de\/gp\/product\/B004SHN5VW?ie=UTF8&amp;tag=taschenfreak-21&amp;linkCode=shr&amp;camp=3206&amp;creative=21426&amp;creativeASIN=B004SHN5VW&amp;ref_=sr_1_1&amp;qid=1312459772&amp;sr=8-1\" target=\"_blank\">Krusell &#8211; SEALABOX Universal wasserdichtes iPhone-Etui &#8211; Schwarz by Krusell <\/a><\/p>\n<p>Meine &#8222;H\u00fclle&#8220; kam heute <em>(nat\u00fcrlich nach dem Urlaub mit dem Boot&#8230;.)<\/em> an.<\/p>\n<p>Ein erster Test zeigt:<\/p>\n<p><span style=\"color: #ffffff;\">.<!--more--><\/span><\/p>\n<ul>\n<li>iPhone 4 geht wunderbar rein (auch mit der verwendeten Dual Sim H\u00fclle)<\/li>\n<li>Wasserdicht unter der Dusche und im Waschbecken<\/li>\n<li>Bedienung funzt noch trotz H\u00fclle<\/li>\n<li>Bilder aus der iPhone Cam sind noch nutzbar<\/li>\n<\/ul>\n<p>Ich habe diese H\u00fclle bei Amazon geordert. <a href=\"http:\/\/www.amazon.de\/gp\/product\/B004SHN5VW?ie=UTF8&amp;tag=taschenfreak-21&amp;linkCode=shr&amp;camp=3206&amp;creative=21426&amp;creativeASIN=B004SHN5VW&amp;ref_=sr_1_1&amp;qid=1312459772&amp;sr=8-1\" target=\"_blank\">KLICK<\/a><\/p>\n<p>Hier habe ich noch einen Videobericht auf Youtube gefunden (nicht von mir!):<\/p>\n<p><object width=\"640\" height=\"390\" classid=\"clsid:d27cdb6e-ae6d-11cf-96b8-444553540000\" codebase=\"http:\/\/download.macromedia.com\/pub\/shockwave\/cabs\/flash\/swflash.cab#version=6,0,40,0\"><param name=\"allowFullScreen\" value=\"true\" \/><param name=\"allowscriptaccess\" value=\"always\" \/><param name=\"src\" value=\"http:\/\/www.youtube.com\/v\/8kolednx3Rs?version=3&amp;hl=de_DE&amp;rel=0\" \/><param name=\"allowfullscreen\" value=\"true\" \/><\/object><\/p>\n<p>Vielleicht ist es f\u00fcr den einen oder anderen von Euch noch nicht zu sp\u00e4t und noch &#8222;vor dem Urlaub&#8220;&#8230;<\/p>\n<p>Euer J\u00f6rg<\/p>\n","protected":false},"excerpt":{"rendered":"<p>Die n\u00e4chste Bootstour kann kommen!<\/p>\n<p>Krusell &#8211; SEALABOX Universal wasserdichtes iPhone-Etui &#8211; Schwarz by Krusell<\/p>\n<p>Meine &#8222;H\u00fclle&#8220; kam heute (nat\u00fcrlich nach dem Urlaub mit dem Boot&#8230;.) an.<\/p>\n","protected":false},"author":3,"featured_media":0,"comment_status":"open","ping_status":"open","sticky":false,"template":"","format":"standard","meta":{"ngg_post_thumbnail":0,"_jetpack_memberships_contains_paid_content":false,"footnotes":"","_links_to":"","_links_to_target":""},"categories":[18,19],"tags":[25,26,27,1053],"class_list":["post-37","post","type-post","status-publish","format-standard","hentry","category-smartphone-taschen","category-wasserfest","tag-iphone","tag-smartphone","tag-urlaub","tag-wasserfest"],"jetpack_featured_media_url":"","jetpack_shortlink":"https:\/\/wp.me\/p4GMND-B","jetpack_sharing_enabled":true,"_links":{"self":[{"href":"https:\/\/taschenfreak.de\/blog\/wp-json\/wp\/v2\/posts\/37","targetHints":{"allow":["GET"]}}],"collection":[{"href":"https:\/\/taschenfreak.de\/blog\/wp-json\/wp\/v2\/posts"}],"about":[{"href":"https:\/\/taschenfreak.de\/blog\/wp-json\/wp\/v2\/types\/post"}],"author":[{"embeddable":true,"href":"https:\/\/taschenfreak.de\/blog\/wp-json\/wp\/v2\/users\/3"}],"replies":[{"embeddable":true,"href":"https:\/\/taschenfreak.de\/blog\/wp-json\/wp\/v2\/comments?post=37"}],"version-history":[{"count":0,"href":"https:\/\/taschenfreak.de\/blog\/wp-json\/wp\/v2\/posts\/37\/revisions"}],"wp:attachment":[{"href":"https:\/\/taschenfreak.de\/blog\/wp-json\/wp\/v2\/media?parent=37"}],"wp:term":[{"taxonomy":"category","embeddable":true,"href":"https:\/\/taschenfreak.de\/blog\/wp-json\/wp\/v2\/categories?post=37"},{"taxonomy":"post_tag","embeddable":true,"href":"https:\/\/taschenfreak.de\/blog\/wp-json\/wp\/v2\/tags?post=37"}],"curies":[{"name":"wp","href":"https:\/\/api.w.org\/{rel}","templated":true}]}}