{"id":40,"date":"2011-08-04T19:42:13","date_gmt":"2011-08-04T17:42:13","guid":{"rendered":"http:\/\/taschenfreak.de\/blog\/?p=40"},"modified":"2011-08-14T16:12:48","modified_gmt":"2011-08-14T14:12:48","slug":"taschenfreak-koenig-litebag2-der-lebensretter-fur-die-ausrustung","status":"publish","type":"post","link":"https:\/\/taschenfreak.de\/blog\/2011\/08\/04\/taschenfreak-koenig-litebag2-der-lebensretter-fur-die-ausrustung\/","title":{"rendered":"Koenig LiteBag2 &#8211; Der Lebensretter f\u00fcr die Ausr\u00fcstung!"},"content":{"rendered":"<p><object width=\"640\" height=\"390\" classid=\"clsid:d27cdb6e-ae6d-11cf-96b8-444553540000\" codebase=\"http:\/\/download.macromedia.com\/pub\/shockwave\/cabs\/flash\/swflash.cab#version=6,0,40,0\"><param name=\"allowFullScreen\" value=\"true\" \/><param name=\"allowscriptaccess\" value=\"always\" \/><param name=\"src\" value=\"http:\/\/www.youtube.com\/v\/klzU77xMGlc?version=3&amp;hl=de_DE&amp;rel=0\" \/><param name=\"allowfullscreen\" value=\"true\" \/><\/object><\/p>\n<p>Ein ausf\u00fchrlicherer Test mit wesentlich mehr Informationen und Testcharakter folgt in den n\u00e4chsten Tagen. &#8222;Stay tuned!&#8220;<\/p>\n<p>Unser Vorab-Fazit:<br \/>\n<strong>ABSOLUTE KAUFEMPFEHLUNG!!!<\/strong><\/p>\n<p><span style=\"color: #ffffff;\">.<!--more--><\/span><\/p>\n<p>F\u00fcr Nutzer die nicht nur bei Sonne oder in der Stadt fotografieren! Mit der Koenig LiteBag2 ist die teure Ausr\u00fcstung auch in der Natur bestm\u00f6glich gesch\u00fctzt!<\/p>\n<p>Vielen Dank an Herr K\u00f6nig f\u00fcr die Teststellung!<\/p>\n<p>Informationen vom Hersteller findet Ihr hier:\u00a0<a href=\"http:\/\/www.koenig-photobags.de\/schultertasche-litebag-2.phtml\" target=\"_blank\">KLICK<\/a><\/p>\n<p>Bestellen k\u00f6nnt Ihr das gute St\u00fcck zum Beispiel bei <a href=\"https:\/\/www.isarfoto.com\/cms.php\/_pid:34468,l:500,pp:0,ps:az,st:K\u00f6nig\/de\/0\/Produkt.html\" target=\"_blank\">ISARFOTO<\/a> in der normalen DSLR Version. Ich hatte die Messsucher Variante im Test speziell f\u00fcr Leica M9, Fuji X100, Leica X1 oder die ganzen Systemkameras ala PEN von Olympus oder Gxx von Panasonic. Diese bitte bei <a href=\"http:\/\/www.koenig-photobags.de\/bestellen.phtml\" target=\"_blank\">K\u00f6nig direkt anfragen<\/a> oder auch per <a href=\"https:\/\/www.isarfoto.com\/cms.php\/de\/0\/Home\/Kontakt\/Geschaeftsleitung.html\" target=\"_blank\">Mail\/Telefon bei ISARFOTO<\/a> erfragen.<\/p>\n<p>Sch\u00f6ne Gr\u00fc\u00dfe &#8211; Euer J\u00f6rg<\/p>\n","protected":false},"excerpt":{"rendered":"<p>Ein ausf\u00fchrlicherer Test mit wesentlich mehr Informationen und Testcharakter folgt in den n\u00e4chsten Tagen. &#8222;Stay tuned!&#8220; Unser Vorab-Fazit: ABSOLUTE KAUFEMPFEHLUNG!!! .<\/p>\n","protected":false},"author":3,"featured_media":0,"comment_status":"open","ping_status":"open","sticky":false,"template":"","format":"standard","meta":{"ngg_post_thumbnail":0,"_jetpack_memberships_contains_paid_content":false,"footnotes":"","_links_to":"","_links_to_target":""},"categories":[11,19],"tags":[20,22,21,1050,1053],"class_list":["post-40","post","type-post","status-publish","format-standard","hentry","category-schultertasche","category-wasserfest","tag-koenig","tag-litebag2","tag-robust","tag-schultertasche","tag-wasserfest"],"jetpack_featured_media_url":"","jetpack_shortlink":"https:\/\/wp.me\/p4GMND-E","jetpack_sharing_enabled":true,"_links":{"self":[{"href":"https:\/\/taschenfreak.de\/blog\/wp-json\/wp\/v2\/posts\/40","targetHints":{"allow":["GET"]}}],"collection":[{"href":"https:\/\/taschenfreak.de\/blog\/wp-json\/wp\/v2\/posts"}],"about":[{"href":"https:\/\/taschenfreak.de\/blog\/wp-json\/wp\/v2\/types\/post"}],"author":[{"embeddable":true,"href":"https:\/\/taschenfreak.de\/blog\/wp-json\/wp\/v2\/users\/3"}],"replies":[{"embeddable":true,"href":"https:\/\/taschenfreak.de\/blog\/wp-json\/wp\/v2\/comments?post=40"}],"version-history":[{"count":0,"href":"https:\/\/taschenfreak.de\/blog\/wp-json\/wp\/v2\/posts\/40\/revisions"}],"wp:attachment":[{"href":"https:\/\/taschenfreak.de\/blog\/wp-json\/wp\/v2\/media?parent=40"}],"wp:term":[{"taxonomy":"category","embeddable":true,"href":"https:\/\/taschenfreak.de\/blog\/wp-json\/wp\/v2\/categories?post=40"},{"taxonomy":"post_tag","embeddable":true,"href":"https:\/\/taschenfreak.de\/blog\/wp-json\/wp\/v2\/tags?post=40"}],"curies":[{"name":"wp","href":"https:\/\/api.w.org\/{rel}","templated":true}]}}