{"id":413,"date":"2011-12-22T16:08:28","date_gmt":"2011-12-22T15:08:28","guid":{"rendered":"http:\/\/taschenfreak.de\/blog\/?p=413"},"modified":"2011-12-22T18:03:47","modified_gmt":"2011-12-22T17:03:47","slug":"packbeispiel-lowepro-nova-180-aw","status":"publish","type":"post","link":"https:\/\/taschenfreak.de\/blog\/2011\/12\/22\/packbeispiel-lowepro-nova-180-aw\/","title":{"rendered":"Packbeispiel Lowepro Nova 180 AW"},"content":{"rendered":"<p><img loading=\"lazy\" decoding=\"async\" class=\"alignnone size-full wp-image-414\" title=\"OLYMPUS DIGITAL CAMERA\" src=\"https:\/\/taschenfreak.de\/blog\/wp-content\/uploads\/2011\/12\/LP_Nova180_01_600px.jpg\" alt=\"\" width=\"600\" height=\"294\" srcset=\"https:\/\/taschenfreak.de\/blog\/wp-content\/uploads\/2011\/12\/LP_Nova180_01_600px.jpg 600w, https:\/\/taschenfreak.de\/blog\/wp-content\/uploads\/2011\/12\/LP_Nova180_01_600px-300x147.jpg 300w\" sizes=\"auto, (max-width: 600px) 100vw, 600px\" \/><\/p>\n<p>Vielen Dank an Konrad, der uns die beiden Bilder von seiner <strong>Lowepro Nova 180 AW<\/strong> und den folgenden Text zugeschickt hat zur Ver\u00f6ffentlichung auf Taschenfreak.de.<\/p>\n<p>Er schreibt:<\/p>\n<blockquote><p><!--more-->Hallo,<\/p>\n<p>anbei 2 Fotos meiner Nova 180AW mitsamt meiner Ausr\u00fcstung.<br \/>\nWahrscheinlich w\u00fcrde auch noch eine Kamera reingehen, das w\u00fcrde aber wahrscheinlich eng. In ein paar Monaten ist es wahrscheinlich soweit, vielleicht kriegt ihr dann wieder Post von mir =)<br \/>\nGr\u00fc\u00dfe und Danke f\u00fcr eure Seite! Hat mir schon \u00f6fter weiter geholfen!<\/p>\n<p>Konrad<\/p><\/blockquote>\n<p>Vielen Dank Konrad f\u00fcr Deine Mail und Deine Geduld.<\/p>\n","protected":false},"excerpt":{"rendered":"<p>Vielen Dank an Konrad, der uns die beiden Bilder von seiner Lowepro Nova 180 AW und den folgenden Text zugeschickt hat zur Ver\u00f6ffentlichung auf Taschenfreak.de.<br \/>\nEr schreibt:<\/p>\n","protected":false},"author":3,"featured_media":0,"comment_status":"open","ping_status":"open","sticky":false,"template":"","format":"standard","meta":{"ngg_post_thumbnail":0,"_jetpack_memberships_contains_paid_content":false,"footnotes":"","_links_to":"","_links_to_target":""},"categories":[51,11],"tags":[158,159,1054,157,48,1050],"class_list":["post-413","post","type-post","status-publish","format-standard","hentry","category-packbespiel","category-schultertasche","tag-158","tag-aw","tag-lowepro","tag-nova","tag-packbeispiel","tag-schultertasche"],"jetpack_featured_media_url":"","jetpack_shortlink":"https:\/\/wp.me\/p4GMND-6F","jetpack_sharing_enabled":true,"_links":{"self":[{"href":"https:\/\/taschenfreak.de\/blog\/wp-json\/wp\/v2\/posts\/413","targetHints":{"allow":["GET"]}}],"collection":[{"href":"https:\/\/taschenfreak.de\/blog\/wp-json\/wp\/v2\/posts"}],"about":[{"href":"https:\/\/taschenfreak.de\/blog\/wp-json\/wp\/v2\/types\/post"}],"author":[{"embeddable":true,"href":"https:\/\/taschenfreak.de\/blog\/wp-json\/wp\/v2\/users\/3"}],"replies":[{"embeddable":true,"href":"https:\/\/taschenfreak.de\/blog\/wp-json\/wp\/v2\/comments?post=413"}],"version-history":[{"count":0,"href":"https:\/\/taschenfreak.de\/blog\/wp-json\/wp\/v2\/posts\/413\/revisions"}],"wp:attachment":[{"href":"https:\/\/taschenfreak.de\/blog\/wp-json\/wp\/v2\/media?parent=413"}],"wp:term":[{"taxonomy":"category","embeddable":true,"href":"https:\/\/taschenfreak.de\/blog\/wp-json\/wp\/v2\/categories?post=413"},{"taxonomy":"post_tag","embeddable":true,"href":"https:\/\/taschenfreak.de\/blog\/wp-json\/wp\/v2\/tags?post=413"}],"curies":[{"name":"wp","href":"https:\/\/api.w.org\/{rel}","templated":true}]}}