{"id":427,"date":"2012-01-01T13:18:12","date_gmt":"2012-01-01T12:18:12","guid":{"rendered":"http:\/\/taschenfreak.de\/blog\/?p=427"},"modified":"2012-02-05T15:17:17","modified_gmt":"2012-02-05T14:17:17","slug":"kuvert-fur-das-mba-11","status":"publish","type":"post","link":"https:\/\/taschenfreak.de\/blog\/2012\/01\/01\/kuvert-fur-das-mba-11\/","title":{"rendered":"Kuvert f\u00fcr das MBA 11&#8243;"},"content":{"rendered":"<p><a  href=\"https:\/\/taschenfreak.de\/blog\/wp-content\/uploads\/2012\/01\/20120101_123739_DSCF0386.jpg\" data-rel=\"lightbox-gallery-0\" data-rl_title=\"\" data-rl_caption=\"\"><img loading=\"lazy\" decoding=\"async\" class=\"alignnone  wp-image-428\" title=\"\" src=\"https:\/\/taschenfreak.de\/blog\/wp-content\/uploads\/2012\/01\/20120101_123739_DSCF0386.jpg\" alt=\"\" width=\"640\" height=\"640\" srcset=\"https:\/\/taschenfreak.de\/blog\/wp-content\/uploads\/2012\/01\/20120101_123739_DSCF0386.jpg 800w, https:\/\/taschenfreak.de\/blog\/wp-content\/uploads\/2012\/01\/20120101_123739_DSCF0386-150x150.jpg 150w, https:\/\/taschenfreak.de\/blog\/wp-content\/uploads\/2012\/01\/20120101_123739_DSCF0386-300x300.jpg 300w\" sizes=\"auto, (max-width: 640px) 100vw, 640px\" \/><\/a>Schon die erste Apple MBA Werbung vor Jahren mit dem &#8222;Umschlag&#8220; hat mich fasziniert.<\/p>\n<p>Endlich gab es diesen Herbst irgendwo im Netz in USA f\u00fcr mein 11&#8243; MBA so eine &#8222;H\u00fclle&#8220; in Form des US Post Kuverts. Diese musste ich haben. Klick &#8211; BUY &#8211; ORDER! &#8230; und vergessen! Und nun kam diese an Silvester per Post und \u00fcberraschte mich nach Monaten vergessener Warterei&#8230;. *FREU*!<\/p>\n<p>Cooles Teil aus Kunstleder mit weichen Stofffutter und Klettverschluss &#8211; einfach perfekt und COOL! &#8211; Oder?<\/p>\n<p><!--more-->ngg_shortcode_0_placeholder\n<p>Dank Onkel Google habe ich auch wieder gefunden, wo ich das Teil geordert hatte:<\/p>\n<p style=\"text-align: center;\"><a href=\"http:\/\/www.manilamac.com\/\" target=\"_blank\">http:\/\/www.manilamac.com\/<\/a><\/p>\n<p>Besonders cool finde ich den Button von der Homepage des Lieferanten:<\/p>\n<p><a href=\"http:\/\/www.manilamac.com\/\"><img loading=\"lazy\" decoding=\"async\" class=\"alignnone size-full wp-image-433\" title=\"Feature-DO-NOT-MAIL\" src=\"https:\/\/taschenfreak.de\/blog\/wp-content\/uploads\/2012\/01\/Feature-DO-NOT-MAIL.png\" alt=\"\" width=\"120\" height=\"152\" \/><\/a><\/p>\n<p>Liebe Gr\u00fc\u00dfe und alles Gute f\u00fcrs neue Jahr<\/p>\n<p>Euer Taschenfreak J\u00f6rg Langer<\/p>\n","protected":false},"excerpt":{"rendered":"<p>Schon die erste Apple MBA Werbung vor Jahren mit dem &#8222;Umschlag&#8220; hat mich fasziniert.<\/p>\n<p>Endlich gab es diesen Herbst irgendwo im Netz in USA f\u00fcr mein 11&#8243; MBA so eine &#8222;H\u00fclle&#8220; in Form des US Post Kuverts. Diese musste ich haben.<\/p>\n","protected":false},"author":3,"featured_media":0,"comment_status":"open","ping_status":"open","sticky":false,"template":"","format":"standard","meta":{"ngg_post_thumbnail":0,"_jetpack_memberships_contains_paid_content":false,"footnotes":"","_links_to":"","_links_to_target":""},"categories":[28,163],"tags":[164,167,165,166,169,1062,168],"class_list":["post-427","post","type-post","status-publish","format-standard","hentry","category-nicht-foto-taschen","category-notebooktaschen-und-hullen","tag-apple","tag-kuvert","tag-macbook-air","tag-mba","tag-post","tag-usa","tag-versandtasche"],"jetpack_featured_media_url":"","jetpack_shortlink":"https:\/\/wp.me\/p4GMND-6T","jetpack_sharing_enabled":true,"_links":{"self":[{"href":"https:\/\/taschenfreak.de\/blog\/wp-json\/wp\/v2\/posts\/427","targetHints":{"allow":["GET"]}}],"collection":[{"href":"https:\/\/taschenfreak.de\/blog\/wp-json\/wp\/v2\/posts"}],"about":[{"href":"https:\/\/taschenfreak.de\/blog\/wp-json\/wp\/v2\/types\/post"}],"author":[{"embeddable":true,"href":"https:\/\/taschenfreak.de\/blog\/wp-json\/wp\/v2\/users\/3"}],"replies":[{"embeddable":true,"href":"https:\/\/taschenfreak.de\/blog\/wp-json\/wp\/v2\/comments?post=427"}],"version-history":[{"count":0,"href":"https:\/\/taschenfreak.de\/blog\/wp-json\/wp\/v2\/posts\/427\/revisions"}],"wp:attachment":[{"href":"https:\/\/taschenfreak.de\/blog\/wp-json\/wp\/v2\/media?parent=427"}],"wp:term":[{"taxonomy":"category","embeddable":true,"href":"https:\/\/taschenfreak.de\/blog\/wp-json\/wp\/v2\/categories?post=427"},{"taxonomy":"post_tag","embeddable":true,"href":"https:\/\/taschenfreak.de\/blog\/wp-json\/wp\/v2\/tags?post=427"}],"curies":[{"name":"wp","href":"https:\/\/api.w.org\/{rel}","templated":true}]}}