{"id":4733,"date":"2016-01-01T20:08:11","date_gmt":"2016-01-01T19:08:11","guid":{"rendered":"http:\/\/taschenfreak.de\/blog\/?p=4733"},"modified":"2016-01-04T18:27:03","modified_gmt":"2016-01-04T17:27:03","slug":"wir-starten-2016-mit-der-doerr-move-large-die-ihr-gewinnen-koennt","status":"publish","type":"post","link":"https:\/\/taschenfreak.de\/blog\/2016\/01\/01\/wir-starten-2016-mit-der-doerr-move-large-die-ihr-gewinnen-koennt\/","title":{"rendered":"Wir starten 2016 mit der D\u00f6rr Move! Large die Ihr gewinnen k\u00f6nnt!"},"content":{"rendered":"<p><a href=\"https:\/\/taschenfreak.de\/blog\/wp-content\/uploads\/2016\/01\/20151229-004-TF-Doerr-Move-Large.jpg\" data-rel=\"lightbox-gallery-1\" data-rl_title=\"\" data-rl_caption=\"\" title=\"\"><img loading=\"lazy\" decoding=\"async\" class=\"alignnone size-full wp-image-4734\" src=\"https:\/\/taschenfreak.de\/blog\/wp-content\/uploads\/2016\/01\/20151229-004-TF-Doerr-Move-Large.jpg\" alt=\"20151229-004-TF-Doerr-Move-Large\" width=\"1000\" height=\"667\" srcset=\"https:\/\/taschenfreak.de\/blog\/wp-content\/uploads\/2016\/01\/20151229-004-TF-Doerr-Move-Large.jpg 1000w, https:\/\/taschenfreak.de\/blog\/wp-content\/uploads\/2016\/01\/20151229-004-TF-Doerr-Move-Large-300x200.jpg 300w, https:\/\/taschenfreak.de\/blog\/wp-content\/uploads\/2016\/01\/20151229-004-TF-Doerr-Move-Large-768x512.jpg 768w\" sizes=\"auto, (max-width: 1000px) 100vw, 1000px\" \/><\/a><\/p>\n<p>Na dann fangen wir doch das neue Jahr 2016 gleich mit einem neuen Feuerwerksknaller an und verlosen direkt im ersten Beitrag des Jahres eine Schultertasche im Wert von etwa 80 Euro.<\/p>\n<p><a href=\"http:\/\/www.doerrfoto.de\/Produkte\/index.html\" target=\"_blank\">D\u00f6rr<\/a> hat m\u00e4chtig einen vorgelegt finde ich! Nicht nur das <a href=\"http:\/\/www.doerrfoto.de\/Produkte\/index.html\" target=\"_blank\">D\u00f6rr Photo<\/a> mit seinen neuen Taschenserien Motion, Move! und City Pro m\u00e4chtig coole und funktionale Taschen <a href=\"https:\/\/taschenfreak.de\/blog\/2015\/12\/19\/neue-taschenserien-bei-doerr-move-motion-city-pro-die-schauen-echt-durchdacht-aus\/\">auf den Markt gebracht hat kurz vor Weihnachten<\/a>, sondern auch damit das Sie uns in den letzten Wochen drei (!!!) Taschen zum Verlosen zur Verf\u00fcgung gestellt haben. Damit hat D\u00f6rr den ganzen anderen Herstellern hier gut gezeigt wie es funktioniert.<\/p>\n<p>Heute darf ich Euch die neue <strong>D\u00f6rr Move! Large<\/strong> vorstellen und nach der Vorstellung verlosen.<\/p>\n<p>Als ich die Move! auspackte war mein allererster Gedanke:<\/p>\n<blockquote><p>&#8222;Na ja, ne schwarze Tasche eben&#8230; nix besonderes&#8230;.&#8220;<\/p><\/blockquote>\n<p>Direkt danach folgte der zweite Gedanke:<\/p>\n<blockquote><p>&#8222;Boah ist die leicht&#8230;&#8220;<\/p><\/blockquote>\n<p>Als ich die Tasche mir dann etwas n\u00e4her ansah, wusste ich recht schnell, dass ich meinen obigen ersten Gedanken recht schnell verwerfen kann, denn die kleine sehr unscheinbar aussehende D\u00f6rr Move! Large Schultertasche\u00a0hat es echt in sich.<\/p>\n<div id='gallery-1' class='gallery galleryid-4733 gallery-columns-3 gallery-size-thumbnail'><figure class='gallery-item'>\n\t\t\t<div class='gallery-icon landscape'>\n\t\t\t\t<a href='https:\/\/taschenfreak.de\/blog\/wp-content\/uploads\/2016\/01\/20151229-001-TF-Doerr-Move-Large.jpg' title=\"\" data-rl_title=\"\" class=\"rl-gallery-link\" data-rl_caption=\"\" data-rel=\"lightbox-gallery-1\"><img loading=\"lazy\" decoding=\"async\" width=\"150\" height=\"150\" src=\"https:\/\/taschenfreak.de\/blog\/wp-content\/uploads\/2016\/01\/20151229-001-TF-Doerr-Move-Large-150x150.jpg\" class=\"attachment-thumbnail size-thumbnail\" alt=\"\" srcset=\"https:\/\/taschenfreak.de\/blog\/wp-content\/uploads\/2016\/01\/20151229-001-TF-Doerr-Move-Large-150x150.jpg 150w, https:\/\/taschenfreak.de\/blog\/wp-content\/uploads\/2016\/01\/20151229-001-TF-Doerr-Move-Large-144x144.jpg 144w\" sizes=\"auto, (max-width: 150px) 100vw, 150px\" \/><\/a>\n\t\t\t<\/div><\/figure><figure class='gallery-item'>\n\t\t\t<div class='gallery-icon landscape'>\n\t\t\t\t<a href='https:\/\/taschenfreak.de\/blog\/wp-content\/uploads\/2016\/01\/20151229-002-TF-Doerr-Move-Large.jpg' title=\"\" data-rl_title=\"\" class=\"rl-gallery-link\" data-rl_caption=\"\" data-rel=\"lightbox-gallery-1\"><img loading=\"lazy\" decoding=\"async\" width=\"150\" height=\"150\" src=\"https:\/\/taschenfreak.de\/blog\/wp-content\/uploads\/2016\/01\/20151229-002-TF-Doerr-Move-Large-150x150.jpg\" class=\"attachment-thumbnail size-thumbnail\" alt=\"\" srcset=\"https:\/\/taschenfreak.de\/blog\/wp-content\/uploads\/2016\/01\/20151229-002-TF-Doerr-Move-Large-150x150.jpg 150w, https:\/\/taschenfreak.de\/blog\/wp-content\/uploads\/2016\/01\/20151229-002-TF-Doerr-Move-Large-144x144.jpg 144w\" sizes=\"auto, (max-width: 150px) 100vw, 150px\" \/><\/a>\n\t\t\t<\/div><\/figure><figure class='gallery-item'>\n\t\t\t<div class='gallery-icon landscape'>\n\t\t\t\t<a href='https:\/\/taschenfreak.de\/blog\/wp-content\/uploads\/2016\/01\/20151229-003-TF-Doerr-Move-Large.jpg' title=\"\" data-rl_title=\"\" class=\"rl-gallery-link\" data-rl_caption=\"\" data-rel=\"lightbox-gallery-1\"><img loading=\"lazy\" decoding=\"async\" width=\"150\" height=\"150\" src=\"https:\/\/taschenfreak.de\/blog\/wp-content\/uploads\/2016\/01\/20151229-003-TF-Doerr-Move-Large-150x150.jpg\" class=\"attachment-thumbnail size-thumbnail\" alt=\"\" srcset=\"https:\/\/taschenfreak.de\/blog\/wp-content\/uploads\/2016\/01\/20151229-003-TF-Doerr-Move-Large-150x150.jpg 150w, https:\/\/taschenfreak.de\/blog\/wp-content\/uploads\/2016\/01\/20151229-003-TF-Doerr-Move-Large-144x144.jpg 144w\" sizes=\"auto, (max-width: 150px) 100vw, 150px\" \/><\/a>\n\t\t\t<\/div><\/figure><figure class='gallery-item'>\n\t\t\t<div class='gallery-icon landscape'>\n\t\t\t\t<a href='https:\/\/taschenfreak.de\/blog\/wp-content\/uploads\/2016\/01\/20151229-004-TF-Doerr-Move-Large-1.jpg' title=\"\" data-rl_title=\"\" class=\"rl-gallery-link\" data-rl_caption=\"\" data-rel=\"lightbox-gallery-1\"><img loading=\"lazy\" decoding=\"async\" width=\"150\" height=\"150\" src=\"https:\/\/taschenfreak.de\/blog\/wp-content\/uploads\/2016\/01\/20151229-004-TF-Doerr-Move-Large-1-150x150.jpg\" class=\"attachment-thumbnail size-thumbnail\" alt=\"\" srcset=\"https:\/\/taschenfreak.de\/blog\/wp-content\/uploads\/2016\/01\/20151229-004-TF-Doerr-Move-Large-1-150x150.jpg 150w, https:\/\/taschenfreak.de\/blog\/wp-content\/uploads\/2016\/01\/20151229-004-TF-Doerr-Move-Large-1-144x144.jpg 144w\" sizes=\"auto, (max-width: 150px) 100vw, 150px\" \/><\/a>\n\t\t\t<\/div><\/figure><figure class='gallery-item'>\n\t\t\t<div class='gallery-icon landscape'>\n\t\t\t\t<a href='https:\/\/taschenfreak.de\/blog\/wp-content\/uploads\/2016\/01\/20151229-005-TF-Doerr-Move-Large.jpg' title=\"\" data-rl_title=\"\" class=\"rl-gallery-link\" data-rl_caption=\"\" data-rel=\"lightbox-gallery-1\"><img loading=\"lazy\" decoding=\"async\" width=\"150\" height=\"150\" src=\"https:\/\/taschenfreak.de\/blog\/wp-content\/uploads\/2016\/01\/20151229-005-TF-Doerr-Move-Large-150x150.jpg\" class=\"attachment-thumbnail size-thumbnail\" alt=\"\" srcset=\"https:\/\/taschenfreak.de\/blog\/wp-content\/uploads\/2016\/01\/20151229-005-TF-Doerr-Move-Large-150x150.jpg 150w, https:\/\/taschenfreak.de\/blog\/wp-content\/uploads\/2016\/01\/20151229-005-TF-Doerr-Move-Large-144x144.jpg 144w\" sizes=\"auto, (max-width: 150px) 100vw, 150px\" \/><\/a>\n\t\t\t<\/div><\/figure><figure class='gallery-item'>\n\t\t\t<div class='gallery-icon landscape'>\n\t\t\t\t<a href='https:\/\/taschenfreak.de\/blog\/wp-content\/uploads\/2016\/01\/20151229-006-TF-Doerr-Move-Large.jpg' title=\"\" data-rl_title=\"\" class=\"rl-gallery-link\" data-rl_caption=\"\" data-rel=\"lightbox-gallery-1\"><img loading=\"lazy\" decoding=\"async\" width=\"150\" height=\"150\" src=\"https:\/\/taschenfreak.de\/blog\/wp-content\/uploads\/2016\/01\/20151229-006-TF-Doerr-Move-Large-150x150.jpg\" class=\"attachment-thumbnail size-thumbnail\" alt=\"\" srcset=\"https:\/\/taschenfreak.de\/blog\/wp-content\/uploads\/2016\/01\/20151229-006-TF-Doerr-Move-Large-150x150.jpg 150w, https:\/\/taschenfreak.de\/blog\/wp-content\/uploads\/2016\/01\/20151229-006-TF-Doerr-Move-Large-144x144.jpg 144w\" sizes=\"auto, (max-width: 150px) 100vw, 150px\" \/><\/a>\n\t\t\t<\/div><\/figure><figure class='gallery-item'>\n\t\t\t<div class='gallery-icon landscape'>\n\t\t\t\t<a href='https:\/\/taschenfreak.de\/blog\/wp-content\/uploads\/2016\/01\/20151229-007-TF-Doerr-Move-Large.jpg' title=\"\" data-rl_title=\"\" class=\"rl-gallery-link\" data-rl_caption=\"\" data-rel=\"lightbox-gallery-1\"><img loading=\"lazy\" decoding=\"async\" width=\"150\" height=\"150\" src=\"https:\/\/taschenfreak.de\/blog\/wp-content\/uploads\/2016\/01\/20151229-007-TF-Doerr-Move-Large-150x150.jpg\" class=\"attachment-thumbnail size-thumbnail\" alt=\"\" srcset=\"https:\/\/taschenfreak.de\/blog\/wp-content\/uploads\/2016\/01\/20151229-007-TF-Doerr-Move-Large-150x150.jpg 150w, https:\/\/taschenfreak.de\/blog\/wp-content\/uploads\/2016\/01\/20151229-007-TF-Doerr-Move-Large-144x144.jpg 144w\" sizes=\"auto, (max-width: 150px) 100vw, 150px\" \/><\/a>\n\t\t\t<\/div><\/figure><figure class='gallery-item'>\n\t\t\t<div class='gallery-icon landscape'>\n\t\t\t\t<a href='https:\/\/taschenfreak.de\/blog\/wp-content\/uploads\/2016\/01\/20151229-008-TF-Doerr-Move-Large.jpg' title=\"\" data-rl_title=\"\" class=\"rl-gallery-link\" data-rl_caption=\"\" data-rel=\"lightbox-gallery-1\"><img loading=\"lazy\" decoding=\"async\" width=\"150\" height=\"150\" src=\"https:\/\/taschenfreak.de\/blog\/wp-content\/uploads\/2016\/01\/20151229-008-TF-Doerr-Move-Large-150x150.jpg\" class=\"attachment-thumbnail size-thumbnail\" alt=\"\" srcset=\"https:\/\/taschenfreak.de\/blog\/wp-content\/uploads\/2016\/01\/20151229-008-TF-Doerr-Move-Large-150x150.jpg 150w, https:\/\/taschenfreak.de\/blog\/wp-content\/uploads\/2016\/01\/20151229-008-TF-Doerr-Move-Large-144x144.jpg 144w\" sizes=\"auto, (max-width: 150px) 100vw, 150px\" \/><\/a>\n\t\t\t<\/div><\/figure><figure class='gallery-item'>\n\t\t\t<div class='gallery-icon landscape'>\n\t\t\t\t<a href='https:\/\/taschenfreak.de\/blog\/wp-content\/uploads\/2016\/01\/20151229-009-TF-Doerr-Move-Large.jpg' title=\"\" data-rl_title=\"\" class=\"rl-gallery-link\" data-rl_caption=\"\" data-rel=\"lightbox-gallery-1\"><img loading=\"lazy\" decoding=\"async\" width=\"150\" height=\"150\" src=\"https:\/\/taschenfreak.de\/blog\/wp-content\/uploads\/2016\/01\/20151229-009-TF-Doerr-Move-Large-150x150.jpg\" class=\"attachment-thumbnail size-thumbnail\" alt=\"\" srcset=\"https:\/\/taschenfreak.de\/blog\/wp-content\/uploads\/2016\/01\/20151229-009-TF-Doerr-Move-Large-150x150.jpg 150w, https:\/\/taschenfreak.de\/blog\/wp-content\/uploads\/2016\/01\/20151229-009-TF-Doerr-Move-Large-144x144.jpg 144w\" sizes=\"auto, (max-width: 150px) 100vw, 150px\" \/><\/a>\n\t\t\t<\/div><\/figure><figure class='gallery-item'>\n\t\t\t<div class='gallery-icon landscape'>\n\t\t\t\t<a href='https:\/\/taschenfreak.de\/blog\/wp-content\/uploads\/2016\/01\/20151229-010-TF-Doerr-Move-Large.jpg' title=\"\" data-rl_title=\"\" class=\"rl-gallery-link\" data-rl_caption=\"\" data-rel=\"lightbox-gallery-1\"><img loading=\"lazy\" decoding=\"async\" width=\"150\" height=\"150\" src=\"https:\/\/taschenfreak.de\/blog\/wp-content\/uploads\/2016\/01\/20151229-010-TF-Doerr-Move-Large-150x150.jpg\" class=\"attachment-thumbnail size-thumbnail\" alt=\"\" srcset=\"https:\/\/taschenfreak.de\/blog\/wp-content\/uploads\/2016\/01\/20151229-010-TF-Doerr-Move-Large-150x150.jpg 150w, https:\/\/taschenfreak.de\/blog\/wp-content\/uploads\/2016\/01\/20151229-010-TF-Doerr-Move-Large-144x144.jpg 144w\" sizes=\"auto, (max-width: 150px) 100vw, 150px\" \/><\/a>\n\t\t\t<\/div><\/figure><figure class='gallery-item'>\n\t\t\t<div class='gallery-icon landscape'>\n\t\t\t\t<a href='https:\/\/taschenfreak.de\/blog\/wp-content\/uploads\/2016\/01\/20151229-011-TF-Doerr-Move-Large.jpg' title=\"\" data-rl_title=\"\" class=\"rl-gallery-link\" data-rl_caption=\"\" data-rel=\"lightbox-gallery-1\"><img loading=\"lazy\" decoding=\"async\" width=\"150\" height=\"150\" src=\"https:\/\/taschenfreak.de\/blog\/wp-content\/uploads\/2016\/01\/20151229-011-TF-Doerr-Move-Large-150x150.jpg\" class=\"attachment-thumbnail size-thumbnail\" alt=\"\" srcset=\"https:\/\/taschenfreak.de\/blog\/wp-content\/uploads\/2016\/01\/20151229-011-TF-Doerr-Move-Large-150x150.jpg 150w, https:\/\/taschenfreak.de\/blog\/wp-content\/uploads\/2016\/01\/20151229-011-TF-Doerr-Move-Large-144x144.jpg 144w\" sizes=\"auto, (max-width: 150px) 100vw, 150px\" \/><\/a>\n\t\t\t<\/div><\/figure><figure class='gallery-item'>\n\t\t\t<div class='gallery-icon landscape'>\n\t\t\t\t<a href='https:\/\/taschenfreak.de\/blog\/wp-content\/uploads\/2016\/01\/20151229-012-TF-Doerr-Move-Large.jpg' title=\"\" data-rl_title=\"\" class=\"rl-gallery-link\" data-rl_caption=\"\" data-rel=\"lightbox-gallery-1\"><img loading=\"lazy\" decoding=\"async\" width=\"150\" height=\"150\" src=\"https:\/\/taschenfreak.de\/blog\/wp-content\/uploads\/2016\/01\/20151229-012-TF-Doerr-Move-Large-150x150.jpg\" class=\"attachment-thumbnail size-thumbnail\" alt=\"\" srcset=\"https:\/\/taschenfreak.de\/blog\/wp-content\/uploads\/2016\/01\/20151229-012-TF-Doerr-Move-Large-150x150.jpg 150w, https:\/\/taschenfreak.de\/blog\/wp-content\/uploads\/2016\/01\/20151229-012-TF-Doerr-Move-Large-144x144.jpg 144w\" sizes=\"auto, (max-width: 150px) 100vw, 150px\" \/><\/a>\n\t\t\t<\/div><\/figure><figure class='gallery-item'>\n\t\t\t<div class='gallery-icon landscape'>\n\t\t\t\t<a href='https:\/\/taschenfreak.de\/blog\/wp-content\/uploads\/2016\/01\/20151229-013-TF-Doerr-Move-Large.jpg' title=\"\" data-rl_title=\"\" class=\"rl-gallery-link\" data-rl_caption=\"\" data-rel=\"lightbox-gallery-1\"><img loading=\"lazy\" decoding=\"async\" width=\"150\" height=\"150\" src=\"https:\/\/taschenfreak.de\/blog\/wp-content\/uploads\/2016\/01\/20151229-013-TF-Doerr-Move-Large-150x150.jpg\" class=\"attachment-thumbnail size-thumbnail\" alt=\"\" srcset=\"https:\/\/taschenfreak.de\/blog\/wp-content\/uploads\/2016\/01\/20151229-013-TF-Doerr-Move-Large-150x150.jpg 150w, https:\/\/taschenfreak.de\/blog\/wp-content\/uploads\/2016\/01\/20151229-013-TF-Doerr-Move-Large-144x144.jpg 144w\" sizes=\"auto, (max-width: 150px) 100vw, 150px\" \/><\/a>\n\t\t\t<\/div><\/figure><figure class='gallery-item'>\n\t\t\t<div class='gallery-icon landscape'>\n\t\t\t\t<a href='https:\/\/taschenfreak.de\/blog\/wp-content\/uploads\/2016\/01\/20151229-014-TF-Doerr-Move-Large.jpg' title=\"\" data-rl_title=\"\" class=\"rl-gallery-link\" data-rl_caption=\"\" data-rel=\"lightbox-gallery-1\"><img loading=\"lazy\" decoding=\"async\" width=\"150\" height=\"150\" src=\"https:\/\/taschenfreak.de\/blog\/wp-content\/uploads\/2016\/01\/20151229-014-TF-Doerr-Move-Large-150x150.jpg\" class=\"attachment-thumbnail size-thumbnail\" alt=\"\" srcset=\"https:\/\/taschenfreak.de\/blog\/wp-content\/uploads\/2016\/01\/20151229-014-TF-Doerr-Move-Large-150x150.jpg 150w, https:\/\/taschenfreak.de\/blog\/wp-content\/uploads\/2016\/01\/20151229-014-TF-Doerr-Move-Large-144x144.jpg 144w\" sizes=\"auto, (max-width: 150px) 100vw, 150px\" \/><\/a>\n\t\t\t<\/div><\/figure><figure class='gallery-item'>\n\t\t\t<div class='gallery-icon landscape'>\n\t\t\t\t<a href='https:\/\/taschenfreak.de\/blog\/wp-content\/uploads\/2016\/01\/20151229-015-TF-Doerr-Move-Large.jpg' title=\"\" data-rl_title=\"\" class=\"rl-gallery-link\" data-rl_caption=\"\" data-rel=\"lightbox-gallery-1\"><img loading=\"lazy\" decoding=\"async\" width=\"150\" height=\"150\" src=\"https:\/\/taschenfreak.de\/blog\/wp-content\/uploads\/2016\/01\/20151229-015-TF-Doerr-Move-Large-150x150.jpg\" class=\"attachment-thumbnail size-thumbnail\" alt=\"\" srcset=\"https:\/\/taschenfreak.de\/blog\/wp-content\/uploads\/2016\/01\/20151229-015-TF-Doerr-Move-Large-150x150.jpg 150w, https:\/\/taschenfreak.de\/blog\/wp-content\/uploads\/2016\/01\/20151229-015-TF-Doerr-Move-Large-144x144.jpg 144w\" sizes=\"auto, (max-width: 150px) 100vw, 150px\" \/><\/a>\n\t\t\t<\/div><\/figure><figure class='gallery-item'>\n\t\t\t<div class='gallery-icon landscape'>\n\t\t\t\t<a href='https:\/\/taschenfreak.de\/blog\/wp-content\/uploads\/2016\/01\/20151229-016-TF-Doerr-Move-Large.jpg' title=\"\" data-rl_title=\"\" class=\"rl-gallery-link\" data-rl_caption=\"\" data-rel=\"lightbox-gallery-1\"><img loading=\"lazy\" decoding=\"async\" width=\"150\" height=\"150\" src=\"https:\/\/taschenfreak.de\/blog\/wp-content\/uploads\/2016\/01\/20151229-016-TF-Doerr-Move-Large-150x150.jpg\" class=\"attachment-thumbnail size-thumbnail\" alt=\"\" srcset=\"https:\/\/taschenfreak.de\/blog\/wp-content\/uploads\/2016\/01\/20151229-016-TF-Doerr-Move-Large-150x150.jpg 150w, https:\/\/taschenfreak.de\/blog\/wp-content\/uploads\/2016\/01\/20151229-016-TF-Doerr-Move-Large-144x144.jpg 144w\" sizes=\"auto, (max-width: 150px) 100vw, 150px\" \/><\/a>\n\t\t\t<\/div><\/figure><figure class='gallery-item'>\n\t\t\t<div class='gallery-icon landscape'>\n\t\t\t\t<a href='https:\/\/taschenfreak.de\/blog\/wp-content\/uploads\/2016\/01\/20151229-017-TF-Doerr-Move-Large.jpg' title=\"\" data-rl_title=\"\" class=\"rl-gallery-link\" data-rl_caption=\"\" data-rel=\"lightbox-gallery-1\"><img loading=\"lazy\" decoding=\"async\" width=\"150\" height=\"150\" src=\"https:\/\/taschenfreak.de\/blog\/wp-content\/uploads\/2016\/01\/20151229-017-TF-Doerr-Move-Large-150x150.jpg\" class=\"attachment-thumbnail size-thumbnail\" alt=\"\" srcset=\"https:\/\/taschenfreak.de\/blog\/wp-content\/uploads\/2016\/01\/20151229-017-TF-Doerr-Move-Large-150x150.jpg 150w, https:\/\/taschenfreak.de\/blog\/wp-content\/uploads\/2016\/01\/20151229-017-TF-Doerr-Move-Large-144x144.jpg 144w\" sizes=\"auto, (max-width: 150px) 100vw, 150px\" \/><\/a>\n\t\t\t<\/div><\/figure><figure class='gallery-item'>\n\t\t\t<div class='gallery-icon landscape'>\n\t\t\t\t<a href='https:\/\/taschenfreak.de\/blog\/wp-content\/uploads\/2016\/01\/20151229-018-TF-Doerr-Move-Large.jpg' title=\"\" data-rl_title=\"\" class=\"rl-gallery-link\" data-rl_caption=\"\" data-rel=\"lightbox-gallery-1\"><img loading=\"lazy\" decoding=\"async\" width=\"150\" height=\"150\" src=\"https:\/\/taschenfreak.de\/blog\/wp-content\/uploads\/2016\/01\/20151229-018-TF-Doerr-Move-Large-150x150.jpg\" class=\"attachment-thumbnail size-thumbnail\" alt=\"\" srcset=\"https:\/\/taschenfreak.de\/blog\/wp-content\/uploads\/2016\/01\/20151229-018-TF-Doerr-Move-Large-150x150.jpg 150w, https:\/\/taschenfreak.de\/blog\/wp-content\/uploads\/2016\/01\/20151229-018-TF-Doerr-Move-Large-144x144.jpg 144w\" sizes=\"auto, (max-width: 150px) 100vw, 150px\" \/><\/a>\n\t\t\t<\/div><\/figure>\n\t\t<\/div>\n\n<p>Die Technischen Daten &#8211; also die &#8222;Specs&#8220; der Move! Large sind:<\/p>\n<ul>\n<li>Au\u00dfenma\u00dfe: ca. 34,5 x 27 x 18 cm<\/li>\n<li>Innenma\u00dfe: ca. 30 x 24 x 15 cm<\/li>\n<li>Laptop-\/Tabletfach: bis 15&#8243; (Herstellerangaben)<\/li>\n<li>Gewicht: ca. 810 g:<\/li>\n<li>UVP 79,90 \u20ac<\/li>\n<\/ul>\n<p>Was mir besonders gut gef\u00e4llt:<\/p>\n<ul>\n<li>Griff\n<ul>\n<li>Ja ein Griff ist mir an einer Schultertasche sehr wichtig und den vermisse ich leider schmerzlich an vielen Taschen. Es muss nicht immer ein richtiger Handgriff mit Polsterung und so sein, aber eine kleine leichte Schlaufe an der man die Tasche mal eben herum heben kann, ist meines Erachtens sehr wichtig an einer Tasche, erst Recht an einer Tasche in die etwas mehr hinein geht, wie das auch bei der D\u00f6rr Move! Large der Fall ist.<\/li>\n<\/ul>\n<\/li>\n<li>Trolley-Schlaufe\n<ul>\n<li>Da ich relativ viel unterwegs bin und bei meinen Reiset\u00e4tigkeiten immer einen Trolley benutze, is mir ein Trolly-Band recht wichtig um gerade beim Check-In oder Check-Out die Fototasche mal eben auf dem Trolley ab zu stellen und zwar ohne das diese direkt den Abflug macht. So ein Trolley-Band ist da schnell viel Geld wert und das im wahrsten Sinne des Wortes. Bei der D\u00f6rr Move! Large kann die Trolley-Schlaufe in der Mitte noch mit einem Klettpunkt befestigt werden.<\/li>\n<\/ul>\n<\/li>\n<li>Au\u00dfenmaterial\n<ul>\n<li>Die schwarze und unauff\u00e4llige Au\u00dfenhaut aus Nylon ist sehr leicht und sehr strapazierf\u00e4hig auf mich wirkend. Auch Katzen- und Hundehaare bleiben nicht daran kleben. Die Tasche sieht dadurch seidenmatt wirkend aus. Sie ist nicht gl\u00e4nzend, aber auch nicht matt. Mann kann diese Tasche gut \u00fcber einem schwarzen Anzug tragen, aber auch zur abgeranzten Reporterjeans ist diese Tasche passend.<\/li>\n<\/ul>\n<\/li>\n<li>Fotoeinteilung\n<ul>\n<li>Sehr vielseitig einteilbar und sehr flexibel zu nutzen. Egal ob eine DSLR mit einem 70-200 2.8 rein soll oder eine Systemkameraausr\u00fcstung mit vielen kleinen Objektiven, man kann die Inneneinteilung sich dazu passend gestalten. Die Klettverbinder der Inneneinteilungen sind sehr gut sitzen und halten sehr gut.<\/li>\n<li>Ein Notebook bis 15&#8243; kann zudem auch verstaut und transportiert werden, sagt der Hersteller. In meinem Test passte ein sehr d\u00fcnnes 14&#8243; Ultrabook nur sehr knapp darin Platz. Ich w\u00fcrde daher nur bis 13&#8243; Notebooks empfehlen.<\/li>\n<li>Das helle Innenleben erleichtert in der D\u00e4mmerung das auffinden der Fotoartikel in der Tasche. Generell etwas ungewohnt das leuchtende in der Tasche aber sehr praktisch.<\/li>\n<\/ul>\n<\/li>\n<li>Deckelfach\n<ul>\n<li>Der \u00dcberwurfdeckel hat ein von au\u00dfen zug\u00e4ngliches Fach das mit einem Rei\u00dfverschluss verschlossen werden kann.<\/li>\n<\/ul>\n<\/li>\n<li>Deckel wird nicht nur \u00fcbergeworfen, sondern mit einem Klick-Verschluss gesichert<\/li>\n<li>Ger\u00e4umige Fronttasche mit F\u00e4chern darin und auch hellem Innenleben<\/li>\n<li>Verschiebbares und abnehmbares Schulterpolster am sehr lang einstellbaren Schultergurt<\/li>\n<li>Konzept aus \u00dcberwurfdeckel und Rei\u00dfverschluss\n<ul>\n<li>Durch den Deckel und den Rei\u00dfverschluss hat man quasi das Fass mit doppeltem Boden. Dadurch kommt sowohl schlechtes Wetter, als auch der ungebetene Langfinger in der Metro\/U-Bahn schwieriger an das Innenleben der Tasche. In der reinen Reportage kann man den Rei\u00dfverschluss nat\u00fcrlich auch offen lassen und nur den Deckel &#8222;dr\u00fcber werfen&#8220;.<br \/>\nTasche die nur einen Rei\u00dfverschluss haben sind nicht meins, wie man so sch\u00f6n sagt, aber das Konzept aus beiden, wie hier bei der D\u00f6rr Move! Large gef\u00e4llt mir sehr gut.<\/li>\n<li>Der Rei\u00dfverschluss ist aus beiden Richtungen zulaufend und mit einem (nicht im Lieferumfang befindlichen) Schloss abschlie\u00dfbar<\/li>\n<\/ul>\n<\/li>\n<\/ul>\n<p><strong>Meine pers\u00f6nliche Meinung &#8211; nennen wir es mal &#8222;Fazit&#8220;:<\/strong><\/p>\n<p>Die Tasche bietet f\u00fcr den Preis um die 80 Euro ein meines Erachtens hervorragendes Preis-Leistungsverh\u00e4ltnis und einen sehr hohen Nutzfaktor f\u00fcr den Alltag. Durch die sehr flexible Inneneinteilung ist diese Tasche sowohl f\u00fcr DSLR als auch Systemkamera-Anwender bestens geeignet.<\/p>\n<hr \/>\n<p><strong>Vielen Dank an D\u00f6rr &#8211; ein wirklich grandioser Einsatz f\u00fcr Taschenfreak-Leser<\/strong><\/p>\n<p>Nat\u00fcrlich wei\u00df D\u00f6rr als Hersteller und auch ich als langj\u00e4hriger Blogger wie man Traffic erzeugt und Aufmerksamkeit erreicht, aber selbstverst\u00e4ndlich ist das bei weitem nicht das ein Hersteller einer Leserschaft wie Euch mal eben Fototaschen im Wert von weit \u00fcber 300 Euro schenkt. Das freut mich sehr und ich hoffe sehr Euch im kommenden neuen Jahr auch andere Hersteller davon \u00fcberzeugen k\u00f6nnen, das zu tun.<\/p>\n<p>Also liebe Lowepros, Compagnons, Oberwerths, Monochroms, Tenbas und Co &#8211; lasst Euch nicht so bitten &#8211; ich zahle das Porto zu den Gewinnern und Ihr bekommt die Berichte und den Traffic!<\/p>\n<hr \/>\n<p>So und jetzt zur Verlosung:<\/p>\n<p><strong>Diese D\u00f6rr Move! Large in Schwarz von D\u00f6rr kann bald DEINE sein. <\/strong><\/p>\n<p><strong>Unter allen Kommentaren hier im Blog lose ich am Sonntag 10.01.2016 um 20:00 den Gewinner dieser Tasche aus.<\/strong> Wer bis dahin hier einen Kommentar hinterlassen hat, nimmt an der Verlosung teil.<\/p>\n<p>Nur wer bis zum 10.01.2016 um 20:00 Uhr kommentiert hat kommt in die virtuelle Lostrommel. Ich lose dann am 10. oder 11.01.2016, mithilfe eines nicht zu beeinflussenden Online-Tools, den Gewinner aus. Noch am selben Tag geht der Gewinn per DHL Paket zu Euch auf die Reise.\u00a0Der Gewinner wird per Mail und auch hier in einem Kommentar \u00fcber seinen Gewinn benachrichtigt.<\/p>\n<p>Ich dr\u00fccke Euch allen die Daumen und w\u00fcnsche viel Gl\u00fcck!<\/p>\n<p>Sch\u00f6ne Gr\u00fc\u00dfe \u2013 Euer Taschenfreak \u2013 J\u00f6rg Langer<\/p>\n<hr \/>\n<p><span id=\"more-4326\"><\/span>Nachfolgend das leider notwendige rechtliche Kleingedruckte und wehe mich will einer verklagen \u2013 ich mache das alles hier rein privat in meiner wenigen Freizeit ohne jegliche kommerziellen Absichten: <!--more--><\/p>\n<p><em>Veranstalter dieses Gewinnspiels ist Taschenfreak.de und damit die Privatperson J\u00f6rg Langer. Die Teilnahme an diesem Gewinnspiel richtet sich nach den folgenden Teilnahmebedingungen. Ich behalte mir vor, das Gewinnspiel jederzeit aus wichtigem Grund ohne Vorank\u00fcndigung zu beenden oder zu unterbrechen. Dies gilt insbesondere f\u00fcr solche Gr\u00fcnde, die einen planm\u00e4\u00dfigen Ablauf des Gewinnspiels st\u00f6ren oder verhindern w\u00fcrden.<\/em><\/p>\n<p><em>Teilnahmeberechtigt sind alle nat\u00fcrlichen Personen, die zum Zeitpunkt der Teilnahme das 18. Lebensjahr vollendet haben. Ich bin berechtigt, einzelne Personen von der Teilnahme auszuschlie\u00dfen, sofern berechtigte Gr\u00fcnde, wie z. B. Versto\u00df gegen die Teilnahmebedingungen, doppelte Teilnahme, unzul\u00e4ssige Beeinflussung des Gewinnspiels, Manipulation etc., vorliegen.<\/em><\/p>\n<p><em>Jeder Teilnehmer darf nur einmal teilnehmen. Pro Teilnehmer ist immer nur ein Gewinn m\u00f6glich. Die Teilnahme an diesem Gewinnspiel ist kostenlos. Durch die Teilnahme entsteht kein Anspruch auf einen Gewinn. F\u00fcr die Verlosung werden nur Teilnehmer ber\u00fccksichtigt, die hier einen Kommentar im Beitrag hinterlassen haben\u00a0und mit der Ver\u00f6ffentlichung Ihres Namens (OHNE Anschrift und auch ohne Mailanschrift) auf Taschenfreak.de einverstanden sind. Unter allen richtigen Einsendungen entscheidet ein Onlinetool, in das wir alle Namen der Teilnehmer eintragen im elektronischen Losverfahren. Die Gewinnchancen sind unabh\u00e4ngig von Freundschaft, Bekanntschaft, Verwandtschaft und Motiv, es kann jeder au\u00dfer mir selbst teilnehmen!<\/em><\/p>\n<p><em>Es wird nur die\u00a0hier in diesem Beitrag beschriebene Fototasche als Gewinn vergeben. Der Gewinner dieses Preises wird zeitnah unter Verwendung der\u00a0im Kommentar hinterlassenen Mailanschrift benachrichtigt. Sollte ein Gewinner eine fehlerhafte Mailanschrift angegeben haben, die nicht zustellbar ist, so verf\u00e4llt der Anspruch auf den Gewinn und es wird nach demselben Vorgehen ein Ersatzgewinner ausgelost. F\u00fcr die Richtigkeit der angegebenen Adresse ist der Teilnehmer verantwortlich.<\/em><\/p>\n<p><em>Eine Barauszahlung oder \u00dcbertragbarkeit des Gewinns auf andere Personen ist ausgeschlossen. Der Gewinner akzeptiert insoweit notwendige \u00c4nderungen des Gewinns, die durch andere au\u00dferhalb meines Einflussbereichs liegenden Faktoren bedingt sind.<\/em><br \/>\n<em>Eine Haftung von mir \u2013 gleich aus welchem Rechtsgrund \u2013 besteht nur, wenn ein Schaden durch schuldhafte Verletzung einer vertragswesentlichen Pflicht in einer das Erreichen des Vertragszwecks gef\u00e4hrdenden Weise verursacht wurde oder auf Vorsatz oder grobe Fahrl\u00e4ssigkeit zur\u00fcckzuf\u00fchren ist.<\/em><\/p>\n<p><em>Durch die Teilnahme an dem Gewinnspiel erkl\u00e4rt sich der Teilnehmer ausdr\u00fccklich damit einverstanden, dass ich die dazu erforderlichen Daten wie Name, Vorname und Mailanschrift f\u00fcr den Zeitraum des Gewinnspiels und dar\u00fcber hinaus speichere. Eine Weitergabe dieser Daten an dritte ist ausgeschlossen.<\/em><\/p>\n<p><em>Alle meine Angaben erfolgen ohne Gew\u00e4hr. Der Rechtsweg ist ausgeschlossen.<\/em><br \/>\n<em>Sollten einzelne Bestimmungen der Teilnahmebedingungen ung\u00fcltig sein oder ung\u00fcltig werden, bleibt die G\u00fcltigkeit der \u00fcbrigen Teilnahmebedingungen unber\u00fchrt. An ihre Stelle tritt eine angemessene Regelung, die dem Zweck der unwirksamen Bestimmung am ehesten entspricht.<\/em><\/p>\n","protected":false},"excerpt":{"rendered":"<p>Na dann fangen wir das neue Jahr 2016 doch gleich mit einem neuen Feuerwerksknaller an und verlosen direkt im ersten Beitrag des Jahres eine Schultertasche im Wert von etwa 80 Euro. Heute darf ich Euch die neue D\u00f6rr Move! Large vorstellen und nach der Vorstellung verlosen.<\/p>\n","protected":false},"author":3,"featured_media":4737,"comment_status":"open","ping_status":"open","sticky":false,"template":"","format":"standard","meta":{"ngg_post_thumbnail":0,"_jetpack_memberships_contains_paid_content":false,"footnotes":"","_links_to":"","_links_to_target":""},"categories":[11,12],"tags":[1300,539,1309,1267,1310,1050,666,1097],"class_list":["post-4733","post","type-post","status-publish","format-standard","has-post-thumbnail","hentry","category-schultertasche","category-schultertasche-mit-notebook","tag-doerr","tag-dorr","tag-doerr-move-large","tag-move","tag-schultertache-mit-notebookfach","tag-schultertasche","tag-verlosung","tag-zu-verschenken"],"jetpack_featured_media_url":"https:\/\/taschenfreak.de\/blog\/wp-content\/uploads\/2016\/01\/20151229-003-TF-Doerr-Move-Large.jpg","jetpack_shortlink":"https:\/\/wp.me\/p4GMND-1el","jetpack_sharing_enabled":true,"_links":{"self":[{"href":"https:\/\/taschenfreak.de\/blog\/wp-json\/wp\/v2\/posts\/4733","targetHints":{"allow":["GET"]}}],"collection":[{"href":"https:\/\/taschenfreak.de\/blog\/wp-json\/wp\/v2\/posts"}],"about":[{"href":"https:\/\/taschenfreak.de\/blog\/wp-json\/wp\/v2\/types\/post"}],"author":[{"embeddable":true,"href":"https:\/\/taschenfreak.de\/blog\/wp-json\/wp\/v2\/users\/3"}],"replies":[{"embeddable":true,"href":"https:\/\/taschenfreak.de\/blog\/wp-json\/wp\/v2\/comments?post=4733"}],"version-history":[{"count":0,"href":"https:\/\/taschenfreak.de\/blog\/wp-json\/wp\/v2\/posts\/4733\/revisions"}],"wp:featuredmedia":[{"embeddable":true,"href":"https:\/\/taschenfreak.de\/blog\/wp-json\/wp\/v2\/media\/4737"}],"wp:attachment":[{"href":"https:\/\/taschenfreak.de\/blog\/wp-json\/wp\/v2\/media?parent=4733"}],"wp:term":[{"taxonomy":"category","embeddable":true,"href":"https:\/\/taschenfreak.de\/blog\/wp-json\/wp\/v2\/categories?post=4733"},{"taxonomy":"post_tag","embeddable":true,"href":"https:\/\/taschenfreak.de\/blog\/wp-json\/wp\/v2\/tags?post=4733"}],"curies":[{"name":"wp","href":"https:\/\/api.w.org\/{rel}","templated":true}]}}