{"id":6591,"date":"2016-12-15T18:32:20","date_gmt":"2016-12-15T17:32:20","guid":{"rendered":"http:\/\/taschenfreak.de\/blog\/?p=6591"},"modified":"2016-12-15T18:32:20","modified_gmt":"2016-12-15T17:32:20","slug":"der-mindshift-gear-backlight-26l-in-gruen-von-juergen","status":"publish","type":"post","link":"https:\/\/taschenfreak.de\/blog\/2016\/12\/15\/der-mindshift-gear-backlight-26l-in-gruen-von-juergen\/","title":{"rendered":"Der Mindshift Gear Backlight 26L in Gr\u00fcn von J\u00fcrgen"},"content":{"rendered":"<p><a  href=\"https:\/\/taschenfreak.de\/blog\/wp-content\/uploads\/2016\/12\/2016_12_15_MindShiftGear_Backlight26L_JL_6.jpg\" data-rel=\"lightbox-gallery-1\" data-rl_title=\"\" data-rl_caption=\"\" title=\"\"><img loading=\"lazy\" decoding=\"async\" class=\"alignnone size-full wp-image-6592\" src=\"https:\/\/taschenfreak.de\/blog\/wp-content\/uploads\/2016\/12\/2016_12_15_MindShiftGear_Backlight26L_JL_6.jpg\" alt=\"\" width=\"1000\" height=\"710\" srcset=\"https:\/\/taschenfreak.de\/blog\/wp-content\/uploads\/2016\/12\/2016_12_15_MindShiftGear_Backlight26L_JL_6.jpg 1000w, https:\/\/taschenfreak.de\/blog\/wp-content\/uploads\/2016\/12\/2016_12_15_MindShiftGear_Backlight26L_JL_6-300x213.jpg 300w, https:\/\/taschenfreak.de\/blog\/wp-content\/uploads\/2016\/12\/2016_12_15_MindShiftGear_Backlight26L_JL_6-768x545.jpg 768w\" sizes=\"auto, (max-width: 1000px) 100vw, 1000px\" \/><\/a><\/p>\n<p>Vor ein paar Tagen fragte mich mein Facebook-Buddy J\u00fcrgen Libertus ob ich Interesse an Bildern und einem Bericht von seinem&nbsp;<a href=\"http:\/\/amzn.to\/2h4TwgO\"><strong>Mindshift Gear Backlight 26L in Gr\u00fcn<\/strong><\/a> h\u00e4tte. &#8222;Nat\u00fcrlich&#8220; antwortete ich. Und hier sind seine Bilder und sein Bericht f\u00fcr Euch:<\/p>\n<blockquote>\n<p class=\"p1\">Ich bin gerne draussen unterwegs, ich gehe gerne zu Fuss. Laufe ich durch eine Stadt ziehe ich eine&nbsp;Fototasche vor, eine die vor allem nicht so aussieht wie eine Fototasche. In der Natur oder auf&nbsp;einem Wandertrip werden andere Dinge wichtig, vor allem ein gutes komfortables Tragesystem.<\/p>\n<p class=\"p1\">Bewegt man sich l\u00e4nger dort wo der n\u00e4chste Laden schon mal Stunden entfernt sein kann, braucht es Platz fu\u0308r zus\u00e4tzliche Kleidung oder etwas Proviant. Ich bin ein DSLR Fotograf und habe zum&nbsp;Teil grosses Equipment, da wird die Auswahl an Fotorucks\u00e4cken du\u0308nn.<\/p>\n<p class=\"p1\">Entschieden habe ich mich fu\u0308r den <a href=\"http:\/\/amzn.to\/2h4TwgO\">Mindshift Gear Backlight 26L <\/a>in gru\u0308n, es muss nicht immer schwarz sein. \u00dcberzeugt hat mich als erstes das sehr gute Tragesystem d.h. Ein breiter, gut gepolsterter Hu\u0308ftgurt. Bei einem Rucksack in dem Gewicht steckt und den ich stundenlang trage, nimmt der Hu\u0308ftgurt extrem viel Gewicht von den Schultern, es wird einfach komfortabler.<\/p>\n<p class=\"p1\">Weiterhin gefiel mir das er von der Seite beladen wird die an meinem Ru\u0308cken liegt, das hat den&nbsp;unsch\u00e4tzbaren Vorteil das ich den Rucksack mit der Vorderseite auf den Boden legen kann, ohne&nbsp;hinterher den ganzen Dreck an der Jacke h\u00e4ngen zu haben. Was mich begeistert ist, das ich den Rucksack am Hu\u0308ftgurt nach vorne drehen kann, um schnell an den Innenraum zu kommen ohne den&nbsp;ganzen Rucksack ablegen zu mu\u0308ssen. Im Deckel ist ein Gummizug, den ich mir um den Hals legen kann, so klappt der Deckel nicht immer wieder zu. Ein kleines, aber sehr praktisches Detail.<\/p>\n<p class=\"p1\">Im Fototeil kriege ich meine Nikon D750, die Festbrennweiten 28mm, 50mm und 105er Makro&nbsp;sowie das 70-200 2,8 locker unter und es bleibt immer noch Platz. Ich nehme zwar nicht immer&nbsp;alles mit, aber es ist gut, wenn alles rein geht. Ein Fach fu\u0308r ein Tablet oder fu\u0308r ein 15\u201c Notebook ist ebenfalls integriert. Seitenf\u00e4cher fu\u0308r Trinkflaschen und Riemen um ein Stativ zu befestigen sind&nbsp;natu\u0308rlich vorhanden. Vorne gibt es einen grossen Bereich fu\u0308r alles m\u00f6gliche, zus\u00e4tzlich unterteilt in kleinere F\u00e4cher fu\u0308r Speicherkarten und und und. Dieser Teil l\u00e4sst sich etwas nach vorne ziehen um&nbsp;noch etwas mehr Stauraum zu erhalten.<\/p>\n<p class=\"p1\">Der <a href=\"http:\/\/amzn.to\/2h4TwgO\">Mindshift<\/a> sieht auch eher wie ein Trekkingrucksack aus, wer kleineres Fotoequipment oder nur&nbsp;mit einem Objektiv unterwegs ist, kann den Rucksack auch fu\u0308r eine Mehrtagestour auf einem&nbsp;Wandersteig wunderbar benutzen. Aussenmaterial ist aus Nylon und u\u0308bersteht einen heftigeren Regenschauer problemlos. Eine zus\u00e4tzliche Regenhaube wird natu\u0308rlich mitgeliefert.<\/p>\n<p class=\"p1\">Die Verarbeitung macht einen sehr guten Eindruck, man hat das Gefu\u0308hl das Leute am Werk waren,&nbsp;die genau wussten was Fotografen brauchen, die ihr Equipment in der Natur einsetzen. Kleine&nbsp;Details finden sich auch, z.B. kleine Clips die verhindern das eine Gurtklemme sich verstellt oder sich gar l\u00f6st. Ein Sonderangebot ist der Rucksack sicherlich nicht, aber ich habe nicht das Gefu\u0308hl&nbsp;zuviel dafu\u0308r bezahlt zu haben. Fu\u0308r mich ist er seinen Preis wert und bietet genau das was ich an einen <a href=\"http:\/\/amzn.to\/2h4TwgO\">Outdoorfotorucksack<\/a> erwarte.<\/p>\n<div id='gallery-1' class='gallery galleryid-6591 gallery-columns-3 gallery-size-thumbnail'><figure class='gallery-item'>\n\t\t\t<div class='gallery-icon landscape'>\n\t\t\t\t<a href='https:\/\/taschenfreak.de\/blog\/wp-content\/uploads\/2016\/12\/2016_12_15_MindShiftGear_Backlight26L_JL_1.jpg' title=\"\" data-rl_title=\"\" class=\"rl-gallery-link\" data-rl_caption=\"\" data-rel=\"lightbox-gallery-1\"><img loading=\"lazy\" decoding=\"async\" width=\"150\" height=\"150\" src=\"https:\/\/taschenfreak.de\/blog\/wp-content\/uploads\/2016\/12\/2016_12_15_MindShiftGear_Backlight26L_JL_1-150x150.jpg\" class=\"attachment-thumbnail size-thumbnail\" alt=\"\" srcset=\"https:\/\/taschenfreak.de\/blog\/wp-content\/uploads\/2016\/12\/2016_12_15_MindShiftGear_Backlight26L_JL_1-150x150.jpg 150w, https:\/\/taschenfreak.de\/blog\/wp-content\/uploads\/2016\/12\/2016_12_15_MindShiftGear_Backlight26L_JL_1-144x144.jpg 144w\" sizes=\"auto, (max-width: 150px) 100vw, 150px\" \/><\/a>\n\t\t\t<\/div><\/figure><figure class='gallery-item'>\n\t\t\t<div class='gallery-icon portrait'>\n\t\t\t\t<a href='https:\/\/taschenfreak.de\/blog\/wp-content\/uploads\/2016\/12\/2016_12_15_MindShiftGear_Backlight26L_JL_2.jpg' title=\"\" data-rl_title=\"\" class=\"rl-gallery-link\" data-rl_caption=\"\" data-rel=\"lightbox-gallery-1\"><img loading=\"lazy\" decoding=\"async\" width=\"150\" height=\"150\" src=\"https:\/\/taschenfreak.de\/blog\/wp-content\/uploads\/2016\/12\/2016_12_15_MindShiftGear_Backlight26L_JL_2-150x150.jpg\" class=\"attachment-thumbnail size-thumbnail\" alt=\"\" srcset=\"https:\/\/taschenfreak.de\/blog\/wp-content\/uploads\/2016\/12\/2016_12_15_MindShiftGear_Backlight26L_JL_2-150x150.jpg 150w, https:\/\/taschenfreak.de\/blog\/wp-content\/uploads\/2016\/12\/2016_12_15_MindShiftGear_Backlight26L_JL_2-144x144.jpg 144w\" sizes=\"auto, (max-width: 150px) 100vw, 150px\" \/><\/a>\n\t\t\t<\/div><\/figure><figure class='gallery-item'>\n\t\t\t<div class='gallery-icon portrait'>\n\t\t\t\t<a href='https:\/\/taschenfreak.de\/blog\/wp-content\/uploads\/2016\/12\/2016_12_15_MindShiftGear_Backlight26L_JL_3.jpg' title=\"\" data-rl_title=\"\" class=\"rl-gallery-link\" data-rl_caption=\"\" data-rel=\"lightbox-gallery-1\"><img loading=\"lazy\" decoding=\"async\" width=\"150\" height=\"150\" src=\"https:\/\/taschenfreak.de\/blog\/wp-content\/uploads\/2016\/12\/2016_12_15_MindShiftGear_Backlight26L_JL_3-150x150.jpg\" class=\"attachment-thumbnail size-thumbnail\" alt=\"\" srcset=\"https:\/\/taschenfreak.de\/blog\/wp-content\/uploads\/2016\/12\/2016_12_15_MindShiftGear_Backlight26L_JL_3-150x150.jpg 150w, https:\/\/taschenfreak.de\/blog\/wp-content\/uploads\/2016\/12\/2016_12_15_MindShiftGear_Backlight26L_JL_3-144x144.jpg 144w\" sizes=\"auto, (max-width: 150px) 100vw, 150px\" \/><\/a>\n\t\t\t<\/div><\/figure><figure class='gallery-item'>\n\t\t\t<div class='gallery-icon portrait'>\n\t\t\t\t<a href='https:\/\/taschenfreak.de\/blog\/wp-content\/uploads\/2016\/12\/2016_12_15_MindShiftGear_Backlight26L_JL_4.jpg' title=\"\" data-rl_title=\"\" class=\"rl-gallery-link\" data-rl_caption=\"\" data-rel=\"lightbox-gallery-1\"><img loading=\"lazy\" decoding=\"async\" width=\"150\" height=\"150\" src=\"https:\/\/taschenfreak.de\/blog\/wp-content\/uploads\/2016\/12\/2016_12_15_MindShiftGear_Backlight26L_JL_4-150x150.jpg\" class=\"attachment-thumbnail size-thumbnail\" alt=\"\" srcset=\"https:\/\/taschenfreak.de\/blog\/wp-content\/uploads\/2016\/12\/2016_12_15_MindShiftGear_Backlight26L_JL_4-150x150.jpg 150w, https:\/\/taschenfreak.de\/blog\/wp-content\/uploads\/2016\/12\/2016_12_15_MindShiftGear_Backlight26L_JL_4-144x144.jpg 144w\" sizes=\"auto, (max-width: 150px) 100vw, 150px\" \/><\/a>\n\t\t\t<\/div><\/figure><figure class='gallery-item'>\n\t\t\t<div class='gallery-icon landscape'>\n\t\t\t\t<a href='https:\/\/taschenfreak.de\/blog\/wp-content\/uploads\/2016\/12\/2016_12_15_MindShiftGear_Backlight26L_JL_5.jpg' title=\"\" data-rl_title=\"\" class=\"rl-gallery-link\" data-rl_caption=\"\" data-rel=\"lightbox-gallery-1\"><img loading=\"lazy\" decoding=\"async\" width=\"150\" height=\"150\" src=\"https:\/\/taschenfreak.de\/blog\/wp-content\/uploads\/2016\/12\/2016_12_15_MindShiftGear_Backlight26L_JL_5-150x150.jpg\" class=\"attachment-thumbnail size-thumbnail\" alt=\"\" srcset=\"https:\/\/taschenfreak.de\/blog\/wp-content\/uploads\/2016\/12\/2016_12_15_MindShiftGear_Backlight26L_JL_5-150x150.jpg 150w, https:\/\/taschenfreak.de\/blog\/wp-content\/uploads\/2016\/12\/2016_12_15_MindShiftGear_Backlight26L_JL_5-144x144.jpg 144w\" sizes=\"auto, (max-width: 150px) 100vw, 150px\" \/><\/a>\n\t\t\t<\/div><\/figure><figure class='gallery-item'>\n\t\t\t<div class='gallery-icon landscape'>\n\t\t\t\t<a href='https:\/\/taschenfreak.de\/blog\/wp-content\/uploads\/2016\/12\/2016_12_15_MindShiftGear_Backlight26L_JL_6-1.jpg' title=\"\" data-rl_title=\"\" class=\"rl-gallery-link\" data-rl_caption=\"\" data-rel=\"lightbox-gallery-1\"><img loading=\"lazy\" decoding=\"async\" width=\"150\" height=\"150\" src=\"https:\/\/taschenfreak.de\/blog\/wp-content\/uploads\/2016\/12\/2016_12_15_MindShiftGear_Backlight26L_JL_6-1-150x150.jpg\" class=\"attachment-thumbnail size-thumbnail\" alt=\"\" srcset=\"https:\/\/taschenfreak.de\/blog\/wp-content\/uploads\/2016\/12\/2016_12_15_MindShiftGear_Backlight26L_JL_6-1-150x150.jpg 150w, https:\/\/taschenfreak.de\/blog\/wp-content\/uploads\/2016\/12\/2016_12_15_MindShiftGear_Backlight26L_JL_6-1-144x144.jpg 144w\" sizes=\"auto, (max-width: 150px) 100vw, 150px\" \/><\/a>\n\t\t\t<\/div><\/figure>\n\t\t<\/div>\n<\/blockquote>\n<p class=\"p1\">Danke lieber J\u00fcrgen. Gef\u00e4llt mir sehr gut.<\/p>\n<p class=\"p1\">Sch\u00f6ne Gr\u00fc\u00dfe &#8211; Euer Taschenfreak &#8211; J\u00f6rg Langer<\/p>\n","protected":false},"excerpt":{"rendered":"<p>Vor ein paar Tagen fragte mich mein Facebook-Buddy J\u00fcrgen Libertus ob ich Interesse an Bildern und einem Bericht von seinem Mindshift Gear Backlight 26L in Gr\u00fcn h\u00e4tte. &#8222;Nat\u00fcrlich&#8220; antwortete ich. Und hier sind seine Bilder und sein Bericht f\u00fcr Euch:<\/p>\n","protected":false},"author":3,"featured_media":6592,"comment_status":"open","ping_status":"open","sticky":false,"template":"","format":"standard","meta":{"ngg_post_thumbnail":0,"_jetpack_memberships_contains_paid_content":false,"footnotes":"","_links_to":"","_links_to_target":""},"categories":[3,7],"tags":[1378,1538,603,1634,445,48],"class_list":["post-6591","post","type-post","status-publish","format-standard","has-post-thumbnail","hentry","category-rucksack","category-rucksack-mit-notebookfach-und-daypack","tag-gruen","tag-mindshift","tag-mindshift-gear","tag-mindshift-gear-backlight-26l","tag-outdoor","tag-packbeispiel"],"jetpack_featured_media_url":"https:\/\/taschenfreak.de\/blog\/wp-content\/uploads\/2016\/12\/2016_12_15_MindShiftGear_Backlight26L_JL_6.jpg","jetpack_shortlink":"https:\/\/wp.me\/p4GMND-1Ij","jetpack_sharing_enabled":true,"_links":{"self":[{"href":"https:\/\/taschenfreak.de\/blog\/wp-json\/wp\/v2\/posts\/6591","targetHints":{"allow":["GET"]}}],"collection":[{"href":"https:\/\/taschenfreak.de\/blog\/wp-json\/wp\/v2\/posts"}],"about":[{"href":"https:\/\/taschenfreak.de\/blog\/wp-json\/wp\/v2\/types\/post"}],"author":[{"embeddable":true,"href":"https:\/\/taschenfreak.de\/blog\/wp-json\/wp\/v2\/users\/3"}],"replies":[{"embeddable":true,"href":"https:\/\/taschenfreak.de\/blog\/wp-json\/wp\/v2\/comments?post=6591"}],"version-history":[{"count":0,"href":"https:\/\/taschenfreak.de\/blog\/wp-json\/wp\/v2\/posts\/6591\/revisions"}],"wp:featuredmedia":[{"embeddable":true,"href":"https:\/\/taschenfreak.de\/blog\/wp-json\/wp\/v2\/media\/6592"}],"wp:attachment":[{"href":"https:\/\/taschenfreak.de\/blog\/wp-json\/wp\/v2\/media?parent=6591"}],"wp:term":[{"taxonomy":"category","embeddable":true,"href":"https:\/\/taschenfreak.de\/blog\/wp-json\/wp\/v2\/categories?post=6591"},{"taxonomy":"post_tag","embeddable":true,"href":"https:\/\/taschenfreak.de\/blog\/wp-json\/wp\/v2\/tags?post=6591"}],"curies":[{"name":"wp","href":"https:\/\/api.w.org\/{rel}","templated":true}]}}