{"id":6936,"date":"2017-04-21T13:21:39","date_gmt":"2017-04-21T11:21:39","guid":{"rendered":"http:\/\/taschenfreak.de\/blog\/?p=6936"},"modified":"2017-04-21T13:21:39","modified_gmt":"2017-04-21T11:21:39","slug":"die-compagnon-medium-messenger-v2-von-mattias","status":"publish","type":"post","link":"https:\/\/taschenfreak.de\/blog\/2017\/04\/21\/die-compagnon-medium-messenger-v2-von-mattias\/","title":{"rendered":"Die Compagnon Medium Messenger V2 von Mattias"},"content":{"rendered":"<p><a  href=\"https:\/\/taschenfreak.de\/blog\/wp-content\/uploads\/2017\/04\/Compagnon_Medium_Messenger_Mattias_0002.jpg\" data-rel=\"lightbox-gallery-1\" data-rl_title=\"\" data-rl_caption=\"\" title=\"\"><img loading=\"lazy\" decoding=\"async\" class=\"alignnone size-full wp-image-6938\" src=\"https:\/\/taschenfreak.de\/blog\/wp-content\/uploads\/2017\/04\/Compagnon_Medium_Messenger_Mattias_0002.jpg\" alt=\"\" width=\"1000\" height=\"750\" srcset=\"https:\/\/taschenfreak.de\/blog\/wp-content\/uploads\/2017\/04\/Compagnon_Medium_Messenger_Mattias_0002.jpg 1000w, https:\/\/taschenfreak.de\/blog\/wp-content\/uploads\/2017\/04\/Compagnon_Medium_Messenger_Mattias_0002-300x225.jpg 300w, https:\/\/taschenfreak.de\/blog\/wp-content\/uploads\/2017\/04\/Compagnon_Medium_Messenger_Mattias_0002-768x576.jpg 768w\" sizes=\"auto, (max-width: 1000px) 100vw, 1000px\" \/><\/a><\/p>\n<p>Vor einigen Wochen schon hat mir Mattias Sammer Bilder und einen sch\u00f6nen Text zu seiner <a href=\"http:\/\/compagnon-bags.com\/produkt\/compagnon-medium-messenger-hellbraun\"><strong>Compagnon Medium Messenger V2<\/strong><\/a> geschickt, die ich Euch heute hiermit zeigen m\u00f6chte. Mattias schreibt dazu:<\/p>\n<blockquote><p>Hallo J\u00f6rg,<\/p>\n<p>Angefixt durch deine Facebookseite &#8211; Taschenfreak, musste ich mir nun die Messenger Tasche kaufen. Nach langem \u00fcberlegen welche Gr\u00f6\u00dfe f\u00fcr mich passend ist, entschied ich die Medium Messenger zu ordern. Heute hab ich einmal eine extrem Best\u00fcckung gemacht und vielleicht ist es ja f\u00fcr den einen oder anderen n\u00fctzlich, zu sehen was ich alles reinbringe. Mein Ultrabook Asus UX303L passt genau in das Laptopfach. Vorne findet sich noch Platz f\u00fcr meine Olympus E-5 mit BG und dem 12-60mm SWD inkl. Sonnenblende. In der Mitte der Metz 48AF-1 und der Canon Speedlite 430EX. Daneben meine Canon EOS 5D mit dem 50mm f1.8 STM. Dazu noch Ersatzakkus, Speicherkarten, kleiner Notizblock, Kugelschreiber und Lenspen. Wenn das Ultrabook drinnen ist, geht der Verschluss nicht mehr zu, was aber auf keinster Weise st\u00f6rt. Sobald ich das Ultrabook raus nehme, l\u00e4sst sich der Verschluss schlie\u00dfen. Diese Beladung wird sowieso nicht meine Allt\u00e4gliche sein, aber es ist sch\u00f6n, eine Tasche zu haben wo es m\u00f6glich ist, einfach mal 2 gro\u00dfe Kameras mit Blitz und Ultrabook mitzunehmen. Ich bin super begeistert von der Tasche. Da haben die Jungs von Compagnon was tolles entwickelt. Der Kontakt mit Vitalis ist sehr nett und so macht die Kaufabwicklung spa\u00df. Oben drauf schenkten sie mir noch einen Kameragurt zu meiner Bestellung dazu, welcher an der Eos 5D montiert ist. Langsam f\u00fcllt sich meine Compagnon Ecke. Neben der Messenger ist auch schon l\u00e4nger das &#8222;The Wallet&#8220; und das &#8222;The Toolbag&#8220;. Ein Backpack wird wohl auch noch dieses Jahr hinzukommen. So genug geschrieben.<\/p>\n<p>Hier findest du noch meine Fotos zum Text.<\/p>\n<div id='gallery-1' class='gallery galleryid-6936 gallery-columns-3 gallery-size-thumbnail'><figure class='gallery-item'>\n\t\t\t<div class='gallery-icon portrait'>\n\t\t\t\t<a href='https:\/\/taschenfreak.de\/blog\/wp-content\/uploads\/2017\/04\/Compagnon_Medium_Messenger_Mattias_0001.jpg' title=\"\" data-rl_title=\"\" class=\"rl-gallery-link\" data-rl_caption=\"\" data-rel=\"lightbox-gallery-1\"><img loading=\"lazy\" decoding=\"async\" width=\"150\" height=\"150\" src=\"https:\/\/taschenfreak.de\/blog\/wp-content\/uploads\/2017\/04\/Compagnon_Medium_Messenger_Mattias_0001-150x150.jpg\" class=\"attachment-thumbnail size-thumbnail\" alt=\"\" srcset=\"https:\/\/taschenfreak.de\/blog\/wp-content\/uploads\/2017\/04\/Compagnon_Medium_Messenger_Mattias_0001-150x150.jpg 150w, https:\/\/taschenfreak.de\/blog\/wp-content\/uploads\/2017\/04\/Compagnon_Medium_Messenger_Mattias_0001-144x144.jpg 144w\" sizes=\"auto, (max-width: 150px) 100vw, 150px\" \/><\/a>\n\t\t\t<\/div><\/figure><figure class='gallery-item'>\n\t\t\t<div class='gallery-icon portrait'>\n\t\t\t\t<a href='https:\/\/taschenfreak.de\/blog\/wp-content\/uploads\/2017\/04\/Compagnon_Medium_Messenger_Mattias_0003.jpg' title=\"\" data-rl_title=\"\" class=\"rl-gallery-link\" data-rl_caption=\"\" data-rel=\"lightbox-gallery-1\"><img loading=\"lazy\" decoding=\"async\" width=\"150\" height=\"150\" src=\"https:\/\/taschenfreak.de\/blog\/wp-content\/uploads\/2017\/04\/Compagnon_Medium_Messenger_Mattias_0003-150x150.jpg\" class=\"attachment-thumbnail size-thumbnail\" alt=\"\" srcset=\"https:\/\/taschenfreak.de\/blog\/wp-content\/uploads\/2017\/04\/Compagnon_Medium_Messenger_Mattias_0003-150x150.jpg 150w, https:\/\/taschenfreak.de\/blog\/wp-content\/uploads\/2017\/04\/Compagnon_Medium_Messenger_Mattias_0003-144x144.jpg 144w\" sizes=\"auto, (max-width: 150px) 100vw, 150px\" \/><\/a>\n\t\t\t<\/div><\/figure><figure class='gallery-item'>\n\t\t\t<div class='gallery-icon landscape'>\n\t\t\t\t<a href='https:\/\/taschenfreak.de\/blog\/wp-content\/uploads\/2017\/04\/Compagnon_Medium_Messenger_Mattias_0004.jpg' title=\"\" data-rl_title=\"\" class=\"rl-gallery-link\" data-rl_caption=\"\" data-rel=\"lightbox-gallery-1\"><img loading=\"lazy\" decoding=\"async\" width=\"150\" height=\"150\" src=\"https:\/\/taschenfreak.de\/blog\/wp-content\/uploads\/2017\/04\/Compagnon_Medium_Messenger_Mattias_0004-150x150.jpg\" class=\"attachment-thumbnail size-thumbnail\" alt=\"\" srcset=\"https:\/\/taschenfreak.de\/blog\/wp-content\/uploads\/2017\/04\/Compagnon_Medium_Messenger_Mattias_0004-150x150.jpg 150w, https:\/\/taschenfreak.de\/blog\/wp-content\/uploads\/2017\/04\/Compagnon_Medium_Messenger_Mattias_0004-144x144.jpg 144w\" sizes=\"auto, (max-width: 150px) 100vw, 150px\" \/><\/a>\n\t\t\t<\/div><\/figure><figure class='gallery-item'>\n\t\t\t<div class='gallery-icon landscape'>\n\t\t\t\t<a href='https:\/\/taschenfreak.de\/blog\/wp-content\/uploads\/2017\/04\/Compagnon_Medium_Messenger_Mattias_0005.jpg' title=\"\" data-rl_title=\"\" class=\"rl-gallery-link\" data-rl_caption=\"\" data-rel=\"lightbox-gallery-1\"><img loading=\"lazy\" decoding=\"async\" width=\"150\" height=\"150\" src=\"https:\/\/taschenfreak.de\/blog\/wp-content\/uploads\/2017\/04\/Compagnon_Medium_Messenger_Mattias_0005-150x150.jpg\" class=\"attachment-thumbnail size-thumbnail\" alt=\"\" srcset=\"https:\/\/taschenfreak.de\/blog\/wp-content\/uploads\/2017\/04\/Compagnon_Medium_Messenger_Mattias_0005-150x150.jpg 150w, https:\/\/taschenfreak.de\/blog\/wp-content\/uploads\/2017\/04\/Compagnon_Medium_Messenger_Mattias_0005-144x144.jpg 144w\" sizes=\"auto, (max-width: 150px) 100vw, 150px\" \/><\/a>\n\t\t\t<\/div><\/figure><figure class='gallery-item'>\n\t\t\t<div class='gallery-icon landscape'>\n\t\t\t\t<a href='https:\/\/taschenfreak.de\/blog\/wp-content\/uploads\/2017\/04\/Compagnon_Medium_Messenger_Mattias_0006.jpg' title=\"\" data-rl_title=\"\" class=\"rl-gallery-link\" data-rl_caption=\"\" data-rel=\"lightbox-gallery-1\"><img loading=\"lazy\" decoding=\"async\" width=\"150\" height=\"150\" src=\"https:\/\/taschenfreak.de\/blog\/wp-content\/uploads\/2017\/04\/Compagnon_Medium_Messenger_Mattias_0006-150x150.jpg\" class=\"attachment-thumbnail size-thumbnail\" alt=\"\" srcset=\"https:\/\/taschenfreak.de\/blog\/wp-content\/uploads\/2017\/04\/Compagnon_Medium_Messenger_Mattias_0006-150x150.jpg 150w, https:\/\/taschenfreak.de\/blog\/wp-content\/uploads\/2017\/04\/Compagnon_Medium_Messenger_Mattias_0006-144x144.jpg 144w\" sizes=\"auto, (max-width: 150px) 100vw, 150px\" \/><\/a>\n\t\t\t<\/div><\/figure><figure class='gallery-item'>\n\t\t\t<div class='gallery-icon landscape'>\n\t\t\t\t<a href='https:\/\/taschenfreak.de\/blog\/wp-content\/uploads\/2017\/04\/Compagnon_Medium_Messenger_Mattias_0007.jpg' title=\"\" data-rl_title=\"\" class=\"rl-gallery-link\" data-rl_caption=\"\" data-rel=\"lightbox-gallery-1\"><img loading=\"lazy\" decoding=\"async\" width=\"150\" height=\"150\" src=\"https:\/\/taschenfreak.de\/blog\/wp-content\/uploads\/2017\/04\/Compagnon_Medium_Messenger_Mattias_0007-150x150.jpg\" class=\"attachment-thumbnail size-thumbnail\" alt=\"\" srcset=\"https:\/\/taschenfreak.de\/blog\/wp-content\/uploads\/2017\/04\/Compagnon_Medium_Messenger_Mattias_0007-150x150.jpg 150w, https:\/\/taschenfreak.de\/blog\/wp-content\/uploads\/2017\/04\/Compagnon_Medium_Messenger_Mattias_0007-144x144.jpg 144w\" sizes=\"auto, (max-width: 150px) 100vw, 150px\" \/><\/a>\n\t\t\t<\/div><\/figure><figure class='gallery-item'>\n\t\t\t<div class='gallery-icon landscape'>\n\t\t\t\t<a href='https:\/\/taschenfreak.de\/blog\/wp-content\/uploads\/2017\/04\/Compagnon_Medium_Messenger_Mattias_0008.jpg' title=\"\" data-rl_title=\"\" class=\"rl-gallery-link\" data-rl_caption=\"\" data-rel=\"lightbox-gallery-1\"><img loading=\"lazy\" decoding=\"async\" width=\"150\" height=\"150\" src=\"https:\/\/taschenfreak.de\/blog\/wp-content\/uploads\/2017\/04\/Compagnon_Medium_Messenger_Mattias_0008-150x150.jpg\" class=\"attachment-thumbnail size-thumbnail\" alt=\"\" srcset=\"https:\/\/taschenfreak.de\/blog\/wp-content\/uploads\/2017\/04\/Compagnon_Medium_Messenger_Mattias_0008-150x150.jpg 150w, https:\/\/taschenfreak.de\/blog\/wp-content\/uploads\/2017\/04\/Compagnon_Medium_Messenger_Mattias_0008-144x144.jpg 144w\" sizes=\"auto, (max-width: 150px) 100vw, 150px\" \/><\/a>\n\t\t\t<\/div><\/figure><figure class='gallery-item'>\n\t\t\t<div class='gallery-icon landscape'>\n\t\t\t\t<a href='https:\/\/taschenfreak.de\/blog\/wp-content\/uploads\/2017\/04\/Compagnon_Medium_Messenger_Mattias_0009.jpg' title=\"\" data-rl_title=\"\" class=\"rl-gallery-link\" data-rl_caption=\"\" data-rel=\"lightbox-gallery-1\"><img loading=\"lazy\" decoding=\"async\" width=\"150\" height=\"150\" src=\"https:\/\/taschenfreak.de\/blog\/wp-content\/uploads\/2017\/04\/Compagnon_Medium_Messenger_Mattias_0009-150x150.jpg\" class=\"attachment-thumbnail size-thumbnail\" alt=\"\" srcset=\"https:\/\/taschenfreak.de\/blog\/wp-content\/uploads\/2017\/04\/Compagnon_Medium_Messenger_Mattias_0009-150x150.jpg 150w, https:\/\/taschenfreak.de\/blog\/wp-content\/uploads\/2017\/04\/Compagnon_Medium_Messenger_Mattias_0009-144x144.jpg 144w\" sizes=\"auto, (max-width: 150px) 100vw, 150px\" \/><\/a>\n\t\t\t<\/div><\/figure><figure class='gallery-item'>\n\t\t\t<div class='gallery-icon portrait'>\n\t\t\t\t<a href='https:\/\/taschenfreak.de\/blog\/wp-content\/uploads\/2017\/04\/Compagnon_Medium_Messenger_Mattias_0010.jpg' title=\"\" data-rl_title=\"\" class=\"rl-gallery-link\" data-rl_caption=\"\" data-rel=\"lightbox-gallery-1\"><img loading=\"lazy\" decoding=\"async\" width=\"150\" height=\"150\" src=\"https:\/\/taschenfreak.de\/blog\/wp-content\/uploads\/2017\/04\/Compagnon_Medium_Messenger_Mattias_0010-150x150.jpg\" class=\"attachment-thumbnail size-thumbnail\" alt=\"\" srcset=\"https:\/\/taschenfreak.de\/blog\/wp-content\/uploads\/2017\/04\/Compagnon_Medium_Messenger_Mattias_0010-150x150.jpg 150w, https:\/\/taschenfreak.de\/blog\/wp-content\/uploads\/2017\/04\/Compagnon_Medium_Messenger_Mattias_0010-144x144.jpg 144w\" sizes=\"auto, (max-width: 150px) 100vw, 150px\" \/><\/a>\n\t\t\t<\/div><\/figure>\n\t\t<\/div>\n\n<p>Somit w\u00fcnsch ich dir und deiner Familie noch ein entspannendes Wochenende und hoffe dass meine Story f\u00fcr den einen oder anderen User hier n\u00fctzlich ist!<br \/>\nLG Mattias<\/p><\/blockquote>\n<p>Vielen Dank &#8211; vor allem f\u00fcr Deine Geduld lieber Mattias! Wirselbst setzen die selbe Tasche ein und unsere hat schon ordentliche Patina und viele Kilometer drauf sozusagen und wir lieben diese noch wie am ersten Tag!<\/p>\n<p>Sch\u00f6ne Gr\u00fc\u00dfe &#8211; Euer Taschenfreak &#8211; J\u00f6rg Langer<\/p>\n","protected":false},"excerpt":{"rendered":"<p>Vor einigen Wochen schon hat mir Mattias Sammer Bilder und einen sch\u00f6nen Text zu seiner Compagnon Medium Messenger V2 geschickt, die ich Euch heute hiermit zeigen m\u00f6chte. Mattias schreibt dazu: &#8230;<\/p>\n","protected":false},"author":3,"featured_media":6938,"comment_status":"open","ping_status":"open","sticky":false,"template":"","format":"standard","meta":{"ngg_post_thumbnail":0,"_jetpack_memberships_contains_paid_content":false,"footnotes":"","_links_to":"","_links_to_target":""},"categories":[80,11,12],"tags":[1093,1703,745,1059,1602,241,1704,1536,1705],"class_list":["post-6936","post","type-post","status-publish","format-standard","has-post-thumbnail","hentry","category-leder","category-schultertasche","category-schultertasche-mit-notebook","tag-compagnon","tag-compagnon-medium-messenger-v2","tag-hellbraun","tag-leder","tag-medium-messenger","tag-messenger","tag-ultrabook","tag-v2","tag-zwei-kameras"],"jetpack_featured_media_url":"https:\/\/taschenfreak.de\/blog\/wp-content\/uploads\/2017\/04\/Compagnon_Medium_Messenger_Mattias_0002.jpg","jetpack_shortlink":"https:\/\/wp.me\/p4GMND-1NS","jetpack_sharing_enabled":true,"_links":{"self":[{"href":"https:\/\/taschenfreak.de\/blog\/wp-json\/wp\/v2\/posts\/6936","targetHints":{"allow":["GET"]}}],"collection":[{"href":"https:\/\/taschenfreak.de\/blog\/wp-json\/wp\/v2\/posts"}],"about":[{"href":"https:\/\/taschenfreak.de\/blog\/wp-json\/wp\/v2\/types\/post"}],"author":[{"embeddable":true,"href":"https:\/\/taschenfreak.de\/blog\/wp-json\/wp\/v2\/users\/3"}],"replies":[{"embeddable":true,"href":"https:\/\/taschenfreak.de\/blog\/wp-json\/wp\/v2\/comments?post=6936"}],"version-history":[{"count":0,"href":"https:\/\/taschenfreak.de\/blog\/wp-json\/wp\/v2\/posts\/6936\/revisions"}],"wp:featuredmedia":[{"embeddable":true,"href":"https:\/\/taschenfreak.de\/blog\/wp-json\/wp\/v2\/media\/6938"}],"wp:attachment":[{"href":"https:\/\/taschenfreak.de\/blog\/wp-json\/wp\/v2\/media?parent=6936"}],"wp:term":[{"taxonomy":"category","embeddable":true,"href":"https:\/\/taschenfreak.de\/blog\/wp-json\/wp\/v2\/categories?post=6936"},{"taxonomy":"post_tag","embeddable":true,"href":"https:\/\/taschenfreak.de\/blog\/wp-json\/wp\/v2\/tags?post=6936"}],"curies":[{"name":"wp","href":"https:\/\/api.w.org\/{rel}","templated":true}]}}