{"id":7692,"date":"2017-10-18T16:29:10","date_gmt":"2017-10-18T14:29:10","guid":{"rendered":"http:\/\/taschenfreak.de\/blog\/?p=7692"},"modified":"2017-10-18T16:29:10","modified_gmt":"2017-10-18T14:29:10","slug":"kalahari-kapako-k-30-fototasche-von-uwe-naeher-angesehen-ein-echter-praxisbezug","status":"publish","type":"post","link":"https:\/\/taschenfreak.de\/blog\/2017\/10\/18\/kalahari-kapako-k-30-fototasche-von-uwe-naeher-angesehen-ein-echter-praxisbezug\/","title":{"rendered":"Kalahari KAPAKO K-30 Fototasche von Uwe n\u00e4her angesehen &#8211; ein echter Praxisbezug!"},"content":{"rendered":"<p>Vor ein paar Tagen habe ich Uwe Wisskirchen eine <a href=\"http:\/\/amzn.to\/2kZEXBq\"><strong>Kalahari KAPAKO K-30<\/strong><\/a> Fototasche geschenkt die er getestet hat. Den folgenden Text und die folgenden Bilder hat er mir die letzten Tage zu geschickt. Ich sage Danke an Uwe und Danke an Kalahari die diese Tasche daf\u00fcr bereit gestellt haben.<\/p>\n<hr>\n<p>Uwe schreibt:<\/p>\n<p><a  href=\"https:\/\/taschenfreak.de\/blog\/wp-content\/uploads\/2017\/10\/Kalahari_01.jpg\" data-rel=\"lightbox-gallery-2\" data-rl_title=\"\" data-rl_caption=\"\" title=\"\"><img loading=\"lazy\" decoding=\"async\" class=\"alignnone size-full wp-image-7693\" src=\"https:\/\/taschenfreak.de\/blog\/wp-content\/uploads\/2017\/10\/Kalahari_01.jpg\" alt=\"\" width=\"1000\" height=\"667\" srcset=\"https:\/\/taschenfreak.de\/blog\/wp-content\/uploads\/2017\/10\/Kalahari_01.jpg 1000w, https:\/\/taschenfreak.de\/blog\/wp-content\/uploads\/2017\/10\/Kalahari_01-300x200.jpg 300w, https:\/\/taschenfreak.de\/blog\/wp-content\/uploads\/2017\/10\/Kalahari_01-768x512.jpg 768w\" sizes=\"auto, (max-width: 1000px) 100vw, 1000px\" \/><\/a><\/p>\n<p>Der erste Eindruck ist nat\u00fcrlich sehr wichtig. Nach dem Auspacken der erste K\u00f6rperkontakt: F\u00fchlt sich sehr wertig an. Dicker Stoff, der von dem weichen Leder an den Seiten, am Deckel und an dem zus\u00e4tzlich angen\u00e4htem kleinen Fach unterbrochen wird. Ein gut verarbeiteter Tragegurt mit einfacher L\u00e4ngenverstellung und farblich zur Tasche abgestimmten Schulterpolster.<\/p>\n<p><a  href=\"https:\/\/taschenfreak.de\/blog\/wp-content\/uploads\/2017\/10\/Kalahari_02.jpg\" data-rel=\"lightbox-gallery-2\" data-rl_title=\"\" data-rl_caption=\"\" title=\"\"><img loading=\"lazy\" decoding=\"async\" class=\"alignnone size-full wp-image-7694\" src=\"https:\/\/taschenfreak.de\/blog\/wp-content\/uploads\/2017\/10\/Kalahari_02.jpg\" alt=\"\" width=\"1000\" height=\"667\" srcset=\"https:\/\/taschenfreak.de\/blog\/wp-content\/uploads\/2017\/10\/Kalahari_02.jpg 1000w, https:\/\/taschenfreak.de\/blog\/wp-content\/uploads\/2017\/10\/Kalahari_02-300x200.jpg 300w, https:\/\/taschenfreak.de\/blog\/wp-content\/uploads\/2017\/10\/Kalahari_02-768x512.jpg 768w\" sizes=\"auto, (max-width: 1000px) 100vw, 1000px\" \/><\/a><\/p>\n<p>Der Boden der Tasche besteht aus dem selben Stoff, wie der Rest.<br \/>\nIch habe jetzt noch nicht den Outdoortest vollzogen, allerdings d\u00fcrfte der Boden dadurch relativ schnell verschmutzen, wenn man die Tasche mal irgendwo im Gel\u00e4nde abstellen mu\u00df. Aber da kommt jetzt die Farbgebung in\u2019s Spiel: Vielleicht sollte man das gute St\u00fcck auch nicht einfach so in der Botanik abstellen. Aus dem einfachen Grund: Weil man sie, so gut getarnt, gar nicht mehr wiederfindet.<br \/>\nMir gef\u00e4llt die Farbgebung trotzdem sehr gut.&nbsp;Meiner Freundin kommt sie ein wenig zu \u201emilit\u00e4risch\u201c r\u00fcber.&nbsp;Aber das ist jetzt nat\u00fcrlich reine Geschmacksache.<\/p>\n<p>Kommen wir zu den einzelnen F\u00e4chern<\/p>\n<p>Es gibt ein Hauptfach, welches durch zwei verstellbare bzw. herausnehmbare Trennw\u00e4nde unterteilt werden kann. Verschlo\u00dfen wird diese Fach durch einen Rei\u00dfverschluss mit zwei Schiebern. Dr\u00fcber kommt dann der Deckel, der mit einem Kunststoffverschlu\u00df zugeklippt wird.&nbsp;<\/p>\n<p>Hier bin ich dann ein wenig im Zwiespalt<\/p>\n<p>Einerseits sind diese Quickrelease Verschl\u00fcsse ja wirklich, wie der Name schon sagt, verdammt quick in der Handhabung, andererseits wirken sie an so einer schicken Tasche ein wenig deplatziert. Allerdings mu\u00df ich sagen: Hier wurde ein hochwertig wirkender Verschluss verbaut.<\/p>\n<p>Da wirkt der kleine Druckknopf an dem kleinen Zusatzt\u00e4schlein schon ein wenig h\u00fcbscher.<br \/>\nUnd kaum lobe ich den kleinen Dr\u00fccker, dr\u00fcck ihn genau zweimal auf und zu , da hab ich auch schon aus einem Druckknopf, Zwei gemacht.&nbsp;Ich kann seht gut Dinge kaputt machen, hier war ich allerdings ziemlich unschuldig.&nbsp;An Vorder- und R\u00fcckseite der Tasche gibt es je ein flaches Seitenfach mit Rei\u00dfverschluss.&nbsp;Jeweils an den Seiten der Trageriemen gibt es noch zwei offene kleine F\u00e4cher.<\/p>\n<p><strong>Kommen wir zur ersten Beladung<\/strong><\/p>\n<p>Passt eine Spiegelreflex?<\/p>\n<p>Da hab ich doch noch mein altes Nikon Sch\u00e4tzchen D-200 im Regal. Von den Abmessungen kann der Brummer locker mit heutigen Vollformat DSLRs mithalten.<br \/>\nIch w\u00fcrde sagen: Passt nicht wirklich. Mit Gewalt w\u00fcrde man den Rei\u00dfverschluss vielleicht zu bekommen, aber ich lasse es lieber bleiben.<\/p>\n<p>Dann w\u00fcrde ich also sagen: An alle Systemkamera =&gt; Besitzer, die ein schmuckes T\u00e4schchen f\u00fcr den kleinen Fotospaziergang in der City oder im Umland suchen: Das k\u00f6nnte was f\u00fcr euch sein.<\/p>\n<p><strong>Meine Testausr\u00fcstung<\/strong><\/p>\n<p>Eine Sony Alpha 6500 mit 24mm Festbrennweite, dazu das Kit Telezoom 55-210mm<\/p>\n<p><a  href=\"https:\/\/taschenfreak.de\/blog\/wp-content\/uploads\/2017\/10\/Kalahari_03.jpg\" data-rel=\"lightbox-gallery-2\" data-rl_title=\"\" data-rl_caption=\"\" title=\"\"><img loading=\"lazy\" decoding=\"async\" class=\"alignnone size-full wp-image-7695\" src=\"https:\/\/taschenfreak.de\/blog\/wp-content\/uploads\/2017\/10\/Kalahari_03.jpg\" alt=\"\" width=\"1000\" height=\"667\" srcset=\"https:\/\/taschenfreak.de\/blog\/wp-content\/uploads\/2017\/10\/Kalahari_03.jpg 1000w, https:\/\/taschenfreak.de\/blog\/wp-content\/uploads\/2017\/10\/Kalahari_03-300x200.jpg 300w, https:\/\/taschenfreak.de\/blog\/wp-content\/uploads\/2017\/10\/Kalahari_03-768x512.jpg 768w\" sizes=\"auto, (max-width: 1000px) 100vw, 1000px\" \/><\/a><\/p>\n<p>Passt wunderbar.<\/p>\n<p>Mache noch eine zweite Beladung, zus\u00e4tzlich noch mit dem 10-18mm Weitwinkel. H\u00e4tte es nicht gedacht: Passt auch noch.<\/p>\n<div id='gallery-1' class='gallery galleryid-7692 gallery-columns-3 gallery-size-thumbnail'><figure class='gallery-item'>\n\t\t\t<div class='gallery-icon landscape'>\n\t\t\t\t<a href='https:\/\/taschenfreak.de\/blog\/wp-content\/uploads\/2017\/10\/Kalahari_06.jpg' title=\"\" data-rl_title=\"\" class=\"rl-gallery-link\" data-rl_caption=\"\" data-rel=\"lightbox-gallery-1\"><img loading=\"lazy\" decoding=\"async\" width=\"150\" height=\"150\" src=\"https:\/\/taschenfreak.de\/blog\/wp-content\/uploads\/2017\/10\/Kalahari_06-150x150.jpg\" class=\"attachment-thumbnail size-thumbnail\" alt=\"\" \/><\/a>\n\t\t\t<\/div><\/figure><figure class='gallery-item'>\n\t\t\t<div class='gallery-icon landscape'>\n\t\t\t\t<a href='https:\/\/taschenfreak.de\/blog\/wp-content\/uploads\/2017\/10\/Kalahari_05.jpg' title=\"\" data-rl_title=\"\" class=\"rl-gallery-link\" data-rl_caption=\"\" data-rel=\"lightbox-gallery-1\"><img loading=\"lazy\" decoding=\"async\" width=\"150\" height=\"150\" src=\"https:\/\/taschenfreak.de\/blog\/wp-content\/uploads\/2017\/10\/Kalahari_05-150x150.jpg\" class=\"attachment-thumbnail size-thumbnail\" alt=\"\" \/><\/a>\n\t\t\t<\/div><\/figure><figure class='gallery-item'>\n\t\t\t<div class='gallery-icon landscape'>\n\t\t\t\t<a href='https:\/\/taschenfreak.de\/blog\/wp-content\/uploads\/2017\/10\/Kalahari_04.jpg' title=\"\" data-rl_title=\"\" class=\"rl-gallery-link\" data-rl_caption=\"\" data-rel=\"lightbox-gallery-1\"><img loading=\"lazy\" decoding=\"async\" width=\"150\" height=\"150\" src=\"https:\/\/taschenfreak.de\/blog\/wp-content\/uploads\/2017\/10\/Kalahari_04-150x150.jpg\" class=\"attachment-thumbnail size-thumbnail\" alt=\"\" \/><\/a>\n\t\t\t<\/div><\/figure>\n\t\t<\/div>\n\n<p>n das r\u00fcckseitige Fach kommen Geldb\u00f6rse und Handy. So sind sie ziemlich sicher vor Langfingern.&nbsp;In die Seitenf\u00e4cher w\u00fcrden sicherlich noch Utensilien wie Filter und \u00c4hnliches hinein passen.<\/p>\n<p>In dem kleinen Zusatzt\u00e4schlein geht jetzt gerade nichts Passendes meines Equipments rein, aber sicher w\u00fcrde ein Zusatzakku locker passen. Leider ist die Tasche mit defektem Druckknopf auch nicht mehr wirklich brauchbar.<\/p>\n<p><strong>Praxistest 1 Indoor<\/strong><\/p>\n<p>Bundeskunsthalle Bonn. Ich bleibe bei der ersten Beladung mit einem Zusatzobjektiv und der Festbrennweite an der Kamera.<br \/>\nFazit des Tests: Trotz Tarnfarbe: Der Kontrolleur findet die Tasche an meinem K\u00f6rper h\u00e4ngend, daraus resultierend:<br \/>\nDie Tasche passt hervorragend in ein Schlie\u00dffach der Bundeskunsthalle: Es gibt Kameraverbot\u2026..verdammt.<br \/>\nTrotzdem laufe ich nach dem Besuch noch ein wenig \u00fcber die Museumsmeile und mache ein paar Bilder. Die Tasche funktioniert gut. Wenn man \u00f6fter an die Kamera m\u00f6chte, klappt man den Deckel nach innen und braucht dann einfach nur den Rei\u00dfverschluss zu \u00f6ffnen um an die Kamera zu kommen.<\/p>\n<p><strong>Praxistest 2 Outdoor<\/strong><\/p>\n<p>Br\u00f6tchen holen mit dem Cruiser:<\/p>\n<p><a  href=\"https:\/\/taschenfreak.de\/blog\/wp-content\/uploads\/2017\/10\/Kalahari_07.jpg\" data-rel=\"lightbox-gallery-2\" data-rl_title=\"\" data-rl_caption=\"\" title=\"\"><img loading=\"lazy\" decoding=\"async\" class=\"alignnone wp-image-7698 size-full\" src=\"https:\/\/taschenfreak.de\/blog\/wp-content\/uploads\/2017\/10\/Kalahari_07.jpg\" alt=\"\" width=\"1000\" height=\"920\" srcset=\"https:\/\/taschenfreak.de\/blog\/wp-content\/uploads\/2017\/10\/Kalahari_07.jpg 1000w, https:\/\/taschenfreak.de\/blog\/wp-content\/uploads\/2017\/10\/Kalahari_07-300x276.jpg 300w, https:\/\/taschenfreak.de\/blog\/wp-content\/uploads\/2017\/10\/Kalahari_07-768x707.jpg 768w\" sizes=\"auto, (max-width: 1000px) 100vw, 1000px\" \/><\/a><\/p>\n<p>Sechs Br\u00f6tchen passen rein, allerdings nur mit umgeklappten Deckel.<\/p>\n<p><strong>Praxistest 3 Outdoor<\/strong><\/p>\n<p>10 Kilometer Wanderung durch herrlich herbstliche W\u00e4lder.<br \/>\nDas Wetter ist f\u00fcr einen richtigen Test allerdings suboptimal: Die Sonne strahlt bei 25 Grad vom Himmel, so richtig traurig bin ich aber trotzdem nicht drum.<\/p>\n<p>Was ich vorher nicht gedacht h\u00e4tte: Die beiden offenen Taschen an den Trageriemen entpuppen sich als wahre Raumwunder. In eine passt mein Garmin E-Trex Navi, in die andere eine 0,5 Liter PET Flasche.<\/p>\n<p>Handhabung wie gehabt: Die Kamera ist schnell griffbereit und im Nichtgebrauch gut gesch\u00fctzt, auch wenn man sich mal im Unterholz bewegt um einen kleinen Wasserfall zu fotografieren.<\/p>\n<p><a  href=\"https:\/\/taschenfreak.de\/blog\/wp-content\/uploads\/2017\/10\/Kalahari_08.jpg\" data-rel=\"lightbox-gallery-2\" data-rl_title=\"\" data-rl_caption=\"\" title=\"\"><img loading=\"lazy\" decoding=\"async\" class=\"alignnone size-full wp-image-7700\" src=\"https:\/\/taschenfreak.de\/blog\/wp-content\/uploads\/2017\/10\/Kalahari_08.jpg\" alt=\"\" width=\"1000\" height=\"560\" srcset=\"https:\/\/taschenfreak.de\/blog\/wp-content\/uploads\/2017\/10\/Kalahari_08.jpg 1000w, https:\/\/taschenfreak.de\/blog\/wp-content\/uploads\/2017\/10\/Kalahari_08-300x168.jpg 300w, https:\/\/taschenfreak.de\/blog\/wp-content\/uploads\/2017\/10\/Kalahari_08-768x430.jpg 768w\" sizes=\"auto, (max-width: 1000px) 100vw, 1000px\" \/><\/a><\/p>\n<p>Auch nach drei Stunden Wanderung war die Tasche noch angenehm zu tragen. Nat\u00fcrlich ist klar: F\u00fcr schnellere Outdoorsportarten ist die Tasche nicht geeignet, da ist der Fotorucksack die einzig richtige Wahl.<\/p>\n<p><strong>Fazit <\/strong><\/p>\n<p>F\u00fcr den kleinen Spaziergang sehr gut geeignete Fototasche, die auch mal zur Handtasche umfunktioniert werden kann.<br \/>\nAu\u00dferdem robust genug um auch mal als Apfelpfl\u00fcckhilfe zum Einsatz zu kommen.<\/p>\n<div id='gallery-2' class='gallery galleryid-7692 gallery-columns-3 gallery-size-thumbnail'><figure class='gallery-item'>\n\t\t\t<div class='gallery-icon portrait'>\n\t\t\t\t<a href='https:\/\/taschenfreak.de\/blog\/wp-content\/uploads\/2017\/10\/Kalahari_09.jpg' title=\"\" data-rl_title=\"\" class=\"rl-gallery-link\" data-rl_caption=\"\" data-rel=\"lightbox-gallery-2\"><img loading=\"lazy\" decoding=\"async\" width=\"150\" height=\"150\" src=\"https:\/\/taschenfreak.de\/blog\/wp-content\/uploads\/2017\/10\/Kalahari_09-150x150.jpg\" class=\"attachment-thumbnail size-thumbnail\" alt=\"\" \/><\/a>\n\t\t\t<\/div><\/figure><figure class='gallery-item'>\n\t\t\t<div class='gallery-icon portrait'>\n\t\t\t\t<a href='https:\/\/taschenfreak.de\/blog\/wp-content\/uploads\/2017\/10\/Kalahari_10.jpg' title=\"\" data-rl_title=\"\" class=\"rl-gallery-link\" data-rl_caption=\"\" data-rel=\"lightbox-gallery-2\"><img loading=\"lazy\" decoding=\"async\" width=\"150\" height=\"150\" src=\"https:\/\/taschenfreak.de\/blog\/wp-content\/uploads\/2017\/10\/Kalahari_10-150x150.jpg\" class=\"attachment-thumbnail size-thumbnail\" alt=\"\" \/><\/a>\n\t\t\t<\/div><\/figure><figure class='gallery-item'>\n\t\t\t<div class='gallery-icon portrait'>\n\t\t\t\t<a href='https:\/\/taschenfreak.de\/blog\/wp-content\/uploads\/2017\/10\/Kalahari_11.jpg' title=\"\" data-rl_title=\"\" class=\"rl-gallery-link\" data-rl_caption=\"\" data-rel=\"lightbox-gallery-2\"><img loading=\"lazy\" decoding=\"async\" width=\"150\" height=\"150\" src=\"https:\/\/taschenfreak.de\/blog\/wp-content\/uploads\/2017\/10\/Kalahari_11-150x150.jpg\" class=\"attachment-thumbnail size-thumbnail\" alt=\"\" \/><\/a>\n\t\t\t<\/div><\/figure>\n\t\t<\/div>\n\n<hr>\n<p>Ich sage herzlich Danke lieber Uwe f\u00fcr den coolen und ausf\u00fchrlichen Bericht und den echten Praxisbezug. Gro\u00dfartig!<\/p>\n<p>Sch\u00f6ne Gr\u00fc\u00dfe &#8211; Euer Taschenfreak &#8211; J\u00f6rg Langer<\/p>\n","protected":false},"excerpt":{"rendered":"<p>Vor ein paar Tagen habe ich Uwe Wisskirchen eine Kalahari KAPAKO K-30 Fototasche geschenkt die er getestet hat. Den folgenden Text und die folgenden Bilder hat er mir die letzten Tage zu geschickt.<\/p>\n","protected":false},"author":3,"featured_media":7698,"comment_status":"open","ping_status":"open","sticky":false,"template":"","format":"standard","meta":{"ngg_post_thumbnail":0,"_jetpack_memberships_contains_paid_content":false,"footnotes":"","_links_to":"","_links_to_target":""},"categories":[11],"tags":[1831,526,1600,1832,1050,152],"class_list":["post-7692","post","type-post","status-publish","format-standard","has-post-thumbnail","hentry","category-schultertasche","tag-k-30","tag-kalahari","tag-kalahari-kapako-k-30","tag-praxistest","tag-schultertasche","tag-stoff"],"jetpack_featured_media_url":"https:\/\/taschenfreak.de\/blog\/wp-content\/uploads\/2017\/10\/Kalahari_07.jpg","jetpack_shortlink":"https:\/\/wp.me\/p4GMND-204","jetpack_sharing_enabled":true,"_links":{"self":[{"href":"https:\/\/taschenfreak.de\/blog\/wp-json\/wp\/v2\/posts\/7692","targetHints":{"allow":["GET"]}}],"collection":[{"href":"https:\/\/taschenfreak.de\/blog\/wp-json\/wp\/v2\/posts"}],"about":[{"href":"https:\/\/taschenfreak.de\/blog\/wp-json\/wp\/v2\/types\/post"}],"author":[{"embeddable":true,"href":"https:\/\/taschenfreak.de\/blog\/wp-json\/wp\/v2\/users\/3"}],"replies":[{"embeddable":true,"href":"https:\/\/taschenfreak.de\/blog\/wp-json\/wp\/v2\/comments?post=7692"}],"version-history":[{"count":0,"href":"https:\/\/taschenfreak.de\/blog\/wp-json\/wp\/v2\/posts\/7692\/revisions"}],"wp:featuredmedia":[{"embeddable":true,"href":"https:\/\/taschenfreak.de\/blog\/wp-json\/wp\/v2\/media\/7698"}],"wp:attachment":[{"href":"https:\/\/taschenfreak.de\/blog\/wp-json\/wp\/v2\/media?parent=7692"}],"wp:term":[{"taxonomy":"category","embeddable":true,"href":"https:\/\/taschenfreak.de\/blog\/wp-json\/wp\/v2\/categories?post=7692"},{"taxonomy":"post_tag","embeddable":true,"href":"https:\/\/taschenfreak.de\/blog\/wp-json\/wp\/v2\/tags?post=7692"}],"curies":[{"name":"wp","href":"https:\/\/api.w.org\/{rel}","templated":true}]}}