{"id":8646,"date":"2018-11-02T13:35:35","date_gmt":"2018-11-02T12:35:35","guid":{"rendered":"https:\/\/taschenfreak.de\/blog\/?p=8646"},"modified":"2018-11-02T13:35:35","modified_gmt":"2018-11-02T12:35:35","slug":"packbeispiele-zum-think-tank-photo-streetwalker-ii","status":"publish","type":"post","link":"https:\/\/taschenfreak.de\/blog\/2018\/11\/02\/packbeispiele-zum-think-tank-photo-streetwalker-ii\/","title":{"rendered":"Packbeispiele zum Think Tank Photo Streetwalker II"},"content":{"rendered":"<p>Vor ein paar Tagen hat mich eine sehr nette Mail von Stefan Knauer erreicht, der mir und damit auch Euch liebe Taschenfreak.de-Leser, ein paar sehr wertvolle Packbeispiele zum <a href=\"https:\/\/amzn.to\/2P3FHnH\"><strong>Think Tank Photo Streetwalker II<\/strong><\/a> geschickt hat, die wir Euch gerne im Nachfolgenden zeigen m\u00f6chten.<\/p>\n<div><strong>Packbeispiel 1:<\/strong><\/div>\n<ul>\n<li>Nikon D850 mit Batteriegriff<\/li>\n<li>Nikon D5<\/li>\n<li>AFS 80-400mm<\/li>\n<li>24-85mm<\/li>\n<li>Leica M-P mit 35er Summicron<\/li>\n<\/ul>\n<p><a  href=\"https:\/\/taschenfreak.de\/blog\/wp-content\/uploads\/2018\/11\/20181102-TTP-StreetwalkerII-StefanKnauer-PB1-2.jpg\" data-rel=\"lightbox-gallery-0\" data-rl_title=\"\" data-rl_caption=\"\" title=\"\"><img loading=\"lazy\" decoding=\"async\" class=\"alignnone size-full wp-image-8648\" src=\"https:\/\/taschenfreak.de\/blog\/wp-content\/uploads\/2018\/11\/20181102-TTP-StreetwalkerII-StefanKnauer-PB1-2.jpg\" alt=\"\" width=\"1400\" height=\"1867\" srcset=\"https:\/\/taschenfreak.de\/blog\/wp-content\/uploads\/2018\/11\/20181102-TTP-StreetwalkerII-StefanKnauer-PB1-2.jpg 1400w, https:\/\/taschenfreak.de\/blog\/wp-content\/uploads\/2018\/11\/20181102-TTP-StreetwalkerII-StefanKnauer-PB1-2-225x300.jpg 225w, https:\/\/taschenfreak.de\/blog\/wp-content\/uploads\/2018\/11\/20181102-TTP-StreetwalkerII-StefanKnauer-PB1-2-768x1024.jpg 768w, https:\/\/taschenfreak.de\/blog\/wp-content\/uploads\/2018\/11\/20181102-TTP-StreetwalkerII-StefanKnauer-PB1-2-112x150.jpg 112w, https:\/\/taschenfreak.de\/blog\/wp-content\/uploads\/2018\/11\/20181102-TTP-StreetwalkerII-StefanKnauer-PB1-2-830x1107.jpg 830w\" sizes=\"auto, (max-width: 1400px) 100vw, 1400px\" \/><\/a> <a  href=\"https:\/\/taschenfreak.de\/blog\/wp-content\/uploads\/2018\/11\/20181102-TTP-StreetwalkerII-StefanKnauer-PB1.jpg\" data-rel=\"lightbox-gallery-0\" data-rl_title=\"\" data-rl_caption=\"\" title=\"\"><img loading=\"lazy\" decoding=\"async\" class=\"alignnone size-full wp-image-8649\" src=\"https:\/\/taschenfreak.de\/blog\/wp-content\/uploads\/2018\/11\/20181102-TTP-StreetwalkerII-StefanKnauer-PB1.jpg\" alt=\"\" width=\"1400\" height=\"1050\" srcset=\"https:\/\/taschenfreak.de\/blog\/wp-content\/uploads\/2018\/11\/20181102-TTP-StreetwalkerII-StefanKnauer-PB1.jpg 1400w, https:\/\/taschenfreak.de\/blog\/wp-content\/uploads\/2018\/11\/20181102-TTP-StreetwalkerII-StefanKnauer-PB1-300x225.jpg 300w, https:\/\/taschenfreak.de\/blog\/wp-content\/uploads\/2018\/11\/20181102-TTP-StreetwalkerII-StefanKnauer-PB1-768x576.jpg 768w, https:\/\/taschenfreak.de\/blog\/wp-content\/uploads\/2018\/11\/20181102-TTP-StreetwalkerII-StefanKnauer-PB1-1024x768.jpg 1024w, https:\/\/taschenfreak.de\/blog\/wp-content\/uploads\/2018\/11\/20181102-TTP-StreetwalkerII-StefanKnauer-PB1-200x150.jpg 200w, https:\/\/taschenfreak.de\/blog\/wp-content\/uploads\/2018\/11\/20181102-TTP-StreetwalkerII-StefanKnauer-PB1-830x623.jpg 830w\" sizes=\"auto, (max-width: 1400px) 100vw, 1400px\" \/><\/a><\/p>\n<div><strong>Packbeispiel 2:<\/strong><\/div>\n<ul>\n<li>Nikon 300mm\/2.8 AFS II<\/li>\n<\/ul>\n<p><a  href=\"https:\/\/taschenfreak.de\/blog\/wp-content\/uploads\/2018\/11\/20181102-TTP-StreetwalkerII-StefanKnauer-PB2.jpg\" data-rel=\"lightbox-gallery-0\" data-rl_title=\"\" data-rl_caption=\"\" title=\"\"><img loading=\"lazy\" decoding=\"async\" class=\"alignnone size-full wp-image-8650\" src=\"https:\/\/taschenfreak.de\/blog\/wp-content\/uploads\/2018\/11\/20181102-TTP-StreetwalkerII-StefanKnauer-PB2.jpg\" alt=\"\" width=\"1400\" height=\"1050\" srcset=\"https:\/\/taschenfreak.de\/blog\/wp-content\/uploads\/2018\/11\/20181102-TTP-StreetwalkerII-StefanKnauer-PB2.jpg 1400w, https:\/\/taschenfreak.de\/blog\/wp-content\/uploads\/2018\/11\/20181102-TTP-StreetwalkerII-StefanKnauer-PB2-300x225.jpg 300w, https:\/\/taschenfreak.de\/blog\/wp-content\/uploads\/2018\/11\/20181102-TTP-StreetwalkerII-StefanKnauer-PB2-768x576.jpg 768w, https:\/\/taschenfreak.de\/blog\/wp-content\/uploads\/2018\/11\/20181102-TTP-StreetwalkerII-StefanKnauer-PB2-1024x768.jpg 1024w, https:\/\/taschenfreak.de\/blog\/wp-content\/uploads\/2018\/11\/20181102-TTP-StreetwalkerII-StefanKnauer-PB2-200x150.jpg 200w, https:\/\/taschenfreak.de\/blog\/wp-content\/uploads\/2018\/11\/20181102-TTP-StreetwalkerII-StefanKnauer-PB2-830x623.jpg 830w\" sizes=\"auto, (max-width: 1400px) 100vw, 1400px\" \/><\/a><\/p>\n<div><strong>Packbeispiel 3:<\/strong><\/div>\n<ul>\n<li>Nikon D5<\/li>\n<li>Nikon 500mm\/4 AFS II<\/li>\n<li>Nikon 24-85mm<\/li>\n<\/ul>\n<p><a  href=\"https:\/\/taschenfreak.de\/blog\/wp-content\/uploads\/2018\/11\/20181102-TTP-StreetwalkerII-StefanKnauer-PB3.jpg\" data-rel=\"lightbox-gallery-0\" data-rl_title=\"\" data-rl_caption=\"\" title=\"\"><img loading=\"lazy\" decoding=\"async\" class=\"alignnone size-full wp-image-8651\" src=\"https:\/\/taschenfreak.de\/blog\/wp-content\/uploads\/2018\/11\/20181102-TTP-StreetwalkerII-StefanKnauer-PB3.jpg\" alt=\"\" width=\"1400\" height=\"1050\" srcset=\"https:\/\/taschenfreak.de\/blog\/wp-content\/uploads\/2018\/11\/20181102-TTP-StreetwalkerII-StefanKnauer-PB3.jpg 1400w, https:\/\/taschenfreak.de\/blog\/wp-content\/uploads\/2018\/11\/20181102-TTP-StreetwalkerII-StefanKnauer-PB3-300x225.jpg 300w, https:\/\/taschenfreak.de\/blog\/wp-content\/uploads\/2018\/11\/20181102-TTP-StreetwalkerII-StefanKnauer-PB3-768x576.jpg 768w, https:\/\/taschenfreak.de\/blog\/wp-content\/uploads\/2018\/11\/20181102-TTP-StreetwalkerII-StefanKnauer-PB3-1024x768.jpg 1024w, https:\/\/taschenfreak.de\/blog\/wp-content\/uploads\/2018\/11\/20181102-TTP-StreetwalkerII-StefanKnauer-PB3-200x150.jpg 200w, https:\/\/taschenfreak.de\/blog\/wp-content\/uploads\/2018\/11\/20181102-TTP-StreetwalkerII-StefanKnauer-PB3-830x623.jpg 830w\" sizes=\"auto, (max-width: 1400px) 100vw, 1400px\" \/><\/a><\/p>\n<p>Und in die iPad\/Tablet-Tasche auf der R\u00fcckseite passt so gerade eben ein MacBook Air 11\u201c &nbsp;\ud83d\ude09<\/p>\n<p><a  href=\"https:\/\/taschenfreak.de\/blog\/wp-content\/uploads\/2018\/11\/20181102-TTP-StreetwalkerII-StefanKnauer-PB-Anhang-2.jpg\" data-rel=\"lightbox-gallery-0\" data-rl_title=\"\" data-rl_caption=\"\" title=\"\"><img loading=\"lazy\" decoding=\"async\" class=\"alignnone size-full wp-image-8652\" src=\"https:\/\/taschenfreak.de\/blog\/wp-content\/uploads\/2018\/11\/20181102-TTP-StreetwalkerII-StefanKnauer-PB-Anhang-2.jpg\" alt=\"\" width=\"1400\" height=\"1050\" srcset=\"https:\/\/taschenfreak.de\/blog\/wp-content\/uploads\/2018\/11\/20181102-TTP-StreetwalkerII-StefanKnauer-PB-Anhang-2.jpg 1400w, https:\/\/taschenfreak.de\/blog\/wp-content\/uploads\/2018\/11\/20181102-TTP-StreetwalkerII-StefanKnauer-PB-Anhang-2-300x225.jpg 300w, https:\/\/taschenfreak.de\/blog\/wp-content\/uploads\/2018\/11\/20181102-TTP-StreetwalkerII-StefanKnauer-PB-Anhang-2-768x576.jpg 768w, https:\/\/taschenfreak.de\/blog\/wp-content\/uploads\/2018\/11\/20181102-TTP-StreetwalkerII-StefanKnauer-PB-Anhang-2-1024x768.jpg 1024w, https:\/\/taschenfreak.de\/blog\/wp-content\/uploads\/2018\/11\/20181102-TTP-StreetwalkerII-StefanKnauer-PB-Anhang-2-200x150.jpg 200w, https:\/\/taschenfreak.de\/blog\/wp-content\/uploads\/2018\/11\/20181102-TTP-StreetwalkerII-StefanKnauer-PB-Anhang-2-830x623.jpg 830w\" sizes=\"auto, (max-width: 1400px) 100vw, 1400px\" \/><\/a> <a  href=\"https:\/\/taschenfreak.de\/blog\/wp-content\/uploads\/2018\/11\/20181102-TTP-StreetwalkerII-StefanKnauer-PB-Anhang-3.jpg\" data-rel=\"lightbox-gallery-0\" data-rl_title=\"\" data-rl_caption=\"\" title=\"\"><img loading=\"lazy\" decoding=\"async\" class=\"alignnone size-full wp-image-8653\" src=\"https:\/\/taschenfreak.de\/blog\/wp-content\/uploads\/2018\/11\/20181102-TTP-StreetwalkerII-StefanKnauer-PB-Anhang-3.jpg\" alt=\"\" width=\"1400\" height=\"1050\" srcset=\"https:\/\/taschenfreak.de\/blog\/wp-content\/uploads\/2018\/11\/20181102-TTP-StreetwalkerII-StefanKnauer-PB-Anhang-3.jpg 1400w, https:\/\/taschenfreak.de\/blog\/wp-content\/uploads\/2018\/11\/20181102-TTP-StreetwalkerII-StefanKnauer-PB-Anhang-3-300x225.jpg 300w, https:\/\/taschenfreak.de\/blog\/wp-content\/uploads\/2018\/11\/20181102-TTP-StreetwalkerII-StefanKnauer-PB-Anhang-3-768x576.jpg 768w, https:\/\/taschenfreak.de\/blog\/wp-content\/uploads\/2018\/11\/20181102-TTP-StreetwalkerII-StefanKnauer-PB-Anhang-3-1024x768.jpg 1024w, https:\/\/taschenfreak.de\/blog\/wp-content\/uploads\/2018\/11\/20181102-TTP-StreetwalkerII-StefanKnauer-PB-Anhang-3-200x150.jpg 200w, https:\/\/taschenfreak.de\/blog\/wp-content\/uploads\/2018\/11\/20181102-TTP-StreetwalkerII-StefanKnauer-PB-Anhang-3-830x623.jpg 830w\" sizes=\"auto, (max-width: 1400px) 100vw, 1400px\" \/><\/a> <a  href=\"https:\/\/taschenfreak.de\/blog\/wp-content\/uploads\/2018\/11\/20181102-TTP-StreetwalkerII-StefanKnauer-PB-Anhang.jpg\" data-rel=\"lightbox-gallery-0\" data-rl_title=\"\" data-rl_caption=\"\" title=\"\"><img loading=\"lazy\" decoding=\"async\" class=\"alignnone size-full wp-image-8654\" src=\"https:\/\/taschenfreak.de\/blog\/wp-content\/uploads\/2018\/11\/20181102-TTP-StreetwalkerII-StefanKnauer-PB-Anhang.jpg\" alt=\"\" width=\"1400\" height=\"1050\" srcset=\"https:\/\/taschenfreak.de\/blog\/wp-content\/uploads\/2018\/11\/20181102-TTP-StreetwalkerII-StefanKnauer-PB-Anhang.jpg 1400w, https:\/\/taschenfreak.de\/blog\/wp-content\/uploads\/2018\/11\/20181102-TTP-StreetwalkerII-StefanKnauer-PB-Anhang-300x225.jpg 300w, https:\/\/taschenfreak.de\/blog\/wp-content\/uploads\/2018\/11\/20181102-TTP-StreetwalkerII-StefanKnauer-PB-Anhang-768x576.jpg 768w, https:\/\/taschenfreak.de\/blog\/wp-content\/uploads\/2018\/11\/20181102-TTP-StreetwalkerII-StefanKnauer-PB-Anhang-1024x768.jpg 1024w, https:\/\/taschenfreak.de\/blog\/wp-content\/uploads\/2018\/11\/20181102-TTP-StreetwalkerII-StefanKnauer-PB-Anhang-200x150.jpg 200w, https:\/\/taschenfreak.de\/blog\/wp-content\/uploads\/2018\/11\/20181102-TTP-StreetwalkerII-StefanKnauer-PB-Anhang-830x623.jpg 830w\" sizes=\"auto, (max-width: 1400px) 100vw, 1400px\" \/><\/a><\/p>\n<p>Danke Stefan. Sicher hilft Euch das etwas bei der Einsch\u00e4tzung ob und wie Euer Equipment in diesen Kamerarucksack hinein passt.<\/p>\n<p><strong>Links<\/strong><\/p>\n<ul>\n<li><a href=\"https:\/\/www.thinktankphoto.com\/collections\/streetwalker-series\/products\/streetwalker-v2\">Think Tank Photo Streetwalker II beim Hersteller<\/a><\/li>\n<li><a href=\"https:\/\/amzn.to\/2P3FHnH\">Think Tank Photo Streetwalker II Pro auf Amazon<\/a><\/li>\n<\/ul>\n<p>Liebe Gr\u00fc\u00dfe &#8211; Euer Taschenfreak &#8211; J\u00f6rg Langer<\/p>\n<hr>\n<div>&nbsp;<\/div>\n<div><strong>Hinweis zu WERBUNG<\/strong><\/div>\n<div>&nbsp;<\/div>\n<div>Meine Blogbeitr\u00e4ge und Videos sind Gluten-, Glukose- und Laktosefrei, k\u00f6nnen aber Spuren von Werbung beinhalten da ich die Artikel ab und zu kostenlos zur Verf\u00fcgung gestellt bekomme.<\/div>\n<div>&nbsp;<\/div>\n<div>Meine Meinung ist frei von kommerziellen Einfl\u00fcssen, kann aber Spuren von Sarkasmus oder Ironie beinhalten.<\/div>\n<div>&nbsp;<\/div>\n<div>Dieser Blog verfolgt keine kommerziellen Absichten. Die meisten mir zur Verf\u00fcgung gestellten Artikel verschenke ich oder verlose die f\u00fcr gute Zwecke. Meine treuen Leser wissen das seit Jahren. Ich betreibe diesen Blog aus Spa\u00df an der Sache und nicht aus kommerziellen Absichten. Das mag in der heutigen Zeit eher ungew\u00f6hnlich sein. Mit diesem Schock m\u00fcsst Ihr leider zurecht kommen.<\/div>\n","protected":false},"excerpt":{"rendered":"<p>Vor ein paar Tagen hat mich eine sehr nette Mail von Stefan Knauer erreicht, der mir und damit auch Euch liebe Taschenfreak.de-Leser, ein paar sehr wertvolle Packbeispiele zum Think Tank Photo Streetwalker II geschickt hat, die wir Euch gerne im Nachfolgenden zeigen m\u00f6chten. Packbeispiel 1: Nikon D850 mit Batteriegriff Nikon D5 AFS 80-400mm 24-85mm Leica&hellip;<\/p>\n","protected":false},"author":3,"featured_media":8649,"comment_status":"open","ping_status":"open","sticky":false,"template":"","format":"standard","meta":{"ngg_post_thumbnail":0,"_jetpack_memberships_contains_paid_content":false,"footnotes":"","_links_to":"","_links_to_target":""},"categories":[51,3],"tags":[2003,2006,2007,48,314,1057,2005],"class_list":["post-8646","post","type-post","status-publish","format-standard","has-post-thumbnail","hentry","category-packbespiel","category-rucksack","tag-kamerarucksack","tag-nikon-d5","tag-nikon-d850","tag-packbeispiel","tag-streetwalker","tag-think-tank-photo","tag-think-tank-photo-streetwalker-ii"],"jetpack_featured_media_url":"https:\/\/taschenfreak.de\/blog\/wp-content\/uploads\/2018\/11\/20181102-TTP-StreetwalkerII-StefanKnauer-PB1.jpg","jetpack_shortlink":"https:\/\/wp.me\/p4GMND-2fs","jetpack_sharing_enabled":true,"_links":{"self":[{"href":"https:\/\/taschenfreak.de\/blog\/wp-json\/wp\/v2\/posts\/8646","targetHints":{"allow":["GET"]}}],"collection":[{"href":"https:\/\/taschenfreak.de\/blog\/wp-json\/wp\/v2\/posts"}],"about":[{"href":"https:\/\/taschenfreak.de\/blog\/wp-json\/wp\/v2\/types\/post"}],"author":[{"embeddable":true,"href":"https:\/\/taschenfreak.de\/blog\/wp-json\/wp\/v2\/users\/3"}],"replies":[{"embeddable":true,"href":"https:\/\/taschenfreak.de\/blog\/wp-json\/wp\/v2\/comments?post=8646"}],"version-history":[{"count":2,"href":"https:\/\/taschenfreak.de\/blog\/wp-json\/wp\/v2\/posts\/8646\/revisions"}],"predecessor-version":[{"id":8655,"href":"https:\/\/taschenfreak.de\/blog\/wp-json\/wp\/v2\/posts\/8646\/revisions\/8655"}],"wp:featuredmedia":[{"embeddable":true,"href":"https:\/\/taschenfreak.de\/blog\/wp-json\/wp\/v2\/media\/8649"}],"wp:attachment":[{"href":"https:\/\/taschenfreak.de\/blog\/wp-json\/wp\/v2\/media?parent=8646"}],"wp:term":[{"taxonomy":"category","embeddable":true,"href":"https:\/\/taschenfreak.de\/blog\/wp-json\/wp\/v2\/categories?post=8646"},{"taxonomy":"post_tag","embeddable":true,"href":"https:\/\/taschenfreak.de\/blog\/wp-json\/wp\/v2\/tags?post=8646"}],"curies":[{"name":"wp","href":"https:\/\/api.w.org\/{rel}","templated":true}]}}