{"id":877,"date":"2012-02-22T18:25:10","date_gmt":"2012-02-22T17:25:10","guid":{"rendered":"http:\/\/taschenfreak.de\/blog\/?p=877"},"modified":"2012-02-22T16:47:26","modified_gmt":"2012-02-22T15:47:26","slug":"packbeispiel-pelican-storm-case-im2100","status":"publish","type":"post","link":"https:\/\/taschenfreak.de\/blog\/2012\/02\/22\/packbeispiel-pelican-storm-case-im2100\/","title":{"rendered":"Packbeispiel: Pelican Storm Case iM2100"},"content":{"rendered":"<p><img loading=\"lazy\" decoding=\"async\" class=\"alignnone size-full wp-image-878\" title=\"Storm-Case_iM2100_3\" src=\"https:\/\/taschenfreak.de\/blog\/wp-content\/uploads\/2012\/02\/Storm-Case_iM2100_3.jpg\" alt=\"\" width=\"640\" height=\"480\" srcset=\"https:\/\/taschenfreak.de\/blog\/wp-content\/uploads\/2012\/02\/Storm-Case_iM2100_3.jpg 640w, https:\/\/taschenfreak.de\/blog\/wp-content\/uploads\/2012\/02\/Storm-Case_iM2100_3-300x225.jpg 300w\" sizes=\"auto, (max-width: 640px) 100vw, 640px\" \/><\/p>\n<p>Alex war so nett und schickte uns Bilder und einen Text zum Pelican Storm Case iM2100, die wir Euch gerne hier zeigen m\u00f6chten.<\/p>\n<p>Er schreibt dazu:<\/p>\n<blockquote><p>Der Storm Case iM2100 ist ein sehr stabiler Koffer, der Staub- und Wassergesch\u00fctzt ist. Die Laschen schlie\u00dfen perfekt und sind auch nicht zu schwerg\u00e4ngig. Die Gr\u00f6\u00dfe ist f\u00fcr eine kleinere Ausr\u00fcstung ausreichend.<\/p>\n<p>Auf den Fotos ist zu sehen:<\/p>\n<p><!--more-->Eine Canon 5D mit angesetztem 70-200\/2.8, einem Schultergurt und ein paar Filtern. Die Kamera passt genau von der H\u00f6he, das Prisma guckt zwar etwas \u00fcber den Rand hinaus, aber der Deckel mit dem Noppenschaumstoff geht trotzdem einfach und ohne Druck zu.<\/p>\n<p>Alternativ ist noch eine Canon 7D mit angesetztem 17-55\/2.8 drin mit einem 85\/1.8 und einem Tokina 11-16\/2.8 bzw. ein Speedlite 580EX.<\/p>\n<p>Viele Gr\u00fc\u00dfe,<\/p>\n<p>Alex<\/p><\/blockquote>\nngg_shortcode_0_placeholder\n<p><span style=\"color: #ffffff;\">.<\/span><\/p>\n<p>Vielen Dank an Alex und liebe Gr\u00fc\u00dfe an alle Taschenfreak-Freunde da draussen.<\/p>\n<p>Euer J\u00f6rg Langer &#8211; alias Taschenfreak<\/p>\n","protected":false},"excerpt":{"rendered":"<p>Alex war so nett und schickte uns Bilder und einen Text zum Pelican Storm Case iM2100, die wir Euch gerne hier zeigen m\u00f6chten. Er schreibt dazu: Der Storm Case iM2100 ist ein sehr stabiler Koffer, der Staub- und Wassergesch\u00fctzt ist. Die Laschen schlie\u00dfen perfekt und sind auch nicht zu schwerg\u00e4ngig. Die Gr\u00f6\u00dfe ist f\u00fcr eine&hellip;<\/p>\n","protected":false},"author":3,"featured_media":0,"comment_status":"open","ping_status":"open","sticky":false,"template":"","format":"standard","meta":{"ngg_post_thumbnail":0,"_jetpack_memberships_contains_paid_content":false,"footnotes":"","_links_to":"","_links_to_target":""},"categories":[14,19],"tags":[211,1051,67,209,21,210,212],"class_list":["post-877","post","type-post","status-publish","format-standard","hentry","category-koffer","category-wasserfest","tag-im2100","tag-koffer","tag-peli","tag-pelican","tag-robust","tag-storm-case","tag-wasserdicht"],"jetpack_featured_media_url":"","jetpack_shortlink":"https:\/\/wp.me\/p4GMND-e9","jetpack_sharing_enabled":true,"_links":{"self":[{"href":"https:\/\/taschenfreak.de\/blog\/wp-json\/wp\/v2\/posts\/877","targetHints":{"allow":["GET"]}}],"collection":[{"href":"https:\/\/taschenfreak.de\/blog\/wp-json\/wp\/v2\/posts"}],"about":[{"href":"https:\/\/taschenfreak.de\/blog\/wp-json\/wp\/v2\/types\/post"}],"author":[{"embeddable":true,"href":"https:\/\/taschenfreak.de\/blog\/wp-json\/wp\/v2\/users\/3"}],"replies":[{"embeddable":true,"href":"https:\/\/taschenfreak.de\/blog\/wp-json\/wp\/v2\/comments?post=877"}],"version-history":[{"count":0,"href":"https:\/\/taschenfreak.de\/blog\/wp-json\/wp\/v2\/posts\/877\/revisions"}],"wp:attachment":[{"href":"https:\/\/taschenfreak.de\/blog\/wp-json\/wp\/v2\/media?parent=877"}],"wp:term":[{"taxonomy":"category","embeddable":true,"href":"https:\/\/taschenfreak.de\/blog\/wp-json\/wp\/v2\/categories?post=877"},{"taxonomy":"post_tag","embeddable":true,"href":"https:\/\/taschenfreak.de\/blog\/wp-json\/wp\/v2\/tags?post=877"}],"curies":[{"name":"wp","href":"https:\/\/api.w.org\/{rel}","templated":true}]}}