{"id":9120,"date":"2019-02-13T21:11:52","date_gmt":"2019-02-13T20:11:52","guid":{"rendered":"https:\/\/taschenfreak.de\/blog\/?p=9120"},"modified":"2019-02-13T21:37:25","modified_gmt":"2019-02-13T20:37:25","slug":"rucksack-im-koffer-skb-3i-2011-7bp-hartschalen-trolley-by-think-tank-photo","status":"publish","type":"post","link":"https:\/\/taschenfreak.de\/blog\/2019\/02\/13\/rucksack-im-koffer-skb-3i-2011-7bp-hartschalen-trolley-by-think-tank-photo\/","title":{"rendered":"Der Rucksack im Koffer &#8211; der SKB 3i-2011-7BP Hartschalen-Trolley (Design by Think Tank Photo)"},"content":{"rendered":"<blockquote><p>Ach Herrje, in welche Kategorie packe ich diesen Beitrag denn nun? Koffer? Trolley? Rucksack? Packbeispiel? Wetterfest? Trifft ja irgendwie alles zu.<\/p><\/blockquote>\n<p>Im nachfolgenden Video zeige ich Euch meine neueste Errungenschaft den <strong><a href=\"https:\/\/thinktankphoto.de\/de\/produkte\/hard-case\/skb-3i-2011-7bp-hartschalen-trolley\">SKB 3i-2011-7BP Hartschalen Trolley<\/a><\/strong> von <a href=\"https:\/\/thinktankphoto.de\/de\/produkte\/hard-case\/skb-3i-2011-7bp-hartschalen-trolley\"><strong>Think Tank Photo Deutschland<\/strong><\/a>.&nbsp;<\/p>\n<div class=\"jetpack-video-wrapper\"><span class=\"embed-youtube\" style=\"text-align:center; display: block;\"> <\/p>\n<div class=\"brlbs-cmpnt-container brlbs-cmpnt-content-blocker brlbs-cmpnt-with-individual-styles\" data-borlabs-cookie-content-blocker-id=\"youtube-content-blocker\" data-borlabs-cookie-content=\"PGlmcmFtZSBjbGFzcz0ieW91dHViZS1wbGF5ZXIiIHdpZHRoPSI2NTAiIGhlaWdodD0iMzY2IiBzcmM9Imh0dHBzOi8vd3d3LnlvdXR1YmUtbm9jb29raWUuY29tL2VtYmVkL0xQeUhIQ0VucmxzP3ZlcnNpb249MyYjMDM4O3JlbD0xJiMwMzg7c2hvd3NlYXJjaD0wJiMwMzg7c2hvd2luZm89MSYjMDM4O2l2X2xvYWRfcG9saWN5PTEmIzAzODtmcz0xJiMwMzg7aGw9ZGUtREUmIzAzODthdXRvaGlkZT0yJiMwMzg7d21vZGU9dHJhbnNwYXJlbnQiIGFsbG93ZnVsbHNjcmVlbj0idHJ1ZSIgc3R5bGU9ImJvcmRlcjowOyIgc2FuZGJveD0iYWxsb3ctc2NyaXB0cyBhbGxvdy1zYW1lLW9yaWdpbiBhbGxvdy1wb3B1cHMgYWxsb3ctcHJlc2VudGF0aW9uIGFsbG93LXBvcHVwcy10by1lc2NhcGUtc2FuZGJveCI+PC9pZnJhbWU+\">\n<div class=\"brlbs-cmpnt-cb-preset-c brlbs-cmpnt-cb-youtube\">\n<div class=\"brlbs-cmpnt-cb-thumbnail\" style=\"background-image: url('https:\/\/taschenfreak.de\/blog\/wp-content\/uploads\/borlabs-cookie\/1\/yt_LPyHHCEnrls_hqdefault.jpg')\"><\/div>\n<div class=\"brlbs-cmpnt-cb-main\">\n<div class=\"brlbs-cmpnt-cb-play-button\"><\/div>\n<div class=\"brlbs-cmpnt-cb-content\">\n<p class=\"brlbs-cmpnt-cb-description\">Sie sehen gerade einen Platzhalterinhalt von <strong>YouTube<\/strong>. Um auf den eigentlichen Inhalt zuzugreifen, klicken Sie auf die Schaltfl\u00e4che unten. Bitte beachten Sie, dass dabei Daten an Drittanbieter weitergegeben werden.<\/p>\n<p> <a class=\"brlbs-cmpnt-cb-provider-toggle\" href=\"#\" data-borlabs-cookie-show-provider-information role=\"button\">Mehr Informationen<\/a> <\/div>\n<div class=\"brlbs-cmpnt-cb-buttons\"> <a class=\"brlbs-cmpnt-cb-btn\" href=\"#\" data-borlabs-cookie-unblock role=\"button\">Inhalt entsperren<\/a> <a class=\"brlbs-cmpnt-cb-btn\" href=\"#\" data-borlabs-cookie-accept-service role=\"button\" style=\"display: inherit\">Erforderlichen Service akzeptieren und Inhalte entsperren<\/a> <\/div>\n<\/p><\/div>\n<\/p><\/div>\n<\/div>\n<p><\/span><\/div>\n<p>Und was sagt Ihr? Ist das sinnvoll &#8211; einen Rucksack in einen Hartschalenkoffer zu stecken?&nbsp;<\/p>\n<p><strong>Das schreibt der Hersteller \/ Importeur zu diesem Kit aus Hartschalen-Trolley und Fotorucksack:<\/strong><\/p>\n<blockquote><p><em>Der SKB 3i-2011-7BP ist ein wasser- und staubdichter Hartschalentrolley nach Milit\u00e4rstandard mit einem speziell von thinkTANK photo entwickelten Rucksack der so hoch geschnitten ist, dass der verf\u00fcgbare Raum im Deckel ausgenutzt wird.<\/em><\/p>\n<p><em>Zwei der f\u00fchrenden Hersteller von Transportl\u00f6sungen haben gemeinsam eine qualitativ hochwertige Serie von Hartschalenkoffern f\u00fcr den sicheren Transport wertvoller Foto und Video Ausr\u00fcstungen entwickelt.<\/em><\/p>\n<p><em>Die mit beiden Marken benannten Photo Flyer Series Hartschalenkoffer basieren auf den nahezu unverw\u00fcstlichen Koffern der SKB iSeries, ausgestattet mit erstklassigen L\u00f6sungen f\u00fcr Inneneinteilungen wie sie von thinkTANK photo Taschen und Rucks\u00e4cken bekannt sind. Zu diesen exklusiven Ausstattungen z\u00e4hlen je nach Modell komplette Eins\u00e4tze mit variablen, teils PE verst\u00e4rkten Teilern f\u00fcr Foto- und Videoausr\u00fcstungen und Zubeh\u00f6r, innovative Deckeleinteilungen mit Organizer Funktion und Tablet \/ Laptop Tasche, eine Umtasche mit Schultertragegurt, ein separat verwendbarer Einsatz mit Rei\u00dfverschluss und ein Rucksack der speziell f\u00fcr den SKB Trolley 3i-2011-7BP entwickelt wurde.<\/em><br \/>\n<em>Die weich gepolsterten Teiler aus geschlossen porigem Schaum sind mit Nylex ummantelt und bieten mit den variablen Teiler mit Hochleistungs-Klett optimalen Schutz f\u00fcr unterschiedlich zusammengestellte Ausr\u00fcstungen. Bei diesem Modell ist der eingearbeitete Rucksack so hoch geschnitten dass der Deckel mit ausgef\u00fcllt wird.<\/em><br \/>\n<em>Durch die Zusammenarbeit von SKB Cases und thinkTANK photo vereint sich das Beste aus beiden Welten. Die Expertise von SKB ist die Entwicklung und Produktion extrem stabiler Hartschalenkoffer, die von thinkTANK photo das Design und die Fertigung herausragender Kameraeinteilungen.<\/em><\/p>\n<p><em><strong>Eigenschaften Hartschale SKB<\/strong><\/em><\/p>\n<ul>\n<li><em>Wasser- und staubdichter Hartschalentrolley nach IP67 Schutzklasse<\/em><\/li>\n<li><em>Polypropylen Co-Polymer Spritzguss f\u00fcr un\u00fcbertroffenen Schutz<\/em><\/li>\n<li><em>Ventil f\u00fcr automatischen Druckausgleich<\/em><\/li>\n<li><em>Patentierte Verschl\u00fcsse mit Entriegelung<\/em><\/li>\n<li><em>Metallverst\u00e4rkte Aufnahmen f\u00fcr Vorh\u00e4ngeschloss<\/em><\/li>\n<li><em>Anliegender Tragegriff mit Rastpunkt und Gummierung<\/em><\/li>\n<\/ul>\n<p><em><strong>Eigenschaften Innenausstattung thinkTANK photo<\/strong><\/em><\/p>\n<ul>\n<li><em>Separat verwendbarer Rucksack aus 600D Polyester mit DWR Impr\u00e4gnierung<\/em><\/li>\n<li><em>Teiler ummantelt mit r\u00fcckseitig PUR beschichtetem Nylex Futter<\/em><\/li>\n<li><em>Variable Einteiler aus geschlossen porigem Schaum, teils PE verst\u00e4rkt<\/em><\/li>\n<li><em>Teiler mit 90\u00b0 Winkelung<\/em><\/li>\n<li><em>Nylon Teiler mit Hochleistungs-Klettband<\/em><\/li>\n<li><em>Rei\u00dfverschluss gesicherte, laminierte Organizer F\u00e4cher mit Netz verst\u00e4rkt<\/em><\/li>\n<li><em>Gro\u00dfes Vorfach f\u00fcr Laptop oder Dokumente<\/em><\/li>\n<\/ul>\n<p><em>Quelle: <a href=\"https:\/\/thinktankphoto.de\/de\/produkte\/hard-case\/skb-3i-2011-7bp-hartschalen-trolley\">LINK<\/a><\/em><\/p><\/blockquote>\n<p><strong>Fotos<\/strong><\/p>\n<div id='gallery-1' class='gallery galleryid-9120 gallery-columns-3 gallery-size-thumbnail'><figure class='gallery-item'>\n\t\t\t<div class='gallery-icon landscape'>\n\t\t\t\t<a href='https:\/\/taschenfreak.de\/blog\/wp-content\/uploads\/2019\/02\/2019-02-13-TTPde-SKB-3i-2011-7BP_0001.jpg' title=\"\" data-rl_title=\"\" class=\"rl-gallery-link\" data-rl_caption=\"\" data-rel=\"lightbox-gallery-1\"><img loading=\"lazy\" decoding=\"async\" width=\"150\" height=\"150\" src=\"https:\/\/taschenfreak.de\/blog\/wp-content\/uploads\/2019\/02\/2019-02-13-TTPde-SKB-3i-2011-7BP_0001-150x150.jpg\" class=\"attachment-thumbnail size-thumbnail\" alt=\"\" srcset=\"https:\/\/taschenfreak.de\/blog\/wp-content\/uploads\/2019\/02\/2019-02-13-TTPde-SKB-3i-2011-7BP_0001-150x150.jpg 150w, https:\/\/taschenfreak.de\/blog\/wp-content\/uploads\/2019\/02\/2019-02-13-TTPde-SKB-3i-2011-7BP_0001-70x70.jpg 70w\" sizes=\"auto, (max-width: 150px) 100vw, 150px\" \/><\/a>\n\t\t\t<\/div><\/figure><figure class='gallery-item'>\n\t\t\t<div class='gallery-icon landscape'>\n\t\t\t\t<a href='https:\/\/taschenfreak.de\/blog\/wp-content\/uploads\/2019\/02\/2019-02-13-TTPde-SKB-3i-2011-7BP_0002.jpg' title=\"\" data-rl_title=\"\" class=\"rl-gallery-link\" data-rl_caption=\"\" data-rel=\"lightbox-gallery-1\"><img loading=\"lazy\" decoding=\"async\" width=\"150\" height=\"150\" src=\"https:\/\/taschenfreak.de\/blog\/wp-content\/uploads\/2019\/02\/2019-02-13-TTPde-SKB-3i-2011-7BP_0002-150x150.jpg\" class=\"attachment-thumbnail size-thumbnail\" alt=\"\" srcset=\"https:\/\/taschenfreak.de\/blog\/wp-content\/uploads\/2019\/02\/2019-02-13-TTPde-SKB-3i-2011-7BP_0002-150x150.jpg 150w, https:\/\/taschenfreak.de\/blog\/wp-content\/uploads\/2019\/02\/2019-02-13-TTPde-SKB-3i-2011-7BP_0002-70x70.jpg 70w\" sizes=\"auto, (max-width: 150px) 100vw, 150px\" \/><\/a>\n\t\t\t<\/div><\/figure><figure class='gallery-item'>\n\t\t\t<div class='gallery-icon landscape'>\n\t\t\t\t<a href='https:\/\/taschenfreak.de\/blog\/wp-content\/uploads\/2019\/02\/2019-02-13-TTPde-SKB-3i-2011-7BP_0003.jpg' title=\"\" data-rl_title=\"\" class=\"rl-gallery-link\" data-rl_caption=\"\" data-rel=\"lightbox-gallery-1\"><img loading=\"lazy\" decoding=\"async\" width=\"150\" height=\"150\" src=\"https:\/\/taschenfreak.de\/blog\/wp-content\/uploads\/2019\/02\/2019-02-13-TTPde-SKB-3i-2011-7BP_0003-150x150.jpg\" class=\"attachment-thumbnail size-thumbnail\" alt=\"\" srcset=\"https:\/\/taschenfreak.de\/blog\/wp-content\/uploads\/2019\/02\/2019-02-13-TTPde-SKB-3i-2011-7BP_0003-150x150.jpg 150w, https:\/\/taschenfreak.de\/blog\/wp-content\/uploads\/2019\/02\/2019-02-13-TTPde-SKB-3i-2011-7BP_0003-70x70.jpg 70w\" sizes=\"auto, (max-width: 150px) 100vw, 150px\" \/><\/a>\n\t\t\t<\/div><\/figure><figure class='gallery-item'>\n\t\t\t<div class='gallery-icon landscape'>\n\t\t\t\t<a href='https:\/\/taschenfreak.de\/blog\/wp-content\/uploads\/2019\/02\/2019-02-13-TTPde-SKB-3i-2011-7BP_0004.jpg' title=\"\" data-rl_title=\"\" class=\"rl-gallery-link\" data-rl_caption=\"\" data-rel=\"lightbox-gallery-1\"><img loading=\"lazy\" decoding=\"async\" width=\"150\" height=\"150\" src=\"https:\/\/taschenfreak.de\/blog\/wp-content\/uploads\/2019\/02\/2019-02-13-TTPde-SKB-3i-2011-7BP_0004-150x150.jpg\" class=\"attachment-thumbnail size-thumbnail\" alt=\"\" srcset=\"https:\/\/taschenfreak.de\/blog\/wp-content\/uploads\/2019\/02\/2019-02-13-TTPde-SKB-3i-2011-7BP_0004-150x150.jpg 150w, https:\/\/taschenfreak.de\/blog\/wp-content\/uploads\/2019\/02\/2019-02-13-TTPde-SKB-3i-2011-7BP_0004-70x70.jpg 70w\" sizes=\"auto, (max-width: 150px) 100vw, 150px\" \/><\/a>\n\t\t\t<\/div><\/figure><figure class='gallery-item'>\n\t\t\t<div class='gallery-icon landscape'>\n\t\t\t\t<a href='https:\/\/taschenfreak.de\/blog\/wp-content\/uploads\/2019\/02\/2019-02-13-TTPde-SKB-3i-2011-7BP_0005.jpg' title=\"\" data-rl_title=\"\" class=\"rl-gallery-link\" data-rl_caption=\"\" data-rel=\"lightbox-gallery-1\"><img loading=\"lazy\" decoding=\"async\" width=\"150\" height=\"150\" src=\"https:\/\/taschenfreak.de\/blog\/wp-content\/uploads\/2019\/02\/2019-02-13-TTPde-SKB-3i-2011-7BP_0005-150x150.jpg\" class=\"attachment-thumbnail size-thumbnail\" alt=\"\" srcset=\"https:\/\/taschenfreak.de\/blog\/wp-content\/uploads\/2019\/02\/2019-02-13-TTPde-SKB-3i-2011-7BP_0005-150x150.jpg 150w, https:\/\/taschenfreak.de\/blog\/wp-content\/uploads\/2019\/02\/2019-02-13-TTPde-SKB-3i-2011-7BP_0005-70x70.jpg 70w\" sizes=\"auto, (max-width: 150px) 100vw, 150px\" \/><\/a>\n\t\t\t<\/div><\/figure><figure class='gallery-item'>\n\t\t\t<div class='gallery-icon landscape'>\n\t\t\t\t<a href='https:\/\/taschenfreak.de\/blog\/wp-content\/uploads\/2019\/02\/2019-02-13-TTPde-SKB-3i-2011-7BP_0006.jpg' title=\"\" data-rl_title=\"\" class=\"rl-gallery-link\" data-rl_caption=\"\" data-rel=\"lightbox-gallery-1\"><img loading=\"lazy\" decoding=\"async\" width=\"150\" height=\"150\" src=\"https:\/\/taschenfreak.de\/blog\/wp-content\/uploads\/2019\/02\/2019-02-13-TTPde-SKB-3i-2011-7BP_0006-150x150.jpg\" class=\"attachment-thumbnail size-thumbnail\" alt=\"\" srcset=\"https:\/\/taschenfreak.de\/blog\/wp-content\/uploads\/2019\/02\/2019-02-13-TTPde-SKB-3i-2011-7BP_0006-150x150.jpg 150w, https:\/\/taschenfreak.de\/blog\/wp-content\/uploads\/2019\/02\/2019-02-13-TTPde-SKB-3i-2011-7BP_0006-70x70.jpg 70w\" sizes=\"auto, (max-width: 150px) 100vw, 150px\" \/><\/a>\n\t\t\t<\/div><\/figure><figure class='gallery-item'>\n\t\t\t<div class='gallery-icon landscape'>\n\t\t\t\t<a href='https:\/\/taschenfreak.de\/blog\/wp-content\/uploads\/2019\/02\/2019-02-13-TTPde-SKB-3i-2011-7BP_0007.jpg' title=\"\" data-rl_title=\"\" class=\"rl-gallery-link\" data-rl_caption=\"\" data-rel=\"lightbox-gallery-1\"><img loading=\"lazy\" decoding=\"async\" width=\"150\" height=\"150\" src=\"https:\/\/taschenfreak.de\/blog\/wp-content\/uploads\/2019\/02\/2019-02-13-TTPde-SKB-3i-2011-7BP_0007-150x150.jpg\" class=\"attachment-thumbnail size-thumbnail\" alt=\"\" srcset=\"https:\/\/taschenfreak.de\/blog\/wp-content\/uploads\/2019\/02\/2019-02-13-TTPde-SKB-3i-2011-7BP_0007-150x150.jpg 150w, https:\/\/taschenfreak.de\/blog\/wp-content\/uploads\/2019\/02\/2019-02-13-TTPde-SKB-3i-2011-7BP_0007-70x70.jpg 70w\" sizes=\"auto, (max-width: 150px) 100vw, 150px\" \/><\/a>\n\t\t\t<\/div><\/figure><figure class='gallery-item'>\n\t\t\t<div class='gallery-icon landscape'>\n\t\t\t\t<a href='https:\/\/taschenfreak.de\/blog\/wp-content\/uploads\/2019\/02\/2019-02-13-TTPde-SKB-3i-2011-7BP_0008.jpg' title=\"\" data-rl_title=\"\" class=\"rl-gallery-link\" data-rl_caption=\"\" data-rel=\"lightbox-gallery-1\"><img loading=\"lazy\" decoding=\"async\" width=\"150\" height=\"150\" src=\"https:\/\/taschenfreak.de\/blog\/wp-content\/uploads\/2019\/02\/2019-02-13-TTPde-SKB-3i-2011-7BP_0008-150x150.jpg\" class=\"attachment-thumbnail size-thumbnail\" alt=\"\" srcset=\"https:\/\/taschenfreak.de\/blog\/wp-content\/uploads\/2019\/02\/2019-02-13-TTPde-SKB-3i-2011-7BP_0008-150x150.jpg 150w, https:\/\/taschenfreak.de\/blog\/wp-content\/uploads\/2019\/02\/2019-02-13-TTPde-SKB-3i-2011-7BP_0008-70x70.jpg 70w\" sizes=\"auto, (max-width: 150px) 100vw, 150px\" \/><\/a>\n\t\t\t<\/div><\/figure><figure class='gallery-item'>\n\t\t\t<div class='gallery-icon landscape'>\n\t\t\t\t<a href='https:\/\/taschenfreak.de\/blog\/wp-content\/uploads\/2019\/02\/2019-02-13-TTPde-SKB-3i-2011-7BP_0009.jpg' title=\"\" data-rl_title=\"\" class=\"rl-gallery-link\" data-rl_caption=\"\" data-rel=\"lightbox-gallery-1\"><img loading=\"lazy\" decoding=\"async\" width=\"150\" height=\"150\" src=\"https:\/\/taschenfreak.de\/blog\/wp-content\/uploads\/2019\/02\/2019-02-13-TTPde-SKB-3i-2011-7BP_0009-150x150.jpg\" class=\"attachment-thumbnail size-thumbnail\" alt=\"\" srcset=\"https:\/\/taschenfreak.de\/blog\/wp-content\/uploads\/2019\/02\/2019-02-13-TTPde-SKB-3i-2011-7BP_0009-150x150.jpg 150w, https:\/\/taschenfreak.de\/blog\/wp-content\/uploads\/2019\/02\/2019-02-13-TTPde-SKB-3i-2011-7BP_0009-70x70.jpg 70w\" sizes=\"auto, (max-width: 150px) 100vw, 150px\" \/><\/a>\n\t\t\t<\/div><\/figure><figure class='gallery-item'>\n\t\t\t<div class='gallery-icon landscape'>\n\t\t\t\t<a href='https:\/\/taschenfreak.de\/blog\/wp-content\/uploads\/2019\/02\/2019-02-13-TTPde-SKB-3i-2011-7BP_0010.jpg' title=\"\" data-rl_title=\"\" class=\"rl-gallery-link\" data-rl_caption=\"\" data-rel=\"lightbox-gallery-1\"><img loading=\"lazy\" decoding=\"async\" width=\"150\" height=\"150\" src=\"https:\/\/taschenfreak.de\/blog\/wp-content\/uploads\/2019\/02\/2019-02-13-TTPde-SKB-3i-2011-7BP_0010-150x150.jpg\" class=\"attachment-thumbnail size-thumbnail\" alt=\"\" srcset=\"https:\/\/taschenfreak.de\/blog\/wp-content\/uploads\/2019\/02\/2019-02-13-TTPde-SKB-3i-2011-7BP_0010-150x150.jpg 150w, https:\/\/taschenfreak.de\/blog\/wp-content\/uploads\/2019\/02\/2019-02-13-TTPde-SKB-3i-2011-7BP_0010-70x70.jpg 70w\" sizes=\"auto, (max-width: 150px) 100vw, 150px\" \/><\/a>\n\t\t\t<\/div><\/figure><figure class='gallery-item'>\n\t\t\t<div class='gallery-icon landscape'>\n\t\t\t\t<a href='https:\/\/taschenfreak.de\/blog\/wp-content\/uploads\/2019\/02\/2019-02-13-TTPde-SKB-3i-2011-7BP_0011.jpg' title=\"\" data-rl_title=\"\" class=\"rl-gallery-link\" data-rl_caption=\"\" data-rel=\"lightbox-gallery-1\"><img loading=\"lazy\" decoding=\"async\" width=\"150\" height=\"150\" src=\"https:\/\/taschenfreak.de\/blog\/wp-content\/uploads\/2019\/02\/2019-02-13-TTPde-SKB-3i-2011-7BP_0011-150x150.jpg\" class=\"attachment-thumbnail size-thumbnail\" alt=\"\" srcset=\"https:\/\/taschenfreak.de\/blog\/wp-content\/uploads\/2019\/02\/2019-02-13-TTPde-SKB-3i-2011-7BP_0011-150x150.jpg 150w, https:\/\/taschenfreak.de\/blog\/wp-content\/uploads\/2019\/02\/2019-02-13-TTPde-SKB-3i-2011-7BP_0011-70x70.jpg 70w\" sizes=\"auto, (max-width: 150px) 100vw, 150px\" \/><\/a>\n\t\t\t<\/div><\/figure><figure class='gallery-item'>\n\t\t\t<div class='gallery-icon landscape'>\n\t\t\t\t<a href='https:\/\/taschenfreak.de\/blog\/wp-content\/uploads\/2019\/02\/2019-02-13-TTPde-SKB-3i-2011-7BP_0012.jpg' title=\"\" data-rl_title=\"\" class=\"rl-gallery-link\" data-rl_caption=\"\" data-rel=\"lightbox-gallery-1\"><img loading=\"lazy\" decoding=\"async\" width=\"150\" height=\"150\" src=\"https:\/\/taschenfreak.de\/blog\/wp-content\/uploads\/2019\/02\/2019-02-13-TTPde-SKB-3i-2011-7BP_0012-150x150.jpg\" class=\"attachment-thumbnail size-thumbnail\" alt=\"\" srcset=\"https:\/\/taschenfreak.de\/blog\/wp-content\/uploads\/2019\/02\/2019-02-13-TTPde-SKB-3i-2011-7BP_0012-150x150.jpg 150w, https:\/\/taschenfreak.de\/blog\/wp-content\/uploads\/2019\/02\/2019-02-13-TTPde-SKB-3i-2011-7BP_0012-70x70.jpg 70w\" sizes=\"auto, (max-width: 150px) 100vw, 150px\" \/><\/a>\n\t\t\t<\/div><\/figure><figure class='gallery-item'>\n\t\t\t<div class='gallery-icon landscape'>\n\t\t\t\t<a href='https:\/\/taschenfreak.de\/blog\/wp-content\/uploads\/2019\/02\/2019-02-13-TTPde-SKB-3i-2011-7BP_0013.jpg' title=\"\" data-rl_title=\"\" class=\"rl-gallery-link\" data-rl_caption=\"\" data-rel=\"lightbox-gallery-1\"><img loading=\"lazy\" decoding=\"async\" width=\"150\" height=\"150\" src=\"https:\/\/taschenfreak.de\/blog\/wp-content\/uploads\/2019\/02\/2019-02-13-TTPde-SKB-3i-2011-7BP_0013-150x150.jpg\" class=\"attachment-thumbnail size-thumbnail\" alt=\"\" srcset=\"https:\/\/taschenfreak.de\/blog\/wp-content\/uploads\/2019\/02\/2019-02-13-TTPde-SKB-3i-2011-7BP_0013-150x150.jpg 150w, https:\/\/taschenfreak.de\/blog\/wp-content\/uploads\/2019\/02\/2019-02-13-TTPde-SKB-3i-2011-7BP_0013-70x70.jpg 70w\" sizes=\"auto, (max-width: 150px) 100vw, 150px\" \/><\/a>\n\t\t\t<\/div><\/figure><figure class='gallery-item'>\n\t\t\t<div class='gallery-icon landscape'>\n\t\t\t\t<a href='https:\/\/taschenfreak.de\/blog\/wp-content\/uploads\/2019\/02\/2019-02-13-TTPde-SKB-3i-2011-7BP_0014.jpg' title=\"\" data-rl_title=\"\" class=\"rl-gallery-link\" data-rl_caption=\"\" data-rel=\"lightbox-gallery-1\"><img loading=\"lazy\" decoding=\"async\" width=\"150\" height=\"150\" src=\"https:\/\/taschenfreak.de\/blog\/wp-content\/uploads\/2019\/02\/2019-02-13-TTPde-SKB-3i-2011-7BP_0014-150x150.jpg\" class=\"attachment-thumbnail size-thumbnail\" alt=\"\" srcset=\"https:\/\/taschenfreak.de\/blog\/wp-content\/uploads\/2019\/02\/2019-02-13-TTPde-SKB-3i-2011-7BP_0014-150x150.jpg 150w, https:\/\/taschenfreak.de\/blog\/wp-content\/uploads\/2019\/02\/2019-02-13-TTPde-SKB-3i-2011-7BP_0014-70x70.jpg 70w\" sizes=\"auto, (max-width: 150px) 100vw, 150px\" \/><\/a>\n\t\t\t<\/div><\/figure><figure class='gallery-item'>\n\t\t\t<div class='gallery-icon landscape'>\n\t\t\t\t<a href='https:\/\/taschenfreak.de\/blog\/wp-content\/uploads\/2019\/02\/2019-02-13-TTPde-SKB-3i-2011-7BP_0015.jpg' title=\"\" data-rl_title=\"\" class=\"rl-gallery-link\" data-rl_caption=\"\" data-rel=\"lightbox-gallery-1\"><img loading=\"lazy\" decoding=\"async\" width=\"150\" height=\"150\" src=\"https:\/\/taschenfreak.de\/blog\/wp-content\/uploads\/2019\/02\/2019-02-13-TTPde-SKB-3i-2011-7BP_0015-150x150.jpg\" class=\"attachment-thumbnail size-thumbnail\" alt=\"\" srcset=\"https:\/\/taschenfreak.de\/blog\/wp-content\/uploads\/2019\/02\/2019-02-13-TTPde-SKB-3i-2011-7BP_0015-150x150.jpg 150w, https:\/\/taschenfreak.de\/blog\/wp-content\/uploads\/2019\/02\/2019-02-13-TTPde-SKB-3i-2011-7BP_0015-70x70.jpg 70w\" sizes=\"auto, (max-width: 150px) 100vw, 150px\" \/><\/a>\n\t\t\t<\/div><\/figure><figure class='gallery-item'>\n\t\t\t<div class='gallery-icon landscape'>\n\t\t\t\t<a href='https:\/\/taschenfreak.de\/blog\/wp-content\/uploads\/2019\/02\/2019-02-13-TTPde-SKB-3i-2011-7BP_0016.jpg' title=\"\" data-rl_title=\"\" class=\"rl-gallery-link\" data-rl_caption=\"\" data-rel=\"lightbox-gallery-1\"><img loading=\"lazy\" decoding=\"async\" width=\"150\" height=\"150\" src=\"https:\/\/taschenfreak.de\/blog\/wp-content\/uploads\/2019\/02\/2019-02-13-TTPde-SKB-3i-2011-7BP_0016-150x150.jpg\" class=\"attachment-thumbnail size-thumbnail\" alt=\"\" srcset=\"https:\/\/taschenfreak.de\/blog\/wp-content\/uploads\/2019\/02\/2019-02-13-TTPde-SKB-3i-2011-7BP_0016-150x150.jpg 150w, https:\/\/taschenfreak.de\/blog\/wp-content\/uploads\/2019\/02\/2019-02-13-TTPde-SKB-3i-2011-7BP_0016-70x70.jpg 70w\" sizes=\"auto, (max-width: 150px) 100vw, 150px\" \/><\/a>\n\t\t\t<\/div><\/figure><figure class='gallery-item'>\n\t\t\t<div class='gallery-icon landscape'>\n\t\t\t\t<a href='https:\/\/taschenfreak.de\/blog\/wp-content\/uploads\/2019\/02\/2019-02-13-TTPde-SKB-3i-2011-7BP_0017.jpg' title=\"\" data-rl_title=\"\" class=\"rl-gallery-link\" data-rl_caption=\"\" data-rel=\"lightbox-gallery-1\"><img loading=\"lazy\" decoding=\"async\" width=\"150\" height=\"150\" src=\"https:\/\/taschenfreak.de\/blog\/wp-content\/uploads\/2019\/02\/2019-02-13-TTPde-SKB-3i-2011-7BP_0017-150x150.jpg\" class=\"attachment-thumbnail size-thumbnail\" alt=\"\" srcset=\"https:\/\/taschenfreak.de\/blog\/wp-content\/uploads\/2019\/02\/2019-02-13-TTPde-SKB-3i-2011-7BP_0017-150x150.jpg 150w, https:\/\/taschenfreak.de\/blog\/wp-content\/uploads\/2019\/02\/2019-02-13-TTPde-SKB-3i-2011-7BP_0017-70x70.jpg 70w\" sizes=\"auto, (max-width: 150px) 100vw, 150px\" \/><\/a>\n\t\t\t<\/div><\/figure><figure class='gallery-item'>\n\t\t\t<div class='gallery-icon landscape'>\n\t\t\t\t<a href='https:\/\/taschenfreak.de\/blog\/wp-content\/uploads\/2019\/02\/2019-02-13-TTPde-SKB-3i-2011-7BP_0018.jpg' title=\"\" data-rl_title=\"\" class=\"rl-gallery-link\" data-rl_caption=\"\" data-rel=\"lightbox-gallery-1\"><img loading=\"lazy\" decoding=\"async\" width=\"150\" height=\"150\" src=\"https:\/\/taschenfreak.de\/blog\/wp-content\/uploads\/2019\/02\/2019-02-13-TTPde-SKB-3i-2011-7BP_0018-150x150.jpg\" class=\"attachment-thumbnail size-thumbnail\" alt=\"\" srcset=\"https:\/\/taschenfreak.de\/blog\/wp-content\/uploads\/2019\/02\/2019-02-13-TTPde-SKB-3i-2011-7BP_0018-150x150.jpg 150w, https:\/\/taschenfreak.de\/blog\/wp-content\/uploads\/2019\/02\/2019-02-13-TTPde-SKB-3i-2011-7BP_0018-70x70.jpg 70w\" sizes=\"auto, (max-width: 150px) 100vw, 150px\" \/><\/a>\n\t\t\t<\/div><\/figure><figure class='gallery-item'>\n\t\t\t<div class='gallery-icon landscape'>\n\t\t\t\t<a href='https:\/\/taschenfreak.de\/blog\/wp-content\/uploads\/2019\/02\/2019-02-13-TTPde-SKB-3i-2011-7BP_0019.jpg' title=\"\" data-rl_title=\"\" class=\"rl-gallery-link\" data-rl_caption=\"\" data-rel=\"lightbox-gallery-1\"><img loading=\"lazy\" decoding=\"async\" width=\"150\" height=\"150\" src=\"https:\/\/taschenfreak.de\/blog\/wp-content\/uploads\/2019\/02\/2019-02-13-TTPde-SKB-3i-2011-7BP_0019-150x150.jpg\" class=\"attachment-thumbnail size-thumbnail\" alt=\"\" srcset=\"https:\/\/taschenfreak.de\/blog\/wp-content\/uploads\/2019\/02\/2019-02-13-TTPde-SKB-3i-2011-7BP_0019-150x150.jpg 150w, https:\/\/taschenfreak.de\/blog\/wp-content\/uploads\/2019\/02\/2019-02-13-TTPde-SKB-3i-2011-7BP_0019-70x70.jpg 70w\" sizes=\"auto, (max-width: 150px) 100vw, 150px\" \/><\/a>\n\t\t\t<\/div><\/figure><figure class='gallery-item'>\n\t\t\t<div class='gallery-icon landscape'>\n\t\t\t\t<a href='https:\/\/taschenfreak.de\/blog\/wp-content\/uploads\/2019\/02\/2019-02-13-TTPde-SKB-3i-2011-7BP_0020.jpg' title=\"\" data-rl_title=\"\" class=\"rl-gallery-link\" data-rl_caption=\"\" data-rel=\"lightbox-gallery-1\"><img loading=\"lazy\" decoding=\"async\" width=\"150\" height=\"150\" src=\"https:\/\/taschenfreak.de\/blog\/wp-content\/uploads\/2019\/02\/2019-02-13-TTPde-SKB-3i-2011-7BP_0020-150x150.jpg\" class=\"attachment-thumbnail size-thumbnail\" alt=\"\" srcset=\"https:\/\/taschenfreak.de\/blog\/wp-content\/uploads\/2019\/02\/2019-02-13-TTPde-SKB-3i-2011-7BP_0020-150x150.jpg 150w, https:\/\/taschenfreak.de\/blog\/wp-content\/uploads\/2019\/02\/2019-02-13-TTPde-SKB-3i-2011-7BP_0020-70x70.jpg 70w\" sizes=\"auto, (max-width: 150px) 100vw, 150px\" \/><\/a>\n\t\t\t<\/div><\/figure><figure class='gallery-item'>\n\t\t\t<div class='gallery-icon landscape'>\n\t\t\t\t<a href='https:\/\/taschenfreak.de\/blog\/wp-content\/uploads\/2019\/02\/2019-02-13-TTPde-SKB-3i-2011-7BP_0021.jpg' title=\"\" data-rl_title=\"\" class=\"rl-gallery-link\" data-rl_caption=\"\" data-rel=\"lightbox-gallery-1\"><img loading=\"lazy\" decoding=\"async\" width=\"150\" height=\"150\" src=\"https:\/\/taschenfreak.de\/blog\/wp-content\/uploads\/2019\/02\/2019-02-13-TTPde-SKB-3i-2011-7BP_0021-150x150.jpg\" class=\"attachment-thumbnail size-thumbnail\" alt=\"\" srcset=\"https:\/\/taschenfreak.de\/blog\/wp-content\/uploads\/2019\/02\/2019-02-13-TTPde-SKB-3i-2011-7BP_0021-150x150.jpg 150w, https:\/\/taschenfreak.de\/blog\/wp-content\/uploads\/2019\/02\/2019-02-13-TTPde-SKB-3i-2011-7BP_0021-70x70.jpg 70w\" sizes=\"auto, (max-width: 150px) 100vw, 150px\" \/><\/a>\n\t\t\t<\/div><\/figure><figure class='gallery-item'>\n\t\t\t<div class='gallery-icon landscape'>\n\t\t\t\t<a href='https:\/\/taschenfreak.de\/blog\/wp-content\/uploads\/2019\/02\/2019-02-13-TTPde-SKB-3i-2011-7BP_0022.jpg' title=\"\" data-rl_title=\"\" class=\"rl-gallery-link\" data-rl_caption=\"\" data-rel=\"lightbox-gallery-1\"><img loading=\"lazy\" decoding=\"async\" width=\"150\" height=\"150\" src=\"https:\/\/taschenfreak.de\/blog\/wp-content\/uploads\/2019\/02\/2019-02-13-TTPde-SKB-3i-2011-7BP_0022-150x150.jpg\" class=\"attachment-thumbnail size-thumbnail\" alt=\"\" srcset=\"https:\/\/taschenfreak.de\/blog\/wp-content\/uploads\/2019\/02\/2019-02-13-TTPde-SKB-3i-2011-7BP_0022-150x150.jpg 150w, https:\/\/taschenfreak.de\/blog\/wp-content\/uploads\/2019\/02\/2019-02-13-TTPde-SKB-3i-2011-7BP_0022-70x70.jpg 70w\" sizes=\"auto, (max-width: 150px) 100vw, 150px\" \/><\/a>\n\t\t\t<\/div><\/figure><figure class='gallery-item'>\n\t\t\t<div class='gallery-icon landscape'>\n\t\t\t\t<a href='https:\/\/taschenfreak.de\/blog\/wp-content\/uploads\/2019\/02\/2019-02-13-TTPde-SKB-3i-2011-7BP_0023.jpg' title=\"\" data-rl_title=\"\" class=\"rl-gallery-link\" data-rl_caption=\"\" data-rel=\"lightbox-gallery-1\"><img loading=\"lazy\" decoding=\"async\" width=\"150\" height=\"150\" src=\"https:\/\/taschenfreak.de\/blog\/wp-content\/uploads\/2019\/02\/2019-02-13-TTPde-SKB-3i-2011-7BP_0023-150x150.jpg\" class=\"attachment-thumbnail size-thumbnail\" alt=\"\" srcset=\"https:\/\/taschenfreak.de\/blog\/wp-content\/uploads\/2019\/02\/2019-02-13-TTPde-SKB-3i-2011-7BP_0023-150x150.jpg 150w, https:\/\/taschenfreak.de\/blog\/wp-content\/uploads\/2019\/02\/2019-02-13-TTPde-SKB-3i-2011-7BP_0023-70x70.jpg 70w\" sizes=\"auto, (max-width: 150px) 100vw, 150px\" \/><\/a>\n\t\t\t<\/div><\/figure><figure class='gallery-item'>\n\t\t\t<div class='gallery-icon landscape'>\n\t\t\t\t<a href='https:\/\/taschenfreak.de\/blog\/wp-content\/uploads\/2019\/02\/2019-02-13-TTPde-SKB-3i-2011-7BP_0024.jpg' title=\"\" data-rl_title=\"\" class=\"rl-gallery-link\" data-rl_caption=\"\" data-rel=\"lightbox-gallery-1\"><img loading=\"lazy\" decoding=\"async\" width=\"150\" height=\"150\" src=\"https:\/\/taschenfreak.de\/blog\/wp-content\/uploads\/2019\/02\/2019-02-13-TTPde-SKB-3i-2011-7BP_0024-150x150.jpg\" class=\"attachment-thumbnail size-thumbnail\" alt=\"\" srcset=\"https:\/\/taschenfreak.de\/blog\/wp-content\/uploads\/2019\/02\/2019-02-13-TTPde-SKB-3i-2011-7BP_0024-150x150.jpg 150w, https:\/\/taschenfreak.de\/blog\/wp-content\/uploads\/2019\/02\/2019-02-13-TTPde-SKB-3i-2011-7BP_0024-70x70.jpg 70w\" sizes=\"auto, (max-width: 150px) 100vw, 150px\" \/><\/a>\n\t\t\t<\/div><\/figure><figure class='gallery-item'>\n\t\t\t<div class='gallery-icon landscape'>\n\t\t\t\t<a href='https:\/\/taschenfreak.de\/blog\/wp-content\/uploads\/2019\/02\/2019-02-13-TTPde-SKB-3i-2011-7BP_0025.jpg' title=\"\" data-rl_title=\"\" class=\"rl-gallery-link\" data-rl_caption=\"\" data-rel=\"lightbox-gallery-1\"><img loading=\"lazy\" decoding=\"async\" width=\"150\" height=\"150\" src=\"https:\/\/taschenfreak.de\/blog\/wp-content\/uploads\/2019\/02\/2019-02-13-TTPde-SKB-3i-2011-7BP_0025-150x150.jpg\" class=\"attachment-thumbnail size-thumbnail\" alt=\"\" srcset=\"https:\/\/taschenfreak.de\/blog\/wp-content\/uploads\/2019\/02\/2019-02-13-TTPde-SKB-3i-2011-7BP_0025-150x150.jpg 150w, https:\/\/taschenfreak.de\/blog\/wp-content\/uploads\/2019\/02\/2019-02-13-TTPde-SKB-3i-2011-7BP_0025-70x70.jpg 70w\" sizes=\"auto, (max-width: 150px) 100vw, 150px\" \/><\/a>\n\t\t\t<\/div><\/figure><figure class='gallery-item'>\n\t\t\t<div class='gallery-icon landscape'>\n\t\t\t\t<a href='https:\/\/taschenfreak.de\/blog\/wp-content\/uploads\/2019\/02\/2019-02-13-TTPde-SKB-3i-2011-7BP_0026.jpg' title=\"\" data-rl_title=\"\" class=\"rl-gallery-link\" data-rl_caption=\"\" data-rel=\"lightbox-gallery-1\"><img loading=\"lazy\" decoding=\"async\" width=\"150\" height=\"150\" src=\"https:\/\/taschenfreak.de\/blog\/wp-content\/uploads\/2019\/02\/2019-02-13-TTPde-SKB-3i-2011-7BP_0026-150x150.jpg\" class=\"attachment-thumbnail size-thumbnail\" alt=\"\" srcset=\"https:\/\/taschenfreak.de\/blog\/wp-content\/uploads\/2019\/02\/2019-02-13-TTPde-SKB-3i-2011-7BP_0026-150x150.jpg 150w, https:\/\/taschenfreak.de\/blog\/wp-content\/uploads\/2019\/02\/2019-02-13-TTPde-SKB-3i-2011-7BP_0026-70x70.jpg 70w\" sizes=\"auto, (max-width: 150px) 100vw, 150px\" \/><\/a>\n\t\t\t<\/div><\/figure><figure class='gallery-item'>\n\t\t\t<div class='gallery-icon landscape'>\n\t\t\t\t<a href='https:\/\/taschenfreak.de\/blog\/wp-content\/uploads\/2019\/02\/2019-02-13-TTPde-SKB-3i-2011-7BP_0027.jpg' title=\"\" data-rl_title=\"\" class=\"rl-gallery-link\" data-rl_caption=\"\" data-rel=\"lightbox-gallery-1\"><img loading=\"lazy\" decoding=\"async\" width=\"150\" height=\"150\" src=\"https:\/\/taschenfreak.de\/blog\/wp-content\/uploads\/2019\/02\/2019-02-13-TTPde-SKB-3i-2011-7BP_0027-150x150.jpg\" class=\"attachment-thumbnail size-thumbnail\" alt=\"\" srcset=\"https:\/\/taschenfreak.de\/blog\/wp-content\/uploads\/2019\/02\/2019-02-13-TTPde-SKB-3i-2011-7BP_0027-150x150.jpg 150w, https:\/\/taschenfreak.de\/blog\/wp-content\/uploads\/2019\/02\/2019-02-13-TTPde-SKB-3i-2011-7BP_0027-70x70.jpg 70w\" sizes=\"auto, (max-width: 150px) 100vw, 150px\" \/><\/a>\n\t\t\t<\/div><\/figure><figure class='gallery-item'>\n\t\t\t<div class='gallery-icon landscape'>\n\t\t\t\t<a href='https:\/\/taschenfreak.de\/blog\/wp-content\/uploads\/2019\/02\/2019-02-13-TTPde-SKB-3i-2011-7BP_0028.jpg' title=\"\" data-rl_title=\"\" class=\"rl-gallery-link\" data-rl_caption=\"\" data-rel=\"lightbox-gallery-1\"><img loading=\"lazy\" decoding=\"async\" width=\"150\" height=\"150\" src=\"https:\/\/taschenfreak.de\/blog\/wp-content\/uploads\/2019\/02\/2019-02-13-TTPde-SKB-3i-2011-7BP_0028-150x150.jpg\" class=\"attachment-thumbnail size-thumbnail\" alt=\"\" srcset=\"https:\/\/taschenfreak.de\/blog\/wp-content\/uploads\/2019\/02\/2019-02-13-TTPde-SKB-3i-2011-7BP_0028-150x150.jpg 150w, https:\/\/taschenfreak.de\/blog\/wp-content\/uploads\/2019\/02\/2019-02-13-TTPde-SKB-3i-2011-7BP_0028-70x70.jpg 70w\" sizes=\"auto, (max-width: 150px) 100vw, 150px\" \/><\/a>\n\t\t\t<\/div><\/figure><figure class='gallery-item'>\n\t\t\t<div class='gallery-icon landscape'>\n\t\t\t\t<a href='https:\/\/taschenfreak.de\/blog\/wp-content\/uploads\/2019\/02\/2019-02-13-TTPde-SKB-3i-2011-7BP_0029.jpg' title=\"\" data-rl_title=\"\" class=\"rl-gallery-link\" data-rl_caption=\"\" data-rel=\"lightbox-gallery-1\"><img loading=\"lazy\" decoding=\"async\" width=\"150\" height=\"150\" src=\"https:\/\/taschenfreak.de\/blog\/wp-content\/uploads\/2019\/02\/2019-02-13-TTPde-SKB-3i-2011-7BP_0029-150x150.jpg\" class=\"attachment-thumbnail size-thumbnail\" alt=\"\" srcset=\"https:\/\/taschenfreak.de\/blog\/wp-content\/uploads\/2019\/02\/2019-02-13-TTPde-SKB-3i-2011-7BP_0029-150x150.jpg 150w, https:\/\/taschenfreak.de\/blog\/wp-content\/uploads\/2019\/02\/2019-02-13-TTPde-SKB-3i-2011-7BP_0029-70x70.jpg 70w\" sizes=\"auto, (max-width: 150px) 100vw, 150px\" \/><\/a>\n\t\t\t<\/div><\/figure><figure class='gallery-item'>\n\t\t\t<div class='gallery-icon landscape'>\n\t\t\t\t<a href='https:\/\/taschenfreak.de\/blog\/wp-content\/uploads\/2019\/02\/2019-02-13-TTPde-SKB-3i-2011-7BP_0030.jpg' title=\"\" data-rl_title=\"\" class=\"rl-gallery-link\" data-rl_caption=\"\" data-rel=\"lightbox-gallery-1\"><img loading=\"lazy\" decoding=\"async\" width=\"150\" height=\"150\" src=\"https:\/\/taschenfreak.de\/blog\/wp-content\/uploads\/2019\/02\/2019-02-13-TTPde-SKB-3i-2011-7BP_0030-150x150.jpg\" class=\"attachment-thumbnail size-thumbnail\" alt=\"\" srcset=\"https:\/\/taschenfreak.de\/blog\/wp-content\/uploads\/2019\/02\/2019-02-13-TTPde-SKB-3i-2011-7BP_0030-150x150.jpg 150w, https:\/\/taschenfreak.de\/blog\/wp-content\/uploads\/2019\/02\/2019-02-13-TTPde-SKB-3i-2011-7BP_0030-70x70.jpg 70w\" sizes=\"auto, (max-width: 150px) 100vw, 150px\" \/><\/a>\n\t\t\t<\/div><\/figure><figure class='gallery-item'>\n\t\t\t<div class='gallery-icon landscape'>\n\t\t\t\t<a href='https:\/\/taschenfreak.de\/blog\/wp-content\/uploads\/2019\/02\/2019-02-13-TTPde-SKB-3i-2011-7BP_0031.jpg' title=\"\" data-rl_title=\"\" class=\"rl-gallery-link\" data-rl_caption=\"\" data-rel=\"lightbox-gallery-1\"><img loading=\"lazy\" decoding=\"async\" width=\"150\" height=\"150\" src=\"https:\/\/taschenfreak.de\/blog\/wp-content\/uploads\/2019\/02\/2019-02-13-TTPde-SKB-3i-2011-7BP_0031-150x150.jpg\" class=\"attachment-thumbnail size-thumbnail\" alt=\"\" srcset=\"https:\/\/taschenfreak.de\/blog\/wp-content\/uploads\/2019\/02\/2019-02-13-TTPde-SKB-3i-2011-7BP_0031-150x150.jpg 150w, https:\/\/taschenfreak.de\/blog\/wp-content\/uploads\/2019\/02\/2019-02-13-TTPde-SKB-3i-2011-7BP_0031-70x70.jpg 70w\" sizes=\"auto, (max-width: 150px) 100vw, 150px\" \/><\/a>\n\t\t\t<\/div><\/figure><figure class='gallery-item'>\n\t\t\t<div class='gallery-icon landscape'>\n\t\t\t\t<a href='https:\/\/taschenfreak.de\/blog\/wp-content\/uploads\/2019\/02\/2019-02-13-TTPde-SKB-3i-2011-7BP_0032.jpg' title=\"\" data-rl_title=\"\" class=\"rl-gallery-link\" data-rl_caption=\"\" data-rel=\"lightbox-gallery-1\"><img loading=\"lazy\" decoding=\"async\" width=\"150\" height=\"150\" src=\"https:\/\/taschenfreak.de\/blog\/wp-content\/uploads\/2019\/02\/2019-02-13-TTPde-SKB-3i-2011-7BP_0032-150x150.jpg\" class=\"attachment-thumbnail size-thumbnail\" alt=\"\" srcset=\"https:\/\/taschenfreak.de\/blog\/wp-content\/uploads\/2019\/02\/2019-02-13-TTPde-SKB-3i-2011-7BP_0032-150x150.jpg 150w, https:\/\/taschenfreak.de\/blog\/wp-content\/uploads\/2019\/02\/2019-02-13-TTPde-SKB-3i-2011-7BP_0032-70x70.jpg 70w\" sizes=\"auto, (max-width: 150px) 100vw, 150px\" \/><\/a>\n\t\t\t<\/div><\/figure><figure class='gallery-item'>\n\t\t\t<div class='gallery-icon landscape'>\n\t\t\t\t<a href='https:\/\/taschenfreak.de\/blog\/wp-content\/uploads\/2019\/02\/2019-02-13-TTPde-SKB-3i-2011-7BP_0033.jpg' title=\"\" data-rl_title=\"\" class=\"rl-gallery-link\" data-rl_caption=\"\" data-rel=\"lightbox-gallery-1\"><img loading=\"lazy\" decoding=\"async\" width=\"150\" height=\"150\" src=\"https:\/\/taschenfreak.de\/blog\/wp-content\/uploads\/2019\/02\/2019-02-13-TTPde-SKB-3i-2011-7BP_0033-150x150.jpg\" class=\"attachment-thumbnail size-thumbnail\" alt=\"\" srcset=\"https:\/\/taschenfreak.de\/blog\/wp-content\/uploads\/2019\/02\/2019-02-13-TTPde-SKB-3i-2011-7BP_0033-150x150.jpg 150w, https:\/\/taschenfreak.de\/blog\/wp-content\/uploads\/2019\/02\/2019-02-13-TTPde-SKB-3i-2011-7BP_0033-70x70.jpg 70w\" sizes=\"auto, (max-width: 150px) 100vw, 150px\" \/><\/a>\n\t\t\t<\/div><\/figure>\n\t\t<\/div>\n\n<p><strong>Was mir am SKB 3i-2011-7BP gut gef\u00e4llt?<\/strong><\/p>\n<ul>\n<li>Die Aufteilung und das Format sind sehr brauchbar und dennoch nicht zu volumin\u00f6s.<\/li>\n<li>Die Schultergurte sind bequem lang, auch f\u00fcr gro\u00dfe Kerle mit Winterjacke.<\/li>\n<li>Der Rucksack hat keinen H\u00fcftgurt. Ja, ich finde das positiv, f\u00fcr viele andere w\u00fcrde das bei &#8222;Contra&#8220; in der Liste auftauchen.<\/li>\n<li>Die beiden dehnbaren Seitentaschen und die dar\u00fcber liegenden dezenten Schlaufen an denen Equipment festgebunden werden kann.<\/li>\n<li>Der gepolsterte Handgriff an der Oberseite.<\/li>\n<li>Zwei Griffe &#8211; oben und unten &#8211; gerade wenn man den Rucksack mal \u00fcber Kopf irgendwo hin heben will\/muss.<\/li>\n<li>Die Zweckm\u00e4\u00dfigen Deckelf\u00e4cher und deren Materialien.<\/li>\n<li>Das f\u00fcr Notebook und Tablet getrennte Fach. Die beiden Ger\u00e4te ber\u00fchren sich nicht beim Transport.<\/li>\n<li>Die Klettw\u00e4nde halten sehr fest in der Inneneinrichtung (wie man das von den stabilen Think Tank Airport Modellen her kennt).<\/li>\n<li>Die Rei\u00dfverschl\u00fcsse haben die roten &#8222;Stoff-P\u00f6mpel&#8220; daran um diese schneller und besser greifen zu k\u00f6nnen.<\/li>\n<li>Das Vorfach des Rucksacks umfasst wirklich alles rund um den &#8222;Office-Betrieb&#8220; von Notebook, \u00fcber Tablet bis hin zu Stiften und Visitenkarten und Co. Alles findet seinen Platz in seinem eigenen Fach dazu.<\/li>\n<li>Die Verschl\u00fcsse des Koffers sind um Welten besser als die die ich von meinen beiden bisherigen Peli-Cases her kenne. Der Verschluss ist nahezu lautlos zu bedienen und knarzt nicht und klackt nicht so elend laut wie ich das von meinen bisherigen Cases her kenne.&nbsp;<\/li>\n<\/ul>\n<p><strong>Was mir am SKB 3i-2011-7BP nicht so gut gef\u00e4llt?<\/strong><\/p>\n<ul>\n<li>Der Koffer k\u00f6nnte 2cm h\u00f6her sein &#8211; wenn der Rucksack voll ist &#8211; auch mit Notebook und Tablet wird es schon recht eng nach oben hin.<\/li>\n<li>Der Hartschalenkoffer zieht Katzen- und Hundehaare an wie ein professioneller Dyson Sauger. Wenn ich den Koffer im Raum stehen habe und eine Katze l\u00e4uft vorbei ist die quasi geb\u00fcrstet. Faszinierend.<\/li>\n<li>Die Rollen des Koffers k\u00f6nnten etwas mehr Skater-Rollen sein und etwas weniger &#8222;hart&#8220; sein. Die sind Ok aber doch sehr hart und damit laut im Wohngebiet auf dem Pflaster zwischen den H\u00e4usern.<\/li>\n<li>469 Euro sind viel &#8211; sehr viel Geld.&nbsp;<\/li>\n<\/ul>\n<p><strong>Packbeispiel &#8211; was hatte ich beim Test alles darin?<\/strong><\/p>\n<ul>\n<li>Nikon Z6 mit Nikon Z 24-70<\/li>\n<li>Nikon Z 50 1.8<\/li>\n<li>Nikon FTZ Adapter<\/li>\n<li>Nikon AFS 18-35&nbsp;<\/li>\n<li>Nikon AFP 70-300<\/li>\n<li>Sigma 135 1.8 ART Nikon<\/li>\n<li>Leica Q mit 28 1.7<\/li>\n<li>LED Videoleuchte mit 255 LED plus Netzteil und Batterie (Alternative zwei Godox Blitze und Blitz-Remote-Steuerung)<\/li>\n<li>Rode Mikrophon<\/li>\n<li>Peak Design Gurt<\/li>\n<li>Think Tank Battery Cases 2x<\/li>\n<li>BOSE HeadSet Etui mit Kleinkram<\/li>\n<li>Putztuch<\/li>\n<li>Kabel<\/li>\n<li>Think Tank Pixel Secure Wacky Speicherkarten Etui<\/li>\n<li>Apple Macbook Pro 13&#8243; Retina<\/li>\n<li>Apple iPad Pro<\/li>\n<\/ul>\n<p><strong>Abmessungen \/ Daten<\/strong><\/p>\n<ul>\n<li>Ma\u00dfe SKB Koffer Innen: 47 x 15,2 x 25,4 cm (BxHxT)<\/li>\n<li>Ma\u00dfe SKB Koffer Au\u00dfen: 55,6 x 22,8 x 35,5 cm (BxHxT)<\/li>\n<li>Ma\u00dfe Tablet \/ Notebook Fach im Rucksack: 45,7 x 26,6 cm (BxH)<\/li>\n<li>Gewicht Koffer und Rucksack zusammen (ohne Equipment): ca. 6,4 kg<\/li>\n<\/ul>\n<p><strong>Links<\/strong><\/p>\n<ul>\n<li><a href=\"https:\/\/thinktankphoto.de\/de\/produkte\/hard-case\/skb-3i-2011-7bp-hartschalen-trolley\">SKB 3i-2011-7BP beim Deutschen Importeur ThinkTankPhoto.de<\/a><\/li>\n<li><a href=\"https:\/\/www.thinktankphoto.com\/collections\/skb-hard-cases\/products\/skb-iseries-3i-2011-7bp-case\">SKB 3i-2011-7BP beim Hersteller in USA<\/a><\/li>\n<li><a href=\"https:\/\/amzn.to\/2IbpCJG\">SKB 3i-2011-7B ohne Fotorucksack bei Amazon<\/a><\/li>\n<li><a href=\"https:\/\/youtu.be\/LPyHHCEnrls\">Mein Video zum SKB 3i-2011-7BP auf YouTube<\/a><\/li>\n<\/ul>\n<p><strong>Mein pers\u00f6nliches Fazit<\/strong><\/p>\n<p>Ich mag diese Kombination. Der Rucksack hat alles was ein funktionaler Backpack f\u00fcr Kamera- und Technikequipment haben sollte. Er ist bequem und funktional und relativ unauff\u00e4llig. Der Trolley bietet den &#8222;brutalen&#8220; Schutz und ist zudem schick, irgendwie. Ich mag das Set, auch wenn 469 Euro nicht wenig sind, aber mehr Schutz geht wahrscheinlich nicht.<\/p>\n<p>Habt Ihr Fragen dazu? Dann lasst es mich wissen!<\/p>\n<p>Sch\u00f6ne Gr\u00fc\u00dfe \u2013 Euer Taschenfreak \u2013 J\u00f6rg Langer<\/p>\n<hr class=\"wp-block-separator\">\n<p>Hinweis in eigener Sache zur Werbung<\/p>\n<p>Meine Blogbeitr\u00e4ge und Videos sind Gluten-, Glukose- und Laktosefrei, k\u00f6nnen aber Spuren von Werbung beinhalten da ich die Artikel ab und zu kostenlos zur Verf\u00fcgung gestellt bekomme.<\/p>\n<p>Meine Meinung ist frei von kommerziellen Einfl\u00fcssen, kann aber Spuren von Sarkasmus oder Ironie beinhalten.<\/p>\n<p>Dieser Blog verfolgt keine kommerziellen Absichten. Die meisten mir zur Verf\u00fcgung gestellten Taschen verschenke ich oder verlose die f\u00fcr gute Zwecke. Meine treuen Leser wissen das seit Jahren.<\/p>\n<p>Ich betreibe diesen Blog aus Spa\u00df an der Sache und nicht aus kommerziellen Absichten. Das mag in der heutigen Zeit eher ungew\u00f6hnlich sein. Mit diesem Schock m\u00fcsst Ihr leider zurecht kommen.<\/p>\n<p>&nbsp;<\/p>\n","protected":false},"excerpt":{"rendered":"<p>Ach Herrje, in welche Kategorie packe ich diesen Beitrag denn nun? Koffer? Trolley? Rucksack? Packbeispiel? Wetterfest? Trifft ja irgendwie alles zu.<\/p>\n<p>Im nachfolgenden Video zeige ich Euch meine neueste Errungenschaft den SKB 3i-2011-7BP Hartschalen Trolley von Think Tank Photo Deutschland.\u00a0<\/p>\n","protected":false},"author":3,"featured_media":9121,"comment_status":"open","ping_status":"open","sticky":false,"template":"","format":"standard","meta":{"ngg_post_thumbnail":0,"_jetpack_memberships_contains_paid_content":false,"footnotes":"","_links_to":"","_links_to_target":""},"categories":[14,51,3,6,15,16,19],"tags":[2066,1051,2068,2069,1057,2067,543,585],"class_list":["post-9120","post","type-post","status-publish","format-standard","has-post-thumbnail","hentry","category-koffer","category-packbespiel","category-rucksack","category-rucksack-mit-notebookfach-ohne-daypack","category-trolly","category-trolly-mit-rucksackfunktion","category-wasserfest","tag-hartschalen-koffer","tag-koffer","tag-skb","tag-skb-3i-2011-7bp","tag-think-tank-photo","tag-think-tank-photo-deutschland","tag-trolley","tag-wetterfest"],"jetpack_featured_media_url":"https:\/\/taschenfreak.de\/blog\/wp-content\/uploads\/2019\/02\/2019-02-13-TTPde-SKB-3i-2011-7BP-Banner.jpg","jetpack_shortlink":"https:\/\/wp.me\/p4GMND-2n6","jetpack_sharing_enabled":true,"_links":{"self":[{"href":"https:\/\/taschenfreak.de\/blog\/wp-json\/wp\/v2\/posts\/9120","targetHints":{"allow":["GET"]}}],"collection":[{"href":"https:\/\/taschenfreak.de\/blog\/wp-json\/wp\/v2\/posts"}],"about":[{"href":"https:\/\/taschenfreak.de\/blog\/wp-json\/wp\/v2\/types\/post"}],"author":[{"embeddable":true,"href":"https:\/\/taschenfreak.de\/blog\/wp-json\/wp\/v2\/users\/3"}],"replies":[{"embeddable":true,"href":"https:\/\/taschenfreak.de\/blog\/wp-json\/wp\/v2\/comments?post=9120"}],"version-history":[{"count":9,"href":"https:\/\/taschenfreak.de\/blog\/wp-json\/wp\/v2\/posts\/9120\/revisions"}],"predecessor-version":[{"id":9171,"href":"https:\/\/taschenfreak.de\/blog\/wp-json\/wp\/v2\/posts\/9120\/revisions\/9171"}],"wp:featuredmedia":[{"embeddable":true,"href":"https:\/\/taschenfreak.de\/blog\/wp-json\/wp\/v2\/media\/9121"}],"wp:attachment":[{"href":"https:\/\/taschenfreak.de\/blog\/wp-json\/wp\/v2\/media?parent=9120"}],"wp:term":[{"taxonomy":"category","embeddable":true,"href":"https:\/\/taschenfreak.de\/blog\/wp-json\/wp\/v2\/categories?post=9120"},{"taxonomy":"post_tag","embeddable":true,"href":"https:\/\/taschenfreak.de\/blog\/wp-json\/wp\/v2\/tags?post=9120"}],"curies":[{"name":"wp","href":"https:\/\/api.w.org\/{rel}","templated":true}]}}