{"id":942,"date":"2012-02-29T12:26:50","date_gmt":"2012-02-29T11:26:50","guid":{"rendered":"http:\/\/taschenfreak.de\/blog\/?p=942"},"modified":"2012-02-29T12:34:50","modified_gmt":"2012-02-29T11:34:50","slug":"packbeispiel-think-tank-photo-retrospective-20","status":"publish","type":"post","link":"https:\/\/taschenfreak.de\/blog\/2012\/02\/29\/packbeispiel-think-tank-photo-retrospective-20\/","title":{"rendered":"Packbeispiel: Think Tank Photo &#8211; Retrospective 20"},"content":{"rendered":"<p><img loading=\"lazy\" decoding=\"async\" class=\"alignleft size-thumbnail wp-image-955\" title=\"R20_7\" src=\"https:\/\/taschenfreak.de\/blog\/wp-content\/uploads\/2012\/02\/R20_7-150x150.jpg\" alt=\"\" width=\"150\" height=\"150\" \/>Und auch wieder k\u00f6nnen wir Euch ein paar Contents zeigen die bei uns auch noch auf &#8222;Halde&#8220; lagen und auf Ver\u00f6ffentlichung warten. In diesem Posting geht es um die<a href=\"http:\/\/ttp-shop.de\/Fototaschen\/thinkTANK-Photo-Retrospective-20-Black.html\"> <strong>THINK TANK PHOTO &#8211; RETROSPECTIVE 20<\/strong><\/a>.<\/p>\n<p>Bastian Kratzke schreibt zu seiner Tasche und den nachfolgenden Bildern:<\/p>\n<blockquote><p><!--more--><\/p>\n<p>Der Retrospective 20 ist eine Schultertasche, die aufgrund ihrer Gr\u00f6\u00dfe viele Fotografen ansprechen wird (Innenma\u00dfe: 30,5 x 29,8 x 15,2 cm, Au\u00dfenma\u00dfe: 33 x 31,7 x 17,8 cm). Die Verarbeitung ist Thinktank typisch so ziemlich das Beste, was es \u00fcberhaupt auf dem Fototaschenmarkt gibt und es werden mehr als genug Raumteiler sowie ein Regencape<br \/>\nmitgeliefert.<\/p>\n<p>Besonderes Augenmerk m\u00f6chte ich auf den Schultergurt legen. Er ist ausgesprochen gut gepolstert und verf\u00fcgt zus\u00e4tzlich \u00fcber kleine Gummistreifen, um etwaiges Verrutschen zu verhindern.<\/p>\n<p>Auf der R\u00fcckseite befindet sich ein Fach das zum Beispiel f\u00fcr Papierkram aber auch Filter oder Speicherkarten genutzt werden kann.<\/p>\n<p>Eine weitere Besonderheit sind die Klettverschl\u00fcsse, diese k\u00f6nnen derart befestigt werden, dass sie beim \u00d6ffnen und Schlie\u00dfen der Tasche keinerlei Ger\u00e4usche mehr von sich geben. Dies ist besonders interessant f\u00fcr Hochzeits- oder Konzertfotografen, oder alle anderen, die ungern durch laute Klettverschl\u00fcsse auffallen wollen.<\/p>\n<p>Ein Blick in die ge\u00f6ffnete Tasche. Wie man sieht w\u00fcrde problemos auch ein Pro DSLR bzw. eine normale DSLR mit Batteriegriff Platz finden. Es finden auch 2 Geh\u00e4use mit angesetzten Objektiven nebeneinander Platz. Hier ist an der D300 ein Nikon 70-200 VR befestigt, links befinden sich \u00fcbereinander Tokina 11-16 2.8 sowie Nikon 24 1.4 und rechts nebeneinander ein SB900 Blitz und ein Gorillapod SLR Zoom Mini Stativ, in der Fronttasche ist zus\u00e4tzlich ein Netbook untergebracht (siehe n\u00e4chstes Bild).<\/p>\n<p>Die Fronttasche ist recht weit dehnbar und so finden hier Netbooks und Ipads problemlos Platz.<\/p>\n<p>Hier mal der Blick in die Tasche ohne Kamera mit angesetztem Objektiv. Man kann gut die zum Teil sehr robuste Polsterung und die vielen Raumteiler erkennen.<\/p>\n<p>Im Inneren gibt es auch noch einen Abteil f\u00fcr kleinere Sachen wie Stifte \/ Speicherkarten \/ Filter \/ Fernausl\u00f6ser etc, die man dort gut geordnet verstauen kann.<\/p>\n<p>Hier nochmal ein \u00dcberblick, was alles in der Tasche untergebracht wurde. Was f\u00fcr viele interessant sein d\u00fcrfte: Es sollten auch die 3 Nikon 2.8er Pro-Zooms 14-24 \/ 24-70 \/ 70-200 nebeneinander Platz finden.<\/p>\n<p>Fazit: eine Tasche, in der eigentlich eine komplette (Semi-) Professionelle Kameraausr\u00fctung Platz findet und die zus\u00e4tzlich Top verarbeitet ist. Jedoch sollte man sich vorher Gedanken machen, was man alles mitnehmen will, denn mit der hier gezeigen Ausr\u00fcstung wiegt die Tasche gute 6,5 kg, da bietet sich f\u00fcr l\u00e4ngere Tragezeiten meiner Meinung nach schon eher ein Rucksack an.<\/p><\/blockquote>\nngg_shortcode_0_placeholder\n<p><span style=\"color: #ffffff;\">.<\/span><\/p>\n<p>Vielen Dank an Bastian &#8211; insbesondere auch f\u00fcr seine Geduld bis dieser Content nun endlich online ging.<\/p>\n<p>Sch\u00f6ne Gr\u00fc\u00dfe &#8211; Euer Taschenfreak &#8211; J\u00f6rg Langer<\/p>\n<p><span style=\"text-decoration: underline;\">Weiterf\u00fchrende Links:<\/span><\/p>\n<ul>\n<li><a href=\"http:\/\/ttp-shop.de\/Fototaschen\/thinkTANK-Photo-Retrospective-20-Black.html\" target=\"_blank\">Retrospective 20 im TTP-Shop in Schwarz<\/a><\/li>\n<li><a href=\"http:\/\/ttp-shop.de\/Fototaschen\/thinkTANK-Photo-Retrospective-20-Pinestone.html\" target=\"_blank\">Retrospective 20 im TTP-Shop in Pinestone<\/a><\/li>\n<\/ul>\n","protected":false},"excerpt":{"rendered":"<p>Fazit: eine Tasche, in der eigentlich eine komplette (Semi-) Professionelle Kameraausr\u00fctung Platz findet und die zus\u00e4tzlich Top verarbeitet ist. Jedoch sollte man sich <\/p>\n","protected":false},"author":3,"featured_media":0,"comment_status":"open","ping_status":"open","sticky":false,"template":"","format":"standard","meta":{"ngg_post_thumbnail":0,"_jetpack_memberships_contains_paid_content":false,"footnotes":"","_links_to":"","_links_to_target":""},"categories":[51,11],"tags":[48,231,1050,1057],"class_list":["post-942","post","type-post","status-publish","format-standard","hentry","category-packbespiel","category-schultertasche","tag-packbeispiel","tag-retrospective","tag-schultertasche","tag-think-tank-photo"],"jetpack_featured_media_url":"","jetpack_shortlink":"https:\/\/wp.me\/p4GMND-fc","jetpack_sharing_enabled":true,"_links":{"self":[{"href":"https:\/\/taschenfreak.de\/blog\/wp-json\/wp\/v2\/posts\/942","targetHints":{"allow":["GET"]}}],"collection":[{"href":"https:\/\/taschenfreak.de\/blog\/wp-json\/wp\/v2\/posts"}],"about":[{"href":"https:\/\/taschenfreak.de\/blog\/wp-json\/wp\/v2\/types\/post"}],"author":[{"embeddable":true,"href":"https:\/\/taschenfreak.de\/blog\/wp-json\/wp\/v2\/users\/3"}],"replies":[{"embeddable":true,"href":"https:\/\/taschenfreak.de\/blog\/wp-json\/wp\/v2\/comments?post=942"}],"version-history":[{"count":0,"href":"https:\/\/taschenfreak.de\/blog\/wp-json\/wp\/v2\/posts\/942\/revisions"}],"wp:attachment":[{"href":"https:\/\/taschenfreak.de\/blog\/wp-json\/wp\/v2\/media?parent=942"}],"wp:term":[{"taxonomy":"category","embeddable":true,"href":"https:\/\/taschenfreak.de\/blog\/wp-json\/wp\/v2\/categories?post=942"},{"taxonomy":"post_tag","embeddable":true,"href":"https:\/\/taschenfreak.de\/blog\/wp-json\/wp\/v2\/tags?post=942"}],"curies":[{"name":"wp","href":"https:\/\/api.w.org\/{rel}","templated":true}]}}